{"id":58843,"date":"2024-01-16T12:18:00","date_gmt":"2024-01-16T18:18:00","guid":{"rendered":"https:\/\/mexicocodigorojo.com.mx\/?p=58843"},"modified":"2024-01-16T12:18:00","modified_gmt":"2024-01-16T18:18:00","slug":"abaten-a-el-moreno-presunto-lider-criminal-de-los-chapitos","status":"publish","type":"post","link":"https:\/\/mexicocodigorojo.com.mx\/?p=58843","title":{"rendered":"Abaten a \u201cEl Moreno\u201d, presunto l\u00edder criminal de Los Chapitos"},"content":{"rendered":"<p>Edwin \u201cN\u201d alias \u201cEl Moreno\u201d fue abatido en un enfrentamiento armado registrado en Magdalena de Kino, Sonora; las autoridades lo identificaron como el principal generador de violencia en Sonora as\u00ed como jefe de plaza de Los Chapitos en el estado.<\/p>\n<p>Durante la noche del jueves, elementos de la Agencia Ministerial de Investigaci\u00f3n Criminal (AMIC), as\u00ed como de la Secretar\u00eda de la Defensa Nacional (Sedena) realizaron una diligencia en la colonia Rosales, en Magdalena, para la detenci\u00f3n de \u201cEl Moreno\u201d, donde hicieron contacto con una camioneta.<\/p>\n<p>Al momento de la detecci\u00f3n, los tripulantes de la camioneta abrieron fuego contra los agentes de seguridad, por lo que respondieron a la agresi\u00f3n, dejando como saldo a dos presuntos criminales muertos.<\/p>\n<p>La Fiscal\u00eda General de Justicia del Estado inform\u00f3 que los elementos de seguridad realizaban investigaciones en contra de \u201cEl Moreno\u201d, ya que contaba con orden de aprehensi\u00f3n por ser presuntamente responsable de homicidio en grado de tentativa tras haber atacado al operativo coordinado al menos en dos ocasiones durante el 2023.<\/p>\n<p>\u201cEl Moreno\u201d fue identificado como el l\u00edder de Los Cazadores, una de las fracciones en Sonora del grupo Los Chapitos, que tambi\u00e9n forma parte del C\u00e1rtel de Sinaloa, del cual estaba al mando de Joaqu\u00edn \u201cEl Chapo\u201d Guzm\u00e1n.<\/p>\n<p>&nbsp;<\/p>\n","protected":false},"excerpt":{"rendered":"<p>Edwin \u201cN\u201d alias \u201cEl Moreno\u201d fue abatido en un enfrentamiento armado registrado en Magdalena de Kino, Sonora; las autoridades lo identificaron como el principal generador de violencia en Sonora as\u00ed como jefe de plaza de Los Chapitos en el estado. Durante la noche del jueves, elementos de la Agencia Ministerial de Investigaci\u00f3n Criminal (AMIC), as\u00ed [&hellip;]<\/p>\n","protected":false},"author":5,"featured_media":58844,"comment_status":"open","ping_status":"open","sticky":false,"template":"","format":"standard","meta":{"_uf_show_specific_survey":0,"_uf_disable_surveys":false,"advanced_seo_description":"","jetpack_seo_html_title":"","jetpack_seo_noindex":false,"jetpack_post_was_ever_published":false,"_jetpack_newsletter_access":"","_jetpack_dont_email_post_to_subs":false,"_jetpack_newsletter_tier_id":0,"_jetpack_memberships_contains_paywalled_content":false,"_jetpack_memberships_contains_paid_content":false,"footnotes":"","jetpack_publicize_message":"","jetpack_publicize_feature_enabled":true,"jetpack_social_post_already_shared":true,"jetpack_social_options":{"image_generator_settings":{"template":"highway","default_image_id":0,"font":"","enabled":false},"version":2}},"categories":[1724,115],"tags":[2173],"class_list":{"0":"post-58843","1":"post","2":"type-post","3":"status-publish","4":"format-standard","5":"has-post-thumbnail","7":"category-featured","8":"category-sonora","9":"tag-narcotrafico-2"},"jetpack_publicize_connections":[],"jetpack_featured_media_url":"https:\/\/i0.wp.com\/mexicocodigorojo.com.mx\/wp-content\/uploads\/2024\/01\/191337.jpg?fit=1200%2C764&ssl=1","jetpack-related-posts":[{"id":60470,"url":"https:\/\/mexicocodigorojo.com.mx\/?p=60470","url_meta":{"origin":58843,"position":0},"title":"Sonora: FGJ ofrece recompensa por\u00bbEl Ponchis\u00bb o \u00abEl Fantasma\u00bb l\u00edder de Los Chapitos","author":"MCR","date":"mayo 12, 2024","format":false,"excerpt":"El \"Ponchis\" es uno de los l\u00edderes de Los Chapitos, m\u00e1s buscado por su probable responsabilidad en los delitos como homicidio calificado con premeditaci\u00f3n, alevos\u00eda y traici\u00f3n, entre otros. Con trabajo de la Fiscal\u00eda General de Justicia del Estado (FGJE) de Sonora, se ha tomado una nueva acci\u00f3n para la\u2026","rel":"","context":"En \u00abFeatured\u00bb","block_context":{"text":"Featured","link":"https:\/\/mexicocodigorojo.com.mx\/?cat=1724"},"img":{"alt_text":"","src":"https:\/\/i0.wp.com\/mexicocodigorojo.com.mx\/wp-content\/uploads\/2024\/05\/HQK5PSTBQFCUJI6ZG5SFW72VKQ.jpg?fit=1200%2C675&ssl=1&resize=350%2C200","width":350,"height":200,"srcset":"https:\/\/i0.wp.com\/mexicocodigorojo.com.mx\/wp-content\/uploads\/2024\/05\/HQK5PSTBQFCUJI6ZG5SFW72VKQ.jpg?fit=1200%2C675&ssl=1&resize=350%2C200 1x, https:\/\/i0.wp.com\/mexicocodigorojo.com.mx\/wp-content\/uploads\/2024\/05\/HQK5PSTBQFCUJI6ZG5SFW72VKQ.jpg?fit=1200%2C675&ssl=1&resize=525%2C300 1.5x, https:\/\/i0.wp.com\/mexicocodigorojo.com.mx\/wp-content\/uploads\/2024\/05\/HQK5PSTBQFCUJI6ZG5SFW72VKQ.jpg?fit=1200%2C675&ssl=1&resize=700%2C400 2x, https:\/\/i0.wp.com\/mexicocodigorojo.com.mx\/wp-content\/uploads\/2024\/05\/HQK5PSTBQFCUJI6ZG5SFW72VKQ.jpg?fit=1200%2C675&ssl=1&resize=1050%2C600 3x"},"classes":[]},{"id":2300,"url":"https:\/\/mexicocodigorojo.com.mx\/?p=2300","url_meta":{"origin":58843,"position":1},"title":"Chapo vs Chapo&#8230; Sonora, el nuevo territorio en disputa entre \u00abLos Chapitos\u00bb y \u00abEl Chapo Isidro\u00bb","author":"Staff","date":"septiembre 7, 2018","format":false,"excerpt":"La zona ha sido tradicionalmente un importante punto de trasiego de droga al colindar con Sinaloa, Baja California, Chihuahua y con Arizona, en Estados Unidos. Joaqu\u00edn \"El Chapo\" Guzm\u00e1n Loera, uno de los narcotraficantes m\u00e1s famosos del mundo, y su guerra es contra otro \"Chapo\": Fausto Isidro Meza Flores. Meza\u2026","rel":"","context":"En \u00abSinaloa\u00bb","block_context":{"text":"Sinaloa","link":"https:\/\/mexicocodigorojo.com.mx\/?cat=41"},"img":{"alt_text":"","src":"","width":0,"height":0},"classes":[]},{"id":50556,"url":"https:\/\/mexicocodigorojo.com.mx\/?p=50556","url_meta":{"origin":58843,"position":2},"title":"DETIENEN A NUEVE SICARIOS EN MAGDALENA DE KINO","author":"Staff","date":"agosto 6, 2021","format":false,"excerpt":"Nueve sujetos, dos de ellos evidenciados en video disparando armas largas a finales de julio, fueron detenidos por autoridades policiacas con un arsenal en el Municipio de Magdalena de Kino, en la regi\u00f3n norte de Sonora. La Polic\u00eda Estatal de Seguridad P\u00fablica (PESP) inform\u00f3 este mi\u00e9rcoles que los nueve hombres\u2026","rel":"","context":"En \u00abFeatured\u00bb","block_context":{"text":"Featured","link":"https:\/\/mexicocodigorojo.com.mx\/?cat=1724"},"img":{"alt_text":"","src":"https:\/\/i0.wp.com\/mexicocodigorojo.com.mx\/wp-content\/uploads\/2021\/08\/9611894.jpg?fit=660%2C440&ssl=1&resize=350%2C200","width":350,"height":200,"srcset":"https:\/\/i0.wp.com\/mexicocodigorojo.com.mx\/wp-content\/uploads\/2021\/08\/9611894.jpg?fit=660%2C440&ssl=1&resize=350%2C200 1x, https:\/\/i0.wp.com\/mexicocodigorojo.com.mx\/wp-content\/uploads\/2021\/08\/9611894.jpg?fit=660%2C440&ssl=1&resize=525%2C300 1.5x"},"classes":[]},{"id":50583,"url":"https:\/\/mexicocodigorojo.com.mx\/?p=50583","url_meta":{"origin":58843,"position":3},"title":"Abaten a \u201cEl Yaqui Botas\u201d, l\u00edder criminal de Magdalena de Kino","author":"Staff","date":"agosto 8, 2021","format":false,"excerpt":"AL REALIZAR LA FGJE SONORA UNA T\u00c9CNICA DE INVESTIGACI\u00d3N DE CATEO EN MAGDALENA DE KINO, ELEMENTOS AMIC, SEDENA, GUARDIA NACIONAL Y PESP FUERON RECIBIDOS A TIROS, AL REPELER LA AGRESI\u00d3N ABATIERON A PROBABLE L\u00cdDER CRIMINAL, \u00d3SCAR BALLARDO \u201cN.\u201d, \u201cEL YAQUI BOTAS\u201d En las \u00faltimas 72 horas realiza la Fiscal\u00eda General\u2026","rel":"","context":"En \u00abFeatured\u00bb","block_context":{"text":"Featured","link":"https:\/\/mexicocodigorojo.com.mx\/?cat=1724"},"img":{"alt_text":"","src":"https:\/\/i0.wp.com\/mexicocodigorojo.com.mx\/wp-content\/uploads\/2021\/08\/IMG-20210808-WA0015.jpg?fit=1024%2C583&ssl=1&resize=350%2C200","width":350,"height":200,"srcset":"https:\/\/i0.wp.com\/mexicocodigorojo.com.mx\/wp-content\/uploads\/2021\/08\/IMG-20210808-WA0015.jpg?fit=1024%2C583&ssl=1&resize=350%2C200 1x, https:\/\/i0.wp.com\/mexicocodigorojo.com.mx\/wp-content\/uploads\/2021\/08\/IMG-20210808-WA0015.jpg?fit=1024%2C583&ssl=1&resize=525%2C300 1.5x, https:\/\/i0.wp.com\/mexicocodigorojo.com.mx\/wp-content\/uploads\/2021\/08\/IMG-20210808-WA0015.jpg?fit=1024%2C583&ssl=1&resize=700%2C400 2x"},"classes":[]},{"id":47447,"url":"https:\/\/mexicocodigorojo.com.mx\/?p=47447","url_meta":{"origin":58843,"position":4},"title":"ASEGURAN CAMIONETA Y ARMAS ENTRE MAGDALENA Y NOGALES","author":"Staff","date":"marzo 4, 2021","format":false,"excerpt":"Nogales, Sonora; marzo 3 del 2021. Como resultado de la atenci\u00f3n inmediata a la denuncia y el reforzamiento de los operativos que realiza la Polic\u00eda Estatal de Seguridad P\u00fablica (PESP) en coordinaci\u00f3n con las Polic\u00edas Municipales, Secretar\u00eda de la Defensa Nacional y Guardia Nacional entre los municipios de Magadalena-Nogales, se\u2026","rel":"","context":"En \u00abFeatured\u00bb","block_context":{"text":"Featured","link":"https:\/\/mexicocodigorojo.com.mx\/?cat=1724"},"img":{"alt_text":"","src":"https:\/\/i0.wp.com\/secureservercdn.net\/166.62.108.22\/cg1.af3.myftpupload.com\/wp-content\/uploads\/2021\/03\/img-20210304-wa0034275952949.jpg?resize=350%2C200&ssl=1","width":350,"height":200,"srcset":"https:\/\/i0.wp.com\/secureservercdn.net\/166.62.108.22\/cg1.af3.myftpupload.com\/wp-content\/uploads\/2021\/03\/img-20210304-wa0034275952949.jpg?resize=350%2C200&ssl=1 1x, https:\/\/i0.wp.com\/secureservercdn.net\/166.62.108.22\/cg1.af3.myftpupload.com\/wp-content\/uploads\/2021\/03\/img-20210304-wa0034275952949.jpg?resize=525%2C300&ssl=1 1.5x, https:\/\/i0.wp.com\/secureservercdn.net\/166.62.108.22\/cg1.af3.myftpupload.com\/wp-content\/uploads\/2021\/03\/img-20210304-wa0034275952949.jpg?resize=700%2C400&ssl=1 2x"},"classes":[]},{"id":59525,"url":"https:\/\/mexicocodigorojo.com.mx\/?p=59525","url_meta":{"origin":58843,"position":5},"title":"SONORA | VIDEO SICARIOS DE LOS CAZADORES\/SALAZAR QUEMAN A INTEGRANTE DE LOS PELONES\/DELTAS EN TUBUTAMA","author":"MexicoRojo","date":"abril 7, 2024","format":false,"excerpt":"\"El viernes por la ma\u00f1ana se registr\u00f3 un fuerte enfrentamiento, entre grupos de Sicarios, lo que dej\u00f3 varios gatilleros sin vida y veh\u00edculos calcinados en Tubutama, Sonora. \u00a0 \u00a0 En videos que circulan en Twitter\/X se observa a los Sicarios dentro de una camioneta y a otros m\u00e1s adelante en\u2026","rel":"","context":"En \u00abFeatured\u00bb","block_context":{"text":"Featured","link":"https:\/\/mexicocodigorojo.com.mx\/?cat=1724"},"img":{"alt_text":"","src":"https:\/\/i0.wp.com\/mexicocodigorojo.com.mx\/wp-content\/uploads\/2024\/04\/20240327_063325.jpg?fit=720%2C416&ssl=1&resize=350%2C200","width":350,"height":200,"srcset":"https:\/\/i0.wp.com\/mexicocodigorojo.com.mx\/wp-content\/uploads\/2024\/04\/20240327_063325.jpg?fit=720%2C416&ssl=1&resize=350%2C200 1x, https:\/\/i0.wp.com\/mexicocodigorojo.com.mx\/wp-content\/uploads\/2024\/04\/20240327_063325.jpg?fit=720%2C416&ssl=1&resize=525%2C300 1.5x, https:\/\/i0.wp.com\/mexicocodigorojo.com.mx\/wp-content\/uploads\/2024\/04\/20240327_063325.jpg?fit=720%2C416&ssl=1&resize=700%2C400 2x"},"classes":[]}],"jetpack_sharing_enabled":true,"jetpack_likes_enabled":true,"jetpack_shortlink":"https:\/\/wp.me\/p9TedA-fj5","_links":{"self":[{"href":"https:\/\/mexicocodigorojo.com.mx\/index.php?rest_route=\/wp\/v2\/posts\/58843","targetHints":{"allow":["GET"]}}],"collection":[{"href":"https:\/\/mexicocodigorojo.com.mx\/index.php?rest_route=\/wp\/v2\/posts"}],"about":[{"href":"https:\/\/mexicocodigorojo.com.mx\/index.php?rest_route=\/wp\/v2\/types\/post"}],"author":[{"embeddable":true,"href":"https:\/\/mexicocodigorojo.com.mx\/index.php?rest_route=\/wp\/v2\/users\/5"}],"replies":[{"embeddable":true,"href":"https:\/\/mexicocodigorojo.com.mx\/index.php?rest_route=%2Fwp%2Fv2%2Fcomments&post=58843"}],"version-history":[{"count":1,"href":"https:\/\/mexicocodigorojo.com.mx\/index.php?rest_route=\/wp\/v2\/posts\/58843\/revisions"}],"predecessor-version":[{"id":58845,"href":"https:\/\/mexicocodigorojo.com.mx\/index.php?rest_route=\/wp\/v2\/posts\/58843\/revisions\/58845"}],"wp:featuredmedia":[{"embeddable":true,"href":"https:\/\/mexicocodigorojo.com.mx\/index.php?rest_route=\/wp\/v2\/media\/58844"}],"wp:attachment":[{"href":"https:\/\/mexicocodigorojo.com.mx\/index.php?rest_route=%2Fwp%2Fv2%2Fmedia&parent=58843"}],"wp:term":[{"taxonomy":"category","embeddable":true,"href":"https:\/\/mexicocodigorojo.com.mx\/index.php?rest_route=%2Fwp%2Fv2%2Fcategories&post=58843"},{"taxonomy":"post_tag","embeddable":true,"href":"https:\/\/mexicocodigorojo.com.mx\/index.php?rest_route=%2Fwp%2Fv2%2Ftags&post=58843"}],"curies":[{"name":"wp","href":"https:\/\/api.w.org\/{rel}","templated":true}]}}