{"id":58717,"date":"2023-12-31T13:01:08","date_gmt":"2023-12-31T19:01:08","guid":{"rendered":"https:\/\/mexicocodigorojo.com.mx\/?p=58717"},"modified":"2023-12-31T13:01:08","modified_gmt":"2023-12-31T19:01:08","slug":"video-enfrentamiento-entre-grupos-delictivos-deja-varios-vehiculos-calcinados-entre-trincheras-y-santa-ana-sonora","status":"publish","type":"post","link":"https:\/\/mexicocodigorojo.com.mx\/?p=58717","title":{"rendered":"VIDEO Enfrentamiento entre grupos delictivos deja varios vehiculos calcinados entre Trincheras y Santa Ana Sonora"},"content":{"rendered":"<p>Por Araceli Celaya<br \/>\nTrincheras, Son.-Alrededor de la 1:00 de la ma\u00f1ana de \u00e9ste domingo se dio el primer reporte de un menor lesionado con un balazo en la cabeza, el cual viajaba junto a su familia sobre el tramo Trincheras a Santa Ana.<\/p>\n<p>&nbsp;<\/p>\n<p>&nbsp;<\/p>\n<p>\u00c9ste hecho alert\u00f3 a las autoridades despu\u00e9s de que la familia no se detuvo cuando un grupo de sicarios intent\u00f3 despojarlos de su autom\u00f3vil y llegaron hasta Santa Ana, pidiendo ayuda m\u00e9dica.<\/p>\n<p>&nbsp;<\/p>\n<p>&nbsp;<\/p>\n<p>Pero al igual que esto se desarrollaba se report\u00f3 a otros turistas tambi\u00e9n lesionados, los cuales viajaban en varios autom\u00f3viles, por lo que en base a informaci\u00f3n que se manejo en unidades de emergencia se trasladaron a 5 lesionados por arma de fuego a centros de salud de dicha poblaci\u00f3n.<\/p>\n<p>&nbsp;<\/p>\n<p>&nbsp;<\/p>\n<p>Mientras que en tramo carretero Trincheras a Santa Ana, est\u00e1 ma\u00f1ana se localizaron 12 autom\u00f3viles abandonados, con huellas de haber participado sus ocupantes en el enfrentamiento armado de est\u00e1 madrugada.<\/p>\n<p>&nbsp;<\/p>\n<p>&nbsp;<\/p>\n<p>As\u00ed mismo aun se encuentran en resguardo dos tramos carreteros porqu\u00e9 al interior de las unidades baleadas hay cuerpos que se incineraron junto a los veh\u00edculos en los que participaron en el enfrentamiento.<\/p>\n<p>&nbsp;<\/p>\n<p>&nbsp;<\/p>\n<p>Mientras que a esta hora se sigue reportando un grupo de personas armadas en la vecina poblaci\u00f3n de Altar, incendiando propiedades vinculadas a un grupo delictivo.<\/p>\n<p>&nbsp;<\/p>\n<p>&nbsp;<\/p>\n<p>Esta situaci\u00f3n mantiene a la zona pr\u00e1cticamente paralizada ante la zozobra de un enfrentamiento armado en cualquier sitio.<\/p>\n<p>&nbsp;<\/p>\n<p>&nbsp;<\/p>\n<blockquote class=\"twitter-tweet\" data-width=\"550\" data-dnt=\"true\">\n<p lang=\"es\" dir=\"ltr\">2\/2 Hasta el momento se desconoce el numero de abatidos pero se habla de al menos 4 personas en este enfrentamiento que dejo paralizada el flujo vehicular ya que estaban en plena carretera los autom\u00f3viles algunos con manchas de sangre y con impacto de balas en la carrocer\u00eda <a href=\"https:\/\/t.co\/O8MVr86c6q\">pic.twitter.com\/O8MVr86c6q<\/a><\/p>\n<p>&mdash; ALERTA CODIGO ROJO (@ALERTACODIGORO_) <a href=\"https:\/\/twitter.com\/ALERTACODIGORO_\/status\/1741530215896272977?ref_src=twsrc%5Etfw\">December 31, 2023<\/a><\/p><\/blockquote>\n<p><script async src=\"https:\/\/platform.twitter.com\/widgets.js\" charset=\"utf-8\"><\/script><\/p>\n","protected":false},"excerpt":{"rendered":"<p>Por Araceli Celaya Trincheras, Son.-Alrededor de la 1:00 de la ma\u00f1ana de \u00e9ste domingo se dio el primer reporte de un menor lesionado con un balazo en la cabeza, el cual viajaba junto a su familia sobre el tramo Trincheras a Santa Ana. &nbsp; &nbsp; \u00c9ste hecho alert\u00f3 a las autoridades despu\u00e9s de que la [&hellip;]<\/p>\n","protected":false},"author":16,"featured_media":58718,"comment_status":"open","ping_status":"open","sticky":false,"template":"","format":"standard","meta":{"_uf_show_specific_survey":0,"_uf_disable_surveys":false,"advanced_seo_description":"","jetpack_seo_html_title":"","jetpack_seo_noindex":false,"jetpack_post_was_ever_published":false,"_jetpack_newsletter_access":"","_jetpack_dont_email_post_to_subs":false,"_jetpack_newsletter_tier_id":0,"_jetpack_memberships_contains_paywalled_content":false,"_jetpack_memberships_contains_paid_content":false,"footnotes":"","jetpack_publicize_message":"","jetpack_publicize_feature_enabled":true,"jetpack_social_post_already_shared":true,"jetpack_social_options":{"image_generator_settings":{"template":"highway","default_image_id":0,"font":"","enabled":false},"version":2}},"categories":[1724],"tags":[906,770,510],"class_list":{"0":"post-58717","1":"post","2":"type-post","3":"status-publish","4":"format-standard","5":"has-post-thumbnail","7":"category-featured","8":"tag-crimenorganizado","9":"tag-sonora","10":"tag-nacional"},"jetpack_publicize_connections":[],"jetpack_featured_media_url":"https:\/\/i0.wp.com\/mexicocodigorojo.com.mx\/wp-content\/uploads\/2023\/12\/20231231_115813.jpg?fit=720%2C410&ssl=1","jetpack-related-posts":[{"id":58494,"url":"https:\/\/mexicocodigorojo.com.mx\/?p=58494","url_meta":{"origin":58717,"position":0},"title":"FOTOS Por 2do dia consecutivo En Trincheras Sonora Abandonan hielera con restos humanos y un narcomensaje","author":"MexicoRojo","date":"diciembre 7, 2023","format":false,"excerpt":"Trincheras, Sonora, 07 de diciembre del 2023 - Hallan hieleras con restos humanos en la carretera Santa Ana-Altar. \u00a0 \u00a0 En una escalofriante escena, dos hieleras azules fueron descubiertas hoy alrededor de las 8:00 horas en la carretera Santa Ana-Altar, espec\u00edficamente cerca de la caseta de Trincheras, en la Heroica\u2026","rel":"","context":"En \u00abFeatured\u00bb","block_context":{"text":"Featured","link":"https:\/\/mexicocodigorojo.com.mx\/?cat=1724"},"img":{"alt_text":"","src":"https:\/\/i0.wp.com\/mexicocodigorojo.com.mx\/wp-content\/uploads\/2023\/12\/FB_IMG_1701975522571.jpg?fit=720%2C540&ssl=1&resize=350%2C200","width":350,"height":200,"srcset":"https:\/\/i0.wp.com\/mexicocodigorojo.com.mx\/wp-content\/uploads\/2023\/12\/FB_IMG_1701975522571.jpg?fit=720%2C540&ssl=1&resize=350%2C200 1x, https:\/\/i0.wp.com\/mexicocodigorojo.com.mx\/wp-content\/uploads\/2023\/12\/FB_IMG_1701975522571.jpg?fit=720%2C540&ssl=1&resize=525%2C300 1.5x, https:\/\/i0.wp.com\/mexicocodigorojo.com.mx\/wp-content\/uploads\/2023\/12\/FB_IMG_1701975522571.jpg?fit=720%2C540&ssl=1&resize=700%2C400 2x"},"classes":[]},{"id":57943,"url":"https:\/\/mexicocodigorojo.com.mx\/?p=57943","url_meta":{"origin":58717,"position":1},"title":"VIDEO Altar Sonora | Grupo \u2018Los Fantasmas\u2019 de Sa\u00fal Francisco Hern\u00e1ndez Tenorio aka \u2018El Ponchis\u2019 embosc\u00f3 a militares","author":"MexicoRojo","date":"octubre 31, 2023","format":false,"excerpt":"Esta ma\u00f1ana elementos de la Secretaria de la Defensa Nacional (Sedena) fueron emboscados en el camino que conduce de Altar a Oquitoa por un grupo numeroso de sicarios pertenecientes a \u2019Los Cazadores\u2019 junto a su grupo armado \u2018Los Fantasmas\u2019 y\/o \u2018Los Alfas\u2019. \u00a0 \u00a0 Este brazo armado es liderado por\u2026","rel":"","context":"En \u00abFeatured\u00bb","block_context":{"text":"Featured","link":"https:\/\/mexicocodigorojo.com.mx\/?cat=1724"},"img":{"alt_text":"","src":"https:\/\/i0.wp.com\/mexicocodigorojo.com.mx\/wp-content\/uploads\/2023\/10\/Polish_20231031_201910811.jpg?fit=1200%2C1200&ssl=1&resize=350%2C200","width":350,"height":200,"srcset":"https:\/\/i0.wp.com\/mexicocodigorojo.com.mx\/wp-content\/uploads\/2023\/10\/Polish_20231031_201910811.jpg?fit=1200%2C1200&ssl=1&resize=350%2C200 1x, https:\/\/i0.wp.com\/mexicocodigorojo.com.mx\/wp-content\/uploads\/2023\/10\/Polish_20231031_201910811.jpg?fit=1200%2C1200&ssl=1&resize=525%2C300 1.5x, https:\/\/i0.wp.com\/mexicocodigorojo.com.mx\/wp-content\/uploads\/2023\/10\/Polish_20231031_201910811.jpg?fit=1200%2C1200&ssl=1&resize=700%2C400 2x, https:\/\/i0.wp.com\/mexicocodigorojo.com.mx\/wp-content\/uploads\/2023\/10\/Polish_20231031_201910811.jpg?fit=1200%2C1200&ssl=1&resize=1050%2C600 3x"},"classes":[]},{"id":46700,"url":"https:\/\/mexicocodigorojo.com.mx\/?p=46700","url_meta":{"origin":58717,"position":2},"title":"GUARDIA NACIONAL ASEGURO 22 MIL 900 PASTILLAS DE FENTANILO EN SONORA","author":"Staff","date":"febrero 1, 2021","format":false,"excerpt":"En Trincheras, Sonora, integrantes de la Guardia Nacional detuvieron a dos personas con aproximadamente 22 mil 900 pastillas de aparente fentanilo ocultas en el techo de su veh\u00edculo. Lo asegurado tendr\u00eda un precio estimado en el mercado de m\u00e1s de ocho millones 500 mil pesos. Lo anterior deriv\u00f3 de los\u2026","rel":"","context":"En \u00abFeatured\u00bb","block_context":{"text":"Featured","link":"https:\/\/mexicocodigorojo.com.mx\/?cat=1724"},"img":{"alt_text":"","src":"https:\/\/i0.wp.com\/secureservercdn.net\/166.62.108.22\/cg1.af3.myftpupload.com\/wp-content\/uploads\/2021\/02\/img-20210201-wa01712085582684.jpg?resize=350%2C200&ssl=1","width":350,"height":200,"srcset":"https:\/\/i0.wp.com\/secureservercdn.net\/166.62.108.22\/cg1.af3.myftpupload.com\/wp-content\/uploads\/2021\/02\/img-20210201-wa01712085582684.jpg?resize=350%2C200&ssl=1 1x, https:\/\/i0.wp.com\/secureservercdn.net\/166.62.108.22\/cg1.af3.myftpupload.com\/wp-content\/uploads\/2021\/02\/img-20210201-wa01712085582684.jpg?resize=525%2C300&ssl=1 1.5x, https:\/\/i0.wp.com\/secureservercdn.net\/166.62.108.22\/cg1.af3.myftpupload.com\/wp-content\/uploads\/2021\/02\/img-20210201-wa01712085582684.jpg?resize=700%2C400&ssl=1 2x"},"classes":[]},{"id":60470,"url":"https:\/\/mexicocodigorojo.com.mx\/?p=60470","url_meta":{"origin":58717,"position":3},"title":"Sonora: FGJ ofrece recompensa por\u00bbEl Ponchis\u00bb o \u00abEl Fantasma\u00bb l\u00edder de Los Chapitos","author":"MCR","date":"mayo 12, 2024","format":false,"excerpt":"El \"Ponchis\" es uno de los l\u00edderes de Los Chapitos, m\u00e1s buscado por su probable responsabilidad en los delitos como homicidio calificado con premeditaci\u00f3n, alevos\u00eda y traici\u00f3n, entre otros. Con trabajo de la Fiscal\u00eda General de Justicia del Estado (FGJE) de Sonora, se ha tomado una nueva acci\u00f3n para la\u2026","rel":"","context":"En \u00abFeatured\u00bb","block_context":{"text":"Featured","link":"https:\/\/mexicocodigorojo.com.mx\/?cat=1724"},"img":{"alt_text":"","src":"https:\/\/i0.wp.com\/mexicocodigorojo.com.mx\/wp-content\/uploads\/2024\/05\/HQK5PSTBQFCUJI6ZG5SFW72VKQ.jpg?fit=1200%2C675&ssl=1&resize=350%2C200","width":350,"height":200,"srcset":"https:\/\/i0.wp.com\/mexicocodigorojo.com.mx\/wp-content\/uploads\/2024\/05\/HQK5PSTBQFCUJI6ZG5SFW72VKQ.jpg?fit=1200%2C675&ssl=1&resize=350%2C200 1x, https:\/\/i0.wp.com\/mexicocodigorojo.com.mx\/wp-content\/uploads\/2024\/05\/HQK5PSTBQFCUJI6ZG5SFW72VKQ.jpg?fit=1200%2C675&ssl=1&resize=525%2C300 1.5x, https:\/\/i0.wp.com\/mexicocodigorojo.com.mx\/wp-content\/uploads\/2024\/05\/HQK5PSTBQFCUJI6ZG5SFW72VKQ.jpg?fit=1200%2C675&ssl=1&resize=700%2C400 2x, https:\/\/i0.wp.com\/mexicocodigorojo.com.mx\/wp-content\/uploads\/2024\/05\/HQK5PSTBQFCUJI6ZG5SFW72VKQ.jpg?fit=1200%2C675&ssl=1&resize=1050%2C600 3x"},"classes":[]},{"id":58465,"url":"https:\/\/mexicocodigorojo.com.mx\/?p=58465","url_meta":{"origin":58717,"position":4},"title":"FOTOS En Santa Ana Sonora Dejan cuerpos mutilados al interior de una hielera con un narcomensaje","author":"MexicoRojo","date":"diciembre 6, 2023","format":false,"excerpt":"La ma\u00f1ana de \u00e9ste mi\u00e9rcoles reportan hielera con narcomensaje en entrada a Santa Ana \u00a0 \u00a0 Por Araceli Celaya Santa Ana, Son.-Autoridades fueron alertados sobre la localizaci\u00f3n de una hielera con un mensaje encima de la misma donde se advierte sobre lo que puede suceder le a varios nombres. \u00a0\u2026","rel":"","context":"En \u00abFeatured\u00bb","block_context":{"text":"Featured","link":"https:\/\/mexicocodigorojo.com.mx\/?cat=1724"},"img":{"alt_text":"","src":"https:\/\/i0.wp.com\/mexicocodigorojo.com.mx\/wp-content\/uploads\/2023\/12\/IMG-20231025-WA0097.jpg?fit=1200%2C1200&ssl=1&resize=350%2C200","width":350,"height":200,"srcset":"https:\/\/i0.wp.com\/mexicocodigorojo.com.mx\/wp-content\/uploads\/2023\/12\/IMG-20231025-WA0097.jpg?fit=1200%2C1200&ssl=1&resize=350%2C200 1x, https:\/\/i0.wp.com\/mexicocodigorojo.com.mx\/wp-content\/uploads\/2023\/12\/IMG-20231025-WA0097.jpg?fit=1200%2C1200&ssl=1&resize=525%2C300 1.5x, https:\/\/i0.wp.com\/mexicocodigorojo.com.mx\/wp-content\/uploads\/2023\/12\/IMG-20231025-WA0097.jpg?fit=1200%2C1200&ssl=1&resize=700%2C400 2x, https:\/\/i0.wp.com\/mexicocodigorojo.com.mx\/wp-content\/uploads\/2023\/12\/IMG-20231025-WA0097.jpg?fit=1200%2C1200&ssl=1&resize=1050%2C600 3x"},"classes":[]},{"id":61052,"url":"https:\/\/mexicocodigorojo.com.mx\/?p=61052","url_meta":{"origin":58717,"position":5},"title":"Sonora | Fotos Cae abatido el Delta 19 en un enfrentamiento contra Los Salazar en el Ejido Claro de Santa Ana","author":"MexicoRojo","date":"mayo 24, 2024","format":false,"excerpt":"Cae abatido el Delta 19 en un enfrentamiento contra Los Salazar en el Ejido Claro de Santa Ana, Sonora. \u00a0 \u00a0 En Santa Ana, Sonora se report\u00f3 un fuerte enfrentamiento durante la noche del mi\u00e9rcoles entre grupos de Sicarios antag\u00f3nicos. \u00a0 \u00a0 El enfrentamiento se registr\u00f3 en el Ejido Claro,\u2026","rel":"","context":"En \u00abFeatured\u00bb","block_context":{"text":"Featured","link":"https:\/\/mexicocodigorojo.com.mx\/?cat=1724"},"img":{"alt_text":"","src":"https:\/\/i0.wp.com\/mexicocodigorojo.com.mx\/wp-content\/uploads\/2024\/05\/received_333817939729591.jpeg?resize=350%2C200","width":350,"height":200},"classes":[]}],"jetpack_sharing_enabled":true,"jetpack_likes_enabled":true,"jetpack_shortlink":"https:\/\/wp.me\/p9TedA-fh3","_links":{"self":[{"href":"https:\/\/mexicocodigorojo.com.mx\/index.php?rest_route=\/wp\/v2\/posts\/58717","targetHints":{"allow":["GET"]}}],"collection":[{"href":"https:\/\/mexicocodigorojo.com.mx\/index.php?rest_route=\/wp\/v2\/posts"}],"about":[{"href":"https:\/\/mexicocodigorojo.com.mx\/index.php?rest_route=\/wp\/v2\/types\/post"}],"author":[{"embeddable":true,"href":"https:\/\/mexicocodigorojo.com.mx\/index.php?rest_route=\/wp\/v2\/users\/16"}],"replies":[{"embeddable":true,"href":"https:\/\/mexicocodigorojo.com.mx\/index.php?rest_route=%2Fwp%2Fv2%2Fcomments&post=58717"}],"version-history":[{"count":1,"href":"https:\/\/mexicocodigorojo.com.mx\/index.php?rest_route=\/wp\/v2\/posts\/58717\/revisions"}],"predecessor-version":[{"id":58719,"href":"https:\/\/mexicocodigorojo.com.mx\/index.php?rest_route=\/wp\/v2\/posts\/58717\/revisions\/58719"}],"wp:featuredmedia":[{"embeddable":true,"href":"https:\/\/mexicocodigorojo.com.mx\/index.php?rest_route=\/wp\/v2\/media\/58718"}],"wp:attachment":[{"href":"https:\/\/mexicocodigorojo.com.mx\/index.php?rest_route=%2Fwp%2Fv2%2Fmedia&parent=58717"}],"wp:term":[{"taxonomy":"category","embeddable":true,"href":"https:\/\/mexicocodigorojo.com.mx\/index.php?rest_route=%2Fwp%2Fv2%2Fcategories&post=58717"},{"taxonomy":"post_tag","embeddable":true,"href":"https:\/\/mexicocodigorojo.com.mx\/index.php?rest_route=%2Fwp%2Fv2%2Ftags&post=58717"}],"curies":[{"name":"wp","href":"https:\/\/api.w.org\/{rel}","templated":true}]}}