{"id":58713,"date":"2023-12-30T14:35:43","date_gmt":"2023-12-30T20:35:43","guid":{"rendered":"https:\/\/mexicocodigorojo.com.mx\/?p=58713"},"modified":"2023-12-30T14:59:38","modified_gmt":"2023-12-30T20:59:38","slug":"filtran-fotos-de-la-masacre-en-cd-obregon-sonora-y-mueren-dos-mas-sube-a-8","status":"publish","type":"post","link":"https:\/\/mexicocodigorojo.com.mx\/?p=58713","title":{"rendered":"FILTRAN FOTOS DE LA MASACRE EN Cd. OBREGON SONORA Y MUEREN DOS MAS SUBE A 8"},"content":{"rendered":"<p>Suman 8 las v\u00edctimas de la masacre de la colonia Cajeme, aumenta a 27 heridos.<\/p>\n<p>&nbsp;<\/p>\n<p>&nbsp;<\/p>\n<p>La masacre que se vivi\u00f3 en Cd. Obreg\u00f3n, Sonora, la madrugada del 29 de diciembre, un poco antes de las 2:00 A.M. dejo muchas personas heridas y varias personas muertas, entre ellos se encontraban menores de edad y personas de la tercera edad.<\/p>\n<p>&nbsp;<\/p>\n<p>&nbsp;<\/p>\n<p>Esta ma\u00f1ana, fallecieron dos de las v\u00edctimas, Jes\u00fas Orlando de 24 a\u00f1os de edad y la Sra. Alma Aracely de 52 a\u00f1os de edad.<\/p>\n<p>&nbsp;<\/p>\n<p>&nbsp;<\/p>\n<p>Lista de personas lesionadas proporcionada en conferencia con el Fiscal;<\/p>\n<p>&nbsp;<\/p>\n<p>&nbsp;<\/p>\n<p>LESIONADOS EN SEMESON<br \/>\n\u2022 Manuel de Jes\u00fas de 21 a\u00f1os.<br \/>\nLesionado en muslo derecho.<\/p>\n<p>\u2022 Dania Aid\u00e9 de 19 a\u00f1os.<br \/>\nHerida en el p\u00ede.<\/p>\n<p>\u2022 Yareli Nataly de 23 a\u00f1os.<br \/>\nHerida en muslo izquierdo.<\/p>\n<p>&nbsp;<\/p>\n<p>\u2022 Jos\u00e9 Bernardo De 24 a\u00f1os.<br \/>\nHerida producida por arma de fuego en muslo izquierdo.<\/p>\n<p>&nbsp;<\/p>\n<p>\u2022 Jes\u00fas Orlando 24 a\u00f1os. (FALLECIDO HOY)<br \/>\nHerida producida en la espalda baja.<\/p>\n<p>&nbsp;<\/p>\n<p>\u2022 Victor Alfonso de 26 a\u00f1os.<br \/>\nLesionado en f\u00e9mur derecho.<\/p>\n<p>&nbsp;<\/p>\n<p>\u2022 Axel Reinaldo de 17 a\u00f1os.<br \/>\nHerida en la pierna izquierda.<\/p>\n<p>&nbsp;<\/p>\n<p>\u2022 Miguel Antonio de 30 a\u00f1os.<br \/>\nLesionado en brazo derecho.<\/p>\n<p>&nbsp;<\/p>\n<p>\u2022 Dulce Natalia de 25 a\u00f1os.<br \/>\nLesionada por arma de fuego en pierna derecha.<\/p>\n<p>&nbsp;<\/p>\n<p>\u2022 Dulce Ver\u00f3nica de 40 a\u00f1os.<br \/>\nHerida en el brazo izquierdo.<\/p>\n<p>&nbsp;<\/p>\n<p>\u2022 Alejandra Janai de 17 a\u00f1os<br \/>\nHerida por arma de fuego pierna derecha.<\/p>\n<p>&nbsp;<\/p>\n<p>\u2022 Victor de 18 a\u00f1os.<br \/>\nLesi\u00f3n producida por arma de fuego en pierna derecha.<\/p>\n<p>&nbsp;<\/p>\n<p>\u2022 Samuel Horacio de19 a\u00f1os.<br \/>\nLesionado por arma de fuego en mano izquierda.<\/p>\n<p>&nbsp;<\/p>\n<p>\u2022 Eleazar de 49 a\u00f1os.<br \/>\nHerida por arma fuego en brazo izquierdo.<\/p>\n<p>&nbsp;<\/p>\n<p>\u2022 Yorleth Alexandra de 19 a\u00f1os.<br \/>\nCorte en pierna izquierda.<\/p>\n<p>&nbsp;<\/p>\n<p>\u2022 Perla Esmeralda de 17 a\u00f1os<br \/>\nHerida en pie izquierdo.<\/p>\n<p>&nbsp;<\/p>\n<p>\u2022 Hissam Josu\u00e9 de19 a\u00f1os<br \/>\nLesi\u00f3n en pie izquierdo.<\/p>\n<p>&nbsp;<\/p>\n<p>\u2022 Luis \u00c1ngel de 16 a\u00f1os<br \/>\nHerida en pie derecho.<\/p>\n<p>&nbsp;<\/p>\n<p>\u2022 Marbella Marisela de 17 a\u00f1os.<br \/>\nHerida por arma de fuego en abdomen.<\/p>\n<p>&nbsp;<\/p>\n<p>\u2022 Jos\u00e9 de Jes\u00fas de 43 a\u00f1os.<br \/>\nLesi\u00f3n producida por arma de fuego en gl\u00fateo derecho.<\/p>\n<p>&nbsp;<\/p>\n<p>\u2022 Alma Araceli de 52 a\u00f1os. (FALLECIDA HOY)<br \/>\nHerida en t\u00f3rax.<\/p>\n<p><strong>FOTOS SIN CENSURA EN EL SIGUIENTE ENLACE DE TELEGRAM \u27a1\ufe0f <\/strong><a href=\"https:\/\/t.me\/mexicorojo\/5437?single\" target=\"_blank\" rel=\"noopener\">https:\/\/t.me\/mexicorojo\/5437?single<\/a><\/p>\n<p>&nbsp;<\/p>\n<p>&nbsp;<\/p>\n<blockquote class=\"twitter-tweet\" data-width=\"550\" data-dnt=\"true\">\n<p lang=\"es\" dir=\"ltr\">Gritos de desesperaci\u00f3n y angustia se escuchan en un video que circula en RS y Asi se escucho la balacera en el ataque armado ocurrido en <a href=\"https:\/\/twitter.com\/hashtag\/Cajeme?src=hash&amp;ref_src=twsrc%5Etfw\">#Cajeme<\/a> <a href=\"https:\/\/twitter.com\/hashtag\/Sonora?src=hash&amp;ref_src=twsrc%5Etfw\">#Sonora<\/a> la madrugada de hoy, que dej\u00f3 personas sin vida y varias heridas <a href=\"https:\/\/twitter.com\/Mr_Civico?ref_src=twsrc%5Etfw\">@Mr_Civico<\/a> <a href=\"https:\/\/t.co\/8ZjBYbWWvt\">pic.twitter.com\/8ZjBYbWWvt<\/a><\/p>\n<p>&mdash; ALERTA CODIGO ROJO (@ALERTACODIGORO_) <a href=\"https:\/\/twitter.com\/ALERTACODIGORO_\/status\/1740816638273110174?ref_src=twsrc%5Etfw\">December 29, 2023<\/a><\/p><\/blockquote>\n<p><script async src=\"https:\/\/platform.twitter.com\/widgets.js\" charset=\"utf-8\"><\/script><\/p>\n","protected":false},"excerpt":{"rendered":"<p>Suman 8 las v\u00edctimas de la masacre de la colonia Cajeme, aumenta a 27 heridos. &nbsp; &nbsp; La masacre que se vivi\u00f3 en Cd. Obreg\u00f3n, Sonora, la madrugada del 29 de diciembre, un poco antes de las 2:00 A.M. dejo muchas personas heridas y varias personas muertas, entre ellos se encontraban menores de edad y [&hellip;]<\/p>\n","protected":false},"author":16,"featured_media":58714,"comment_status":"open","ping_status":"open","sticky":false,"template":"","format":"standard","meta":{"_uf_show_specific_survey":0,"_uf_disable_surveys":false,"advanced_seo_description":"","jetpack_seo_html_title":"","jetpack_seo_noindex":false,"jetpack_post_was_ever_published":false,"_jetpack_newsletter_access":"","_jetpack_dont_email_post_to_subs":false,"_jetpack_newsletter_tier_id":0,"_jetpack_memberships_contains_paywalled_content":false,"_jetpack_memberships_contains_paid_content":false,"footnotes":"","jetpack_publicize_message":"","jetpack_publicize_feature_enabled":true,"jetpack_social_post_already_shared":true,"jetpack_social_options":{"image_generator_settings":{"template":"highway","default_image_id":0,"font":"","enabled":false},"version":2}},"categories":[1724],"tags":[906,770,510],"class_list":{"0":"post-58713","1":"post","2":"type-post","3":"status-publish","4":"format-standard","5":"has-post-thumbnail","7":"category-featured","8":"tag-crimenorganizado","9":"tag-sonora","10":"tag-nacional"},"jetpack_publicize_connections":[],"jetpack_featured_media_url":"https:\/\/i0.wp.com\/mexicocodigorojo.com.mx\/wp-content\/uploads\/2023\/12\/20231208_113436-2.jpg?fit=720%2C436&ssl=1","jetpack-related-posts":[{"id":1887,"url":"https:\/\/mexicocodigorojo.com.mx\/?p=1887","url_meta":{"origin":58713,"position":0},"title":"Ataque Armado En La Colonia Casa Real En Ciudad Obreg\u00f3n Sonora Deja A Dos Personas Lesionadas.","author":"Staff","date":"septiembre 1, 2018","format":false,"excerpt":"Obrego,Sonora.- Los hechos se dieron por las calles Castillo de Chapultepec y San Marino de la Colonia Casa Real. Testigos oculares de los hechos manifestaron que al escuchar las detonaciones solo se percataron que los presuntos agresores se desplazaban a bordo de una camioneta color blanco. Quedando tendidos sobre el\u2026","rel":"","context":"En \u00abSonora\u00bb","block_context":{"text":"Sonora","link":"https:\/\/mexicocodigorojo.com.mx\/?cat=115"},"img":{"alt_text":"","src":"","width":0,"height":0},"classes":[]},{"id":58703,"url":"https:\/\/mexicocodigorojo.com.mx\/?p=58703","url_meta":{"origin":58713,"position":1},"title":"VIDEO Comando armado ejecuta a varias personas que se encontraban en una fiesta de XV a\u00f1os en Cajeme Sonora","author":"MexicoRojo","date":"diciembre 29, 2023","format":false,"excerpt":"El suceso ocurri\u00f3 casi a las 2 de la madrugada en la colonia Cajeme durante una fiesta, donde un comando rafague\u00f3 a los presentes. \u00a0 \u00a0 Al parecer primero se registr\u00f3 una ri\u00f1a en la fiesta y unas personas se retiraron para despu\u00e9s regresar armadas y dispararle a los presentes.\u2026","rel":"","context":"En \u00abFeatured\u00bb","block_context":{"text":"Featured","link":"https:\/\/mexicocodigorojo.com.mx\/?cat=1724"},"img":{"alt_text":"","src":"https:\/\/i0.wp.com\/mexicocodigorojo.com.mx\/wp-content\/uploads\/2023\/12\/FB_IMG_1703878482209.jpg?fit=720%2C720&ssl=1&resize=350%2C200","width":350,"height":200,"srcset":"https:\/\/i0.wp.com\/mexicocodigorojo.com.mx\/wp-content\/uploads\/2023\/12\/FB_IMG_1703878482209.jpg?fit=720%2C720&ssl=1&resize=350%2C200 1x, https:\/\/i0.wp.com\/mexicocodigorojo.com.mx\/wp-content\/uploads\/2023\/12\/FB_IMG_1703878482209.jpg?fit=720%2C720&ssl=1&resize=525%2C300 1.5x, https:\/\/i0.wp.com\/mexicocodigorojo.com.mx\/wp-content\/uploads\/2023\/12\/FB_IMG_1703878482209.jpg?fit=720%2C720&ssl=1&resize=700%2C400 2x"},"classes":[]},{"id":21410,"url":"https:\/\/mexicocodigorojo.com.mx\/?p=21410","url_meta":{"origin":58713,"position":2},"title":"Detenidos los asesinos de padre e hijo de 4 a\u00f1os en Las Misiones de Ciudad Obreg\u00f3n, Sonora","author":"Staff","date":"agosto 7, 2019","format":false,"excerpt":"Los dos imputados Ernesto Alonso y Brayan Valent\u00edn fueron vinculados a proceso por el Juez, quien decret\u00f3 prisi\u00f3n preventiva por el delito de homicidio calificado con alevos\u00eda y ventaja en n\u00famero de dos y tentativa de homicidio calificado con alevos\u00eda y ventaja. Ciudad Obreg\u00f3n, Sonora.-\u00a0Tras las investigaciones, la Fiscal\u00eda General\u2026","rel":"","context":"En \u00abSonora\u00bb","block_context":{"text":"Sonora","link":"https:\/\/mexicocodigorojo.com.mx\/?cat=115"},"img":{"alt_text":"","src":"https:\/\/i0.wp.com\/mexicocodigorojo.com.mx\/wp-content\/uploads\/2019\/08\/familia_2.jpg_738841978.jpg?fit=1200%2C763&ssl=1&resize=350%2C200","width":350,"height":200,"srcset":"https:\/\/i0.wp.com\/mexicocodigorojo.com.mx\/wp-content\/uploads\/2019\/08\/familia_2.jpg_738841978.jpg?fit=1200%2C763&ssl=1&resize=350%2C200 1x, https:\/\/i0.wp.com\/mexicocodigorojo.com.mx\/wp-content\/uploads\/2019\/08\/familia_2.jpg_738841978.jpg?fit=1200%2C763&ssl=1&resize=525%2C300 1.5x, https:\/\/i0.wp.com\/mexicocodigorojo.com.mx\/wp-content\/uploads\/2019\/08\/familia_2.jpg_738841978.jpg?fit=1200%2C763&ssl=1&resize=700%2C400 2x, https:\/\/i0.wp.com\/mexicocodigorojo.com.mx\/wp-content\/uploads\/2019\/08\/familia_2.jpg_738841978.jpg?fit=1200%2C763&ssl=1&resize=1050%2C600 3x"},"classes":[]},{"id":19297,"url":"https:\/\/mexicocodigorojo.com.mx\/?p=19297","url_meta":{"origin":58713,"position":3},"title":"Ejecutan a balazos a ni\u00f1o de cuatro a\u00f1os y su padre en Ciudad Obreg\u00f3n, Sonora","author":"Staff","date":"junio 28, 2019","format":false,"excerpt":"El padre cay\u00f3 muerto sobre la calle, cuando intent\u00f3 salir de la camioneta en la que hab\u00eda llegado. Su hijo pereci\u00f3 en el asiento trasero, en Sonora Un ni\u00f1o peque\u00f1o de cuatro a\u00f1os de edad y su padre fueron asesinados cuando arribaban a su casa, en Ciudad Obreg\u00f3n, Sonora. Al\u2026","rel":"","context":"En \u00abSonora\u00bb","block_context":{"text":"Sonora","link":"https:\/\/mexicocodigorojo.com.mx\/?cat=115"},"img":{"alt_text":"","src":"https:\/\/i0.wp.com\/mexicocodigorojo.com.mx\/wp-content\/uploads\/2019\/06\/homicidio-de-padre-e-hijo-en-sonora.jpg?fit=980%2C550&ssl=1&resize=350%2C200","width":350,"height":200,"srcset":"https:\/\/i0.wp.com\/mexicocodigorojo.com.mx\/wp-content\/uploads\/2019\/06\/homicidio-de-padre-e-hijo-en-sonora.jpg?fit=980%2C550&ssl=1&resize=350%2C200 1x, https:\/\/i0.wp.com\/mexicocodigorojo.com.mx\/wp-content\/uploads\/2019\/06\/homicidio-de-padre-e-hijo-en-sonora.jpg?fit=980%2C550&ssl=1&resize=525%2C300 1.5x, https:\/\/i0.wp.com\/mexicocodigorojo.com.mx\/wp-content\/uploads\/2019\/06\/homicidio-de-padre-e-hijo-en-sonora.jpg?fit=980%2C550&ssl=1&resize=700%2C400 2x"},"classes":[]},{"id":9673,"url":"https:\/\/mexicocodigorojo.com.mx\/?p=9673","url_meta":{"origin":58713,"position":4},"title":"EJECUTAN A UNA PERSONA A BALAZOS Y LESIONAN A UNA ADOLESCENTE EN PUEBLO YAQUI OBREGON SONORA","author":"Staff","date":"noviembre 29, 2018","format":false,"excerpt":"EJECUTAN A UNA PERSONA A BALAZOS Y LESIONAN A UNA ADOLESCENTE EN PUEBLO YAQUI OBREGON SONORA Obregon,Sonora. Una persona asesinada y una jovencita de 16 a\u00f1os de edad lesionada de bala fue el resultado de un ataque armado registrado la ma\u00f1ana de ayer en la colonia Campestre, de Pueblo Yaqui.\u2026","rel":"","context":"En \u00abSonora\u00bb","block_context":{"text":"Sonora","link":"https:\/\/mexicocodigorojo.com.mx\/?cat=115"},"img":{"alt_text":"","src":"https:\/\/i0.wp.com\/mexicocodigorojo.com.mx\/wp-content\/uploads\/2018\/11\/fb_img_15435053747951532966118.jpg?resize=350%2C200&ssl=1","width":350,"height":200},"classes":[]},{"id":3560,"url":"https:\/\/mexicocodigorojo.com.mx\/?p=3560","url_meta":{"origin":58713,"position":5},"title":"MASACRAN A DOS PERSONAS A BORDO DE UN AUTOM\u00d3VIL EN OBREGON SONORA","author":"Staff","date":"septiembre 21, 2018","format":false,"excerpt":"Cuidad Obreg\u00f3n.- Dos hombres fueron masacrados con r\u00e1fagas de rifles AK 47 de los popularmente llamados \"cuerno de chivo\", en calles Nainari y Chiapas. De momento se desconoce la identidad de las v\u00edctimas que recibieron decenas de impactos. Incluso uno de ellos, el conductor qued\u00f3 con el rostro completamente destrozado\u2026","rel":"","context":"En \u00abSonora\u00bb","block_context":{"text":"Sonora","link":"https:\/\/mexicocodigorojo.com.mx\/?cat=115"},"img":{"alt_text":"","src":"https:\/\/i0.wp.com\/mexicocodigorojo.com.mx\/wp-content\/uploads\/2018\/09\/IMG_20180921_002623_727.jpg?resize=350%2C200&ssl=1","width":350,"height":200},"classes":[]}],"jetpack_sharing_enabled":true,"jetpack_likes_enabled":true,"jetpack_shortlink":"https:\/\/wp.me\/p9TedA-fgZ","_links":{"self":[{"href":"https:\/\/mexicocodigorojo.com.mx\/index.php?rest_route=\/wp\/v2\/posts\/58713","targetHints":{"allow":["GET"]}}],"collection":[{"href":"https:\/\/mexicocodigorojo.com.mx\/index.php?rest_route=\/wp\/v2\/posts"}],"about":[{"href":"https:\/\/mexicocodigorojo.com.mx\/index.php?rest_route=\/wp\/v2\/types\/post"}],"author":[{"embeddable":true,"href":"https:\/\/mexicocodigorojo.com.mx\/index.php?rest_route=\/wp\/v2\/users\/16"}],"replies":[{"embeddable":true,"href":"https:\/\/mexicocodigorojo.com.mx\/index.php?rest_route=%2Fwp%2Fv2%2Fcomments&post=58713"}],"version-history":[{"count":2,"href":"https:\/\/mexicocodigorojo.com.mx\/index.php?rest_route=\/wp\/v2\/posts\/58713\/revisions"}],"predecessor-version":[{"id":58716,"href":"https:\/\/mexicocodigorojo.com.mx\/index.php?rest_route=\/wp\/v2\/posts\/58713\/revisions\/58716"}],"wp:featuredmedia":[{"embeddable":true,"href":"https:\/\/mexicocodigorojo.com.mx\/index.php?rest_route=\/wp\/v2\/media\/58714"}],"wp:attachment":[{"href":"https:\/\/mexicocodigorojo.com.mx\/index.php?rest_route=%2Fwp%2Fv2%2Fmedia&parent=58713"}],"wp:term":[{"taxonomy":"category","embeddable":true,"href":"https:\/\/mexicocodigorojo.com.mx\/index.php?rest_route=%2Fwp%2Fv2%2Fcategories&post=58713"},{"taxonomy":"post_tag","embeddable":true,"href":"https:\/\/mexicocodigorojo.com.mx\/index.php?rest_route=%2Fwp%2Fv2%2Ftags&post=58713"}],"curies":[{"name":"wp","href":"https:\/\/api.w.org\/{rel}","templated":true}]}}