{"id":58709,"date":"2023-12-29T16:32:45","date_gmt":"2023-12-29T22:32:45","guid":{"rendered":"https:\/\/mexicocodigorojo.com.mx\/?p=58709"},"modified":"2023-12-29T16:32:45","modified_gmt":"2023-12-29T22:32:45","slug":"capturan-a-lider-regional-del-cdn-en-vallecillo","status":"publish","type":"post","link":"https:\/\/mexicocodigorojo.com.mx\/?p=58709","title":{"rendered":"Capturan a l\u00edder regional del \u201cCDN\u201d en Vallecillo"},"content":{"rendered":"\n<p>El Grupo de Coordinaci\u00f3n para la Seguridad, integrado por el Ej\u00e9rcito Mexicano, Guardia Nacional, las Fiscal\u00edas Federal y Estatal, Fuerza Civil y Polic\u00edas Municipales, lograron la detenci\u00f3n de dos masculinos en el municipio de Vallecillo.<\/p>\n\n\n\n<p>Los hechos ocurrieron la tarde de este jueves en el kil\u00f3metro 32 de la Carretera Sabinas &#8211; Par\u00e1s, en la comunidad Los Colorados de Abajo. En ese lugar, los agentes observaron una camioneta Ford Super Duty, tripulada por seis personas que viajaban en el veh\u00edculo.<\/p>\n\n\n\n<p>Del mismo descendieron cuatro sujetos que se introdujeron a la maleza, logrando huir de la autoridad. Mientras que el conductor y el copiloto depusieron sus armas.<\/p>\n\n\n\n<p>Los individuos se identificaron como Jaime \u201cN\u201d, de 46 a\u00f1os de edad y Alberto \u201cN\u201d, de 32 a\u00f1os. Se les solicit\u00f3 una revisi\u00f3n precautoria a sus pertenencias en las que encontraron y decomisaron los siguientes indicios:<\/p>\n\n\n\n<p>Dos armas largas abastecidas con 37 balas, 60 envoltorios de hierba verde y seca con las caracter\u00edsticas de la marihuana, una mochila, un celular, una bandolera, una b\u00e1scula digital y mil pesos en efectivo.<\/p>\n\n\n\n<p>Tras proporcionar los datos de los presuntos al \u00e1rea de inteligencia, se arroj\u00f3 informaci\u00f3n acerca de su probable participaci\u00f3n dentro de un grupo de la delincuencia organizada con presencia nacional, en el cual uno de ellos se desempe\u00f1aba como l\u00edder regional en el Estado de Nuevo Le\u00f3n.<\/p>\n\n\n\n<p>En consecuencia, los dos masculinos fueron detenidos y puestos a disposici\u00f3n del Ministerio P\u00fablico para las indagatorias subsecuentes.<\/p>\n\n\n\n<figure class=\"wp-block-embed is-type-rich is-provider-twitter wp-block-embed-twitter\"><div class=\"wp-block-embed__wrapper\">\n<blockquote class=\"twitter-tweet\" data-width=\"550\" data-dnt=\"true\"><p lang=\"es\" dir=\"ltr\">Hechos se desarrollaron en rancher\u00eda Colorados de Abajo, punto de paso a frontera de Tamaulipas para trasiego de drogas, migrantes, armas, etc.<br>Es jornada violenta con otra balacera en Agualeguas y choque armado de c\u00e1rteles en Doctor Coss con hallazgo de camioneta con calcinados.<\/p>&mdash; Jes\u00fas Rub\u00e9n Pe\u00f1a (@revistacodigo21) <a href=\"https:\/\/twitter.com\/revistacodigo21\/status\/1740572574835187972?ref_src=twsrc%5Etfw\">December 29, 2023<\/a><\/blockquote><script async src=\"https:\/\/platform.twitter.com\/widgets.js\" charset=\"utf-8\"><\/script>\n<\/div><\/figure>\n\n\n\n<figure class=\"wp-block-image size-large\"><img data-recalc-dims=\"1\" loading=\"lazy\" decoding=\"async\" width=\"696\" height=\"219\" data-attachment-id=\"58707\" data-permalink=\"https:\/\/mexicocodigorojo.com.mx\/?attachment_id=58707\" data-orig-file=\"https:\/\/i0.wp.com\/mexicocodigorojo.com.mx\/wp-content\/uploads\/2023\/12\/59981f51-4c2c-4184-89d8-8305dd1a2767-1.jpg?fit=1473%2C463&amp;ssl=1\" data-orig-size=\"1473,463\" data-comments-opened=\"1\" data-image-meta=\"{&quot;aperture&quot;:&quot;0&quot;,&quot;credit&quot;:&quot;&quot;,&quot;camera&quot;:&quot;&quot;,&quot;caption&quot;:&quot;&quot;,&quot;created_timestamp&quot;:&quot;1703850650&quot;,&quot;copyright&quot;:&quot;&quot;,&quot;focal_length&quot;:&quot;0&quot;,&quot;iso&quot;:&quot;0&quot;,&quot;shutter_speed&quot;:&quot;0&quot;,&quot;title&quot;:&quot;&quot;,&quot;orientation&quot;:&quot;1&quot;}\" data-image-title=\"59981f51-4c2c-4184-89d8-8305dd1a2767-1\" data-image-description=\"\" data-image-caption=\"\" data-large-file=\"https:\/\/i0.wp.com\/mexicocodigorojo.com.mx\/wp-content\/uploads\/2023\/12\/59981f51-4c2c-4184-89d8-8305dd1a2767-1.jpg?fit=696%2C219&amp;ssl=1\" src=\"https:\/\/i0.wp.com\/mexicocodigorojo.com.mx\/wp-content\/uploads\/2023\/12\/59981f51-4c2c-4184-89d8-8305dd1a2767-1.jpg?resize=696%2C219&#038;ssl=1\" class=\"wp-image-58707\" srcset=\"https:\/\/i0.wp.com\/mexicocodigorojo.com.mx\/wp-content\/uploads\/2023\/12\/59981f51-4c2c-4184-89d8-8305dd1a2767-1.jpg?resize=1024%2C322&amp;ssl=1 1024w, https:\/\/i0.wp.com\/mexicocodigorojo.com.mx\/wp-content\/uploads\/2023\/12\/59981f51-4c2c-4184-89d8-8305dd1a2767-1.jpg?resize=300%2C94&amp;ssl=1 300w, https:\/\/i0.wp.com\/mexicocodigorojo.com.mx\/wp-content\/uploads\/2023\/12\/59981f51-4c2c-4184-89d8-8305dd1a2767-1.jpg?resize=768%2C241&amp;ssl=1 768w, https:\/\/i0.wp.com\/mexicocodigorojo.com.mx\/wp-content\/uploads\/2023\/12\/59981f51-4c2c-4184-89d8-8305dd1a2767-1.jpg?resize=150%2C47&amp;ssl=1 150w, https:\/\/i0.wp.com\/mexicocodigorojo.com.mx\/wp-content\/uploads\/2023\/12\/59981f51-4c2c-4184-89d8-8305dd1a2767-1.jpg?resize=696%2C219&amp;ssl=1 696w, https:\/\/i0.wp.com\/mexicocodigorojo.com.mx\/wp-content\/uploads\/2023\/12\/59981f51-4c2c-4184-89d8-8305dd1a2767-1.jpg?resize=1068%2C336&amp;ssl=1 1068w, https:\/\/i0.wp.com\/mexicocodigorojo.com.mx\/wp-content\/uploads\/2023\/12\/59981f51-4c2c-4184-89d8-8305dd1a2767-1.jpg?resize=1336%2C420&amp;ssl=1 1336w, https:\/\/i0.wp.com\/mexicocodigorojo.com.mx\/wp-content\/uploads\/2023\/12\/59981f51-4c2c-4184-89d8-8305dd1a2767-1.jpg?w=1473&amp;ssl=1 1473w, https:\/\/i0.wp.com\/mexicocodigorojo.com.mx\/wp-content\/uploads\/2023\/12\/59981f51-4c2c-4184-89d8-8305dd1a2767-1.jpg?w=1392&amp;ssl=1 1392w\" sizes=\"auto, (max-width: 696px) 100vw, 696px\" \/><\/figure>\n\n\n\n<figure class=\"wp-block-embed is-type-rich is-provider-twitter wp-block-embed-twitter\"><div class=\"wp-block-embed__wrapper\">\n<blockquote class=\"twitter-tweet\" data-width=\"550\" data-dnt=\"true\"><p lang=\"es\" dir=\"ltr\">Se confirma que Fuerza Civil, coordinada con Sedena y ministeriales detuvieron ayer a l\u00edder regional del CDN y otro sujeto en Vallecillo, l\u00edmites con Sabinas Hidalgo, donde sicarios del grupo delictivo atacaron a Fuerza Civil para tratar de rescatarlo y un pistolero fue abatido. <a href=\"https:\/\/t.co\/q1chjqTZW4\">pic.twitter.com\/q1chjqTZW4<\/a><\/p>&mdash; Jes\u00fas Rub\u00e9n Pe\u00f1a (@revistacodigo21) <a href=\"https:\/\/twitter.com\/revistacodigo21\/status\/1740854948274012414?ref_src=twsrc%5Etfw\">December 29, 2023<\/a><\/blockquote><script async src=\"https:\/\/platform.twitter.com\/widgets.js\" charset=\"utf-8\"><\/script>\n<\/div><\/figure>\n","protected":false},"excerpt":{"rendered":"<p>El Grupo de Coordinaci\u00f3n para la Seguridad, integrado por el Ej\u00e9rcito Mexicano, Guardia Nacional, las Fiscal\u00edas Federal y Estatal, Fuerza Civil y Polic\u00edas Municipales, lograron la detenci\u00f3n de dos masculinos en el municipio de Vallecillo. Los hechos ocurrieron la tarde de este jueves en el kil\u00f3metro 32 de la Carretera Sabinas &#8211; Par\u00e1s, en la [&hellip;]<\/p>\n","protected":false},"author":5,"featured_media":58708,"comment_status":"open","ping_status":"open","sticky":false,"template":"","format":"standard","meta":{"_uf_show_specific_survey":0,"_uf_disable_surveys":false,"advanced_seo_description":"","jetpack_seo_html_title":"","jetpack_seo_noindex":false,"jetpack_post_was_ever_published":false,"_jetpack_newsletter_access":"","_jetpack_dont_email_post_to_subs":false,"_jetpack_newsletter_tier_id":0,"_jetpack_memberships_contains_paywalled_content":false,"_jetpack_memberships_contains_paid_content":false,"footnotes":"","jetpack_publicize_message":"","jetpack_publicize_feature_enabled":true,"jetpack_social_post_already_shared":true,"jetpack_social_options":{"image_generator_settings":{"template":"highway","default_image_id":0,"font":"","enabled":false},"version":2}},"categories":[1724,29],"tags":[225],"class_list":{"0":"post-58709","1":"post","2":"type-post","3":"status-publish","4":"format-standard","5":"has-post-thumbnail","7":"category-featured","8":"category-nuevo-leon","9":"tag-narcotrafico"},"jetpack_publicize_connections":[],"jetpack_featured_media_url":"https:\/\/i0.wp.com\/mexicocodigorojo.com.mx\/wp-content\/uploads\/2023\/12\/46641317-f474-4184-a72d-5a9fa0ca49b5-1.jpg?fit=1334%2C1370&ssl=1","jetpack-related-posts":[{"id":47979,"url":"https:\/\/mexicocodigorojo.com.mx\/?p=47979","url_meta":{"origin":58709,"position":0},"title":"Cae asesino de elemento de la Guardia Nacional","author":"Staff","date":"marzo 30, 2021","format":false,"excerpt":"Vallecillo, Nuevo Le\u00f3n.- \u00a0Un\u00a0hombre\u00a0fue detenido por matar a un elemento de la\u00a0Guardia Nacional\u00a0el pasado 17 de marzo en el municipio de Vallecillo, Nuevo Le\u00f3n. El detenido fue identificado como Luis Alfredo, de 26 a\u00f1os, quien fue internado en el Centro de Reinserci\u00f3n Social n\u00famero 2 en Apodaca. Una fuente cercana\u2026","rel":"","context":"En \u00abFeatured\u00bb","block_context":{"text":"Featured","link":"https:\/\/mexicocodigorojo.com.mx\/?cat=1724"},"img":{"alt_text":"","src":"","width":0,"height":0},"classes":[]},{"id":23807,"url":"https:\/\/mexicocodigorojo.com.mx\/?p=23807","url_meta":{"origin":58709,"position":1},"title":"Topon entre la Fuerza Civil y el C\u00e1rtel del Noreste; 4 muertos en Vallecillo","author":"Staff","date":"septiembre 19, 2019","format":false,"excerpt":"Vallecillo, Nuevo Le\u00f3n.-\u00a0Un enfrentamiento entre Fuerza Civil y hombres armados, dej\u00f3 como saldo cuatro presuntos delincuentes abatidos en el municipio de Vallecillo, al norte del Estado. El tiroteo, en el que se utilizaron armas de grueso calibre, se report\u00f3 a las 12:30 horas de este miercoles sobre la calle Vicente\u2026","rel":"","context":"En \u00abNuevo Le\u00f3n\u00bb","block_context":{"text":"Nuevo Le\u00f3n","link":"https:\/\/mexicocodigorojo.com.mx\/?cat=29"},"img":{"alt_text":"","src":"https:\/\/i0.wp.com\/mexicocodigorojo.com.mx\/wp-content\/uploads\/2019\/09\/cropw0h0vallecillo-focus-0-0-940-615.jpg?fit=940%2C615&ssl=1&resize=350%2C200","width":350,"height":200,"srcset":"https:\/\/i0.wp.com\/mexicocodigorojo.com.mx\/wp-content\/uploads\/2019\/09\/cropw0h0vallecillo-focus-0-0-940-615.jpg?fit=940%2C615&ssl=1&resize=350%2C200 1x, https:\/\/i0.wp.com\/mexicocodigorojo.com.mx\/wp-content\/uploads\/2019\/09\/cropw0h0vallecillo-focus-0-0-940-615.jpg?fit=940%2C615&ssl=1&resize=525%2C300 1.5x, https:\/\/i0.wp.com\/mexicocodigorojo.com.mx\/wp-content\/uploads\/2019\/09\/cropw0h0vallecillo-focus-0-0-940-615.jpg?fit=940%2C615&ssl=1&resize=700%2C400 2x"},"classes":[]},{"id":53320,"url":"https:\/\/mexicocodigorojo.com.mx\/?p=53320","url_meta":{"origin":58709,"position":2},"title":"ASEGURA FGR M\u00c1S DE MEDIA TONELADA DE MARIHUANA EN VALLECILLO","author":"Staff","date":"julio 11, 2022","format":false,"excerpt":"El Ministerio P\u00fablico de la Fiscal\u00eda General de la Rep\u00fablica (FGR) a trav\u00e9s de su Delegaci\u00f3n en Nuevo Le\u00f3n, inici\u00f3 carpetas de investigaci\u00f3n contra qui\u00e9n o quienes resulten responsables por el delito contra la salud. De acuerdo con la investigaci\u00f3n, elementos de la Polic\u00eda Federal Ministerial (PFM) de la Agencia\u2026","rel":"","context":"En \u00abFeatured\u00bb","block_context":{"text":"Featured","link":"https:\/\/mexicocodigorojo.com.mx\/?cat=1724"},"img":{"alt_text":"","src":"https:\/\/i0.wp.com\/mexicocodigorojo.com.mx\/wp-content\/uploads\/2022\/07\/ecbc53c4-6273-4636-a66a-848384f79f76.jpg?fit=768%2C1024&ssl=1&resize=350%2C200","width":350,"height":200,"srcset":"https:\/\/i0.wp.com\/mexicocodigorojo.com.mx\/wp-content\/uploads\/2022\/07\/ecbc53c4-6273-4636-a66a-848384f79f76.jpg?fit=768%2C1024&ssl=1&resize=350%2C200 1x, https:\/\/i0.wp.com\/mexicocodigorojo.com.mx\/wp-content\/uploads\/2022\/07\/ecbc53c4-6273-4636-a66a-848384f79f76.jpg?fit=768%2C1024&ssl=1&resize=525%2C300 1.5x, https:\/\/i0.wp.com\/mexicocodigorojo.com.mx\/wp-content\/uploads\/2022\/07\/ecbc53c4-6273-4636-a66a-848384f79f76.jpg?fit=768%2C1024&ssl=1&resize=700%2C400 2x"},"classes":[]},{"id":17644,"url":"https:\/\/mexicocodigorojo.com.mx\/?p=17644","url_meta":{"origin":58709,"position":3},"title":"Suman 30 ataques contra polic\u00edas en Nuevo Le\u00f3n","author":"Staff","date":"mayo 28, 2019","format":false,"excerpt":"Los recientes ataques ocurrieron en los municipios de Vallecillo, Apodaca y Santa Catarina Monterrey, Nuevo Le\u00f3n.- Hasta la fecha suma ya 30 ataques en contra de elementos polic\u00edacos del estado, inform\u00f3 el Secretario de Seguridad P\u00fablica, Aldo Fasci Zuazua, quien tambi\u00e9n incluy\u00f3 en lista las agresiones que ocurrieron el domingo.\u2026","rel":"","context":"En \u00abNuevo Le\u00f3n\u00bb","block_context":{"text":"Nuevo Le\u00f3n","link":"https:\/\/mexicocodigorojo.com.mx\/?cat=29"},"img":{"alt_text":"","src":"","width":0,"height":0},"classes":[]},{"id":55709,"url":"https:\/\/mexicocodigorojo.com.mx\/?p=55709","url_meta":{"origin":58709,"position":4},"title":"ABATE FUERZA CIVIL A TRES Y DETIENEN A UNO, TRAS ATAQUE A BALAZOS EN VALLECILLO","author":"Staff","date":"marzo 22, 2023","format":false,"excerpt":"21 de marzo de 2023. \u2022Ning\u00fan polic\u00eda result\u00f3 lesionado en dicho evento. Gracias a acciones t\u00e1cticas, polic\u00edas de Fuerza Civil lograron detener a un presunto delincuente y abatir a tres, as\u00ed como el aseguramiento de armas y droga en el municipio de Vallecillo. El altercado sucedi\u00f3 aproximadamente a las 08:00\u2026","rel":"","context":"En \u00abFeatured\u00bb","block_context":{"text":"Featured","link":"https:\/\/mexicocodigorojo.com.mx\/?cat=1724"},"img":{"alt_text":"","src":"https:\/\/i0.wp.com\/mexicocodigorojo.com.mx\/wp-content\/uploads\/2023\/03\/29f1581a-aef1-44d9-9d85-27d48a3e8114.jpg?fit=1200%2C540&ssl=1&resize=350%2C200","width":350,"height":200,"srcset":"https:\/\/i0.wp.com\/mexicocodigorojo.com.mx\/wp-content\/uploads\/2023\/03\/29f1581a-aef1-44d9-9d85-27d48a3e8114.jpg?fit=1200%2C540&ssl=1&resize=350%2C200 1x, https:\/\/i0.wp.com\/mexicocodigorojo.com.mx\/wp-content\/uploads\/2023\/03\/29f1581a-aef1-44d9-9d85-27d48a3e8114.jpg?fit=1200%2C540&ssl=1&resize=525%2C300 1.5x, https:\/\/i0.wp.com\/mexicocodigorojo.com.mx\/wp-content\/uploads\/2023\/03\/29f1581a-aef1-44d9-9d85-27d48a3e8114.jpg?fit=1200%2C540&ssl=1&resize=700%2C400 2x, https:\/\/i0.wp.com\/mexicocodigorojo.com.mx\/wp-content\/uploads\/2023\/03\/29f1581a-aef1-44d9-9d85-27d48a3e8114.jpg?fit=1200%2C540&ssl=1&resize=1050%2C600 3x"},"classes":[]},{"id":24420,"url":"https:\/\/mexicocodigorojo.com.mx\/?p=24420","url_meta":{"origin":58709,"position":5},"title":"A CUAZITO DEL CDN LO ENCUENTRA DORMIDO \u00abEL APA\u00bb &#038; SE ACABABA  DE IR DEL PUNTO","author":"Staff","date":"septiembre 28, 2019","format":false,"excerpt":"Un presunto integrante del grupo del narcotr\u00e1fico conocido C\u00e1rtel del Noreste (CDN) fue sorprendido por su comandante cuando estaba dormido por lo que lo \u00e9ste lo despert\u00f3 a punta de balazos en el municipio de Nuevo Laredo en el estado de Tamaulipas en M\u00e9xico. Seg\u00fan los reportes de redes sociales,\u2026","rel":"","context":"En \u00abFeatured\u00bb","block_context":{"text":"Featured","link":"https:\/\/mexicocodigorojo.com.mx\/?cat=1724"},"img":{"alt_text":"","src":"","width":0,"height":0},"classes":[]}],"jetpack_sharing_enabled":true,"jetpack_likes_enabled":true,"jetpack_shortlink":"https:\/\/wp.me\/p9TedA-fgV","_links":{"self":[{"href":"https:\/\/mexicocodigorojo.com.mx\/index.php?rest_route=\/wp\/v2\/posts\/58709","targetHints":{"allow":["GET"]}}],"collection":[{"href":"https:\/\/mexicocodigorojo.com.mx\/index.php?rest_route=\/wp\/v2\/posts"}],"about":[{"href":"https:\/\/mexicocodigorojo.com.mx\/index.php?rest_route=\/wp\/v2\/types\/post"}],"author":[{"embeddable":true,"href":"https:\/\/mexicocodigorojo.com.mx\/index.php?rest_route=\/wp\/v2\/users\/5"}],"replies":[{"embeddable":true,"href":"https:\/\/mexicocodigorojo.com.mx\/index.php?rest_route=%2Fwp%2Fv2%2Fcomments&post=58709"}],"version-history":[{"count":0,"href":"https:\/\/mexicocodigorojo.com.mx\/index.php?rest_route=\/wp\/v2\/posts\/58709\/revisions"}],"wp:featuredmedia":[{"embeddable":true,"href":"https:\/\/mexicocodigorojo.com.mx\/index.php?rest_route=\/wp\/v2\/media\/58708"}],"wp:attachment":[{"href":"https:\/\/mexicocodigorojo.com.mx\/index.php?rest_route=%2Fwp%2Fv2%2Fmedia&parent=58709"}],"wp:term":[{"taxonomy":"category","embeddable":true,"href":"https:\/\/mexicocodigorojo.com.mx\/index.php?rest_route=%2Fwp%2Fv2%2Fcategories&post=58709"},{"taxonomy":"post_tag","embeddable":true,"href":"https:\/\/mexicocodigorojo.com.mx\/index.php?rest_route=%2Fwp%2Fv2%2Ftags&post=58709"}],"curies":[{"name":"wp","href":"https:\/\/api.w.org\/{rel}","templated":true}]}}