{"id":58703,"date":"2023-12-29T13:39:46","date_gmt":"2023-12-29T19:39:46","guid":{"rendered":"https:\/\/mexicocodigorojo.com.mx\/?p=58703"},"modified":"2023-12-29T13:40:57","modified_gmt":"2023-12-29T19:40:57","slug":"video-comando-armado-ejecuta-a-varias-personas-que-se-encontraban-en-una-fiesta-en-cajeme-sonora","status":"publish","type":"post","link":"https:\/\/mexicocodigorojo.com.mx\/?p=58703","title":{"rendered":"VIDEO Comando armado ejecuta a varias personas que se encontraban en una fiesta de XV a\u00f1os en Cajeme Sonora"},"content":{"rendered":"<p>El suceso ocurri\u00f3 casi a las 2 de la madrugada en la colonia Cajeme durante una fiesta, donde un comando rafague\u00f3 a los presentes.<\/p>\n<p>&nbsp;<\/p>\n<p>&nbsp;<\/p>\n<p>Al parecer primero se registr\u00f3 una ri\u00f1a en la fiesta y unas personas se retiraron para despu\u00e9s regresar armadas y dispararle a los presentes.<\/p>\n<p>&nbsp;<\/p>\n<p>&nbsp;<\/p>\n<p>Tras el tiroteo, murieron seis personas, entre ellas una menor de edad, adem\u00e1s de que resultaron lesionadas 25 personas que se trasladaron a un hospital.<\/p>\n<p>&nbsp;<\/p>\n<p>&nbsp;<\/p>\n<p>Uno de los ejecutados es Leobardo Vega Arellano, alias \u00abEl Wacho\u00bb o \u00abEl Soldado\u00bb, quien presuntamente contaba con \u00f3rdenes de aprehensi\u00f3n por homicidio calificado y privaci\u00f3n ilegal, adem\u00e1s de tres \u00f3rdenes adicionales por homicidio calificado y una por privaci\u00f3n ilegal.<\/p>\n<p>&nbsp;<\/p>\n<p>La Fiscal\u00eda comparti\u00f3 de igual manera la lista de los lesionados en el violento suceso.<\/p>\n<p>&nbsp;<\/p>\n<p>&nbsp;<\/p>\n<p>PERSONAS LESIONADAS EN EL HOSPITAL GENERAL<\/p>\n<ol>\n<li>MANUEL DE JES\u00daS<br \/>\n21 A\u00d1OS .HERIDA EN MUSLO DERECHO<\/li>\n<\/ol>\n<p>2.- DANIA AIDE<br \/>\n19 A\u00d1OS .HERIDA PRODUCIDA POR ARMA DE FUEGO EN TALON.<\/p>\n<p>3- YARELI NATALY 23 A\u00d1OS .<br \/>\nHERIDA PRODUCIDA POR ARMA DE FUEGO EN PIERNA IZQUIERDA..<\/p>\n<p>4.-JOSE BERNARDO 24 A\u00d1OS .<br \/>\nHERIDA PRODUCIDA PORARMA DE FUEGO EN LA PIERNA IZQUIERDA.<\/p>\n<p>5.- JESUS ORLANDO 24 A\u00d1OS .<br \/>\nHERIDA PRODUCIDA POR ARMA DE FUEGO EN LA ESPALDA BAJA.<\/p>\n<p>6.- VICTOR ALFONSO 26 A\u00d1OS .<br \/>\nHERIDA PRODUCIDA POR ARMA DE FUEGO EN FEMUR DERECHO.<\/p>\n<p>7- AXEL REINALDO 17 A\u00d1OS .<br \/>\nHERIDA PRODUCIDA POR ARMA DE FUEGO EN LA PIERNA IZQUIERDA.<\/p>\n<p>8.- MIGUEL ANTONIO 30 A\u00d1OS.<br \/>\nHERIDA PRODUCIDA POR<br \/>\nARMA DE FUEG0 EN BRAZO DERECHO.<\/p>\n<ol>\n<li>\n<ul>\n<li>DULCE NATALIA 25 A\u00d1OS.<br \/>\nHERIDA PRODUCIDA POR ARMA DE FUEGO EN PIERNA DERECHA.<\/li>\n<\/ul>\n<\/li>\n<\/ol>\n<p>10.- DULCE VER\u00d3NICA 40 A\u00d1OS.<br \/>\nHERIDA PRODUCIDA POR<br \/>\nARMA DE FUEGO EN EL BRAZO IZQUIERDO.<\/p>\n<p>11.- ALEJANDRA JANAI 17 A\u00d1OS<br \/>\nHERIDA PRODUCIDA POR ARMA DE FUEGO PIERNA DERECHA.<\/p>\n<p>12.- VICTOR 18 A\u00d1OS .<br \/>\nHERIDA PRODUCIDA POR ARMA DE FUEGO EN PIERNA DERECHA.<\/p>\n<p>13.- SAMUEL HORACIO 19 A\u00d1OS.<br \/>\nHERIDA PRODUCIDA POR ARMA DE FUEGO EN MANO IZQUIERDA.<\/p>\n<p>14.- ELEAZAR 49 A\u00d1OS.<br \/>\nHERIDA PRODUCIDA POR ARMA FUEGO EN BRAZO IZQUIERDO.<\/p>\n<p>15.- YORLETH ALEXANDRA 19 A\u00d1OS .<br \/>\nLACERACI\u00d3N EN PIERNA IZQUIERDA.<\/p>\n<p>16.- PERLA ESMERALDA 17 A\u00d1OS<br \/>\nHERIDA PRODUCIDA POR ARMA DE FUEGO EN PIE IZOUIERDO.<\/p>\n<p>17.- HISSAM JOSUE 19 A\u00d1OS<br \/>\nLESION EN TOBILLO<br \/>\nIZQUIERDO.<\/p>\n<p>18.- LUIS ANGEL 16 A\u00d1OS<br \/>\nLESION EN PIE DERECHO.<\/p>\n<p>19.-MAR ELLA MARISELA 17 A\u00d1OS<br \/>\nHERIDA PRODUCIDA POR ARMA DE FUEGO EN EL ABDOMEN.<\/p>\n<p>20.-JOSE DE JES\u00dcS 43 A\u00d1OS .<br \/>\nHERIDA PRODUCIDA POR ARMA DE FUEGO EN GL\u00daTEOS DERECHO.<\/p>\n<p>21.- ALMA ARACELI 52 A\u00d1OS.<br \/>\nHERIDA PRODUCIDA POR ARMA FUEGO EN T\u00d3RAX<\/p>\n<p>22.- ALEXIA YAQUELIN 13 A\u00d1OS<br \/>\nDX HERIDA CON ARMA DE FUEGO FEMUR IZQUIERDO DOM<\/p>\n<p>23.- DIANA VALERIA 17 A\u00d1OS<br \/>\nDOM. CALLE AY\u00d3N 2109<br \/>\n(7 MESES DE EMBARAZO)<br \/>\nDX HERIDA DE ARMA DE FUEGO EN MUSLOS DERECHO SIN SALIDA<\/p>\n<p><em>LE SIONADOS EN EL SEGURO SOCIAL<\/em><\/p>\n<p>24.-CARLOS EDUARDO 26 A\u00d1OS<br \/>\nDX HERIDA EN PIERNA IZQUIERDA<\/p>\n<p>25.- LEONOR 31 A\u00d1OS<br \/>\n(PENDIENTE DX, LESIONES LEVES)<\/p>\n<p>26.- LUIS GUSTAVO 29 A\u00d1OS<br \/>\n(PENDIENTE DX., LESIONES LEVES)<\/p>\n<p>27- ROSARIO MARGARITA 39 A\u00d1OS<br \/>\nDX HERIDA DE ARMA DE FUEGO EN SEDAL A LA ALTURA DE LA CABEZA<\/p>\n<blockquote class=\"twitter-tweet\" data-width=\"550\" data-dnt=\"true\">\n<p lang=\"es\" dir=\"ltr\">Identificadas dos de las victimas fatales en <a href=\"https:\/\/twitter.com\/hashtag\/CdObregon?src=hash&amp;ref_src=twsrc%5Etfw\">#CdObregon<\/a> <a href=\"https:\/\/twitter.com\/hashtag\/Sonora?src=hash&amp;ref_src=twsrc%5Etfw\">#Sonora<\/a><\/p>\n<p>Camila G. Y Camila B. Ambas menores de edad perdieron la vida luego del ataque armado suscitado la madrugada de este viernes en <a href=\"https:\/\/twitter.com\/hashtag\/Cajeme?src=hash&amp;ref_src=twsrc%5Etfw\">#Cajeme<\/a>. <a href=\"https:\/\/t.co\/ZLLjDYftqd\">pic.twitter.com\/ZLLjDYftqd<\/a><\/p>\n<p>&mdash; ALERTA CODIGO ROJO (@ALERTACODIGORO_) <a href=\"https:\/\/twitter.com\/ALERTACODIGORO_\/status\/1740816652810567744?ref_src=twsrc%5Etfw\">December 29, 2023<\/a><\/p><\/blockquote>\n<p><script async src=\"https:\/\/platform.twitter.com\/widgets.js\" charset=\"utf-8\"><\/script><\/p>\n","protected":false},"excerpt":{"rendered":"<p>El suceso ocurri\u00f3 casi a las 2 de la madrugada en la colonia Cajeme durante una fiesta, donde un comando rafague\u00f3 a los presentes. &nbsp; &nbsp; Al parecer primero se registr\u00f3 una ri\u00f1a en la fiesta y unas personas se retiraron para despu\u00e9s regresar armadas y dispararle a los presentes. &nbsp; &nbsp; Tras el tiroteo, [&hellip;]<\/p>\n","protected":false},"author":16,"featured_media":58704,"comment_status":"open","ping_status":"open","sticky":false,"template":"","format":"standard","meta":{"_uf_show_specific_survey":0,"_uf_disable_surveys":false,"advanced_seo_description":"","jetpack_seo_html_title":"","jetpack_seo_noindex":false,"jetpack_post_was_ever_published":false,"_jetpack_newsletter_access":"","_jetpack_dont_email_post_to_subs":false,"_jetpack_newsletter_tier_id":0,"_jetpack_memberships_contains_paywalled_content":false,"_jetpack_memberships_contains_paid_content":false,"footnotes":"","jetpack_publicize_message":"","jetpack_publicize_feature_enabled":true,"jetpack_social_post_already_shared":true,"jetpack_social_options":{"image_generator_settings":{"template":"highway","default_image_id":0,"font":"","enabled":false},"version":2}},"categories":[1724],"tags":[906,770,510],"class_list":{"0":"post-58703","1":"post","2":"type-post","3":"status-publish","4":"format-standard","5":"has-post-thumbnail","7":"category-featured","8":"tag-crimenorganizado","9":"tag-sonora","10":"tag-nacional"},"jetpack_publicize_connections":[],"jetpack_featured_media_url":"https:\/\/i0.wp.com\/mexicocodigorojo.com.mx\/wp-content\/uploads\/2023\/12\/FB_IMG_1703878482209.jpg?fit=720%2C720&ssl=1","jetpack-related-posts":[{"id":21410,"url":"https:\/\/mexicocodigorojo.com.mx\/?p=21410","url_meta":{"origin":58703,"position":0},"title":"Detenidos los asesinos de padre e hijo de 4 a\u00f1os en Las Misiones de Ciudad Obreg\u00f3n, Sonora","author":"Staff","date":"agosto 7, 2019","format":false,"excerpt":"Los dos imputados Ernesto Alonso y Brayan Valent\u00edn fueron vinculados a proceso por el Juez, quien decret\u00f3 prisi\u00f3n preventiva por el delito de homicidio calificado con alevos\u00eda y ventaja en n\u00famero de dos y tentativa de homicidio calificado con alevos\u00eda y ventaja. Ciudad Obreg\u00f3n, Sonora.-\u00a0Tras las investigaciones, la Fiscal\u00eda General\u2026","rel":"","context":"En \u00abSonora\u00bb","block_context":{"text":"Sonora","link":"https:\/\/mexicocodigorojo.com.mx\/?cat=115"},"img":{"alt_text":"","src":"https:\/\/i0.wp.com\/mexicocodigorojo.com.mx\/wp-content\/uploads\/2019\/08\/familia_2.jpg_738841978.jpg?fit=1200%2C763&ssl=1&resize=350%2C200","width":350,"height":200,"srcset":"https:\/\/i0.wp.com\/mexicocodigorojo.com.mx\/wp-content\/uploads\/2019\/08\/familia_2.jpg_738841978.jpg?fit=1200%2C763&ssl=1&resize=350%2C200 1x, https:\/\/i0.wp.com\/mexicocodigorojo.com.mx\/wp-content\/uploads\/2019\/08\/familia_2.jpg_738841978.jpg?fit=1200%2C763&ssl=1&resize=525%2C300 1.5x, https:\/\/i0.wp.com\/mexicocodigorojo.com.mx\/wp-content\/uploads\/2019\/08\/familia_2.jpg_738841978.jpg?fit=1200%2C763&ssl=1&resize=700%2C400 2x, https:\/\/i0.wp.com\/mexicocodigorojo.com.mx\/wp-content\/uploads\/2019\/08\/familia_2.jpg_738841978.jpg?fit=1200%2C763&ssl=1&resize=1050%2C600 3x"},"classes":[]},{"id":58723,"url":"https:\/\/mexicocodigorojo.com.mx\/?p=58723","url_meta":{"origin":58703,"position":1},"title":"Detienen a 4 presuntos implicados en ejecuci\u00f3n dentro de fiesta en Sonora que dej\u00f3 al menos 6 muertos","author":"Staff","date":"diciembre 31, 2023","format":false,"excerpt":"El gobernador de Sonora, Alfonso Durazo, inform\u00f3 sobre la detenci\u00f3n de cuatro personas presuntamente involucradas en la balacera de una fiesta en Ciudad Obreg\u00f3n en el municipio de Cajeme, Sonora, en la que al menos seis personas terminaron muertas el 29 de diciembre. \u201cLes informo que logramos la detenci\u00f3n de\u2026","rel":"","context":"En \u00abFeatured\u00bb","block_context":{"text":"Featured","link":"https:\/\/mexicocodigorojo.com.mx\/?cat=1724"},"img":{"alt_text":"","src":"https:\/\/i0.wp.com\/mexicocodigorojo.com.mx\/wp-content\/uploads\/2023\/12\/img_4734.jpg?fit=345%2C237&ssl=1&resize=350%2C200","width":350,"height":200},"classes":[]},{"id":52945,"url":"https:\/\/mexicocodigorojo.com.mx\/?p=52945","url_meta":{"origin":58703,"position":2},"title":"MARINA Y MUNICIPAL REPELIERON AGRESI\u00d3N EN CAJEME, DETIENEN A TRES SICARIOS Y ABATEN A DOS","author":"Staff","date":"mayo 13, 2022","format":false,"excerpt":"Ciudad Obreg\u00f3n.- Efectivos de la Secretar\u00eda de Marina (SEMAR) y Polic\u00eda Municipal de Cajeme detuvieron a tres sujetos, abatieron a dos m\u00e1s, aseguraron armas de asalto y cartuchos para armas de alto poder, luego de responder a una agresi\u00f3n armada realizada por varios individuos que abordaban un veh\u00edculo. Personal de\u2026","rel":"","context":"En \u00abSonora\u00bb","block_context":{"text":"Sonora","link":"https:\/\/mexicocodigorojo.com.mx\/?cat=115"},"img":{"alt_text":"","src":"","width":0,"height":0},"classes":[]},{"id":38933,"url":"https:\/\/mexicocodigorojo.com.mx\/?p=38933","url_meta":{"origin":58703,"position":3},"title":"Balacera en &#8216;Fiesta Covid&#8217; deja 3 muertos","author":"Staff","date":"junio 1, 2020","format":false,"excerpt":"La fiesta se realiz\u00f3 en el municipio de Tizayuca pese a las restricciones para organizar eventos masivos por la contingencia sanitaria del Covid-19 HIDALGO Un saldo de tres personas fallecidas y cuatro lesionadas fue lo que dej\u00f3 un ataque a tiros ocurrido en una\u00a0fiesta clandestina\u00a0que se llev\u00f3 a cabo en\u2026","rel":"","context":"En \u00abHidalgo\u00bb","block_context":{"text":"Hidalgo","link":"https:\/\/mexicocodigorojo.com.mx\/?cat=145"},"img":{"alt_text":"","src":"https:\/\/i0.wp.com\/mexicocodigorojo.com.mx\/wp-content\/uploads\/2020\/06\/2370903.jpg?fit=1200%2C900&ssl=1&resize=350%2C200","width":350,"height":200,"srcset":"https:\/\/i0.wp.com\/mexicocodigorojo.com.mx\/wp-content\/uploads\/2020\/06\/2370903.jpg?fit=1200%2C900&ssl=1&resize=350%2C200 1x, https:\/\/i0.wp.com\/mexicocodigorojo.com.mx\/wp-content\/uploads\/2020\/06\/2370903.jpg?fit=1200%2C900&ssl=1&resize=525%2C300 1.5x, https:\/\/i0.wp.com\/mexicocodigorojo.com.mx\/wp-content\/uploads\/2020\/06\/2370903.jpg?fit=1200%2C900&ssl=1&resize=700%2C400 2x, https:\/\/i0.wp.com\/mexicocodigorojo.com.mx\/wp-content\/uploads\/2020\/06\/2370903.jpg?fit=1200%2C900&ssl=1&resize=1050%2C600 3x"},"classes":[]},{"id":10970,"url":"https:\/\/mexicocodigorojo.com.mx\/?p=10970","url_meta":{"origin":58703,"position":4},"title":"DETIENEN A 2 HOMBRES Y 1 MUJER COMO PRESUNTOS RESPONSABLES DE LA MUERTE DE DOS MENORES  HONDURE\u00d1OS EN TIJUANA","author":"Staff","date":"diciembre 20, 2018","format":false,"excerpt":"DETIENEN A 2 HOMBRES Y 1 MUJER COMO PRESUNTOS RESPONSABLES DE LA MUERTE DE DOS MENORES HONDURE\u00d1OS EN TIJUANA Tijuana, Baja California.- La Polic\u00eda Ministerial del estado de Baja California detuvo a dos hombres y una mujer como sospechosos del asesinato de dos menores migrantes hondure\u00f1os en la ciudad de\u2026","rel":"","context":"En \u00abBaja California\u00bb","block_context":{"text":"Baja California","link":"https:\/\/mexicocodigorojo.com.mx\/?cat=130"},"img":{"alt_text":"","src":"","width":0,"height":0},"classes":[]},{"id":12570,"url":"https:\/\/mexicocodigorojo.com.mx\/?p=12570","url_meta":{"origin":58703,"position":5},"title":"V\u00eddeo;C\u00e1maras de seguridad grabaron el momento cuando un comando armado llega en dos veh\u00edculos y dan levanton a 6 personas, 3 mujeres y 3 hombres en Ciudad Obreg\u00f3n Sonora","author":"Staff","date":"enero 21, 2019","format":false,"excerpt":"V\u00eddeo;Es captado por c\u00e1maras de seguridad el momento cuando un comando armado de sicarios llegan en dos veh\u00edculos y dan levanton a 6 personas, 3 mujeres y 3 hombres en Ciudad Obreg\u00f3n Sonora Los hechos se dieron el pasado 26 de diciembre pero fue esta semana que se dio a\u2026","rel":"","context":"En \u00abFeatured\u00bb","block_context":{"text":"Featured","link":"https:\/\/mexicocodigorojo.com.mx\/?cat=1724"},"img":{"alt_text":"","src":"","width":0,"height":0},"classes":[]}],"jetpack_sharing_enabled":true,"jetpack_likes_enabled":true,"jetpack_shortlink":"https:\/\/wp.me\/p9TedA-fgP","_links":{"self":[{"href":"https:\/\/mexicocodigorojo.com.mx\/index.php?rest_route=\/wp\/v2\/posts\/58703","targetHints":{"allow":["GET"]}}],"collection":[{"href":"https:\/\/mexicocodigorojo.com.mx\/index.php?rest_route=\/wp\/v2\/posts"}],"about":[{"href":"https:\/\/mexicocodigorojo.com.mx\/index.php?rest_route=\/wp\/v2\/types\/post"}],"author":[{"embeddable":true,"href":"https:\/\/mexicocodigorojo.com.mx\/index.php?rest_route=\/wp\/v2\/users\/16"}],"replies":[{"embeddable":true,"href":"https:\/\/mexicocodigorojo.com.mx\/index.php?rest_route=%2Fwp%2Fv2%2Fcomments&post=58703"}],"version-history":[{"count":2,"href":"https:\/\/mexicocodigorojo.com.mx\/index.php?rest_route=\/wp\/v2\/posts\/58703\/revisions"}],"predecessor-version":[{"id":58706,"href":"https:\/\/mexicocodigorojo.com.mx\/index.php?rest_route=\/wp\/v2\/posts\/58703\/revisions\/58706"}],"wp:featuredmedia":[{"embeddable":true,"href":"https:\/\/mexicocodigorojo.com.mx\/index.php?rest_route=\/wp\/v2\/media\/58704"}],"wp:attachment":[{"href":"https:\/\/mexicocodigorojo.com.mx\/index.php?rest_route=%2Fwp%2Fv2%2Fmedia&parent=58703"}],"wp:term":[{"taxonomy":"category","embeddable":true,"href":"https:\/\/mexicocodigorojo.com.mx\/index.php?rest_route=%2Fwp%2Fv2%2Fcategories&post=58703"},{"taxonomy":"post_tag","embeddable":true,"href":"https:\/\/mexicocodigorojo.com.mx\/index.php?rest_route=%2Fwp%2Fv2%2Ftags&post=58703"}],"curies":[{"name":"wp","href":"https:\/\/api.w.org\/{rel}","templated":true}]}}