{"id":58608,"date":"2023-12-14T16:39:38","date_gmt":"2023-12-14T22:39:38","guid":{"rendered":"https:\/\/mexicocodigorojo.com.mx\/?p=58608"},"modified":"2023-12-14T16:39:38","modified_gmt":"2023-12-14T22:39:38","slug":"arriban-a-colima-300-elementos-de-la-sedena-para-capturar-a-el-primito-que-huyo-de-tamaulipas-y-jalisco","status":"publish","type":"post","link":"https:\/\/mexicocodigorojo.com.mx\/?p=58608","title":{"rendered":"Arriban a Colima 300 elementos de la Sedena para capturar a &#8216;El primito&#8217; que huyo de Tamaulipas y Jalisco"},"content":{"rendered":"<p>Ante el incremento de los niveles de violencia en la entidad, este mi\u00e9rcoles arribaron 300 elementos de la Secretar\u00eda de la Defensa Nacional (Sedena), con el prop\u00f3sito de reforzar las acciones de seguridad en Colima.<\/p>\n<p>Los efectivos del Ej\u00e9rcito Mexicano, integrantes de la Fuerza de Tarea Conjunta M\u00e9xico, ser\u00e1n desplegados principalmente en los municipios de Colima y Villa de \u00c1lvarez, que forman parte de la zona conurbada de la capital del estado, as\u00ed como en la ciudad de Manzanillo.<\/p>\n<p>De acuerdo con cifras del Secretariado Ejecutivo del Sistema Nacional de Seguridad P\u00fablica (SESNSP), entre enero y noviembre del presente a\u00f1o se han registrado 832 asesinatos en la entidad, cifra que rebasa los 821 contabilizados en el mismo periodo del a\u00f1o pasado, que hasta entonces hab\u00eda sido considerado el m\u00e1s violento desde que existen registros oficiales de este delito.<\/p>\n<p><strong>Te podr\u00eda interesar:<\/strong> <a href=\"https:\/\/mexicocodigorojo.com.mx\/?p=58407\" target=\"_blank\" rel=\"noopener\">CATEAN NARCO RANCHO DEL JEFE DE LOS METROS DE REYNOSA EN PIHUAMO JALISCO<\/a><\/p>\n<p>Asimismo, la cifra del asesinatos de mujeres ya rebas\u00f3 este a\u00f1o los niveles hist\u00f3ricos, al registrarse 120 en los primeros 11 meses, en comparaci\u00f3n con los 109 ocurridos a lo largo de todo el a\u00f1o anterior.<\/p>\n<p>Respecto del env\u00edo de los militares, las Comandancias de la V Regi\u00f3n Militar y 20\u00aa Zona Militar detallaron a trav\u00e9s de un comunicado de prensa conjunto que las acciones se realizan para alcanzar los objetivos trazados en el Plan Nacional de Paz y Seguridad 2018-2024 y en el Plan Interinstitucional de Operaciones \u201cSeguridad para el Desarrollo del Estado de Colima\u201d.<\/p>\n<p><strong>Te podr\u00eda interesar:<\/strong> <a href=\"https:\/\/mexicocodigorojo.com.mx\/?p=56441\" target=\"_blank\" rel=\"noopener\">C\u00e1rtel del Golfo Grupo Escorpi\u00f3n y aliados dejan mantas en puentes en la frontera norte<\/a><\/p>\n<p>Manifestaron: \u201cLas actividades operativas se desarrollar\u00e1n con base en una estrategia de inteligencia y en coordinaci\u00f3n con las autoridades de los tres \u00f3rdenes de gobierno, a trav\u00e9s de operaciones \u00e1giles, focalizadas, flexibles\u201d.<\/p>\n<p><strong>Te podr\u00eda interesar:<\/strong> <a href=\"https:\/\/mexicocodigorojo.com.mx\/?p=58586\" target=\"_blank\" rel=\"noopener\">Video: Ingresan a Tamaulipas grupo de Mayo Zambada; video ejecuci\u00f3n en San Fernando lo revela<\/a><\/p>\n<p>As\u00ed tambi\u00e9n, refrendaron su compromiso de actuar con respeto a los derechos humanos y de conformidad con la Ley Nacional sobre el uso de la fuerza.<\/p>\n","protected":false},"excerpt":{"rendered":"<p>Ante el incremento de los niveles de violencia en la entidad, este mi\u00e9rcoles arribaron 300 elementos de la Secretar\u00eda de la Defensa Nacional (Sedena), con el prop\u00f3sito de reforzar las acciones de seguridad en Colima. Los efectivos del Ej\u00e9rcito Mexicano, integrantes de la Fuerza de Tarea Conjunta M\u00e9xico, ser\u00e1n desplegados principalmente en los municipios de [&hellip;]<\/p>\n","protected":false},"author":5,"featured_media":58609,"comment_status":"open","ping_status":"open","sticky":false,"template":"","format":"standard","meta":{"_uf_show_specific_survey":0,"_uf_disable_surveys":false,"advanced_seo_description":"","jetpack_seo_html_title":"","jetpack_seo_noindex":false,"jetpack_seo_schema_type":"","_jetpack_newsletter_access":"","_jetpack_dont_email_post_to_subs":false,"_jetpack_newsletter_tier_id":0,"_jetpack_memberships_contains_paywalled_content":false,"_jetpack_feature_clip_id":0,"_jetpack_memberships_contains_paid_content":false,"footnotes":"","jetpack_publicize_message":"","jetpack_publicize_feature_enabled":true,"jetpack_social_post_already_shared":true,"jetpack_social_options":{"image_generator_settings":{"template":"highway","default_image_id":0,"font":"","enabled":false},"version":2},"jetpack_post_was_ever_published":false},"categories":[104,1724],"tags":[2173],"class_list":["post-58608","post","type-post","status-publish","format-standard","has-post-thumbnail","category-colima","category-featured","tag-narcotrafico-2"],"jetpack_publicize_connections":[],"jetpack-related-posts":[{"id":38922,"url":"https:\/\/mexicocodigorojo.com.mx\/?p=38922","url_meta":{"origin":58608,"position":0},"title":"Libreran a tres de los siete polic\u00edas de Colima desaparecidos en Jalisco","author":"Staff","date":"junio 1, 2020","format":false,"excerpt":"La noche del s\u00e1bado aparecieron con vida tres de los siete agentes estatales de Colima y dos civiles que\u00a0hab\u00edan sido privados de su libertad el jueves pasado, luego de su incursi\u00f3n en el estado de Jalisco. Mediante un comunicado, la Secretar\u00eda de Seguridad P\u00fablica (SSP) de Colima inform\u00f3 que son\u2026","rel":"","context":"En \u00abJalisco\u00bb","block_context":{"text":"Jalisco","link":"https:\/\/mexicocodigorojo.com.mx\/?cat=8"},"img":{"alt_text":"","src":"https:\/\/i0.wp.com\/mexicocodigorojo.com.mx\/wp-content\/uploads\/2020\/06\/camionetas-colima-870x522-1.jpg?fit=870%2C522&ssl=1&resize=350%2C200","width":350,"height":200,"srcset":"https:\/\/i0.wp.com\/mexicocodigorojo.com.mx\/wp-content\/uploads\/2020\/06\/camionetas-colima-870x522-1.jpg?fit=870%2C522&ssl=1&resize=350%2C200 1x, https:\/\/i0.wp.com\/mexicocodigorojo.com.mx\/wp-content\/uploads\/2020\/06\/camionetas-colima-870x522-1.jpg?fit=870%2C522&ssl=1&resize=525%2C300 1.5x, https:\/\/i0.wp.com\/mexicocodigorojo.com.mx\/wp-content\/uploads\/2020\/06\/camionetas-colima-870x522-1.jpg?fit=870%2C522&ssl=1&resize=700%2C400 2x"},"classes":[]},{"id":62962,"url":"https:\/\/mexicocodigorojo.com.mx\/?p=62962","url_meta":{"origin":58608,"position":1},"title":"POLIC\u00cdAS ESTATALES Y MARINOS EJECUTARON A SEIS EN COLIMA","author":"Staff","date":"octubre 5, 2024","format":false,"excerpt":"POLICIA ESTATAL DE COLIMA Y MARINA LEVANT\u00d3 Y PRIV\u00d3 DE LA VIDA A 6 A TRAV\u00c9S DE UN MONTAJE. En las \u00faltimas horas ha trascendido que el pasado 01 de octubre, mientras la Se\u00f1ora Presidenta Claudia Sheinbaum se preparaba para tomar el mando de M\u00e9xico, personal de la Polic\u00eda Estatal\u2026","rel":"","context":"En \u00abColima\u00bb","block_context":{"text":"Colima","link":"https:\/\/mexicocodigorojo.com.mx\/?cat=104"},"img":{"alt_text":"","src":"https:\/\/i0.wp.com\/mexicocodigorojo.com.mx\/wp-content\/uploads\/2024\/10\/img_7430-1.jpg?fit=750%2C407&ssl=1&resize=350%2C200","width":350,"height":200,"srcset":"https:\/\/i0.wp.com\/mexicocodigorojo.com.mx\/wp-content\/uploads\/2024\/10\/img_7430-1.jpg?fit=750%2C407&ssl=1&resize=350%2C200 1x, https:\/\/i0.wp.com\/mexicocodigorojo.com.mx\/wp-content\/uploads\/2024\/10\/img_7430-1.jpg?fit=750%2C407&ssl=1&resize=525%2C300 1.5x, https:\/\/i0.wp.com\/mexicocodigorojo.com.mx\/wp-content\/uploads\/2024\/10\/img_7430-1.jpg?fit=750%2C407&ssl=1&resize=700%2C400 2x"},"classes":[]},{"id":53760,"url":"https:\/\/mexicocodigorojo.com.mx\/?p=53760","url_meta":{"origin":58608,"position":2},"title":"Cae en CDMX el l\u00edder criminal \u201cLa Vaca\u201d; reportan quema de autos en Colima","author":"MexicoRojoCvmx","date":"agosto 19, 2022","format":false,"excerpt":"La Secretar\u00eda de Seguridad Ciudadana en coordinaci\u00f3n con la Secretar\u00eda de la Defensa Nacional, detuvieron a Jos\u00e9 Bernab\u00e9 Brizuela Meraz, alias \"La Vaca\" o \"La Bestia\u201c, l\u00edder del C\u00e1rtel Independiente de Colima, en las inmediaciones de un hotel ubicado en la colonia Anzures, en la alcald\u00eda Miguel Hidalgo. El l\u00edder\u2026","rel":"","context":"En \u00abCiudad de M\u00e9xico\u00bb","block_context":{"text":"Ciudad de M\u00e9xico","link":"https:\/\/mexicocodigorojo.com.mx\/?cat=101"},"img":{"alt_text":"","src":"https:\/\/i0.wp.com\/mexicocodigorojo.com.mx\/wp-content\/uploads\/2022\/08\/Captura-de-pantalla-2022-08-19-094421.jpg?fit=1171%2C720&ssl=1&resize=350%2C200","width":350,"height":200,"srcset":"https:\/\/i0.wp.com\/mexicocodigorojo.com.mx\/wp-content\/uploads\/2022\/08\/Captura-de-pantalla-2022-08-19-094421.jpg?fit=1171%2C720&ssl=1&resize=350%2C200 1x, https:\/\/i0.wp.com\/mexicocodigorojo.com.mx\/wp-content\/uploads\/2022\/08\/Captura-de-pantalla-2022-08-19-094421.jpg?fit=1171%2C720&ssl=1&resize=525%2C300 1.5x, https:\/\/i0.wp.com\/mexicocodigorojo.com.mx\/wp-content\/uploads\/2022\/08\/Captura-de-pantalla-2022-08-19-094421.jpg?fit=1171%2C720&ssl=1&resize=700%2C400 2x, https:\/\/i0.wp.com\/mexicocodigorojo.com.mx\/wp-content\/uploads\/2022\/08\/Captura-de-pantalla-2022-08-19-094421.jpg?fit=1171%2C720&ssl=1&resize=1050%2C600 3x"},"classes":[]},{"id":55297,"url":"https:\/\/mexicocodigorojo.com.mx\/?p=55297","url_meta":{"origin":58608,"position":3},"title":"Asesinan a la titular de la Unidad de Combate al Secuestro en Colima","author":"Staff","date":"enero 11, 2023","format":false,"excerpt":"La Fiscal\u00eda General del Estado (FGE) de Colima inform\u00f3 que\u00a0Martha Esther Rodr\u00edguez Cerna, titular de la Unidad de Combate al\u00a0Secuestro\u00a0en la entidad, muri\u00f3 cuando recib\u00eda\u00a0atenci\u00f3n\u00a0m\u00e9dica\u00a0luego de un\u00a0ataque\u00a0armado\u00a0en su contra. A trav\u00e9s de un comunicado, las autoridades detallaron que la agresi\u00f3n contra la servidora p\u00fablica se registr\u00f3 la ma\u00f1ana de este\u2026","rel":"","context":"En \u00abColima\u00bb","block_context":{"text":"Colima","link":"https:\/\/mexicocodigorojo.com.mx\/?cat=104"},"img":{"alt_text":"","src":"https:\/\/i0.wp.com\/mexicocodigorojo.com.mx\/wp-content\/uploads\/2023\/01\/ghhg.jpg?fit=800%2C350&ssl=1&resize=350%2C200","width":350,"height":200,"srcset":"https:\/\/i0.wp.com\/mexicocodigorojo.com.mx\/wp-content\/uploads\/2023\/01\/ghhg.jpg?fit=800%2C350&ssl=1&resize=350%2C200 1x, https:\/\/i0.wp.com\/mexicocodigorojo.com.mx\/wp-content\/uploads\/2023\/01\/ghhg.jpg?fit=800%2C350&ssl=1&resize=525%2C300 1.5x, https:\/\/i0.wp.com\/mexicocodigorojo.com.mx\/wp-content\/uploads\/2023\/01\/ghhg.jpg?fit=800%2C350&ssl=1&resize=700%2C400 2x"},"classes":[]},{"id":55331,"url":"https:\/\/mexicocodigorojo.com.mx\/?p=55331","url_meta":{"origin":58608,"position":4},"title":"\u00a1Arde Colima en inseguridad! Gobernadora de MORENA no puede","author":"MexicoRojoCvmx","date":"enero 17, 2023","format":false,"excerpt":"La violencia en el pa\u00eds sigue incrementando, y durante los primeros d\u00edas de este 2023 el homicidio doloso se incrementa, as\u00ed como los registros s\u00e9 su incremento durante 2022 en siete entidades federativas gobernadas por MORENA en comparaci\u00f3n con 2021, aunque descendi\u00f3 7.1 por ciento a nivel nacional. De acuerdo\u2026","rel":"","context":"En \u00abFeatured\u00bb","block_context":{"text":"Featured","link":"https:\/\/mexicocodigorojo.com.mx\/?cat=1724"},"img":{"alt_text":"","src":"https:\/\/i0.wp.com\/mexicocodigorojo.com.mx\/wp-content\/uploads\/2023\/01\/TPMKOHO25RFB7GMQH3BYQ2KNOQ.jpeg?fit=800%2C447&ssl=1&resize=350%2C200","width":350,"height":200,"srcset":"https:\/\/i0.wp.com\/mexicocodigorojo.com.mx\/wp-content\/uploads\/2023\/01\/TPMKOHO25RFB7GMQH3BYQ2KNOQ.jpeg?fit=800%2C447&ssl=1&resize=350%2C200 1x, https:\/\/i0.wp.com\/mexicocodigorojo.com.mx\/wp-content\/uploads\/2023\/01\/TPMKOHO25RFB7GMQH3BYQ2KNOQ.jpeg?fit=800%2C447&ssl=1&resize=525%2C300 1.5x, https:\/\/i0.wp.com\/mexicocodigorojo.com.mx\/wp-content\/uploads\/2023\/01\/TPMKOHO25RFB7GMQH3BYQ2KNOQ.jpeg?fit=800%2C447&ssl=1&resize=700%2C400 2x"},"classes":[]},{"id":19842,"url":"https:\/\/mexicocodigorojo.com.mx\/?p=19842","url_meta":{"origin":58608,"position":5},"title":"Llega la Guardia Nacional a 25 estados del pa\u00eds","author":"Staff","date":"julio 9, 2019","format":false,"excerpt":"Desde que se inaugur\u00f3 oficialmente la Guardia Nacional, se han desplegado elementos en al menos 25 entidades del pa\u00eds. M\u00e9xico.- A poco m\u00e1s de una semana de la inauguraci\u00f3n oficial de la Guardia Nacional, su presencia ha llegado al menos a 25 estados del pa\u00eds, como parte de la nueva\u2026","rel":"","context":"En \u00abCiudad de M\u00e9xico\u00bb","block_context":{"text":"Ciudad de M\u00e9xico","link":"https:\/\/mexicocodigorojo.com.mx\/?cat=101"},"img":{"alt_text":"","src":"https:\/\/i0.wp.com\/mexicocodigorojo.com.mx\/wp-content\/uploads\/2019\/07\/gn_dbt.jpg_219914347.jpg?fit=960%2C540&ssl=1&resize=350%2C200","width":350,"height":200,"srcset":"https:\/\/i0.wp.com\/mexicocodigorojo.com.mx\/wp-content\/uploads\/2019\/07\/gn_dbt.jpg_219914347.jpg?fit=960%2C540&ssl=1&resize=350%2C200 1x, https:\/\/i0.wp.com\/mexicocodigorojo.com.mx\/wp-content\/uploads\/2019\/07\/gn_dbt.jpg_219914347.jpg?fit=960%2C540&ssl=1&resize=525%2C300 1.5x, https:\/\/i0.wp.com\/mexicocodigorojo.com.mx\/wp-content\/uploads\/2019\/07\/gn_dbt.jpg_219914347.jpg?fit=960%2C540&ssl=1&resize=700%2C400 2x"},"classes":[]}],"jetpack_sharing_enabled":true,"jetpack_likes_enabled":true,"jetpack_shortlink":"https:\/\/wp.me\/p9TedA-ffi","jetpack_featured_media_url":"https:\/\/i0.wp.com\/mexicocodigorojo.com.mx\/wp-content\/uploads\/2023\/12\/f685x385-189386_227079_5050.jpg?fit=685%2C385&ssl=1","_links":{"self":[{"href":"https:\/\/mexicocodigorojo.com.mx\/index.php?rest_route=\/wp\/v2\/posts\/58608","targetHints":{"allow":["GET"]}}],"collection":[{"href":"https:\/\/mexicocodigorojo.com.mx\/index.php?rest_route=\/wp\/v2\/posts"}],"about":[{"href":"https:\/\/mexicocodigorojo.com.mx\/index.php?rest_route=\/wp\/v2\/types\/post"}],"author":[{"embeddable":true,"href":"https:\/\/mexicocodigorojo.com.mx\/index.php?rest_route=\/wp\/v2\/users\/5"}],"replies":[{"embeddable":true,"href":"https:\/\/mexicocodigorojo.com.mx\/index.php?rest_route=%2Fwp%2Fv2%2Fcomments&post=58608"}],"version-history":[{"count":1,"href":"https:\/\/mexicocodigorojo.com.mx\/index.php?rest_route=\/wp\/v2\/posts\/58608\/revisions"}],"predecessor-version":[{"id":58610,"href":"https:\/\/mexicocodigorojo.com.mx\/index.php?rest_route=\/wp\/v2\/posts\/58608\/revisions\/58610"}],"wp:featuredmedia":[{"embeddable":true,"href":"https:\/\/mexicocodigorojo.com.mx\/index.php?rest_route=\/wp\/v2\/media\/58609"}],"wp:attachment":[{"href":"https:\/\/mexicocodigorojo.com.mx\/index.php?rest_route=%2Fwp%2Fv2%2Fmedia&parent=58608"}],"wp:term":[{"taxonomy":"category","embeddable":true,"href":"https:\/\/mexicocodigorojo.com.mx\/index.php?rest_route=%2Fwp%2Fv2%2Fcategories&post=58608"},{"taxonomy":"post_tag","embeddable":true,"href":"https:\/\/mexicocodigorojo.com.mx\/index.php?rest_route=%2Fwp%2Fv2%2Ftags&post=58608"}],"curies":[{"name":"wp","href":"https:\/\/api.w.org\/{rel}","templated":true}]}}