{"id":58448,"date":"2023-12-06T10:14:57","date_gmt":"2023-12-06T16:14:57","guid":{"rendered":"https:\/\/mexicocodigorojo.com.mx\/?p=58448"},"modified":"2023-12-06T10:14:57","modified_gmt":"2023-12-06T16:14:57","slug":"civiles-armados-ejecutan-a-tres-durante-un-entierro-en-panteon-municipal-de-colima","status":"publish","type":"post","link":"https:\/\/mexicocodigorojo.com.mx\/?p=58448","title":{"rendered":"Civiles armados ejecutan a tres durante un entierro en pante\u00f3n municipal de Colima"},"content":{"rendered":"<p>Tres personas fallecidas y una herida es el saldo preliminar de un ataque armado ocurrido la tarde de este lunes, en el interior del cementerio municipal, contra participantes en el sepelio e inhumaci\u00f3n de un cuerpo.<\/p>\n<p>Los hechos ocurrieron poco antes de las 04:30 de la tarde del lunes, en el \u00e1rea antigua del pante\u00f3n, ubicado por la avenida Camino Real en la zona norte de esta capital, cuando un grupo de hombres realizaron disparos de arma de fuego contra algunas de las personas que formaban parte del cortejo f\u00fanebre.<\/p>\n<p>Seg\u00fan versiones extraoficiales, tanto las v\u00edctimas fallecidas como la lesionada son del sexo masculino y esta \u00faltima fue trasladada en estado de gravedad a recibir atenci\u00f3n m\u00e9dica en un hospital del la ciudad.<\/p>\n<p>Al lugar del atentado acudieron elementos de la Guardia Nacional, del Ej\u00e9rcito Mexicano, as\u00ed como las polic\u00edas Estatal y Municipal, que establecieron un cerco perimetral en torno a la escena del triple asesinato y montaron un operativo de b\u00fasqueda de los responsables, aunque en las primeras horas no se inform\u00f3 sobre la localizaci\u00f3n o detenci\u00f3n de alg\u00fan presunto implicado.<\/p>\n<p>Por otra parte, tambi\u00e9n arribaron peritos y agentes investigadores de la Fiscal\u00eda General del Estado (FGE) para la recolecci\u00f3n de evidencias, mientras que personal del Servicio M\u00e9dico Forense (Semefo) traslad\u00f3 a la morgue los cuerpos de las personas asesinadas para la realizaci\u00f3n de los ex\u00e1menes y estudios correspondientes.<\/p>\n<p>Se ignora la identidad de la persona que estaba siendo sepultada durante el ataque armado.<\/p>\n<p>Hasta la publicaci\u00f3n de esta nota, las autoridades no hab\u00edan difundido informaci\u00f3n oficial sobre el suceso.<\/p>\n","protected":false},"excerpt":{"rendered":"<p>Tres personas fallecidas y una herida es el saldo preliminar de un ataque armado ocurrido la tarde de este lunes, en el interior del cementerio municipal, contra participantes en el sepelio e inhumaci\u00f3n de un cuerpo. Los hechos ocurrieron poco antes de las 04:30 de la tarde del lunes, en el \u00e1rea antigua del pante\u00f3n, [&hellip;]<\/p>\n","protected":false},"author":5,"featured_media":58449,"comment_status":"open","ping_status":"open","sticky":false,"template":"","format":"standard","meta":{"_uf_show_specific_survey":0,"_uf_disable_surveys":false,"advanced_seo_description":"","jetpack_seo_html_title":"","jetpack_seo_noindex":false,"jetpack_seo_schema_type":"","_jetpack_newsletter_access":"","_jetpack_dont_email_post_to_subs":false,"_jetpack_newsletter_tier_id":0,"_jetpack_memberships_contains_paywalled_content":false,"_jetpack_feature_clip_id":0,"_jetpack_memberships_contains_paid_content":false,"footnotes":"","jetpack_publicize_message":"","jetpack_publicize_feature_enabled":true,"jetpack_social_post_already_shared":true,"jetpack_social_options":{"image_generator_settings":{"template":"highway","default_image_id":0,"font":"","enabled":false},"version":2},"jetpack_post_was_ever_published":false},"categories":[104,1724],"tags":[858,1329],"class_list":["post-58448","post","type-post","status-publish","format-standard","has-post-thumbnail","category-colima","category-featured","tag-homicidio","tag-masacre"],"jetpack_publicize_connections":[],"jetpack-related-posts":[{"id":63463,"url":"https:\/\/mexicocodigorojo.com.mx\/?p=63463","url_meta":{"origin":58448,"position":0},"title":"La Marina neutraliza al \u2018Chabelo\u2019, l\u00edder del C\u00e1rtel de Sinaloa en Manzanillo","author":"Staff","date":"diciembre 16, 2024","format":false,"excerpt":"Cuatro muertos fue el saldo de una balacera y una persecuci\u00f3n en el municipio de Manzanillo, la tarde de este domingo. La\u00a0Fiscal\u00eda General del Estado de Colima, confirm\u00f3 la muerte de Jos\u00e9 Isabel \u201cN\u201d, alias el \u2018Chabelo\u2019, quien se desempe\u00f1aba como l\u00edder del\u00a0C\u00e1rtel de Sinaloa\u00a0en el municipio de Manzanillo. Un\u2026","rel":"","context":"En \u00abColima\u00bb","block_context":{"text":"Colima","link":"https:\/\/mexicocodigorojo.com.mx\/?cat=104"},"img":{"alt_text":"","src":"https:\/\/i0.wp.com\/mexicocodigorojo.com.mx\/wp-content\/uploads\/2024\/12\/3229452-1.jpg?fit=1200%2C900&ssl=1&resize=350%2C200","width":350,"height":200,"srcset":"https:\/\/i0.wp.com\/mexicocodigorojo.com.mx\/wp-content\/uploads\/2024\/12\/3229452-1.jpg?fit=1200%2C900&ssl=1&resize=350%2C200 1x, https:\/\/i0.wp.com\/mexicocodigorojo.com.mx\/wp-content\/uploads\/2024\/12\/3229452-1.jpg?fit=1200%2C900&ssl=1&resize=525%2C300 1.5x, https:\/\/i0.wp.com\/mexicocodigorojo.com.mx\/wp-content\/uploads\/2024\/12\/3229452-1.jpg?fit=1200%2C900&ssl=1&resize=700%2C400 2x, https:\/\/i0.wp.com\/mexicocodigorojo.com.mx\/wp-content\/uploads\/2024\/12\/3229452-1.jpg?fit=1200%2C900&ssl=1&resize=1050%2C600 3x"},"classes":[]},{"id":18030,"url":"https:\/\/mexicocodigorojo.com.mx\/?p=18030","url_meta":{"origin":58448,"position":1},"title":"ATAQUE ARMADO EN ACAPULCO DEJA TRES PERSONAS FALLECIDAS","author":"Staff","date":"junio 7, 2019","format":false,"excerpt":"ATAQUE ARMADO EN ACAPULCO DEJA TRES PERSONAS FALLECIDAS La tarde de este viernes, tres miembros de una familia fueron asesinados por personas armadas en una vivienda de Acapulco. Entre las v\u00edctimas fatales se encuentra una menor de edad, mientras que una mujer result\u00f3 herida. De acuerdo con informes preliminares, los\u2026","rel":"","context":"En \u00abFeatured\u00bb","block_context":{"text":"Featured","link":"https:\/\/mexicocodigorojo.com.mx\/?cat=1724"},"img":{"alt_text":"","src":"https:\/\/i0.wp.com\/mexicocodigorojo.com.mx\/wp-content\/uploads\/2019\/06\/photoeditor_20190607_161804716-462919848.jpg?resize=350%2C200&ssl=1","width":350,"height":200,"srcset":"https:\/\/i0.wp.com\/mexicocodigorojo.com.mx\/wp-content\/uploads\/2019\/06\/photoeditor_20190607_161804716-462919848.jpg?resize=350%2C200&ssl=1 1x, https:\/\/i0.wp.com\/mexicocodigorojo.com.mx\/wp-content\/uploads\/2019\/06\/photoeditor_20190607_161804716-462919848.jpg?resize=525%2C300&ssl=1 1.5x, https:\/\/i0.wp.com\/mexicocodigorojo.com.mx\/wp-content\/uploads\/2019\/06\/photoeditor_20190607_161804716-462919848.jpg?resize=700%2C400&ssl=1 2x"},"classes":[]},{"id":20676,"url":"https:\/\/mexicocodigorojo.com.mx\/?p=20676","url_meta":{"origin":58448,"position":2},"title":"Ataque a balazos contra alcaldesa de Manzanillo, Colima","author":"Staff","date":"julio 28, 2019","format":false,"excerpt":"La alcaldesa de Manzanillo, Griselda Mart\u00ednez Mart\u00ednez, sufri\u00f3 un atentado, pues el veh\u00edculo en el que viajaba fue atacado a balazos; ella result\u00f3 ilesa. La alcaldesa de Manzanillo, Griselda Mart\u00ednez Mart\u00ednez, sufri\u00f3 un atentado, esto mientras transitaba acompa\u00f1ado de su escolta por la\u00a0 avenida El\u00edas Zamora Verduzco del Barrio IV\u2026","rel":"","context":"En \u00abColima\u00bb","block_context":{"text":"Colima","link":"https:\/\/mexicocodigorojo.com.mx\/?cat=104"},"img":{"alt_text":"","src":"https:\/\/i0.wp.com\/mexicocodigorojo.com.mx\/wp-content\/uploads\/2019\/07\/atentan_a_balazos_contra_alcaldesa_de_manzanillo_x3.jpg_793492074.jpg?fit=718%2C452&ssl=1&resize=350%2C200","width":350,"height":200,"srcset":"https:\/\/i0.wp.com\/mexicocodigorojo.com.mx\/wp-content\/uploads\/2019\/07\/atentan_a_balazos_contra_alcaldesa_de_manzanillo_x3.jpg_793492074.jpg?fit=718%2C452&ssl=1&resize=350%2C200 1x, https:\/\/i0.wp.com\/mexicocodigorojo.com.mx\/wp-content\/uploads\/2019\/07\/atentan_a_balazos_contra_alcaldesa_de_manzanillo_x3.jpg_793492074.jpg?fit=718%2C452&ssl=1&resize=525%2C300 1.5x, https:\/\/i0.wp.com\/mexicocodigorojo.com.mx\/wp-content\/uploads\/2019\/07\/atentan_a_balazos_contra_alcaldesa_de_manzanillo_x3.jpg_793492074.jpg?fit=718%2C452&ssl=1&resize=700%2C400 2x"},"classes":[]},{"id":19346,"url":"https:\/\/mexicocodigorojo.com.mx\/?p=19346","url_meta":{"origin":58448,"position":3},"title":"(VIDEO) MOTO SICARIOS EJECUTAN A TRES PERSONAS EN EMPALME SONORA","author":"Staff","date":"junio 30, 2019","format":false,"excerpt":"Un par de \u2018motosicarios\u2019 ejecutaron a tres personas, dos hombres y una mujer, que viajaban a bordo de un veh\u00edculo, el ataque se suscit\u00f3 sobre el bulevar Hilario S\u00e1nchez Rubio en la colonia Bellavista de Empalme. Por el momento se desconoce la identidad de las personas fallecidas, pero se sabe\u2026","rel":"","context":"En \u00abSonora\u00bb","block_context":{"text":"Sonora","link":"https:\/\/mexicocodigorojo.com.mx\/?cat=115"},"img":{"alt_text":"","src":"https:\/\/i0.wp.com\/mexicocodigorojo.com.mx\/wp-content\/uploads\/2019\/06\/fb_img_1561911513276-309180235.jpg?resize=350%2C200&ssl=1","width":350,"height":200,"srcset":"https:\/\/i0.wp.com\/mexicocodigorojo.com.mx\/wp-content\/uploads\/2019\/06\/fb_img_1561911513276-309180235.jpg?resize=350%2C200&ssl=1 1x, https:\/\/i0.wp.com\/mexicocodigorojo.com.mx\/wp-content\/uploads\/2019\/06\/fb_img_1561911513276-309180235.jpg?resize=525%2C300&ssl=1 1.5x, https:\/\/i0.wp.com\/mexicocodigorojo.com.mx\/wp-content\/uploads\/2019\/06\/fb_img_1561911513276-309180235.jpg?resize=700%2C400&ssl=1 2x"},"classes":[]},{"id":58962,"url":"https:\/\/mexicocodigorojo.com.mx\/?p=58962","url_meta":{"origin":58448,"position":4},"title":"Ejecutan a hombre afuera de funeraria en Fresnillo","author":"Staff","date":"febrero 6, 2024","format":false,"excerpt":"Un hombre fue asesinado en un ataque armado, ocurrido afuera de una funeraria del municipio de Fresnillo, en cuyo lugar se realizaba el velorio de una de las cuatro v\u00edctimas que el pasado fin de semana fueron acribilladas por un grupo armado. De acuerdo a los reportes preliminares, los hechos\u2026","rel":"","context":"En \u00abFeatured\u00bb","block_context":{"text":"Featured","link":"https:\/\/mexicocodigorojo.com.mx\/?cat=1724"},"img":{"alt_text":"","src":"https:\/\/i0.wp.com\/mexicocodigorojo.com.mx\/wp-content\/uploads\/2024\/02\/fresnillo.jpg?fit=998%2C595&ssl=1&resize=350%2C200","width":350,"height":200,"srcset":"https:\/\/i0.wp.com\/mexicocodigorojo.com.mx\/wp-content\/uploads\/2024\/02\/fresnillo.jpg?fit=998%2C595&ssl=1&resize=350%2C200 1x, https:\/\/i0.wp.com\/mexicocodigorojo.com.mx\/wp-content\/uploads\/2024\/02\/fresnillo.jpg?fit=998%2C595&ssl=1&resize=525%2C300 1.5x, https:\/\/i0.wp.com\/mexicocodigorojo.com.mx\/wp-content\/uploads\/2024\/02\/fresnillo.jpg?fit=998%2C595&ssl=1&resize=700%2C400 2x"},"classes":[]},{"id":58695,"url":"https:\/\/mexicocodigorojo.com.mx\/?p=58695","url_meta":{"origin":58448,"position":5},"title":"MASCULINO ULTIMADO EL PASADO LUNES EN SAN SALVADOR HIDALGO SE DESEMPE\u00d1ABA COMO COMANDANTE DE LA FISCAL\u00cdA DE COLIMA","author":"MexicoRojo","date":"diciembre 26, 2023","format":false,"excerpt":"San Salvador Hidalgo - Tal como se inform\u00f3 oportunamente, durante la tarde del pasado d\u00eda lunes 25 de Diciembre, un masculino fue ultimado por disparos de arma de fuego en el exterior de un domicilio donde celebraban un convivio en la localidad de Pacheco de Allende, del municipio de San\u2026","rel":"","context":"En \u00abFeatured\u00bb","block_context":{"text":"Featured","link":"https:\/\/mexicocodigorojo.com.mx\/?cat=1724"},"img":{"alt_text":"","src":"https:\/\/i0.wp.com\/mexicocodigorojo.com.mx\/wp-content\/uploads\/2023\/12\/20231226_143626.jpg?fit=696%2C543&ssl=1&resize=350%2C200","width":350,"height":200,"srcset":"https:\/\/i0.wp.com\/mexicocodigorojo.com.mx\/wp-content\/uploads\/2023\/12\/20231226_143626.jpg?fit=696%2C543&ssl=1&resize=350%2C200 1x, https:\/\/i0.wp.com\/mexicocodigorojo.com.mx\/wp-content\/uploads\/2023\/12\/20231226_143626.jpg?fit=696%2C543&ssl=1&resize=525%2C300 1.5x"},"classes":[]}],"jetpack_sharing_enabled":true,"jetpack_likes_enabled":true,"jetpack_shortlink":"https:\/\/wp.me\/p9TedA-fcI","jetpack_featured_media_url":"https:\/\/i0.wp.com\/mexicocodigorojo.com.mx\/wp-content\/uploads\/2023\/12\/f608x342-188698_218421_79.jpeg?fit=608%2C342&ssl=1","_links":{"self":[{"href":"https:\/\/mexicocodigorojo.com.mx\/index.php?rest_route=\/wp\/v2\/posts\/58448","targetHints":{"allow":["GET"]}}],"collection":[{"href":"https:\/\/mexicocodigorojo.com.mx\/index.php?rest_route=\/wp\/v2\/posts"}],"about":[{"href":"https:\/\/mexicocodigorojo.com.mx\/index.php?rest_route=\/wp\/v2\/types\/post"}],"author":[{"embeddable":true,"href":"https:\/\/mexicocodigorojo.com.mx\/index.php?rest_route=\/wp\/v2\/users\/5"}],"replies":[{"embeddable":true,"href":"https:\/\/mexicocodigorojo.com.mx\/index.php?rest_route=%2Fwp%2Fv2%2Fcomments&post=58448"}],"version-history":[{"count":1,"href":"https:\/\/mexicocodigorojo.com.mx\/index.php?rest_route=\/wp\/v2\/posts\/58448\/revisions"}],"predecessor-version":[{"id":58450,"href":"https:\/\/mexicocodigorojo.com.mx\/index.php?rest_route=\/wp\/v2\/posts\/58448\/revisions\/58450"}],"wp:featuredmedia":[{"embeddable":true,"href":"https:\/\/mexicocodigorojo.com.mx\/index.php?rest_route=\/wp\/v2\/media\/58449"}],"wp:attachment":[{"href":"https:\/\/mexicocodigorojo.com.mx\/index.php?rest_route=%2Fwp%2Fv2%2Fmedia&parent=58448"}],"wp:term":[{"taxonomy":"category","embeddable":true,"href":"https:\/\/mexicocodigorojo.com.mx\/index.php?rest_route=%2Fwp%2Fv2%2Fcategories&post=58448"},{"taxonomy":"post_tag","embeddable":true,"href":"https:\/\/mexicocodigorojo.com.mx\/index.php?rest_route=%2Fwp%2Fv2%2Ftags&post=58448"}],"curies":[{"name":"wp","href":"https:\/\/api.w.org\/{rel}","templated":true}]}}