{"id":58366,"date":"2023-11-29T12:12:59","date_gmt":"2023-11-29T18:12:59","guid":{"rendered":"https:\/\/mexicocodigorojo.com.mx\/?p=58366"},"modified":"2023-11-29T12:12:59","modified_gmt":"2023-11-29T18:12:59","slug":"detienen-a-cesar-alejandro-alias-el-tartas-presunto-jefe-de-plaza-del-cartel-del-noreste","status":"publish","type":"post","link":"https:\/\/mexicocodigorojo.com.mx\/?p=58366","title":{"rendered":"Detienen a C\u00e9sar Alejandro, alias &#8216;El Tartas&#8217;, presunto jefe de plaza del C\u00e1rtel del Noreste"},"content":{"rendered":"<p>En un operativo conjunto llevado a cabo por efectivos del Ej\u00e9rcito y la Guardia Nacional en coordinaci\u00f3n con personal de la Fiscal\u00eda Especializada en Materia de Delincuencia Organizada, fue detenido en Nuevo Laredo, Tamaulipas, C\u00e9sar Alejandro Silva Delgado, alias El Tartas, identificado como jefe de plaza del C\u00e1rtel del Noreste en esa ciudad.<\/p>\n<p>De acuerdo con el Registro Nacional de Detenciones, la aprehensi\u00f3n se llev\u00f3 a cabo poco antes de las siete de la ma\u00f1ana y fue realizada en un domicilio de la colonia Infonavit Fundadores, de acuerdo con la informaci\u00f3n del Registro Nacional de Detenciones.<\/p>\n<p>El municipio de Nuevo Laredo, localizado en la frontera con Estados Unidos, constituye una de las m\u00e1s importantes plazas para las organizaciones delictivas, lo que genera violencia entre las organizaciones que se disputan el control del \u00e1rea que tambi\u00e9n constituye una de las principales aduanas hacia el territorio estadunidense.<\/p>\n<p>Ese municipio, que forma parte de la llamada Frontera Chica, es punto de trasiego de migrantes, droga, armas, veh\u00edculos y tambi\u00e9n de mercanc\u00edas y combustible obtenido de manera il\u00edcita.<\/p>\n<p>El C\u00e1rtel del Noreste antes Los Zetas se disputa el control territorial con el C\u00e1rtel de Los Zetas Vieja Escuela y del C\u00e1rtel del Golfo quienes tienen alianza con el C\u00e1rtel de Jalisco Nueva Generaci\u00f3n con su lugarteniente &#8216;El Primito&#8217;.<\/p>\n<p>Tras su captura, Silva Delgado fue trasladado a la Ciudad de M\u00e9xico e ingresar a las instalaciones de la Femdo.<\/p>\n<p>Ante la detenci\u00f3n y posibles actos de violencia, el consulado de Estados Unidos en Nuevo Laredo emiti\u00f3 una alerta para sus ciudadanos, sin embargo, el gobierno de Tamaulipas se\u00f1al\u00f3 que hasta el momento no ha recibido \u201cconfirmaci\u00f3n de ninguna situaci\u00f3n de riesgo en la ciudad\u201d, report\u00f3 que \u201cla ciudad est\u00e1 en calma\u201d y \u201cno se ha registrado ning\u00fan bloqueo\u201d.<\/p>\n<blockquote class=\"twitter-tweet\" data-width=\"550\" data-dnt=\"true\">\n<p lang=\"es\" dir=\"ltr\">Traemos m\u00e1s informaci\u00f3n que las cuentas oficiales del <a href=\"https:\/\/twitter.com\/gobtam?ref_src=twsrc%5Etfw\">@gobtam<\/a>. As\u00ed fue presentado el Tartas tras su captura en <a href=\"https:\/\/twitter.com\/hashtag\/NuevoLaredo?src=hash&amp;ref_src=twsrc%5Etfw\">#NuevoLaredo<\/a>. Se inform\u00f3 cuando estaban arriba los helic\u00f3pteros y el apoyo terrestre de corporaciones federales. <a href=\"https:\/\/t.co\/UgQ7ZEdMrk\">pic.twitter.com\/UgQ7ZEdMrk<\/a><\/p>\n<p>&mdash; ElGuzman (@FuriaNegra77) <a href=\"https:\/\/twitter.com\/FuriaNegra77\/status\/1729922321702346893?ref_src=twsrc%5Etfw\">November 29, 2023<\/a><\/p><\/blockquote>\n<p><script async src=\"https:\/\/platform.twitter.com\/widgets.js\" charset=\"utf-8\"><\/script><\/p>\n<p><img decoding=\"async\" src=\"https:\/\/pbs.twimg.com\/media\/GAHuae2WkAAgtwi?format=jpg&amp;name=medium\" alt=\"Imagen\" \/><\/p>\n","protected":false},"excerpt":{"rendered":"<p>En un operativo conjunto llevado a cabo por efectivos del Ej\u00e9rcito y la Guardia Nacional en coordinaci\u00f3n con personal de la Fiscal\u00eda Especializada en Materia de Delincuencia Organizada, fue detenido en Nuevo Laredo, Tamaulipas, C\u00e9sar Alejandro Silva Delgado, alias El Tartas, identificado como jefe de plaza del C\u00e1rtel del Noreste en esa ciudad. De acuerdo [&hellip;]<\/p>\n","protected":false},"author":5,"featured_media":58368,"comment_status":"open","ping_status":"open","sticky":false,"template":"","format":"standard","meta":{"_uf_show_specific_survey":0,"_uf_disable_surveys":false,"advanced_seo_description":"","jetpack_seo_html_title":"","jetpack_seo_noindex":false,"jetpack_post_was_ever_published":false,"_jetpack_newsletter_access":"","_jetpack_dont_email_post_to_subs":false,"_jetpack_newsletter_tier_id":0,"_jetpack_memberships_contains_paywalled_content":false,"_jetpack_memberships_contains_paid_content":false,"footnotes":"","jetpack_publicize_message":"","jetpack_publicize_feature_enabled":true,"jetpack_social_post_already_shared":true,"jetpack_social_options":{"image_generator_settings":{"template":"highway","default_image_id":0,"font":"","enabled":false},"version":2}},"categories":[1724,2],"tags":[2173],"class_list":{"0":"post-58366","1":"post","2":"type-post","3":"status-publish","4":"format-standard","5":"has-post-thumbnail","7":"category-featured","8":"category-tamaulipas","9":"tag-narcotrafico-2"},"jetpack_publicize_connections":[],"jetpack_featured_media_url":"https:\/\/i0.wp.com\/mexicocodigorojo.com.mx\/wp-content\/uploads\/2023\/11\/tartas.jpg?fit=848%2C787&ssl=1","jetpack-related-posts":[{"id":58427,"url":"https:\/\/mexicocodigorojo.com.mx\/?p=58427","url_meta":{"origin":58366,"position":0},"title":"REALIZA FGR DESTRUCCI\u00d3N DE FENTANILO EN REYNOSA","author":"Staff","date":"noviembre 30, 2023","format":false,"excerpt":"La Fiscal\u00eda General de la Rep\u00fablica (FGR) en su Delegaci\u00f3n en Tamaulipas, llevo a cabo la destrucci\u00f3n del narc\u00f3tico denominado Fentanilo, en empresa especializada, en coordinaci\u00f3n con la Delegaci\u00f3n de Sinaloa y elementos de la secretaria de la Defensa Nacional (SEDENA). \u00a0 Las diligencias ministeriales dieron cumplimiento al Programa de\u2026","rel":"","context":"En \u00abFeatured\u00bb","block_context":{"text":"Featured","link":"https:\/\/mexicocodigorojo.com.mx\/?cat=1724"},"img":{"alt_text":"","src":"https:\/\/i0.wp.com\/mexicocodigorojo.com.mx\/wp-content\/uploads\/2023\/12\/fentanilo-reynosa.jpg?fit=1004%2C794&ssl=1&resize=350%2C200","width":350,"height":200,"srcset":"https:\/\/i0.wp.com\/mexicocodigorojo.com.mx\/wp-content\/uploads\/2023\/12\/fentanilo-reynosa.jpg?fit=1004%2C794&ssl=1&resize=350%2C200 1x, https:\/\/i0.wp.com\/mexicocodigorojo.com.mx\/wp-content\/uploads\/2023\/12\/fentanilo-reynosa.jpg?fit=1004%2C794&ssl=1&resize=525%2C300 1.5x, https:\/\/i0.wp.com\/mexicocodigorojo.com.mx\/wp-content\/uploads\/2023\/12\/fentanilo-reynosa.jpg?fit=1004%2C794&ssl=1&resize=700%2C400 2x"},"classes":[]},{"id":32356,"url":"https:\/\/mexicocodigorojo.com.mx\/?p=32356","url_meta":{"origin":58366,"position":1},"title":"Sedena detiene a \u201cEl Takia\u201d, en Nuevo Laredo","author":"Staff","date":"febrero 7, 2020","format":false,"excerpt":"Este viernes, la Secretar\u00eda Nacional de la Defensa (Sedena) detuvo en un operativo a\u00a0\u201cEl Takia\u201d, presunto\u00a0operador del c\u00e1rtel del Noreste (CDN) en Nuevo Laredo, Tamaulipas. De acuerdo con datos de inteligencia, el jefe de sicarios, de 22 a\u00f1os, cuyo nombre real es\u00a0Pablo C\u00e9sar \u201cN\u201d,\u00a0ser\u00eda mando operativo del c\u00e1rtel en el\u2026","rel":"","context":"En \u00abTamaulipas\u00bb","block_context":{"text":"Tamaulipas","link":"https:\/\/mexicocodigorojo.com.mx\/?cat=2"},"img":{"alt_text":"","src":"https:\/\/i0.wp.com\/mexicocodigorojo.com.mx\/wp-content\/uploads\/2020\/02\/img_4742.jpg?resize=350%2C200&ssl=1","width":350,"height":200,"srcset":"https:\/\/i0.wp.com\/mexicocodigorojo.com.mx\/wp-content\/uploads\/2020\/02\/img_4742.jpg?resize=350%2C200&ssl=1 1x, https:\/\/i0.wp.com\/mexicocodigorojo.com.mx\/wp-content\/uploads\/2020\/02\/img_4742.jpg?resize=525%2C300&ssl=1 1.5x, https:\/\/i0.wp.com\/mexicocodigorojo.com.mx\/wp-content\/uploads\/2020\/02\/img_4742.jpg?resize=700%2C400&ssl=1 2x"},"classes":[]},{"id":46875,"url":"https:\/\/mexicocodigorojo.com.mx\/?p=46875","url_meta":{"origin":58366,"position":2},"title":"DETIENEN A JEFE DE PLAZA DEL CARTEL DEL NORESTE EN COAHUILA","author":"Staff","date":"febrero 6, 2021","format":false,"excerpt":"Piedras Negras, Coahuila Elementos militares en coordinaci\u00f3n con elementos de la polic\u00eda De Acci\u00f3n y Reacci\u00f3n PAR detuvieron a Seraf\u00edn N Jefe de la plaza del C\u00e1rtel del noreste en Piedras Negras y responsable del ataque terror\u00edsta al municipio de Villaunion. La detenci\u00f3n se llev\u00f3 a acabo alrededor de las\u2026","rel":"","context":"En \u00abFeatured\u00bb","block_context":{"text":"Featured","link":"https:\/\/mexicocodigorojo.com.mx\/?cat=1724"},"img":{"alt_text":"","src":"","width":0,"height":0},"classes":[]},{"id":471,"url":"https:\/\/mexicocodigorojo.com.mx\/?p=471","url_meta":{"origin":58366,"position":3},"title":"Zetas pagan a integrantes de Derechos Humanos en Tamaulipas","author":"Staff","date":"junio 7, 2018","format":false,"excerpt":"Los Zetas realizaron\u00a0pagos de 80 mil pesos semanales a integrantes de Derechos Humanos para la promoci\u00f3n de denuncias en contra de la Semar y la Sedena por supuestas desapariciones de j\u00f3venes, de acuerdo con una\u00a0averiguaci\u00f3n previa El\u00a0C\u00e1rtel de \u201cLos Zetas\u201d en Tamaulipas\u00a0realizo\u00a0pagos de 80 mil pesos semanales\u00a0a diversos\u00a0integrantes de organismos\u2026","rel":"","context":"En \u00abTamaulipas\u00bb","block_context":{"text":"Tamaulipas","link":"https:\/\/mexicocodigorojo.com.mx\/?cat=2"},"img":{"alt_text":"","src":"https:\/\/i0.wp.com\/mexicocodigorojo.com.mx\/wp-content\/uploads\/2018\/06\/1935189.jpg?fit=1200%2C800&ssl=1&resize=350%2C200","width":350,"height":200,"srcset":"https:\/\/i0.wp.com\/mexicocodigorojo.com.mx\/wp-content\/uploads\/2018\/06\/1935189.jpg?fit=1200%2C800&ssl=1&resize=350%2C200 1x, https:\/\/i0.wp.com\/mexicocodigorojo.com.mx\/wp-content\/uploads\/2018\/06\/1935189.jpg?fit=1200%2C800&ssl=1&resize=525%2C300 1.5x, https:\/\/i0.wp.com\/mexicocodigorojo.com.mx\/wp-content\/uploads\/2018\/06\/1935189.jpg?fit=1200%2C800&ssl=1&resize=700%2C400 2x, https:\/\/i0.wp.com\/mexicocodigorojo.com.mx\/wp-content\/uploads\/2018\/06\/1935189.jpg?fit=1200%2C800&ssl=1&resize=1050%2C600 3x"},"classes":[]},{"id":23440,"url":"https:\/\/mexicocodigorojo.com.mx\/?p=23440","url_meta":{"origin":58366,"position":4},"title":"CNDH en Nuevo Laredo saco a la Marina y usa la misma estrategia contra la Polic\u00eda Estatal","author":"Staff","date":"septiembre 11, 2019","format":false,"excerpt":"Seg\u00fan las denuncias ha organizado manifestaciones contra militares y a favor de Los Zetas y el CDN En redes sociales revivieron la denuncia en contra del presidente del\u00a0Comit\u00e9 de Derechos Humanos\u00a0en\u00a0Tamaulipas,\u00a0Jes\u00fas Raymundo Ramos V\u00e1zquez, por supuestamente victimizar a sicarios y halcones de los grupos del\u00a0narcotr\u00e1fico\u00a0conocido como\u00a0Los Zetas\u00a0y del\u00a0C\u00e1rtel del Noreste\u00a0(CDN).\u2026","rel":"","context":"En \u00abTamaulipas\u00bb","block_context":{"text":"Tamaulipas","link":"https:\/\/mexicocodigorojo.com.mx\/?cat=2"},"img":{"alt_text":"","src":"https:\/\/i0.wp.com\/mexicocodigorojo.com.mx\/wp-content\/uploads\/2019\/09\/RAYMUNDO-RAMOS-VAZQUEZ.jpg?fit=696%2C464&ssl=1&resize=350%2C200","width":350,"height":200,"srcset":"https:\/\/i0.wp.com\/mexicocodigorojo.com.mx\/wp-content\/uploads\/2019\/09\/RAYMUNDO-RAMOS-VAZQUEZ.jpg?fit=696%2C464&ssl=1&resize=350%2C200 1x, https:\/\/i0.wp.com\/mexicocodigorojo.com.mx\/wp-content\/uploads\/2019\/09\/RAYMUNDO-RAMOS-VAZQUEZ.jpg?fit=696%2C464&ssl=1&resize=525%2C300 1.5x"},"classes":[]},{"id":63267,"url":"https:\/\/mexicocodigorojo.com.mx\/?p=63267","url_meta":{"origin":58366,"position":5},"title":"\u2018El Huevo\u2019, ex l\u00edder del &#8216;CDN&#8217;, se declara culpable en EU por narcotr\u00e1fico","author":"Staff","date":"noviembre 20, 2024","format":false,"excerpt":"Juan Gerardo Trevi\u00f1o Ch\u00e1vez, alias \u201cEl Huevo\u201d, l\u00edder del C\u00e1rtel del Noreste y de las Tropas del Infierno, se declar\u00f3 culpable, el 19 de noviembre de 2024, ante un juez de la Corte Federal de Distrito de los Estados Unidos para el Distrito Oeste de Texas, con sede en San\u2026","rel":"","context":"En \u00abFeatured\u00bb","block_context":{"text":"Featured","link":"https:\/\/mexicocodigorojo.com.mx\/?cat=1724"},"img":{"alt_text":"","src":"https:\/\/i0.wp.com\/mexicocodigorojo.com.mx\/wp-content\/uploads\/2024\/11\/el-huevo-1.jpg?fit=960%2C640&ssl=1&resize=350%2C200","width":350,"height":200,"srcset":"https:\/\/i0.wp.com\/mexicocodigorojo.com.mx\/wp-content\/uploads\/2024\/11\/el-huevo-1.jpg?fit=960%2C640&ssl=1&resize=350%2C200 1x, https:\/\/i0.wp.com\/mexicocodigorojo.com.mx\/wp-content\/uploads\/2024\/11\/el-huevo-1.jpg?fit=960%2C640&ssl=1&resize=525%2C300 1.5x, https:\/\/i0.wp.com\/mexicocodigorojo.com.mx\/wp-content\/uploads\/2024\/11\/el-huevo-1.jpg?fit=960%2C640&ssl=1&resize=700%2C400 2x"},"classes":[]}],"jetpack_sharing_enabled":true,"jetpack_likes_enabled":true,"jetpack_shortlink":"https:\/\/wp.me\/p9TedA-fbo","_links":{"self":[{"href":"https:\/\/mexicocodigorojo.com.mx\/index.php?rest_route=\/wp\/v2\/posts\/58366","targetHints":{"allow":["GET"]}}],"collection":[{"href":"https:\/\/mexicocodigorojo.com.mx\/index.php?rest_route=\/wp\/v2\/posts"}],"about":[{"href":"https:\/\/mexicocodigorojo.com.mx\/index.php?rest_route=\/wp\/v2\/types\/post"}],"author":[{"embeddable":true,"href":"https:\/\/mexicocodigorojo.com.mx\/index.php?rest_route=\/wp\/v2\/users\/5"}],"replies":[{"embeddable":true,"href":"https:\/\/mexicocodigorojo.com.mx\/index.php?rest_route=%2Fwp%2Fv2%2Fcomments&post=58366"}],"version-history":[{"count":1,"href":"https:\/\/mexicocodigorojo.com.mx\/index.php?rest_route=\/wp\/v2\/posts\/58366\/revisions"}],"predecessor-version":[{"id":58369,"href":"https:\/\/mexicocodigorojo.com.mx\/index.php?rest_route=\/wp\/v2\/posts\/58366\/revisions\/58369"}],"wp:featuredmedia":[{"embeddable":true,"href":"https:\/\/mexicocodigorojo.com.mx\/index.php?rest_route=\/wp\/v2\/media\/58368"}],"wp:attachment":[{"href":"https:\/\/mexicocodigorojo.com.mx\/index.php?rest_route=%2Fwp%2Fv2%2Fmedia&parent=58366"}],"wp:term":[{"taxonomy":"category","embeddable":true,"href":"https:\/\/mexicocodigorojo.com.mx\/index.php?rest_route=%2Fwp%2Fv2%2Fcategories&post=58366"},{"taxonomy":"post_tag","embeddable":true,"href":"https:\/\/mexicocodigorojo.com.mx\/index.php?rest_route=%2Fwp%2Fv2%2Ftags&post=58366"}],"curies":[{"name":"wp","href":"https:\/\/api.w.org\/{rel}","templated":true}]}}