{"id":58146,"date":"2023-11-13T16:02:14","date_gmt":"2023-11-13T22:02:14","guid":{"rendered":"https:\/\/mexicocodigorojo.com.mx\/?p=58146"},"modified":"2023-11-13T16:02:14","modified_gmt":"2023-11-13T22:02:14","slug":"asesinan-al-subdirector-operativo-de-la-policia-en-zapopan","status":"publish","type":"post","link":"https:\/\/mexicocodigorojo.com.mx\/?p=58146","title":{"rendered":"Asesinan al subdirector operativo de la polic\u00eda en Zapopan"},"content":{"rendered":"<p>Jalisco.- En una agresi\u00f3n directa mientras se encontraba en el interior de una cafeter\u00eda, esta ma\u00f1ana fue asesinado a balazos el subdirector operativo de la polic\u00eda municipal de Zapopan, Carlos Flores Amezcua.<\/p>\n<p>\u00c9l era el tercero al mando de la corporaci\u00f3n y fue atacado dentro de un establecimiento de la avenida Patria, casi al cruce con Beethoven, en la colonia La Estancia.<\/p>\n<p>En diferentes grupos de WhatsApp integrados por polic\u00edas circula el video con el momento en que Flores Amezcua fue atacado a tiros en esa cafeter\u00eda ubicado en la avenida Patria.<\/p>\n<p>El video muestra la cafeter\u00eda; se observa a un hombre y una mujer sentados en una mesa de lado izquierdo y a dos hombres que est\u00e1n de lado derecho; cuando el mando policiaco entra al establecimiento los cuatro supuestos comensales se levantan y le disparan por la espalda.<\/p>\n<blockquote class=\"twitter-tweet\" data-width=\"550\" data-dnt=\"true\">\n<p lang=\"es\" dir=\"ltr\">Momento en el cual fue asesinado a balazos el comandante, Carlos Manuel Flores Amezcua Sub Director operativo de la Polic\u00eda Municipal de Zapopan, fue asesinado a balazos al interior de una cafeter\u00eda en la colonia La Estancia. En Av Patria y Beethoven. <a href=\"https:\/\/t.co\/ps1DYJzzN4\">pic.twitter.com\/ps1DYJzzN4<\/a><\/p>\n<p>&mdash; Juan Carlos Mungu\u00eda (@JCMunguiaA92) <a href=\"https:\/\/twitter.com\/JCMunguiaA92\/status\/1724168929486966846?ref_src=twsrc%5Etfw\">November 13, 2023<\/a><\/p><\/blockquote>\n<p><script async src=\"https:\/\/platform.twitter.com\/widgets.js\" charset=\"utf-8\"><\/script><\/p>\n<blockquote class=\"twitter-tweet\" data-width=\"550\" data-dnt=\"true\">\n<p lang=\"es\" dir=\"ltr\">MATAN A BALAZOS A DIRECTOR OPERATIVO DE LA POLIC\u00cdA DE ZAPOPAN, JALISCO<\/p>\n<p>Les invito a seguir y a leer toda la informaci\u00f3n en <a href=\"https:\/\/twitter.com\/DominioPblico3?ref_src=twsrc%5Etfw\">@DominioPblico3<\/a> <\/p>\n<p>Carlos Manuel Flores Amezcua era el tercero al mando de la polic\u00eda de Zapopan; fue acribillado cuando combraba un caf\u00e9 en la colonia La\u2026 <a href=\"https:\/\/t.co\/la11TxWuDO\">pic.twitter.com\/la11TxWuDO<\/a><\/p>\n<p>&mdash; Jos\u00e9 D\u00edaz (@JJDiazMachuca) <a href=\"https:\/\/twitter.com\/JJDiazMachuca\/status\/1724147330264297695?ref_src=twsrc%5Etfw\">November 13, 2023<\/a><\/p><\/blockquote>\n<p><script async src=\"https:\/\/platform.twitter.com\/widgets.js\" charset=\"utf-8\"><\/script><\/p>\n<p>Segundos despu\u00e9s se observa una nueva detonaci\u00f3n realizada por uno de los agresores con la intenci\u00f3n de garantizar la muerte del sub director operativo de la polic\u00eda zapopana.<\/p>\n<p>C\u00e1maras de vigilancia captaron el momento en el que al menos cuatro personas escapan corriendo, y m\u00e1s tarde, a unas calles de distancia, fue encontrada abandonada una camioneta Nissan X-Trail en color rojo presuntamente utilizada por los agresores para escapar, en cuyo interior fueron encontrados varios art\u00edculos met\u00e1licos conocidos como ponchallantas.<\/p>\n<p>El director operativo de la polic\u00eda de Zapopan, Roberto L\u00f3pez Mac\u00edas, inform\u00f3 en entrevista que su compa\u00f1ero hab\u00eda salido del gimnasio y lleg\u00f3 al establecimiento para comprar un caf\u00e9, y le pidi\u00f3 a su chofer que se estacionara metros adelante para no estorbar.<\/p>\n<p>Lo describi\u00f3 como un buen elemento con casi 30 a\u00f1os en la corporaci\u00f3n donde fue escalando diferentes puestos.<\/p>\n<p>\u201cBuen amigo, ya con 28 a\u00f1os en la corporaci\u00f3n. \u00c9l era muy fiel a su trabajo, trabajaba muy bien. Desafortunadamente jam\u00e1s supimos que tuviera alguna llamada o alguna agresi\u00f3n hacia \u00e9l. Desafortunadamente pas\u00f3 esto. Por el hecho de ser el comisario encargado de la supervisi\u00f3n. No s\u00e9 qu\u00e9 pas\u00f3\u201d, dijo Mac\u00edas L\u00f3pez.<\/p>\n<p>Carlos Flores Amezcua era el responsable de la operatividad de la polic\u00eda zapopana y brazo derecho del comisario Jorge Alberto Arizpe, era viudo y ten\u00eda tres hijos.<\/p>\n<p><img decoding=\"async\" src=\"https:\/\/www.jornada.com.mx\/ndjsimg\/images\/jornada\/jornadaimg\/asesinan-en-cafeteria-a-comandante-de-la-policia-de-zapopan-7291\/asesinan-en-cafeteria-a-comandante-de-la-policia-de-zapopan-7291html-flores-amezcua-3121html-edd60fce-7d3e-4a86-a6c8-bfe183af9011ljnimgndimage=fullsize\" alt=\"La Jornada - Asesinan en cafeter\u00eda a comandante de la polic\u00eda de Zapopan\" \/><\/p>\n","protected":false},"excerpt":{"rendered":"<p>Jalisco.- En una agresi\u00f3n directa mientras se encontraba en el interior de una cafeter\u00eda, esta ma\u00f1ana fue asesinado a balazos el subdirector operativo de la polic\u00eda municipal de Zapopan, Carlos Flores Amezcua. \u00c9l era el tercero al mando de la corporaci\u00f3n y fue atacado dentro de un establecimiento de la avenida Patria, casi al cruce [&hellip;]<\/p>\n","protected":false},"author":5,"featured_media":58147,"comment_status":"open","ping_status":"open","sticky":false,"template":"","format":"standard","meta":{"_uf_show_specific_survey":0,"_uf_disable_surveys":false,"advanced_seo_description":"","jetpack_seo_html_title":"","jetpack_seo_noindex":false,"jetpack_post_was_ever_published":false,"_jetpack_newsletter_access":"","_jetpack_dont_email_post_to_subs":false,"_jetpack_newsletter_tier_id":0,"_jetpack_memberships_contains_paywalled_content":false,"_jetpack_memberships_contains_paid_content":false,"footnotes":"","jetpack_publicize_message":"","jetpack_publicize_feature_enabled":true,"jetpack_social_post_already_shared":true,"jetpack_social_options":{"image_generator_settings":{"template":"highway","default_image_id":0,"font":"","enabled":false},"version":2}},"categories":[1724,8],"tags":[906,858,2173],"class_list":{"0":"post-58146","1":"post","2":"type-post","3":"status-publish","4":"format-standard","5":"has-post-thumbnail","7":"category-featured","8":"category-jalisco","9":"tag-crimenorganizado","10":"tag-homicidio","11":"tag-narcotrafico-2"},"jetpack_publicize_connections":[],"jetpack_featured_media_url":"https:\/\/i0.wp.com\/mexicocodigorojo.com.mx\/wp-content\/uploads\/2023\/11\/asesinan-tercero-mando-policia-municipal-zapopan.jpg?fit=1200%2C620&ssl=1","jetpack-related-posts":[{"id":15866,"url":"https:\/\/mexicocodigorojo.com.mx\/?p=15866","url_meta":{"origin":58146,"position":0},"title":"ASESINAN AL MENOS A 8 EN JALISCO","author":"Staff","date":"marzo 29, 2019","format":false,"excerpt":"Guadalajara.-\u00a0Dos hombres y una mujer fueron asesinados a balazos en una vinater\u00eda esta tarde en Guadalajara, los hechos sucedieron sobre Avenida Patria al cruce con la calle Orozco Camacho, en la Colonia Polanco. Se sabe que al menos dos sujetos llegaron al lugar y cometieron la agresi\u00f3n, posteriormente escaparon en\u2026","rel":"","context":"En \u00abJalisco\u00bb","block_context":{"text":"Jalisco","link":"https:\/\/mexicocodigorojo.com.mx\/?cat=8"},"img":{"alt_text":"UCIP","src":"https:\/\/i0.wp.com\/mexicocodigorojo.com.mx\/wp-content\/uploads\/2019\/03\/Sin-t%C3%ADtulo-13.jpg?fit=640%2C426&ssl=1&resize=350%2C200","width":350,"height":200,"srcset":"https:\/\/i0.wp.com\/mexicocodigorojo.com.mx\/wp-content\/uploads\/2019\/03\/Sin-t%C3%ADtulo-13.jpg?fit=640%2C426&ssl=1&resize=350%2C200 1x, https:\/\/i0.wp.com\/mexicocodigorojo.com.mx\/wp-content\/uploads\/2019\/03\/Sin-t%C3%ADtulo-13.jpg?fit=640%2C426&ssl=1&resize=525%2C300 1.5x"},"classes":[]},{"id":60176,"url":"https:\/\/mexicocodigorojo.com.mx\/?p=60176","url_meta":{"origin":58146,"position":1},"title":"Hallan muerto a Francisco S\u00e1nchez Gaeta, candidato del PVEM en Puerto Vallarta","author":"Staff","date":"mayo 2, 2024","format":false,"excerpt":"Francisco S\u00e1nchez Gaeta, regidor con licencia y candidato a s\u00edndico del Partido Verde en Puerto Vallarta, Jalisco, fue encontrado sin vida. La Fiscal\u00eda de Jalisco confirm\u00f3 el suceso en redes sociales y ha iniciado las investigaciones correspondientes. Aunque la autoridad de Jalisco no ha revelado las causas del fallecimiento, medios\u2026","rel":"","context":"En \u00abFeatured\u00bb","block_context":{"text":"Featured","link":"https:\/\/mexicocodigorojo.com.mx\/?cat=1724"},"img":{"alt_text":"","src":"https:\/\/i0.wp.com\/mexicocodigorojo.com.mx\/wp-content\/uploads\/2024\/05\/img_4557-1.jpg?fit=800%2C599&ssl=1&resize=350%2C200","width":350,"height":200,"srcset":"https:\/\/i0.wp.com\/mexicocodigorojo.com.mx\/wp-content\/uploads\/2024\/05\/img_4557-1.jpg?fit=800%2C599&ssl=1&resize=350%2C200 1x, https:\/\/i0.wp.com\/mexicocodigorojo.com.mx\/wp-content\/uploads\/2024\/05\/img_4557-1.jpg?fit=800%2C599&ssl=1&resize=525%2C300 1.5x, https:\/\/i0.wp.com\/mexicocodigorojo.com.mx\/wp-content\/uploads\/2024\/05\/img_4557-1.jpg?fit=800%2C599&ssl=1&resize=700%2C400 2x"},"classes":[]},{"id":51501,"url":"https:\/\/mexicocodigorojo.com.mx\/?p=51501","url_meta":{"origin":58146,"position":2},"title":"Levantan a elementos de la Marina en Zapopan","author":"Staff","date":"noviembre 16, 2021","format":false,"excerpt":"La noche de este lunes dos elementos de la Secretar\u00eda de Marina fueron privados de su libertad por sujetos armados en el municipio de Zapopan; se inform\u00f3 que el hecho ocurri\u00f3 alrededor de las 23:00 horas a las afueras de un supermercado localizado en el cruce de las avenidas Aviaci\u00f3n\u2026","rel":"","context":"En \u00abFeatured\u00bb","block_context":{"text":"Featured","link":"https:\/\/mexicocodigorojo.com.mx\/?cat=1724"},"img":{"alt_text":"","src":"https:\/\/i0.wp.com\/mexicocodigorojo.com.mx\/wp-content\/uploads\/2021\/11\/2672995.jpg?fit=800%2C600&ssl=1&resize=350%2C200","width":350,"height":200,"srcset":"https:\/\/i0.wp.com\/mexicocodigorojo.com.mx\/wp-content\/uploads\/2021\/11\/2672995.jpg?fit=800%2C600&ssl=1&resize=350%2C200 1x, https:\/\/i0.wp.com\/mexicocodigorojo.com.mx\/wp-content\/uploads\/2021\/11\/2672995.jpg?fit=800%2C600&ssl=1&resize=525%2C300 1.5x, https:\/\/i0.wp.com\/mexicocodigorojo.com.mx\/wp-content\/uploads\/2021\/11\/2672995.jpg?fit=800%2C600&ssl=1&resize=700%2C400 2x"},"classes":[]},{"id":40679,"url":"https:\/\/mexicocodigorojo.com.mx\/?p=40679","url_meta":{"origin":58146,"position":3},"title":"EJECUTAN EN CULIACAN SINALOA AL HERMANO DEL H-2 EX LIDER DEL CARTEL DE LOS BELTRAN LEYVA","author":"MexicoRojo","date":"julio 10, 2020","format":false,"excerpt":"Culiac\u00e1n, Sin.- El hombre que fue asesinado a mitad de una calle en la colonia Atonio Toledo Corro el pasado s\u00e1bado 4 de julio era hermano de Juan Francisco Patr\u00f3n S\u00e1nchez, alias \u201cEl H-2\u201d, quien fue abatido por la Marina usando un helic\u00f3ptero artillado en Tepic, Nayarit, en febrero de\u2026","rel":"","context":"En \u00abSinaloa\u00bb","block_context":{"text":"Sinaloa","link":"https:\/\/mexicocodigorojo.com.mx\/?cat=41"},"img":{"alt_text":"","src":"https:\/\/i0.wp.com\/secureservercdn.net\/166.62.108.22\/cg1.af3.myftpupload.com\/wp-content\/uploads\/2020\/07\/20200710_0108005302177369246199927.jpg?resize=350%2C200&ssl=1","width":350,"height":200,"srcset":"https:\/\/i0.wp.com\/secureservercdn.net\/166.62.108.22\/cg1.af3.myftpupload.com\/wp-content\/uploads\/2020\/07\/20200710_0108005302177369246199927.jpg?resize=350%2C200&ssl=1 1x, https:\/\/i0.wp.com\/secureservercdn.net\/166.62.108.22\/cg1.af3.myftpupload.com\/wp-content\/uploads\/2020\/07\/20200710_0108005302177369246199927.jpg?resize=525%2C300&ssl=1 1.5x, https:\/\/i0.wp.com\/secureservercdn.net\/166.62.108.22\/cg1.af3.myftpupload.com\/wp-content\/uploads\/2020\/07\/20200710_0108005302177369246199927.jpg?resize=700%2C400&ssl=1 2x"},"classes":[]},{"id":8444,"url":"https:\/\/mexicocodigorojo.com.mx\/?p=8444","url_meta":{"origin":58146,"position":4},"title":"NO LLEVABA NI UN MES EN EL CARGO Y EJECUTAN A LA DIRECTORA JUNTO AL SUBDIRECTOR DE LA POLIC\u00cdA DE ARMER\u00cdA, COLIMA","author":"Staff","date":"noviembre 10, 2018","format":false,"excerpt":"NO LLEVABA NI UN MES EN EL CARGO Y EJECUTAN A LA DIRECTORA JUNTO AL SUBDIRECTOR DE LA POLIC\u00cdA DE ARMER\u00cdA, COLIMA Mayra Janeth G\u00e1lvez Ram\u00edrez de 32 a\u00f1os de edad y directora de la Polic\u00eda Municipal de Armer\u00eda quien no llevaba ni un mes en el cargo y fue\u2026","rel":"","context":"En \u00abFeatured\u00bb","block_context":{"text":"Featured","link":"https:\/\/mexicocodigorojo.com.mx\/?cat=1724"},"img":{"alt_text":"","src":"https:\/\/i0.wp.com\/mexicocodigorojo.com.mx\/wp-content\/uploads\/2018\/11\/fb_img_1541866358459-1436167279.jpg?resize=350%2C200&ssl=1","width":350,"height":200},"classes":[]},{"id":2557,"url":"https:\/\/mexicocodigorojo.com.mx\/?p=2557","url_meta":{"origin":58146,"position":5},"title":"EJECUTAN A POLICIA ESTATAL EN ZAPOPAN JALISCO","author":"Staff","date":"septiembre 11, 2018","format":false,"excerpt":"De tres impactos de bala fue ejecutado un elemento de la Polic\u00eda Estatal que se encontraba en su d\u00eda de descanso, la agresi\u00f3n se registr\u00f3 en la calle Liberaci\u00f3n a su cruce con la calle Ni\u00f1o Artillero en la colonia Ind\u00edgena de Mezquitan en el municipio de Zapopan.Servicios M\u00e9dicos acudieron\u2026","rel":"","context":"En \u00abJalisco\u00bb","block_context":{"text":"Jalisco","link":"https:\/\/mexicocodigorojo.com.mx\/?cat=8"},"img":{"alt_text":"","src":"https:\/\/i0.wp.com\/mexicocodigorojo.com.mx\/wp-content\/uploads\/2018\/09\/FB_IMG_1536624892273.jpg?resize=350%2C200&ssl=1","width":350,"height":200},"classes":[]}],"jetpack_sharing_enabled":true,"jetpack_likes_enabled":true,"jetpack_shortlink":"https:\/\/wp.me\/p9TedA-f7Q","_links":{"self":[{"href":"https:\/\/mexicocodigorojo.com.mx\/index.php?rest_route=\/wp\/v2\/posts\/58146","targetHints":{"allow":["GET"]}}],"collection":[{"href":"https:\/\/mexicocodigorojo.com.mx\/index.php?rest_route=\/wp\/v2\/posts"}],"about":[{"href":"https:\/\/mexicocodigorojo.com.mx\/index.php?rest_route=\/wp\/v2\/types\/post"}],"author":[{"embeddable":true,"href":"https:\/\/mexicocodigorojo.com.mx\/index.php?rest_route=\/wp\/v2\/users\/5"}],"replies":[{"embeddable":true,"href":"https:\/\/mexicocodigorojo.com.mx\/index.php?rest_route=%2Fwp%2Fv2%2Fcomments&post=58146"}],"version-history":[{"count":1,"href":"https:\/\/mexicocodigorojo.com.mx\/index.php?rest_route=\/wp\/v2\/posts\/58146\/revisions"}],"predecessor-version":[{"id":58148,"href":"https:\/\/mexicocodigorojo.com.mx\/index.php?rest_route=\/wp\/v2\/posts\/58146\/revisions\/58148"}],"wp:featuredmedia":[{"embeddable":true,"href":"https:\/\/mexicocodigorojo.com.mx\/index.php?rest_route=\/wp\/v2\/media\/58147"}],"wp:attachment":[{"href":"https:\/\/mexicocodigorojo.com.mx\/index.php?rest_route=%2Fwp%2Fv2%2Fmedia&parent=58146"}],"wp:term":[{"taxonomy":"category","embeddable":true,"href":"https:\/\/mexicocodigorojo.com.mx\/index.php?rest_route=%2Fwp%2Fv2%2Fcategories&post=58146"},{"taxonomy":"post_tag","embeddable":true,"href":"https:\/\/mexicocodigorojo.com.mx\/index.php?rest_route=%2Fwp%2Fv2%2Ftags&post=58146"}],"curies":[{"name":"wp","href":"https:\/\/api.w.org\/{rel}","templated":true}]}}