{"id":58140,"date":"2023-11-13T12:00:00","date_gmt":"2023-11-13T18:00:00","guid":{"rendered":"https:\/\/mexicocodigorojo.com.mx\/?p=58140"},"modified":"2023-11-13T12:00:00","modified_gmt":"2023-11-13T18:00:00","slug":"video-habitantes-viven-con-la-zozobra-de-un-constante-enfrentamiento-entre-ga-en-sasabe-sonora","status":"publish","type":"post","link":"https:\/\/mexicocodigorojo.com.mx\/?p=58140","title":{"rendered":"VIDEO | Habitantes viven con la zozobra de un constante enfrentamiento entre GA en S\u00e1sabe Sonora"},"content":{"rendered":"<p>Durante el fin de semana se report\u00f3 que comandos de gente fuertemente armados realizaron varias incursiones a la comunidad,esto provoco una alerta para las autoridades aduanales de M\u00e9xico asi como de Estados Unidos.<\/p>\n<p>&nbsp;<\/p>\n<p>&nbsp;<\/p>\n<p>Estos \u00faltimos d\u00edas se han reportado varios enfrentamiento entre grupos antag\u00f3nicos el mas reciente se report\u00f3 el pasado s\u00e1bado,donde realizaron quema de viviendas as\u00ed como da\u00f1o a otras casas.<\/p>\n<p>&nbsp;<\/p>\n<p>&nbsp;<\/p>\n<p>El motivo de este incremento de violencia en esta zona y otras mas se menciona que son por el control del paso de migrantes en esa zona y el trafico de drogas hacia el pais vecino.<\/p>\n<p>&nbsp;<\/p>\n<p>&nbsp;<\/p>\n<p>Pese a estos hechos fueron reportados y al momento no se reportan la detenci\u00f3n de personas asi como la presencia de autoridades en el lugar para resguardar la situaci\u00f3n y evitar que siga en aumento y pueda ocurrir un desplazamiento de gente como a ocurrido en otros estados por la violencia generada por integrantes del crimen organizado.<\/p>\n<p>&nbsp;<\/p>\n<p>&nbsp;<\/p>\n<blockquote class=\"twitter-tweet\" data-width=\"550\" data-dnt=\"true\">\n<p lang=\"es\" dir=\"ltr\">Reacomodo entre las facciones del <a href=\"https:\/\/twitter.com\/hashtag\/CDS?src=hash&amp;ref_src=twsrc%5Etfw\">#CDS<\/a> que controlan la zona norte de <a href=\"https:\/\/twitter.com\/hashtag\/Sonora?src=hash&amp;ref_src=twsrc%5Etfw\">#Sonora<\/a> desata balaceras e incursiones de GA a raiz por el control del tr\u00e1fico de drogas e inmigrantes tienen ala poblaci\u00f3n en zozobra,esta balacera ocurrio entre <a href=\"https:\/\/twitter.com\/hashtag\/Oquitoa?src=hash&amp;ref_src=twsrc%5Etfw\">#Oquitoa<\/a> y <a href=\"https:\/\/twitter.com\/hashtag\/Altar?src=hash&amp;ref_src=twsrc%5Etfw\">#Altar<\/a> la semana pasada <a href=\"https:\/\/twitter.com\/Mr_Civico?ref_src=twsrc%5Etfw\">@Mr_Civico<\/a> <a href=\"https:\/\/t.co\/XDFBuBY2R4\">https:\/\/t.co\/XDFBuBY2R4<\/a> <a href=\"https:\/\/t.co\/5fbGxhxKaO\">pic.twitter.com\/5fbGxhxKaO<\/a><\/p>\n<p>&mdash; ALERTA CODIGO ROJO (@ALERTACODIGORO_) <a href=\"https:\/\/twitter.com\/ALERTACODIGORO_\/status\/1724121553456214189?ref_src=twsrc%5Etfw\">November 13, 2023<\/a><\/p><\/blockquote>\n<p><script async src=\"https:\/\/platform.twitter.com\/widgets.js\" charset=\"utf-8\"><\/script><\/p>\n","protected":false},"excerpt":{"rendered":"<p>Durante el fin de semana se report\u00f3 que comandos de gente fuertemente armados realizaron varias incursiones a la comunidad,esto provoco una alerta para las autoridades aduanales de M\u00e9xico asi como de Estados Unidos. &nbsp; &nbsp; Estos \u00faltimos d\u00edas se han reportado varios enfrentamiento entre grupos antag\u00f3nicos el mas reciente se report\u00f3 el pasado s\u00e1bado,donde realizaron [&hellip;]<\/p>\n","protected":false},"author":16,"featured_media":58141,"comment_status":"open","ping_status":"open","sticky":false,"template":"","format":"standard","meta":{"_uf_show_specific_survey":0,"_uf_disable_surveys":false,"advanced_seo_description":"","jetpack_seo_html_title":"","jetpack_seo_noindex":false,"jetpack_post_was_ever_published":false,"_jetpack_newsletter_access":"","_jetpack_dont_email_post_to_subs":false,"_jetpack_newsletter_tier_id":0,"_jetpack_memberships_contains_paywalled_content":false,"_jetpack_memberships_contains_paid_content":false,"footnotes":"","jetpack_publicize_message":"","jetpack_publicize_feature_enabled":true,"jetpack_social_post_already_shared":true,"jetpack_social_options":{"image_generator_settings":{"template":"highway","default_image_id":0,"font":"","enabled":false},"version":2}},"categories":[1724],"tags":[906,770,510],"class_list":{"0":"post-58140","1":"post","2":"type-post","3":"status-publish","4":"format-standard","5":"has-post-thumbnail","7":"category-featured","8":"tag-crimenorganizado","9":"tag-sonora","10":"tag-nacional"},"jetpack_publicize_connections":[],"jetpack_featured_media_url":"https:\/\/i0.wp.com\/mexicocodigorojo.com.mx\/wp-content\/uploads\/2023\/11\/FB_IMG_1699894211728.jpg?fit=720%2C720&ssl=1","jetpack-related-posts":[{"id":55678,"url":"https:\/\/mexicocodigorojo.com.mx\/?p=55678","url_meta":{"origin":58140,"position":0},"title":"Enfrentamiento en Sonora deja siete muertos y cuatro heridos","author":"Staff","date":"marzo 21, 2023","format":false,"excerpt":"La Mesa Estatal de Seguridad del Estado de\u00a0Sonora\u00a0report\u00f3 que este domingo, en el municipio de\u00a0Caborca, un enfrentamiento entre grupos criminales dej\u00f3 siete muertos y cuatro heridos. Dos personas fueron detenidas por estos hechos. A trav\u00e9s de redes sociales, las autoridades de\u00a0Sonora\u00a0informaron que tras el enfrentamiento se despleg\u00f3 un operativo donde\u2026","rel":"","context":"En \u00abFeatured\u00bb","block_context":{"text":"Featured","link":"https:\/\/mexicocodigorojo.com.mx\/?cat=1724"},"img":{"alt_text":"","src":"https:\/\/i0.wp.com\/mexicocodigorojo.com.mx\/wp-content\/uploads\/2023\/03\/enfentamiento-encaborca-deja-siete-personas-muertas-y-varias-armas-aseguradas.jpg?fit=1200%2C620&ssl=1&resize=350%2C200","width":350,"height":200,"srcset":"https:\/\/i0.wp.com\/mexicocodigorojo.com.mx\/wp-content\/uploads\/2023\/03\/enfentamiento-encaborca-deja-siete-personas-muertas-y-varias-armas-aseguradas.jpg?fit=1200%2C620&ssl=1&resize=350%2C200 1x, https:\/\/i0.wp.com\/mexicocodigorojo.com.mx\/wp-content\/uploads\/2023\/03\/enfentamiento-encaborca-deja-siete-personas-muertas-y-varias-armas-aseguradas.jpg?fit=1200%2C620&ssl=1&resize=525%2C300 1.5x, https:\/\/i0.wp.com\/mexicocodigorojo.com.mx\/wp-content\/uploads\/2023\/03\/enfentamiento-encaborca-deja-siete-personas-muertas-y-varias-armas-aseguradas.jpg?fit=1200%2C620&ssl=1&resize=700%2C400 2x, https:\/\/i0.wp.com\/mexicocodigorojo.com.mx\/wp-content\/uploads\/2023\/03\/enfentamiento-encaborca-deja-siete-personas-muertas-y-varias-armas-aseguradas.jpg?fit=1200%2C620&ssl=1&resize=1050%2C600 3x"},"classes":[]},{"id":59511,"url":"https:\/\/mexicocodigorojo.com.mx\/?p=59511","url_meta":{"origin":58140,"position":1},"title":"SONORA | VIDEO TOPON EN ALTAR  ENTRE LOS CAZADORES\/SALAZAR Y LOS PELONES\/DELTAS DEJA 2 PERSONAS SIN VIDA","author":"MexicoRojo","date":"abril 6, 2024","format":false,"excerpt":"El dia de ayer se report\u00f3 un fuerte enfrentamiento en el desierto de Altar entre grupos antag\u00f3nicos que se disputan la zona del desierto donde veh\u00edculos modificados fueron abandonados totalmente devastados por impactos de bala de grueso calibre. \u00a0 \u00a0 Seg\u00fan los reportes en las redes sociales, estos veh\u00edculos pertenecer\u00edan\u2026","rel":"","context":"En \u00abFeatured\u00bb","block_context":{"text":"Featured","link":"https:\/\/mexicocodigorojo.com.mx\/?cat=1724"},"img":{"alt_text":"","src":"https:\/\/i0.wp.com\/mexicocodigorojo.com.mx\/wp-content\/uploads\/2024\/04\/FB_IMG_1712413184780.jpg?fit=720%2C677&ssl=1&resize=350%2C200","width":350,"height":200,"srcset":"https:\/\/i0.wp.com\/mexicocodigorojo.com.mx\/wp-content\/uploads\/2024\/04\/FB_IMG_1712413184780.jpg?fit=720%2C677&ssl=1&resize=350%2C200 1x, https:\/\/i0.wp.com\/mexicocodigorojo.com.mx\/wp-content\/uploads\/2024\/04\/FB_IMG_1712413184780.jpg?fit=720%2C677&ssl=1&resize=525%2C300 1.5x, https:\/\/i0.wp.com\/mexicocodigorojo.com.mx\/wp-content\/uploads\/2024\/04\/FB_IMG_1712413184780.jpg?fit=720%2C677&ssl=1&resize=700%2C400 2x"},"classes":[]},{"id":61052,"url":"https:\/\/mexicocodigorojo.com.mx\/?p=61052","url_meta":{"origin":58140,"position":2},"title":"Sonora | Fotos Cae abatido el Delta 19 en un enfrentamiento contra Los Salazar en el Ejido Claro de Santa Ana","author":"MexicoRojo","date":"mayo 24, 2024","format":false,"excerpt":"Cae abatido el Delta 19 en un enfrentamiento contra Los Salazar en el Ejido Claro de Santa Ana, Sonora. \u00a0 \u00a0 En Santa Ana, Sonora se report\u00f3 un fuerte enfrentamiento durante la noche del mi\u00e9rcoles entre grupos de Sicarios antag\u00f3nicos. \u00a0 \u00a0 El enfrentamiento se registr\u00f3 en el Ejido Claro,\u2026","rel":"","context":"En \u00abFeatured\u00bb","block_context":{"text":"Featured","link":"https:\/\/mexicocodigorojo.com.mx\/?cat=1724"},"img":{"alt_text":"","src":"https:\/\/i0.wp.com\/mexicocodigorojo.com.mx\/wp-content\/uploads\/2024\/05\/received_333817939729591.jpeg?resize=350%2C200","width":350,"height":200},"classes":[]},{"id":51040,"url":"https:\/\/mexicocodigorojo.com.mx\/?p=51040","url_meta":{"origin":58140,"position":3},"title":"Balacera en Sonora deja 4 sicarios abatidos y 2 polic\u00edas lesionados","author":"Staff","date":"septiembre 6, 2021","format":false,"excerpt":"En la carretera Pitiquito-Altar, Sonora, un enfrentamiento entre autoridades y civiles armados dej\u00f3 como saldo 4 muertos y 2 polic\u00edas heridos Un enfrentamiento en una carretera de Sonora tiene como sado preliminar cuatro presuntos sicarios muertos y dos polic\u00edas heridos, inform\u00f3 la Secretar\u00eda de Seguridad P\u00fablica de la entidad, Este\u2026","rel":"","context":"En \u00abFeatured\u00bb","block_context":{"text":"Featured","link":"https:\/\/mexicocodigorojo.com.mx\/?cat=1724"},"img":{"alt_text":"","src":"https:\/\/i0.wp.com\/mexicocodigorojo.com.mx\/wp-content\/uploads\/2021\/09\/IMG-20210906-WA0047.jpg?fit=720%2C540&ssl=1&resize=350%2C200","width":350,"height":200,"srcset":"https:\/\/i0.wp.com\/mexicocodigorojo.com.mx\/wp-content\/uploads\/2021\/09\/IMG-20210906-WA0047.jpg?fit=720%2C540&ssl=1&resize=350%2C200 1x, https:\/\/i0.wp.com\/mexicocodigorojo.com.mx\/wp-content\/uploads\/2021\/09\/IMG-20210906-WA0047.jpg?fit=720%2C540&ssl=1&resize=525%2C300 1.5x, https:\/\/i0.wp.com\/mexicocodigorojo.com.mx\/wp-content\/uploads\/2021\/09\/IMG-20210906-WA0047.jpg?fit=720%2C540&ssl=1&resize=700%2C400 2x"},"classes":[]},{"id":9667,"url":"https:\/\/mexicocodigorojo.com.mx\/?p=9667","url_meta":{"origin":58140,"position":4},"title":"ENFRENTAMIENTO ENTRE PRESUNTOS HUACHICOLEROS Y GUARDIA TRADICIONAL DE LOMA DE BACUM, DEJA EL DECOMISO DE EQUIPO PARA ROBAR COMBUSTIBLE A PEMEX","author":"Staff","date":"noviembre 29, 2018","format":false,"excerpt":"ENFRENTAMIENTO ENTRE PRESUNTOS HUACHICOLEROS Y GUARDIA TRADICIONAL DE LOMA DE BACUM, DEJA EL DECOMISO DE EQUIPO PARA ROBAR COMBUSTIBLE A PEMEX En versi\u00f3n extraoficial se habla que est\u00e1 noche de mi\u00e9rcoles una patrulla Yaqui se enfrent\u00f3 a balazos en contra de hombres que se encontraban succionando un ducto de Petr\u00f3leos\u2026","rel":"","context":"En \u00abSonora\u00bb","block_context":{"text":"Sonora","link":"https:\/\/mexicocodigorojo.com.mx\/?cat=115"},"img":{"alt_text":"","src":"https:\/\/i0.wp.com\/mexicocodigorojo.com.mx\/wp-content\/uploads\/2018\/11\/fb_img_15435046915251438174214.jpg?resize=350%2C200&ssl=1","width":350,"height":200},"classes":[]},{"id":58229,"url":"https:\/\/mexicocodigorojo.com.mx\/?p=58229","url_meta":{"origin":58140,"position":5},"title":"FOTOS En Santa Ana Sonora Los Deltas dejan una hielera junto a un narco mensaje para \u2018El Ponchis\u2019 del CDS\/LaChapiza","author":"MexicoRojo","date":"noviembre 20, 2023","format":false,"excerpt":"La ma\u00f1ana de ayer domingo se report\u00f3 una hielera de color rojo junto con una cartulina con un narco mensaje escrito que estaba encintado en la parte de arriba de la hielera. \u00a0 \u00a0 La cual conten\u00eda el siguiente mensaje: \u201cEsto le va a pasar a toda la bola de\u2026","rel":"","context":"En \u00abFeatured\u00bb","block_context":{"text":"Featured","link":"https:\/\/mexicocodigorojo.com.mx\/?cat=1724"},"img":{"alt_text":"","src":"https:\/\/i0.wp.com\/mexicocodigorojo.com.mx\/wp-content\/uploads\/2023\/11\/Polish_20231120_132940329.jpg?fit=720%2C540&ssl=1&resize=350%2C200","width":350,"height":200,"srcset":"https:\/\/i0.wp.com\/mexicocodigorojo.com.mx\/wp-content\/uploads\/2023\/11\/Polish_20231120_132940329.jpg?fit=720%2C540&ssl=1&resize=350%2C200 1x, https:\/\/i0.wp.com\/mexicocodigorojo.com.mx\/wp-content\/uploads\/2023\/11\/Polish_20231120_132940329.jpg?fit=720%2C540&ssl=1&resize=525%2C300 1.5x, https:\/\/i0.wp.com\/mexicocodigorojo.com.mx\/wp-content\/uploads\/2023\/11\/Polish_20231120_132940329.jpg?fit=720%2C540&ssl=1&resize=700%2C400 2x"},"classes":[]}],"jetpack_sharing_enabled":true,"jetpack_likes_enabled":true,"jetpack_shortlink":"https:\/\/wp.me\/p9TedA-f7K","_links":{"self":[{"href":"https:\/\/mexicocodigorojo.com.mx\/index.php?rest_route=\/wp\/v2\/posts\/58140","targetHints":{"allow":["GET"]}}],"collection":[{"href":"https:\/\/mexicocodigorojo.com.mx\/index.php?rest_route=\/wp\/v2\/posts"}],"about":[{"href":"https:\/\/mexicocodigorojo.com.mx\/index.php?rest_route=\/wp\/v2\/types\/post"}],"author":[{"embeddable":true,"href":"https:\/\/mexicocodigorojo.com.mx\/index.php?rest_route=\/wp\/v2\/users\/16"}],"replies":[{"embeddable":true,"href":"https:\/\/mexicocodigorojo.com.mx\/index.php?rest_route=%2Fwp%2Fv2%2Fcomments&post=58140"}],"version-history":[{"count":1,"href":"https:\/\/mexicocodigorojo.com.mx\/index.php?rest_route=\/wp\/v2\/posts\/58140\/revisions"}],"predecessor-version":[{"id":58142,"href":"https:\/\/mexicocodigorojo.com.mx\/index.php?rest_route=\/wp\/v2\/posts\/58140\/revisions\/58142"}],"wp:featuredmedia":[{"embeddable":true,"href":"https:\/\/mexicocodigorojo.com.mx\/index.php?rest_route=\/wp\/v2\/media\/58141"}],"wp:attachment":[{"href":"https:\/\/mexicocodigorojo.com.mx\/index.php?rest_route=%2Fwp%2Fv2%2Fmedia&parent=58140"}],"wp:term":[{"taxonomy":"category","embeddable":true,"href":"https:\/\/mexicocodigorojo.com.mx\/index.php?rest_route=%2Fwp%2Fv2%2Fcategories&post=58140"},{"taxonomy":"post_tag","embeddable":true,"href":"https:\/\/mexicocodigorojo.com.mx\/index.php?rest_route=%2Fwp%2Fv2%2Ftags&post=58140"}],"curies":[{"name":"wp","href":"https:\/\/api.w.org\/{rel}","templated":true}]}}