{"id":578,"date":"2018-06-21T18:32:19","date_gmt":"2018-06-21T18:32:19","guid":{"rendered":"https:\/\/mexicocodigorojo.com.mx\/?p=578"},"modified":"2018-06-21T18:32:19","modified_gmt":"2018-06-21T18:32:19","slug":"maribel-abrazo-a-un-nino-para-salvarlo-de-las-balas-ella-fallecio-junto-con-otra-persona","status":"publish","type":"post","link":"https:\/\/mexicocodigorojo.com.mx\/?p=578","title":{"rendered":"Maribel abraz\u00f3 a un ni\u00f1o para salvarlo de las balas; ella falleci\u00f3 junto con otra persona"},"content":{"rendered":"<p>Culiac\u00e1n, Sinaloa.- Un atentado a balazos se registr\u00f3 en una de las calles de la colonia\u00a0<strong>Riveras de Tamazula<\/strong>\u00a0donde perdieron la vida una mujer y un hombre en estos hechos. Se inform\u00f3 que result\u00f3 con\u00a0heridas leves un ni\u00f1o de 3\u00a0a\u00f1os de edad, quien logr\u00f3 salvar la vida tras ser abrazado por ella.<\/p>\n<h2>Los hechos<\/h2>\n<p>El ataque ocurri\u00f3 por la calle \u00c9ufrates entre las avenidas Tamazula y Sanalona de la colonia Loma de Tamazula.<\/p>\n<p>Los primeros informes indican que la mujer era acompa\u00f1ada de un hombre y un ni\u00f1o de alrededor\u00a0 de tres\u00a0de edad a bordo de un autom\u00f3vil Tsuru blanco,\u00a0cuando sujetos desconocidos los atacaron a balazos.<\/p>\n<p>La f\u00e9mina qued\u00f3 sin vida en el asiento del copiloto mientras que su acompa\u00f1ante fue llevado de urgencia a un hospital y posteriormente falleci\u00f3;\u00a0tambi\u00e9n el menor fue llevado por los param\u00e9dicos\u00a0en donde fue reportado con heridas leves.<\/p>\n<p>En el lugar del atentado se encontraron varios casquillos de arma larga calibre .772 mil\u00edmetros. A simple vista a la unidad se le aprecian a simple vista alrededor de 15 disparos en el \u00e1rea de el vidrio delantero.<\/p>\n<p>Extraoficialmente se dijo que la v\u00edctima llevaba por nombre\u00a0<strong>Maribel \u2018N\u2019<\/strong>\u00a0quien presuntamente ten\u00eda su domicilio por la calle donde sucedieron los hechos.\u00a0Los nombres de los heridos son Manuel \u2018N\u2019 y el menor de edad \u2018Maximiliano\u2019.<\/p>\n<p>El arma que se utiliz\u00f3 en el atentado fue el conocido como cuerno de chivo. Elementos de la polic\u00eda municipal y elementos militares llegaron para resguardar el \u00e1rea, as\u00ed mismo se implement\u00f3 un operativo de b\u00fasqueda por los alrededores pero no fueron localizados.<\/p>\n<p>&nbsp;<\/p>\n<pre>Con informaci\u00f3n de Debate.<\/pre>\n","protected":false},"excerpt":{"rendered":"<p>Culiac\u00e1n, Sinaloa.- Un atentado a balazos se registr\u00f3 en una de las calles de la colonia\u00a0Riveras de Tamazula\u00a0donde perdieron la vida una mujer y un hombre en estos hechos. Se inform\u00f3 que result\u00f3 con\u00a0heridas leves un ni\u00f1o de 3\u00a0a\u00f1os de edad, quien logr\u00f3 salvar la vida tras ser abrazado por ella. Los hechos El ataque [&hellip;]<\/p>\n","protected":false},"author":5,"featured_media":579,"comment_status":"open","ping_status":"open","sticky":false,"template":"","format":"standard","meta":{"_uf_show_specific_survey":0,"_uf_disable_surveys":false,"advanced_seo_description":"","jetpack_seo_html_title":"","jetpack_seo_noindex":false,"jetpack_post_was_ever_published":false,"_jetpack_newsletter_access":"","_jetpack_dont_email_post_to_subs":false,"_jetpack_newsletter_tier_id":0,"_jetpack_memberships_contains_paywalled_content":false,"_jetpack_memberships_contains_paid_content":false,"footnotes":"","jetpack_publicize_message":"","jetpack_publicize_feature_enabled":true,"jetpack_social_post_already_shared":false,"jetpack_social_options":{"image_generator_settings":{"template":"highway","default_image_id":0,"font":"","enabled":false},"version":2}},"categories":[41],"tags":[6,60,28],"class_list":{"0":"post-578","1":"post","2":"type-post","3":"status-publish","4":"format-standard","5":"has-post-thumbnail","7":"category-sinaloa","8":"tag-baleados","9":"tag-policiaca","10":"tag-sicarios"},"jetpack_publicize_connections":[],"jetpack_featured_media_url":"https:\/\/i0.wp.com\/mexicocodigorojo.com.mx\/wp-content\/uploads\/2018\/06\/whatsapp_image_2018-06-20_at_1_48_11_pm.jpeg_1844010164.jpeg?fit=726%2C408&ssl=1","jetpack-related-posts":[{"id":14746,"url":"https:\/\/mexicocodigorojo.com.mx\/?p=14746","url_meta":{"origin":578,"position":0},"title":"MURI\u00d3 PRIMO DE EL MONARCA DE SINALOA TRAS SER BALEADOS","author":"Staff","date":"febrero 27, 2019","format":false,"excerpt":"El cantante de corridos Francisco Javier Ruiz Zavala alias \u201cEl Monarca de Sinaloa\u201d fue dado de alta la ma\u00f1ana de este domingo de la cl\u00ednica en la que se encontraba internado. El int\u00e9rprete result\u00f3 con tres heridas de bala en diferentes partes de cuerpo en un atentado registrado durante la\u2026","rel":"","context":"En \u00abSinaloa\u00bb","block_context":{"text":"Sinaloa","link":"https:\/\/mexicocodigorojo.com.mx\/?cat=41"},"img":{"alt_text":"","src":"https:\/\/i0.wp.com\/mexicocodigorojo.com.mx\/wp-content\/uploads\/2019\/02\/Sin-t%C3%ADtulo-7.jpg?fit=640%2C506&ssl=1&resize=350%2C200","width":350,"height":200,"srcset":"https:\/\/i0.wp.com\/mexicocodigorojo.com.mx\/wp-content\/uploads\/2019\/02\/Sin-t%C3%ADtulo-7.jpg?fit=640%2C506&ssl=1&resize=350%2C200 1x, https:\/\/i0.wp.com\/mexicocodigorojo.com.mx\/wp-content\/uploads\/2019\/02\/Sin-t%C3%ADtulo-7.jpg?fit=640%2C506&ssl=1&resize=525%2C300 1.5x"},"classes":[]},{"id":57881,"url":"https:\/\/mexicocodigorojo.com.mx\/?p=57881","url_meta":{"origin":578,"position":1},"title":"FOTOS EJECUTAN A 8 PERSONAS EN TAMAZULA DURANGO,2 ABRIAN SIDO LEVANTADOS EN CULIACAN SINALOA","author":"MexicoRojo","date":"octubre 28, 2023","format":false,"excerpt":"Los cuerpos localizados en Tamazula, Durango s\u00ed son los levantados de la colonia Bosques del Rey en Culiac\u00e1n, estos fueron trasladados durante esta tarde al Servicio M\u00e9dico Forense de Culiac\u00e1n. \u00a0 \u00a0 Se estableci\u00f3 que todas las v\u00edctimas son del sexo masculino, quienes presentaban huellas de tortura y heridas por\u2026","rel":"","context":"En \u00abFeatured\u00bb","block_context":{"text":"Featured","link":"https:\/\/mexicocodigorojo.com.mx\/?cat=1724"},"img":{"alt_text":"","src":"https:\/\/i0.wp.com\/mexicocodigorojo.com.mx\/wp-content\/uploads\/2023\/10\/c4vy4w-scaled.jpg?fit=1200%2C1200&ssl=1&resize=350%2C200","width":350,"height":200,"srcset":"https:\/\/i0.wp.com\/mexicocodigorojo.com.mx\/wp-content\/uploads\/2023\/10\/c4vy4w-scaled.jpg?fit=1200%2C1200&ssl=1&resize=350%2C200 1x, https:\/\/i0.wp.com\/mexicocodigorojo.com.mx\/wp-content\/uploads\/2023\/10\/c4vy4w-scaled.jpg?fit=1200%2C1200&ssl=1&resize=525%2C300 1.5x, https:\/\/i0.wp.com\/mexicocodigorojo.com.mx\/wp-content\/uploads\/2023\/10\/c4vy4w-scaled.jpg?fit=1200%2C1200&ssl=1&resize=700%2C400 2x, https:\/\/i0.wp.com\/mexicocodigorojo.com.mx\/wp-content\/uploads\/2023\/10\/c4vy4w-scaled.jpg?fit=1200%2C1200&ssl=1&resize=1050%2C600 3x"},"classes":[]},{"id":63475,"url":"https:\/\/mexicocodigorojo.com.mx\/?p=63475","url_meta":{"origin":578,"position":2},"title":"Los Chapitos desaf\u00edan a Harfuch asesinandole un agente de investigaci\u00f3n en Culiac\u00e1n","author":"Staff","date":"diciembre 19, 2024","format":false,"excerpt":"Jes\u00fas Alfredo Beltr\u00e1n Guzm\u00e1n, alias El\u00a0Mochomito\u00a0presunto integrante de la\u00a0facci\u00f3n de Los Chapitos\u00a0fue el\u00a0responsable directo del\u00a0ataque contra los agentes federales de la SSPC en Culiac\u00e1n, donde un elemento perdi\u00f3 la vida, confirmaron autoridades del estado vecino de Sonora. Adem\u00e1s de la capital de Sinaloa,\u00a0otros hechos de violencia se registraron en los\u2026","rel":"","context":"En \u00abFeatured\u00bb","block_context":{"text":"Featured","link":"https:\/\/mexicocodigorojo.com.mx\/?cat=1724"},"img":{"alt_text":"","src":"https:\/\/mexicocodigorojo.com.mx\/wp-content\/uploads\/2024\/12\/YRT3UPJ3URAHRJOIGN7MBJ7G74.avif","width":350,"height":200,"srcset":"https:\/\/mexicocodigorojo.com.mx\/wp-content\/uploads\/2024\/12\/YRT3UPJ3URAHRJOIGN7MBJ7G74.avif 1x, https:\/\/mexicocodigorojo.com.mx\/wp-content\/uploads\/2024\/12\/YRT3UPJ3URAHRJOIGN7MBJ7G74.avif 1.5x, https:\/\/mexicocodigorojo.com.mx\/wp-content\/uploads\/2024\/12\/YRT3UPJ3URAHRJOIGN7MBJ7G74.avif 2x, https:\/\/mexicocodigorojo.com.mx\/wp-content\/uploads\/2024\/12\/YRT3UPJ3URAHRJOIGN7MBJ7G74.avif 3x"},"classes":[]},{"id":56976,"url":"https:\/\/mexicocodigorojo.com.mx\/?p=56976","url_meta":{"origin":578,"position":3},"title":"Identifica F\u00edscalia de Durango a fallecidos por enfrentamiento en Tamazula","author":"Staff","date":"agosto 31, 2023","format":false,"excerpt":"La Fiscal\u00eda General del Estado de Durango (FGE)\u00a0dio a conocer el nombre de las dos personas que perdieron la vida en los enfrentamientos\u00a0ocurridos el domingo pasado, en la zona conocida como El Durazno, en Tamazula. Tres d\u00edas despu\u00e9s de los sucesos, la autoridad\u00a0emiti\u00f3 un comunicado para afirmar que tom\u00f3 el\u2026","rel":"","context":"En \u00abDurango\u00bb","block_context":{"text":"Durango","link":"https:\/\/mexicocodigorojo.com.mx\/?cat=293"},"img":{"alt_text":"","src":"https:\/\/i0.wp.com\/mexicocodigorojo.com.mx\/wp-content\/uploads\/2023\/08\/militares-tamazula-enfrentamiento-30092023.jpeg?fit=1200%2C750&ssl=1&resize=350%2C200","width":350,"height":200,"srcset":"https:\/\/i0.wp.com\/mexicocodigorojo.com.mx\/wp-content\/uploads\/2023\/08\/militares-tamazula-enfrentamiento-30092023.jpeg?fit=1200%2C750&ssl=1&resize=350%2C200 1x, https:\/\/i0.wp.com\/mexicocodigorojo.com.mx\/wp-content\/uploads\/2023\/08\/militares-tamazula-enfrentamiento-30092023.jpeg?fit=1200%2C750&ssl=1&resize=525%2C300 1.5x, https:\/\/i0.wp.com\/mexicocodigorojo.com.mx\/wp-content\/uploads\/2023\/08\/militares-tamazula-enfrentamiento-30092023.jpeg?fit=1200%2C750&ssl=1&resize=700%2C400 2x, https:\/\/i0.wp.com\/mexicocodigorojo.com.mx\/wp-content\/uploads\/2023\/08\/militares-tamazula-enfrentamiento-30092023.jpeg?fit=1200%2C750&ssl=1&resize=1050%2C600 3x"},"classes":[]},{"id":26312,"url":"https:\/\/mexicocodigorojo.com.mx\/?p=26312","url_meta":{"origin":578,"position":4},"title":"Asesinan a madre e hija y dejan herido a ni\u00f1o en Ecatepec","author":"Staff","date":"noviembre 1, 2019","format":false,"excerpt":"La mujer y sus hijos menores de edad, caminaban en la v\u00eda p\u00fablica cuando fueron atacados a balazos con armas de grueso calibre en la colonia Luis Donaldo Colosio Una agresi\u00f3n directa a balazos en contra de una familia termin\u00f3 con la vida de una mujer de 30 a\u00f1os, una\u2026","rel":"","context":"En \u00abEstado de M\u00e9xico\u00bb","block_context":{"text":"Estado de M\u00e9xico","link":"https:\/\/mexicocodigorojo.com.mx\/?cat=53"},"img":{"alt_text":"","src":"https:\/\/i0.wp.com\/mexicocodigorojo.com.mx\/wp-content\/uploads\/2019\/11\/2247025.jpg?fit=664%2C498&ssl=1&resize=350%2C200","width":350,"height":200,"srcset":"https:\/\/i0.wp.com\/mexicocodigorojo.com.mx\/wp-content\/uploads\/2019\/11\/2247025.jpg?fit=664%2C498&ssl=1&resize=350%2C200 1x, https:\/\/i0.wp.com\/mexicocodigorojo.com.mx\/wp-content\/uploads\/2019\/11\/2247025.jpg?fit=664%2C498&ssl=1&resize=525%2C300 1.5x"},"classes":[]},{"id":22261,"url":"https:\/\/mexicocodigorojo.com.mx\/?p=22261","url_meta":{"origin":578,"position":5},"title":"Video; Conductora embiste moto con mujer embarazada y ni\u00f1o a bordo","author":"Staff","date":"agosto 19, 2019","format":false,"excerpt":"El ni\u00f1o de dos a\u00f1os cay\u00f3 con la cara, la mujer embarazada se golpe\u00f3 a un costado del vientre y el conductor de la moto se fractur\u00f3 el tobillo, el accidente ocurri\u00f3 en Culiac\u00e1n Una conductora particular\u00a0embisti\u00f3\u00a0una\u00a0motocicleta\u00a0con una\u00a0mujer\u00a0embarazada, un\u00a0ni\u00f1o\u00a0peque\u00f1o y un\u00a0hombre\u00a0en Culiac\u00e1n,\u00a0Sinaloa. La tarde del 15 de agosto, la familia\u2026","rel":"","context":"En \u00abSinaloa\u00bb","block_context":{"text":"Sinaloa","link":"https:\/\/mexicocodigorojo.com.mx\/?cat=41"},"img":{"alt_text":"","src":"https:\/\/i0.wp.com\/mexicocodigorojo.com.mx\/wp-content\/uploads\/2019\/08\/familia-embestida-por-auto.jpg?fit=980%2C550&ssl=1&resize=350%2C200","width":350,"height":200,"srcset":"https:\/\/i0.wp.com\/mexicocodigorojo.com.mx\/wp-content\/uploads\/2019\/08\/familia-embestida-por-auto.jpg?fit=980%2C550&ssl=1&resize=350%2C200 1x, https:\/\/i0.wp.com\/mexicocodigorojo.com.mx\/wp-content\/uploads\/2019\/08\/familia-embestida-por-auto.jpg?fit=980%2C550&ssl=1&resize=525%2C300 1.5x, https:\/\/i0.wp.com\/mexicocodigorojo.com.mx\/wp-content\/uploads\/2019\/08\/familia-embestida-por-auto.jpg?fit=980%2C550&ssl=1&resize=700%2C400 2x"},"classes":[]}],"jetpack_sharing_enabled":true,"jetpack_likes_enabled":true,"jetpack_shortlink":"https:\/\/wp.me\/p9TedA-9k","_links":{"self":[{"href":"https:\/\/mexicocodigorojo.com.mx\/index.php?rest_route=\/wp\/v2\/posts\/578","targetHints":{"allow":["GET"]}}],"collection":[{"href":"https:\/\/mexicocodigorojo.com.mx\/index.php?rest_route=\/wp\/v2\/posts"}],"about":[{"href":"https:\/\/mexicocodigorojo.com.mx\/index.php?rest_route=\/wp\/v2\/types\/post"}],"author":[{"embeddable":true,"href":"https:\/\/mexicocodigorojo.com.mx\/index.php?rest_route=\/wp\/v2\/users\/5"}],"replies":[{"embeddable":true,"href":"https:\/\/mexicocodigorojo.com.mx\/index.php?rest_route=%2Fwp%2Fv2%2Fcomments&post=578"}],"version-history":[{"count":0,"href":"https:\/\/mexicocodigorojo.com.mx\/index.php?rest_route=\/wp\/v2\/posts\/578\/revisions"}],"wp:featuredmedia":[{"embeddable":true,"href":"https:\/\/mexicocodigorojo.com.mx\/index.php?rest_route=\/wp\/v2\/media\/579"}],"wp:attachment":[{"href":"https:\/\/mexicocodigorojo.com.mx\/index.php?rest_route=%2Fwp%2Fv2%2Fmedia&parent=578"}],"wp:term":[{"taxonomy":"category","embeddable":true,"href":"https:\/\/mexicocodigorojo.com.mx\/index.php?rest_route=%2Fwp%2Fv2%2Fcategories&post=578"},{"taxonomy":"post_tag","embeddable":true,"href":"https:\/\/mexicocodigorojo.com.mx\/index.php?rest_route=%2Fwp%2Fv2%2Ftags&post=578"}],"curies":[{"name":"wp","href":"https:\/\/api.w.org\/{rel}","templated":true}]}}