{"id":57363,"date":"2023-09-25T23:38:17","date_gmt":"2023-09-26T05:38:17","guid":{"rendered":"https:\/\/mexicocodigorojo.com.mx\/?p=57363"},"modified":"2023-09-25T23:38:17","modified_gmt":"2023-09-26T05:38:17","slug":"normalistas-lanzan-cohetones-y-queman-camioneta-afuera-de-la-fiscalia-en-guerrero","status":"publish","type":"post","link":"https:\/\/mexicocodigorojo.com.mx\/?p=57363","title":{"rendered":"Normalistas lanzan cohetones y queman camioneta afuera de la fiscal\u00eda en Guerrero"},"content":{"rendered":"<p>Chilpancingo.- Estudiantes de la normal rural de Ayotzinapa quemaron una camioneta y lanzaron cohetones a las instalaciones de la Fiscal\u00eda General del Estado (FGE), en Chilpancingo, en protesta por los nueve a\u00f1os del ataque y desaparici\u00f3n de los 43 normalistas el 26 y 27 de septiembre del 2014 en Iguala.<\/p>\n<p>Este mediod\u00eda, unos 300 estudiantes de Ayotzinapa realizaron un mitin en el punto conocido como el Parador de Marqu\u00e9s, justo en los cruces de la carretera federal y la autopista del Sol.<\/p>\n<p>El mitin lo realizaron justo en las cruces que colocaron por sus compa\u00f1eros Gabriel Echeverr\u00eda de Jes\u00fas y Alexis Herrera Pino, asesinados en 2011 por polic\u00edas federales y ministeriales.<\/p>\n<p>Los estudiantes demandaron que se esclarezca la desaparici\u00f3n de sus 43 compa\u00f1eros y que se castigue a los culpables.<\/p>\n<p>Adem\u00e1s lamentaron que el presidente de la Rep\u00fablica, Andr\u00e9s Manuel L\u00f3pez Obrador, proteja al Ej\u00e9rcito, a no exigirle que entregue toda la informaci\u00f3n con la que cuenta de los hechos de la noche del 26 y la madrugada del 27 de septiembre del 2014, en la que se ha documentado profundamente la participaci\u00f3n de soldados del 27 Batall\u00f3n de Infanter\u00eda.<\/p>\n<p>Durante m\u00e1s de una hora mantuvieron bloqueadas las dos v\u00edas.<\/p>\n<p>Despu\u00e9s se trasladaron a las instalaciones de la fiscal\u00eda, lanzaron una camioneta repartidora hacia una puerta y le prendieron lumbre, luego bombas molotov, tumbaron una barda perimetral, como parte de sus protestas por los nueve a\u00f1os de la desaparici\u00f3n.<\/p>\n<p>Tambi\u00e9n hicieron pintas, donde exigieron a L\u00f3pez Obrador que investigue al Ej\u00e9rcito y se d\u00e9 con el paradero de los normalistas.<\/p>\n<p>Por su parte, la FGE inform\u00f3 que abri\u00f3 una carpeta de investigaci\u00f3n por los delitos de da\u00f1os a la propiedad ajena.<\/p>\n<p>Con informaci\u00f3n del Universal<\/p>\n","protected":false},"excerpt":{"rendered":"<p>Chilpancingo.- Estudiantes de la normal rural de Ayotzinapa quemaron una camioneta y lanzaron cohetones a las instalaciones de la Fiscal\u00eda General del Estado (FGE), en Chilpancingo, en protesta por los nueve a\u00f1os del ataque y desaparici\u00f3n de los 43 normalistas el 26 y 27 de septiembre del 2014 en Iguala. Este mediod\u00eda, unos 300 estudiantes [&hellip;]<\/p>\n","protected":false},"author":5,"featured_media":57364,"comment_status":"open","ping_status":"open","sticky":false,"template":"","format":"standard","meta":{"_uf_show_specific_survey":0,"_uf_disable_surveys":false,"advanced_seo_description":"","jetpack_seo_html_title":"","jetpack_seo_noindex":false,"jetpack_post_was_ever_published":false,"_jetpack_newsletter_access":"","_jetpack_dont_email_post_to_subs":false,"_jetpack_newsletter_tier_id":0,"_jetpack_memberships_contains_paywalled_content":false,"_jetpack_memberships_contains_paid_content":false,"footnotes":"","jetpack_publicize_message":"","jetpack_publicize_feature_enabled":true,"jetpack_social_post_already_shared":true,"jetpack_social_options":{"image_generator_settings":{"template":"highway","default_image_id":0,"font":"","enabled":false},"version":2}},"categories":[1724,26],"tags":[908,1891],"class_list":{"0":"post-57363","1":"post","2":"type-post","3":"status-publish","4":"format-standard","5":"has-post-thumbnail","7":"category-featured","8":"category-guerrero","9":"tag-protestas","10":"tag-ayotzinapa"},"jetpack_publicize_connections":[],"jetpack_featured_media_url":"https:\/\/i0.wp.com\/mexicocodigorojo.com.mx\/wp-content\/uploads\/2023\/09\/d7-fec04d1b-focus-min0.17-0.02-900-400.jpg?fit=900%2C400&ssl=1","jetpack-related-posts":[{"id":3162,"url":"https:\/\/mexicocodigorojo.com.mx\/?p=3162","url_meta":{"origin":57363,"position":0},"title":"Normalistas Vandalizan Patrulla E Intentan Secuestrar A Polic\u00eda Federal En Guerrero","author":"Staff","date":"septiembre 17, 2018","format":false,"excerpt":"Chilpancingo, Gro. 16 de septiembre del 2018. Estudiantes de la Escuela Normal de Ayotzinapa bloquearon la Autopista del Sol con varios veh\u00edculos que despojaron previamente de sus propietarios.Incluso, los normalistas vandalizaron una patrulla de la Polic\u00eda Federal e intentaron privar de su libertad a un elemento policiaco para usarlo como\u2026","rel":"","context":"En \u00abGuerrero\u00bb","block_context":{"text":"Guerrero","link":"https:\/\/mexicocodigorojo.com.mx\/?cat=26"},"img":{"alt_text":"","src":"","width":0,"height":0},"classes":[]},{"id":40350,"url":"https:\/\/mexicocodigorojo.com.mx\/?p=40350","url_meta":{"origin":57363,"position":1},"title":"Cae \u00abEl Mochomo\u00bb, involucrado en la desaparici\u00f3n de los 43","author":"Staff","date":"junio 29, 2020","format":false,"excerpt":"\u00c1ngel Casarrubias es hermano de Sidronio Casarrubias, presunto l\u00edder del c\u00e1rtel Guerreros Unidos. El pasado mi\u00e9rcoles fue detenido\u00a0Jos\u00e9 Angel Casarrubias Salgado, alias\u00a0El Mochomo, miembro del grupo Guerreros Unidos y se\u00f1alado como responsable de la desaparici\u00f3n de los\u00a043 normalistas de Ayotzinapa. As\u00ed lo confirma esta ficha de la Secretar\u00eda de Seguridad\u2026","rel":"","context":"En \u00abEstado de M\u00e9xico\u00bb","block_context":{"text":"Estado de M\u00e9xico","link":"https:\/\/mexicocodigorojo.com.mx\/?cat=53"},"img":{"alt_text":"","src":"https:\/\/i0.wp.com\/mexicocodigorojo.com.mx\/wp-content\/uploads\/2020\/06\/43_ayotzinapa.jpg?fit=1024%2C640&ssl=1&resize=350%2C200","width":350,"height":200,"srcset":"https:\/\/i0.wp.com\/mexicocodigorojo.com.mx\/wp-content\/uploads\/2020\/06\/43_ayotzinapa.jpg?fit=1024%2C640&ssl=1&resize=350%2C200 1x, https:\/\/i0.wp.com\/mexicocodigorojo.com.mx\/wp-content\/uploads\/2020\/06\/43_ayotzinapa.jpg?fit=1024%2C640&ssl=1&resize=525%2C300 1.5x, https:\/\/i0.wp.com\/mexicocodigorojo.com.mx\/wp-content\/uploads\/2020\/06\/43_ayotzinapa.jpg?fit=1024%2C640&ssl=1&resize=700%2C400 2x"},"classes":[]},{"id":18857,"url":"https:\/\/mexicocodigorojo.com.mx\/?p=18857","url_meta":{"origin":57363,"position":2},"title":"Video sobre las torturas en el caso Ayotzinapa sale a la luz","author":"Staff","date":"junio 22, 2019","format":false,"excerpt":"El detenido ser\u00eda un joven llamado Carlos Canto (Video: YouTube) https:\/\/youtu.be\/FreZfTxeR9g Un video sobre el caso Ayotzinapa sali\u00f3 a la luz\u00a0en las redes sociales. Las im\u00e1genes\u00a0muestran un interrogatorio en el que la persona que responde las preguntas est\u00e1 maniatada y con los ojos vendados, lo que constituye una falta a\u2026","rel":"","context":"En \u00abGuerrero\u00bb","block_context":{"text":"Guerrero","link":"https:\/\/mexicocodigorojo.com.mx\/?cat=26"},"img":{"alt_text":"","src":"https:\/\/i0.wp.com\/mexicocodigorojo.com.mx\/wp-content\/uploads\/2019\/06\/1561167592_473402_1561169673_noticia_fotograma.jpg?fit=980%2C552&ssl=1&resize=350%2C200","width":350,"height":200,"srcset":"https:\/\/i0.wp.com\/mexicocodigorojo.com.mx\/wp-content\/uploads\/2019\/06\/1561167592_473402_1561169673_noticia_fotograma.jpg?fit=980%2C552&ssl=1&resize=350%2C200 1x, https:\/\/i0.wp.com\/mexicocodigorojo.com.mx\/wp-content\/uploads\/2019\/06\/1561167592_473402_1561169673_noticia_fotograma.jpg?fit=980%2C552&ssl=1&resize=525%2C300 1.5x, https:\/\/i0.wp.com\/mexicocodigorojo.com.mx\/wp-content\/uploads\/2019\/06\/1561167592_473402_1561169673_noticia_fotograma.jpg?fit=980%2C552&ssl=1&resize=700%2C400 2x"},"classes":[]},{"id":54297,"url":"https:\/\/mexicocodigorojo.com.mx\/?p=54297","url_meta":{"origin":57363,"position":3},"title":"GENERAL PIDI\u00d3 \u201cIMPEDIR EXCAVACIONES EN CUARTELES\u201d EN B\u00daSQUEDA DE 43 NORMALISTAS","author":"Staff","date":"octubre 7, 2022","format":false,"excerpt":"El ex jefe del Estado Mayor de la Sedena, el general de divisi\u00f3n D.E.M. retirado Humberto A. Guillermo Aguilar, inst\u00f3 al Secretario de la Defensa Nacional a desaparecer las salas de arresto de sus cuarteles, ante la visita de los padres de los 43 estudiantes desaparecidos al 27 Batall\u00f3n de\u2026","rel":"","context":"En \u00abCiudad de M\u00e9xico\u00bb","block_context":{"text":"Ciudad de M\u00e9xico","link":"https:\/\/mexicocodigorojo.com.mx\/?cat=101"},"img":{"alt_text":"","src":"https:\/\/i0.wp.com\/mexicocodigorojo.com.mx\/wp-content\/uploads\/2022\/10\/portada_01_1004-scaled-1.jpg?fit=1200%2C675&ssl=1&resize=350%2C200","width":350,"height":200,"srcset":"https:\/\/i0.wp.com\/mexicocodigorojo.com.mx\/wp-content\/uploads\/2022\/10\/portada_01_1004-scaled-1.jpg?fit=1200%2C675&ssl=1&resize=350%2C200 1x, https:\/\/i0.wp.com\/mexicocodigorojo.com.mx\/wp-content\/uploads\/2022\/10\/portada_01_1004-scaled-1.jpg?fit=1200%2C675&ssl=1&resize=525%2C300 1.5x, https:\/\/i0.wp.com\/mexicocodigorojo.com.mx\/wp-content\/uploads\/2022\/10\/portada_01_1004-scaled-1.jpg?fit=1200%2C675&ssl=1&resize=700%2C400 2x, https:\/\/i0.wp.com\/mexicocodigorojo.com.mx\/wp-content\/uploads\/2022\/10\/portada_01_1004-scaled-1.jpg?fit=1200%2C675&ssl=1&resize=1050%2C600 3x"},"classes":[]},{"id":4213,"url":"https:\/\/mexicocodigorojo.com.mx\/?p=4213","url_meta":{"origin":57363,"position":4},"title":"A cuatro a\u00f1os de Ayotzinapa","author":"Staff","date":"septiembre 26, 2018","format":false,"excerpt":"M\u00e9xico, 26 septiembre (PL).- En medio de reclamos de justicia, protestas y recordaciones, se cumplen hoy cuatro a\u00f1os de la desaparici\u00f3n en Iguala, Guerrero, de los 43 normalistas de la escuela rural Ra\u00fal Isidro Burgos, de Ayotzinapa, que conmocion\u00f3 a M\u00e9xico y al mundo. Familiares de las v\u00edctimas y estudiantes\u2026","rel":"","context":"En \u00abFeatured\u00bb","block_context":{"text":"Featured","link":"https:\/\/mexicocodigorojo.com.mx\/?cat=1724"},"img":{"alt_text":"","src":"https:\/\/i0.wp.com\/mexicocodigorojo.com.mx\/wp-content\/uploads\/2018\/09\/F475C3B8-E43E-42D0-894C-F68F90FD4C83.jpeg?fit=600%2C399&ssl=1&resize=350%2C200","width":350,"height":200,"srcset":"https:\/\/i0.wp.com\/mexicocodigorojo.com.mx\/wp-content\/uploads\/2018\/09\/F475C3B8-E43E-42D0-894C-F68F90FD4C83.jpeg?fit=600%2C399&ssl=1&resize=350%2C200 1x, https:\/\/i0.wp.com\/mexicocodigorojo.com.mx\/wp-content\/uploads\/2018\/09\/F475C3B8-E43E-42D0-894C-F68F90FD4C83.jpeg?fit=600%2C399&ssl=1&resize=525%2C300 1.5x"},"classes":[]},{"id":23766,"url":"https:\/\/mexicocodigorojo.com.mx\/?p=23766","url_meta":{"origin":57363,"position":5},"title":"Murillo Karam no teme a nueva investigaci\u00f3n sobre el caso &#8216;Ayotzinapa&#8217;","author":"Staff","date":"septiembre 18, 2019","format":false,"excerpt":"El exprocurador general de la Rep\u00fablica, Jes\u00fas Murillo Karam asegura que no hay hasta el momento una versi\u00f3n que sustituya la presentada por la dependencia a su cargo sobre la desaparici\u00f3n de 43 estudiantes normalistas, ocurrida en Iguala, Guerrero la noche del 26 de septiembre del a\u00f1o 2014. A casi\u2026","rel":"","context":"En \u00abGuerrero\u00bb","block_context":{"text":"Guerrero","link":"https:\/\/mexicocodigorojo.com.mx\/?cat=26"},"img":{"alt_text":"","src":"https:\/\/i0.wp.com\/mexicocodigorojo.com.mx\/wp-content\/uploads\/2019\/09\/Murillo_Karam-13_Fotor-696x462.jpg?fit=696%2C462&ssl=1&resize=350%2C200","width":350,"height":200,"srcset":"https:\/\/i0.wp.com\/mexicocodigorojo.com.mx\/wp-content\/uploads\/2019\/09\/Murillo_Karam-13_Fotor-696x462.jpg?fit=696%2C462&ssl=1&resize=350%2C200 1x, https:\/\/i0.wp.com\/mexicocodigorojo.com.mx\/wp-content\/uploads\/2019\/09\/Murillo_Karam-13_Fotor-696x462.jpg?fit=696%2C462&ssl=1&resize=525%2C300 1.5x"},"classes":[]}],"jetpack_sharing_enabled":true,"jetpack_likes_enabled":true,"jetpack_shortlink":"https:\/\/wp.me\/p9TedA-eVd","_links":{"self":[{"href":"https:\/\/mexicocodigorojo.com.mx\/index.php?rest_route=\/wp\/v2\/posts\/57363","targetHints":{"allow":["GET"]}}],"collection":[{"href":"https:\/\/mexicocodigorojo.com.mx\/index.php?rest_route=\/wp\/v2\/posts"}],"about":[{"href":"https:\/\/mexicocodigorojo.com.mx\/index.php?rest_route=\/wp\/v2\/types\/post"}],"author":[{"embeddable":true,"href":"https:\/\/mexicocodigorojo.com.mx\/index.php?rest_route=\/wp\/v2\/users\/5"}],"replies":[{"embeddable":true,"href":"https:\/\/mexicocodigorojo.com.mx\/index.php?rest_route=%2Fwp%2Fv2%2Fcomments&post=57363"}],"version-history":[{"count":1,"href":"https:\/\/mexicocodigorojo.com.mx\/index.php?rest_route=\/wp\/v2\/posts\/57363\/revisions"}],"predecessor-version":[{"id":57365,"href":"https:\/\/mexicocodigorojo.com.mx\/index.php?rest_route=\/wp\/v2\/posts\/57363\/revisions\/57365"}],"wp:featuredmedia":[{"embeddable":true,"href":"https:\/\/mexicocodigorojo.com.mx\/index.php?rest_route=\/wp\/v2\/media\/57364"}],"wp:attachment":[{"href":"https:\/\/mexicocodigorojo.com.mx\/index.php?rest_route=%2Fwp%2Fv2%2Fmedia&parent=57363"}],"wp:term":[{"taxonomy":"category","embeddable":true,"href":"https:\/\/mexicocodigorojo.com.mx\/index.php?rest_route=%2Fwp%2Fv2%2Fcategories&post=57363"},{"taxonomy":"post_tag","embeddable":true,"href":"https:\/\/mexicocodigorojo.com.mx\/index.php?rest_route=%2Fwp%2Fv2%2Ftags&post=57363"}],"curies":[{"name":"wp","href":"https:\/\/api.w.org\/{rel}","templated":true}]}}