{"id":57277,"date":"2023-09-20T13:07:44","date_gmt":"2023-09-20T19:07:44","guid":{"rendered":"https:\/\/mexicocodigorojo.com.mx\/?p=57277"},"modified":"2023-09-20T13:07:44","modified_gmt":"2023-09-20T19:07:44","slug":"delfina-militariza-obras-del-edomex-impone-a-general-en-la-secretaria-de-desarrollo-urbano","status":"publish","type":"post","link":"https:\/\/mexicocodigorojo.com.mx\/?p=57277","title":{"rendered":"Delfina militariza Obras del Edomex; impone a general en la Secretaria de Desarrollo Urbano"},"content":{"rendered":"<p>Un militar lleg\u00f3 al gabinete de la Gobernadora de Estado de M\u00e9xico, Delfina G\u00f3mez, pero no a la Secretar\u00eda de Seguridad sino a la de Obras.<\/p>\n<p>Se trata del General Carlos Jes\u00fas Maza Lara, expresidente del subcomit\u00e9 de Bienes Muebles de la I Regi\u00f3n Militar de la Sedena, as\u00ed como Jefe de Estado Mayor de la 36 Zona Militar en Chiapas y quien fue nombrado Secretario de Desarrollo Urbano e Infraestructura.<\/p>\n<p>En Seguridad, la Gobernadora nombr\u00f3 a un civil, el abogado tabasque\u00f1o Andr\u00e9s Andrade T\u00e9llez. El funcionario colabor\u00f3 como director de Recursos Materiales del Centro Nacional de Inteligencia (CNI), cuyo titular es Audomaro Mart\u00ednez Zapata, allegado al Presidente de la Rep\u00fablica, Andr\u00e9s Manuel L\u00f3pez Obrador.<\/p>\n<p>Ayer martes, a cuatro d\u00edas de asumir el cargo, G\u00f3mez tambi\u00e9n design\u00f3 a una dirigente sindical en la Oficial\u00eda Mayor. Se trata de Trinidad Franco Arpero, quien ha estado al frente del Sindicato de Maestros al Servicio del Estado de M\u00e9xico (SMSEM).<br \/>\nPaulina Moreno Garc\u00eda, quien qued\u00f3 al frente de la Secretar\u00eda de Finanzas, es licenciada en Econom\u00eda por el CIDE (Centro de Investigaci\u00f3n y Docencia Econ\u00f3micas) y tiene una especialidad en Finanzas P\u00fablicas Standard &amp; Poor&#8217;s Rating Services.<\/p>\n<p>Se desempe\u00f1\u00f3 como Titular de la Unidad de Administraci\u00f3n y Finanzas en Nacional Financiera y ha ocupado diversos cargos p\u00fablicos como Gerente de Planeaci\u00f3n Estrat\u00e9gica en el Infonavit, Coordinadora de Optimizaci\u00f3n de Procesos de Abasto en el Insabi (Instituto de Salud para el Bienestar), Administradora de Recursos Financieros en el SAT (Servicio de Administraci\u00f3n Tributaria) y Subgerente de Financiamiento para estados y municipios en Banobras.<\/p>\n<p>Con informaci\u00f3n de Reforma<\/p>\n","protected":false},"excerpt":{"rendered":"<p>Un militar lleg\u00f3 al gabinete de la Gobernadora de Estado de M\u00e9xico, Delfina G\u00f3mez, pero no a la Secretar\u00eda de Seguridad sino a la de Obras. Se trata del General Carlos Jes\u00fas Maza Lara, expresidente del subcomit\u00e9 de Bienes Muebles de la I Regi\u00f3n Militar de la Sedena, as\u00ed como Jefe de Estado Mayor de [&hellip;]<\/p>\n","protected":false},"author":5,"featured_media":57278,"comment_status":"open","ping_status":"open","sticky":false,"template":"","format":"standard","meta":{"_uf_show_specific_survey":0,"_uf_disable_surveys":false,"advanced_seo_description":"","jetpack_seo_html_title":"","jetpack_seo_noindex":false,"jetpack_seo_schema_type":"","_jetpack_newsletter_access":"","_jetpack_dont_email_post_to_subs":false,"_jetpack_newsletter_tier_id":0,"_jetpack_memberships_contains_paywalled_content":false,"_jetpack_feature_clip_id":0,"_jetpack_memberships_contains_paid_content":false,"footnotes":"","jetpack_publicize_message":"","jetpack_publicize_feature_enabled":true,"jetpack_social_post_already_shared":true,"jetpack_social_options":{"image_generator_settings":{"template":"highway","default_image_id":0,"font":"","enabled":false},"version":2},"jetpack_post_was_ever_published":false},"categories":[53,1724],"tags":[2175],"class_list":["post-57277","post","type-post","status-publish","format-standard","has-post-thumbnail","category-estado-de-mexico","category-featured","tag-sedena-2"],"jetpack_publicize_connections":[],"jetpack-related-posts":[{"id":60959,"url":"https:\/\/mexicocodigorojo.com.mx\/?p=60959","url_meta":{"origin":57277,"position":0},"title":"Aprehenden a alcalde de Santiago Tianguistenco, Edomex, tras siete meses pr\u00f3fugo","author":"MexicoRojoCvmx","date":"mayo 23, 2024","format":false,"excerpt":"Santiago Tianguistenco, M\u00e9x.- Tras siete meses pr\u00f3fugo de la justicia, fue aprehendido el presidente municipal con licencia de Santiago Tianguistenco, Diego Eric Moreno Valle; pese a que tiene una acusaci\u00f3n por el delito de violaci\u00f3n, fue detenido por el delito de extorsi\u00f3n. La Fiscal\u00eda General de justicia del Estado de\u2026","rel":"","context":"En \u00abCiudad de M\u00e9xico\u00bb","block_context":{"text":"Ciudad de M\u00e9xico","link":"https:\/\/mexicocodigorojo.com.mx\/?cat=101"},"img":{"alt_text":"","src":"https:\/\/i0.wp.com\/mexicocodigorojo.com.mx\/wp-content\/uploads\/2024\/05\/Captura-de-pantalla-2024-05-23-120223.jpg?fit=1193%2C732&ssl=1&resize=350%2C200","width":350,"height":200,"srcset":"https:\/\/i0.wp.com\/mexicocodigorojo.com.mx\/wp-content\/uploads\/2024\/05\/Captura-de-pantalla-2024-05-23-120223.jpg?fit=1193%2C732&ssl=1&resize=350%2C200 1x, https:\/\/i0.wp.com\/mexicocodigorojo.com.mx\/wp-content\/uploads\/2024\/05\/Captura-de-pantalla-2024-05-23-120223.jpg?fit=1193%2C732&ssl=1&resize=525%2C300 1.5x, https:\/\/i0.wp.com\/mexicocodigorojo.com.mx\/wp-content\/uploads\/2024\/05\/Captura-de-pantalla-2024-05-23-120223.jpg?fit=1193%2C732&ssl=1&resize=700%2C400 2x, https:\/\/i0.wp.com\/mexicocodigorojo.com.mx\/wp-content\/uploads\/2024\/05\/Captura-de-pantalla-2024-05-23-120223.jpg?fit=1193%2C732&ssl=1&resize=1050%2C600 3x"},"classes":[]},{"id":34026,"url":"https:\/\/mexicocodigorojo.com.mx\/?p=34026","url_meta":{"origin":57277,"position":1},"title":"Nombran a Andre Georges Foullon como nuevo subsecretario de Defensa","author":"Staff","date":"marzo 2, 2020","format":false,"excerpt":"Entre las nuevas designaciones que hizo el Presidente est\u00e1n las de Inspector y Contralor General del Ej\u00e9rcito y Fuerza A\u00e9rea General de divisi\u00f3n de Estado Mayor. Nombra Presidente a nuevos mandos en la Secretar\u00eda de la Defensa M\u00e9xico, 1 Mar (Notimex).- El presidente Andr\u00e9s Manuel L\u00f3pez Obrador nombr\u00f3 este domingo\u2026","rel":"","context":"En \u00abCiudad de M\u00e9xico\u00bb","block_context":{"text":"Ciudad de M\u00e9xico","link":"https:\/\/mexicocodigorojo.com.mx\/?cat=101"},"img":{"alt_text":"","src":"https:\/\/i0.wp.com\/mexicocodigorojo.com.mx\/wp-content\/uploads\/2020\/03\/sedena.jpg?fit=1100%2C580&ssl=1&resize=350%2C200","width":350,"height":200,"srcset":"https:\/\/i0.wp.com\/mexicocodigorojo.com.mx\/wp-content\/uploads\/2020\/03\/sedena.jpg?fit=1100%2C580&ssl=1&resize=350%2C200 1x, https:\/\/i0.wp.com\/mexicocodigorojo.com.mx\/wp-content\/uploads\/2020\/03\/sedena.jpg?fit=1100%2C580&ssl=1&resize=525%2C300 1.5x, https:\/\/i0.wp.com\/mexicocodigorojo.com.mx\/wp-content\/uploads\/2020\/03\/sedena.jpg?fit=1100%2C580&ssl=1&resize=700%2C400 2x, https:\/\/i0.wp.com\/mexicocodigorojo.com.mx\/wp-content\/uploads\/2020\/03\/sedena.jpg?fit=1100%2C580&ssl=1&resize=1050%2C600 3x"},"classes":[]},{"id":20971,"url":"https:\/\/mexicocodigorojo.com.mx\/?p=20971","url_meta":{"origin":57277,"position":2},"title":"Detienen al periodista Humberto Padgett por grabar en Santa Luc\u00eda","author":"Staff","date":"agosto 2, 2019","format":false,"excerpt":"CIUDAD DE M\u00c9XICO. \u2013 El periodista Humberto Padgett fue detenido la tarde de este jueves por filmar en el campo militar de Santa Luc\u00eda sin autorizaci\u00f3n. De acuerdo con la Secretar\u00eda de la Defensa Nacional, Padgett iba acompa\u00f1ado de otras dos personas, identificadas como Juan No\u00e9 Ruiz P\u00e9rez y Pedro\u2026","rel":"","context":"En \u00abCiudad de M\u00e9xico\u00bb","block_context":{"text":"Ciudad de M\u00e9xico","link":"https:\/\/mexicocodigorojo.com.mx\/?cat=101"},"img":{"alt_text":"","src":"https:\/\/i0.wp.com\/mexicocodigorojo.com.mx\/wp-content\/uploads\/2019\/08\/EA67uHaUYAE3neh.jpg?fit=650%2C481&ssl=1&resize=350%2C200","width":350,"height":200,"srcset":"https:\/\/i0.wp.com\/mexicocodigorojo.com.mx\/wp-content\/uploads\/2019\/08\/EA67uHaUYAE3neh.jpg?fit=650%2C481&ssl=1&resize=350%2C200 1x, https:\/\/i0.wp.com\/mexicocodigorojo.com.mx\/wp-content\/uploads\/2019\/08\/EA67uHaUYAE3neh.jpg?fit=650%2C481&ssl=1&resize=525%2C300 1.5x"},"classes":[]},{"id":15377,"url":"https:\/\/mexicocodigorojo.com.mx\/?p=15377","url_meta":{"origin":57277,"position":3},"title":"De AMLO a las Fuerzas Armadas","author":"Staff","date":"marzo 15, 2019","format":false,"excerpt":"CIUDAD DE M\u00c9XICO.- A pesar de que no existe proyecto ejecutivo ni estudios t\u00e9cnicos para construir el aeropuerto internacional de Santa Luc\u00eda, el gobierno de L\u00f3pez Obrador ya transfiri\u00f3 a la Secretar\u00eda de la Defensa Nacional (Sedena) 15 mil millones de pesos para realizar esta obra. Ese dinero lo etiquet\u00f3\u2026","rel":"","context":"En \u00abCiudad de M\u00e9xico\u00bb","block_context":{"text":"Ciudad de M\u00e9xico","link":"https:\/\/mexicocodigorojo.com.mx\/?cat=101"},"img":{"alt_text":"","src":"https:\/\/i0.wp.com\/mexicocodigorojo.com.mx\/wp-content\/uploads\/2019\/03\/bdd9cc34595ae80b06-437fcf27-eaad-4e02-9a6d-1b1e3934f71e-002.jpeg?fit=1024%2C683&ssl=1&resize=350%2C200","width":350,"height":200,"srcset":"https:\/\/i0.wp.com\/mexicocodigorojo.com.mx\/wp-content\/uploads\/2019\/03\/bdd9cc34595ae80b06-437fcf27-eaad-4e02-9a6d-1b1e3934f71e-002.jpeg?fit=1024%2C683&ssl=1&resize=350%2C200 1x, https:\/\/i0.wp.com\/mexicocodigorojo.com.mx\/wp-content\/uploads\/2019\/03\/bdd9cc34595ae80b06-437fcf27-eaad-4e02-9a6d-1b1e3934f71e-002.jpeg?fit=1024%2C683&ssl=1&resize=525%2C300 1.5x, https:\/\/i0.wp.com\/mexicocodigorojo.com.mx\/wp-content\/uploads\/2019\/03\/bdd9cc34595ae80b06-437fcf27-eaad-4e02-9a6d-1b1e3934f71e-002.jpeg?fit=1024%2C683&ssl=1&resize=700%2C400 2x"},"classes":[]},{"id":6961,"url":"https:\/\/mexicocodigorojo.com.mx\/?p=6961","url_meta":{"origin":57277,"position":4},"title":"AMLO designa a Jos\u00e9 Rafael Ojeda como futuro titular de la Secretar\u00eda de Marina","author":"Staff","date":"octubre 22, 2018","format":false,"excerpt":"El presidente electo Andr\u00e9s Manuel L\u00f3pez Obrador design\u00f3 este lunes al almirante Jos\u00e9 Rafael Ojeda Dur\u00e1n como pr\u00f3ximo secretario de Marina. A trav\u00e9s de su cuenta de Twitter, AMLO asegur\u00f3 que el presidente Enrique Pe\u00f1a Nieto y el actual titular de la Semar, Vidal Sober\u00f3n, dieron el visto bueno al\u2026","rel":"","context":"En \u00abFeatured\u00bb","block_context":{"text":"Featured","link":"https:\/\/mexicocodigorojo.com.mx\/?cat=1724"},"img":{"alt_text":"","src":"https:\/\/i0.wp.com\/mexicocodigorojo.com.mx\/wp-content\/uploads\/2018\/10\/almirante.jpg?fit=875%2C619&ssl=1&resize=350%2C200","width":350,"height":200,"srcset":"https:\/\/i0.wp.com\/mexicocodigorojo.com.mx\/wp-content\/uploads\/2018\/10\/almirante.jpg?fit=875%2C619&ssl=1&resize=350%2C200 1x, https:\/\/i0.wp.com\/mexicocodigorojo.com.mx\/wp-content\/uploads\/2018\/10\/almirante.jpg?fit=875%2C619&ssl=1&resize=525%2C300 1.5x, https:\/\/i0.wp.com\/mexicocodigorojo.com.mx\/wp-content\/uploads\/2018\/10\/almirante.jpg?fit=875%2C619&ssl=1&resize=700%2C400 2x"},"classes":[]},{"id":24715,"url":"https:\/\/mexicocodigorojo.com.mx\/?p=24715","url_meta":{"origin":57277,"position":5},"title":"Sedena incinera 3.6 toneladas de mariguana en Sinaloa","author":"Staff","date":"octubre 3, 2019","format":false,"excerpt":"La mariguana sembrada comprend\u00eda alrededor de tres hect\u00e1reas en lo alto de una monta\u00f1a cercana a Cosal\u00e1, Sinaloa Agentes de la\u00a0Secretar\u00eda de la Defensa Nacional de M\u00e9xico (Sedena)\u00a0incineraron este mi\u00e9rcoles un plant\u00edo de\u00a0tres hect\u00e1reas de mariguana en Cosal\u00e1, localidad de la regi\u00f3n monta\u00f1osa del noroccidental estado mexicano de Sinaloa. La\u00a0mariguana\u00a0sembrada\u2026","rel":"","context":"En \u00abSinaloa\u00bb","block_context":{"text":"Sinaloa","link":"https:\/\/mexicocodigorojo.com.mx\/?cat=41"},"img":{"alt_text":"","src":"https:\/\/i0.wp.com\/mexicocodigorojo.com.mx\/wp-content\/uploads\/2019\/10\/militares-plantios-mariguana-sinaloa.jpg?fit=980%2C550&ssl=1&resize=350%2C200","width":350,"height":200,"srcset":"https:\/\/i0.wp.com\/mexicocodigorojo.com.mx\/wp-content\/uploads\/2019\/10\/militares-plantios-mariguana-sinaloa.jpg?fit=980%2C550&ssl=1&resize=350%2C200 1x, https:\/\/i0.wp.com\/mexicocodigorojo.com.mx\/wp-content\/uploads\/2019\/10\/militares-plantios-mariguana-sinaloa.jpg?fit=980%2C550&ssl=1&resize=525%2C300 1.5x, https:\/\/i0.wp.com\/mexicocodigorojo.com.mx\/wp-content\/uploads\/2019\/10\/militares-plantios-mariguana-sinaloa.jpg?fit=980%2C550&ssl=1&resize=700%2C400 2x"},"classes":[]}],"jetpack_sharing_enabled":true,"jetpack_likes_enabled":true,"jetpack_shortlink":"https:\/\/wp.me\/p9TedA-eTP","jetpack_featured_media_url":"https:\/\/i0.wp.com\/mexicocodigorojo.com.mx\/wp-content\/uploads\/2023\/09\/carlosmaza.webp?fit=960%2C640&ssl=1","_links":{"self":[{"href":"https:\/\/mexicocodigorojo.com.mx\/index.php?rest_route=\/wp\/v2\/posts\/57277","targetHints":{"allow":["GET"]}}],"collection":[{"href":"https:\/\/mexicocodigorojo.com.mx\/index.php?rest_route=\/wp\/v2\/posts"}],"about":[{"href":"https:\/\/mexicocodigorojo.com.mx\/index.php?rest_route=\/wp\/v2\/types\/post"}],"author":[{"embeddable":true,"href":"https:\/\/mexicocodigorojo.com.mx\/index.php?rest_route=\/wp\/v2\/users\/5"}],"replies":[{"embeddable":true,"href":"https:\/\/mexicocodigorojo.com.mx\/index.php?rest_route=%2Fwp%2Fv2%2Fcomments&post=57277"}],"version-history":[{"count":1,"href":"https:\/\/mexicocodigorojo.com.mx\/index.php?rest_route=\/wp\/v2\/posts\/57277\/revisions"}],"predecessor-version":[{"id":57279,"href":"https:\/\/mexicocodigorojo.com.mx\/index.php?rest_route=\/wp\/v2\/posts\/57277\/revisions\/57279"}],"wp:featuredmedia":[{"embeddable":true,"href":"https:\/\/mexicocodigorojo.com.mx\/index.php?rest_route=\/wp\/v2\/media\/57278"}],"wp:attachment":[{"href":"https:\/\/mexicocodigorojo.com.mx\/index.php?rest_route=%2Fwp%2Fv2%2Fmedia&parent=57277"}],"wp:term":[{"taxonomy":"category","embeddable":true,"href":"https:\/\/mexicocodigorojo.com.mx\/index.php?rest_route=%2Fwp%2Fv2%2Fcategories&post=57277"},{"taxonomy":"post_tag","embeddable":true,"href":"https:\/\/mexicocodigorojo.com.mx\/index.php?rest_route=%2Fwp%2Fv2%2Ftags&post=57277"}],"curies":[{"name":"wp","href":"https:\/\/api.w.org\/{rel}","templated":true}]}}