{"id":56963,"date":"2023-08-29T20:40:56","date_gmt":"2023-08-30T02:40:56","guid":{"rendered":"https:\/\/mexicocodigorojo.com.mx\/?p=56963"},"modified":"2023-08-29T20:40:56","modified_gmt":"2023-08-30T02:40:56","slug":"matan-a-escolta-de-grupo-musical-fuerza-regida-en-maltrata","status":"publish","type":"post","link":"https:\/\/mexicocodigorojo.com.mx\/?p=56963","title":{"rendered":"Matan a escolta de grupo musical Fuerza Regida en Maltrata"},"content":{"rendered":"\n<p class=\"wp-block-paragraph\">El escolta del grupo Fuerza Regida result\u00f3 baleado y muerto en las Cumbres de Maltrata, en carreteras veracruzanas; era un Subteniente de la Secretar\u00eda de la Defensa Nacional \u00bfSeguir\u00e1 negando gobierno de Veracruz y Puebla la inseguridad que hay en ese tramo?<\/p>\n\n\n\n<p class=\"wp-block-paragraph\">La Fiscal\u00eda General del Estado informa que en la sub unidad integral de procuraci\u00f3n de justicia en Nogales, se inici\u00f3 carpeta de investigaci\u00f3n por los hechos suscitados en la autopista Puebla-Orizaba, en el que fuera agredido por impacto de arma de fuego Jorge \u201cN\u201d, quien perdiera la vida al recibir asistencia m\u00e9dica en el Hospital Regional de R\u00edo Blanco.<\/p>\n\n\n\n<p class=\"wp-block-paragraph\">Cinco personas que viajaban en el mismo veh\u00edculo se encuentran sanas y salvas, declarando pertenecer al staff de seguridad del grupo musical \u201cFuerza Regida\u201d, viajando desde la Ciudad de M\u00e9xico con destino a Canc\u00fan, a bordo de un veh\u00edculo Suburban, modelo 2007.<\/p>\n\n\n\n<p class=\"wp-block-paragraph\">Fiscales, Peritos y elementos de la Polic\u00eda Ministerial, llevan a cabo las diligencias de campo y cient\u00edficas para esclarecer este hecho.<\/p>\n","protected":false},"excerpt":{"rendered":"<p>El escolta del grupo Fuerza Regida result\u00f3 baleado y muerto en las Cumbres de Maltrata, en carreteras veracruzanas; era un Subteniente de la Secretar\u00eda de la Defensa Nacional \u00bfSeguir\u00e1 negando gobierno de Veracruz y Puebla la inseguridad que hay en ese tramo? La Fiscal\u00eda General del Estado informa que en la sub unidad integral de [&hellip;]<\/p>\n","protected":false},"author":5,"featured_media":56962,"comment_status":"","ping_status":"","sticky":false,"template":"","format":"standard","meta":{"_uf_show_specific_survey":0,"_uf_disable_surveys":false,"advanced_seo_description":"","jetpack_seo_html_title":"","jetpack_seo_noindex":false,"jetpack_seo_schema_type":"","_jetpack_newsletter_access":"","_jetpack_dont_email_post_to_subs":false,"_jetpack_newsletter_tier_id":0,"_jetpack_memberships_contains_paywalled_content":false,"_jetpack_feature_clip_id":0,"_jetpack_memberships_contains_paid_content":false,"footnotes":"","jetpack_publicize_message":"","jetpack_publicize_feature_enabled":true,"jetpack_social_post_already_shared":true,"jetpack_social_options":{"image_generator_settings":{"template":"highway","default_image_id":0,"font":"","enabled":false},"version":2},"jetpack_post_was_ever_published":false},"categories":[1724,22],"tags":[858],"class_list":["post-56963","post","type-post","status-publish","format-standard","has-post-thumbnail","category-featured","category-veracruz","tag-homicidio"],"jetpack_publicize_connections":[],"jetpack-related-posts":[{"id":57498,"url":"https:\/\/mexicocodigorojo.com.mx\/?p=57498","url_meta":{"origin":56963,"position":0},"title":"Cartel Jalisco deja manta en contra de Fuerza Regida en Tijuana","author":"MexicoRojo","date":"octubre 3, 2023","format":false,"excerpt":"\"Como ya es costumbre y comienza dudarse de la veracidad de las mantas, el\u00a0C\u00e1rtel Jalisco Nueva Generaci\u00f3n (CJNG) volvi\u00f3 a colocar otra narcomanta amenazando a otra\u00a0agrupaci\u00f3n\u00a0musical. \u00a0 \u00a0 \u00a0 \u00a0 Esta vez la manta fue colocada en un puente peatonal de la Colonia Chamizal lanzando una advertencia para el grupo\u2026","rel":"","context":"En \u00abFeatured\u00bb","block_context":{"text":"Featured","link":"https:\/\/mexicocodigorojo.com.mx\/?cat=1724"},"img":{"alt_text":"","src":"https:\/\/i0.wp.com\/mexicocodigorojo.com.mx\/wp-content\/uploads\/2023\/10\/Polish_20231003_071746030.jpg?fit=1200%2C1200&ssl=1&resize=350%2C200","width":350,"height":200,"srcset":"https:\/\/i0.wp.com\/mexicocodigorojo.com.mx\/wp-content\/uploads\/2023\/10\/Polish_20231003_071746030.jpg?fit=1200%2C1200&ssl=1&resize=350%2C200 1x, https:\/\/i0.wp.com\/mexicocodigorojo.com.mx\/wp-content\/uploads\/2023\/10\/Polish_20231003_071746030.jpg?fit=1200%2C1200&ssl=1&resize=525%2C300 1.5x, https:\/\/i0.wp.com\/mexicocodigorojo.com.mx\/wp-content\/uploads\/2023\/10\/Polish_20231003_071746030.jpg?fit=1200%2C1200&ssl=1&resize=700%2C400 2x, https:\/\/i0.wp.com\/mexicocodigorojo.com.mx\/wp-content\/uploads\/2023\/10\/Polish_20231003_071746030.jpg?fit=1200%2C1200&ssl=1&resize=1050%2C600 3x"},"classes":[]},{"id":59815,"url":"https:\/\/mexicocodigorojo.com.mx\/?p=59815","url_meta":{"origin":56963,"position":1},"title":"QUINTANA ROO | CARTEL DE SINALOA AMENAZA EN NARCOMANTA EN CANCUN AL GRUPO FUERZA REGIDA Y PODR\u00cdA DEJAR DE PRESENTARSE EN M\u00c9XICO","author":"MexicoRojo","date":"abril 18, 2024","format":false,"excerpt":"Indudablemente, Fuerza Regida se ha consolidado como una de las agrupaciones m\u00e1s populares y exitosas en la actualidad, gracias a \u00e9xitos como \u201cTu name\u201d, \u201cSabor fresa\u201d y \u201cHarley Quinn\u201d, que han conquistado a un p\u00fablico de todas las edades. \u00a0 \u00a0 En consonancia con su \u00e9xito, anunciaron su gira \u201cPero\u2026","rel":"","context":"En \u00abQuintana Roo\u00bb","block_context":{"text":"Quintana Roo","link":"https:\/\/mexicocodigorojo.com.mx\/?cat=151"},"img":{"alt_text":"","src":"https:\/\/i0.wp.com\/mexicocodigorojo.com.mx\/wp-content\/uploads\/2024\/04\/20240417_211821.jpg?fit=720%2C298&ssl=1&resize=350%2C200","width":350,"height":200,"srcset":"https:\/\/i0.wp.com\/mexicocodigorojo.com.mx\/wp-content\/uploads\/2024\/04\/20240417_211821.jpg?fit=720%2C298&ssl=1&resize=350%2C200 1x, https:\/\/i0.wp.com\/mexicocodigorojo.com.mx\/wp-content\/uploads\/2024\/04\/20240417_211821.jpg?fit=720%2C298&ssl=1&resize=525%2C300 1.5x, https:\/\/i0.wp.com\/mexicocodigorojo.com.mx\/wp-content\/uploads\/2024\/04\/20240417_211821.jpg?fit=720%2C298&ssl=1&resize=700%2C400 2x"},"classes":[]},{"id":21771,"url":"https:\/\/mexicocodigorojo.com.mx\/?p=21771","url_meta":{"origin":56963,"position":2},"title":"Eran familia los desmembrados dentro de 15 bolsas en Maltrata, Veracruz","author":"Staff","date":"agosto 11, 2019","format":false,"excerpt":"Veracruz.- Luego de que se diera a conocer el hallazgo de 15 bolsas negras con cuatro cuerpos desmembrados en Maltrata, Veracruz, durante esta ma\u00f1ana se dio a conocer que los occisos fueron identificados y resultaron ser familiares. Fue a trav\u00e9s de un medio local que se dio a conocer que\u2026","rel":"","context":"En \u00abVeracruz\u00bb","block_context":{"text":"Veracruz","link":"https:\/\/mexicocodigorojo.com.mx\/?cat=22"},"img":{"alt_text":"","src":"https:\/\/i0.wp.com\/mexicocodigorojo.com.mx\/wp-content\/uploads\/2019\/08\/eran_familiares_los_desmembrados_dentro_de_15_bolsas_en_veracruz_2.jpeg_219914347.jpeg?fit=960%2C540&ssl=1&resize=350%2C200","width":350,"height":200,"srcset":"https:\/\/i0.wp.com\/mexicocodigorojo.com.mx\/wp-content\/uploads\/2019\/08\/eran_familiares_los_desmembrados_dentro_de_15_bolsas_en_veracruz_2.jpeg_219914347.jpeg?fit=960%2C540&ssl=1&resize=350%2C200 1x, https:\/\/i0.wp.com\/mexicocodigorojo.com.mx\/wp-content\/uploads\/2019\/08\/eran_familiares_los_desmembrados_dentro_de_15_bolsas_en_veracruz_2.jpeg_219914347.jpeg?fit=960%2C540&ssl=1&resize=525%2C300 1.5x, https:\/\/i0.wp.com\/mexicocodigorojo.com.mx\/wp-content\/uploads\/2019\/08\/eran_familiares_los_desmembrados_dentro_de_15_bolsas_en_veracruz_2.jpeg_219914347.jpeg?fit=960%2C540&ssl=1&resize=700%2C400 2x"},"classes":[]},{"id":22021,"url":"https:\/\/mexicocodigorojo.com.mx\/?p=22021","url_meta":{"origin":56963,"position":3},"title":"Surgen este fin de semana dos c\u00e9lulas delictivas en Veracruz","author":"Staff","date":"agosto 14, 2019","format":false,"excerpt":"Dos nuevas c\u00e9lulas de la delincuencia organizada surgieron este fin de semana, anunciando una serie de ejecuciones en la zona norte de la entidad veracruzana.\u00a0 Durante la administraci\u00f3n del morenista Cuitl\u00e1huac Garc\u00eda Jim\u00e9nez, es la tercera c\u00e9lula delictiva que surge durante su gesti\u00f3n; la primera fue el C\u00e1rtel del Siglo,\u2026","rel":"","context":"En \u00abVeracruz\u00bb","block_context":{"text":"Veracruz","link":"https:\/\/mexicocodigorojo.com.mx\/?cat=22"},"img":{"alt_text":"","src":"https:\/\/i0.wp.com\/mexicocodigorojo.com.mx\/wp-content\/uploads\/2019\/08\/D30B0E7B-023C-4145-BD01-053F6B7C6BC3.jpeg?fit=773%2C515&ssl=1&resize=350%2C200","width":350,"height":200,"srcset":"https:\/\/i0.wp.com\/mexicocodigorojo.com.mx\/wp-content\/uploads\/2019\/08\/D30B0E7B-023C-4145-BD01-053F6B7C6BC3.jpeg?fit=773%2C515&ssl=1&resize=350%2C200 1x, https:\/\/i0.wp.com\/mexicocodigorojo.com.mx\/wp-content\/uploads\/2019\/08\/D30B0E7B-023C-4145-BD01-053F6B7C6BC3.jpeg?fit=773%2C515&ssl=1&resize=525%2C300 1.5x, https:\/\/i0.wp.com\/mexicocodigorojo.com.mx\/wp-content\/uploads\/2019\/08\/D30B0E7B-023C-4145-BD01-053F6B7C6BC3.jpeg?fit=773%2C515&ssl=1&resize=700%2C400 2x"},"classes":[]},{"id":23748,"url":"https:\/\/mexicocodigorojo.com.mx\/?p=23748","url_meta":{"origin":56963,"position":4},"title":"Volcadura de autob\u00fas deja tres muertos y 26 heridos en Veracruz","author":"Staff","date":"septiembre 17, 2019","format":false,"excerpt":"La volcadura ocurri\u00f3 en la autopista La Tinaja\u2013Cosoloeacaque, a la altura del entronque La Tinaja, en el municipio de Tlalixcoyan, Veracruz La\u00a0volcadura\u00a0de un autob\u00fas de pasajeros en la autopista\u00a0La Tinaja\u2013Cosoloeacaque, en el kil\u00f3metro 010+300 de la carretera 145-D, a la altura del entronque La Tinaja, en el municipio de Tlalixcoyan,\u2026","rel":"","context":"En \u00abVeracruz\u00bb","block_context":{"text":"Veracruz","link":"https:\/\/mexicocodigorojo.com.mx\/?cat=22"},"img":{"alt_text":"","src":"https:\/\/i0.wp.com\/mexicocodigorojo.com.mx\/wp-content\/uploads\/2019\/09\/accidente-carretera-veracruz.jpg?fit=980%2C550&ssl=1&resize=350%2C200","width":350,"height":200,"srcset":"https:\/\/i0.wp.com\/mexicocodigorojo.com.mx\/wp-content\/uploads\/2019\/09\/accidente-carretera-veracruz.jpg?fit=980%2C550&ssl=1&resize=350%2C200 1x, https:\/\/i0.wp.com\/mexicocodigorojo.com.mx\/wp-content\/uploads\/2019\/09\/accidente-carretera-veracruz.jpg?fit=980%2C550&ssl=1&resize=525%2C300 1.5x, https:\/\/i0.wp.com\/mexicocodigorojo.com.mx\/wp-content\/uploads\/2019\/09\/accidente-carretera-veracruz.jpg?fit=980%2C550&ssl=1&resize=700%2C400 2x"},"classes":[]},{"id":26028,"url":"https:\/\/mexicocodigorojo.com.mx\/?p=26028","url_meta":{"origin":56963,"position":5},"title":"Abandonan feto en botella de pl\u00e1stico, en Maltrata","author":"Staff","date":"octubre 25, 2019","format":false,"excerpt":"Maltrata, Ver.- El\u00a0peque\u00f1o\u00a0cuerpo de un beb\u00e9, posiblemente\u00a0nonato, fue hallado al interior de una botella de\u00a0pl\u00e1stico\u00a0la tarde del mi\u00e9rcoles por\u00a0trabajadores\u00a0realizaban la limpieza en el cementerio viejo de este lugar. Lo anterior ocurri\u00f3 alrededor de las 16:30 horas y al pie de una tumba vieron que hab\u00eda una botella de suero en\u2026","rel":"","context":"En \u00abVeracruz\u00bb","block_context":{"text":"Veracruz","link":"https:\/\/mexicocodigorojo.com.mx\/?cat=22"},"img":{"alt_text":"","src":"https:\/\/i0.wp.com\/mexicocodigorojo.com.mx\/wp-content\/uploads\/2019\/10\/img-20191024-wa0000.jpg?fit=1200%2C900&ssl=1&resize=350%2C200","width":350,"height":200,"srcset":"https:\/\/i0.wp.com\/mexicocodigorojo.com.mx\/wp-content\/uploads\/2019\/10\/img-20191024-wa0000.jpg?fit=1200%2C900&ssl=1&resize=350%2C200 1x, https:\/\/i0.wp.com\/mexicocodigorojo.com.mx\/wp-content\/uploads\/2019\/10\/img-20191024-wa0000.jpg?fit=1200%2C900&ssl=1&resize=525%2C300 1.5x, https:\/\/i0.wp.com\/mexicocodigorojo.com.mx\/wp-content\/uploads\/2019\/10\/img-20191024-wa0000.jpg?fit=1200%2C900&ssl=1&resize=700%2C400 2x, https:\/\/i0.wp.com\/mexicocodigorojo.com.mx\/wp-content\/uploads\/2019\/10\/img-20191024-wa0000.jpg?fit=1200%2C900&ssl=1&resize=1050%2C600 3x"},"classes":[]}],"jetpack_sharing_enabled":true,"jetpack_likes_enabled":true,"jetpack_shortlink":"https:\/\/wp.me\/p9TedA-eOL","jetpack_featured_media_url":"https:\/\/i0.wp.com\/mexicocodigorojo.com.mx\/wp-content\/uploads\/2023\/08\/27949a0f-b662-43c4-bf7a-7aad87ee2b9f.jpg?fit=720%2C414&ssl=1","_links":{"self":[{"href":"https:\/\/mexicocodigorojo.com.mx\/index.php?rest_route=\/wp\/v2\/posts\/56963","targetHints":{"allow":["GET"]}}],"collection":[{"href":"https:\/\/mexicocodigorojo.com.mx\/index.php?rest_route=\/wp\/v2\/posts"}],"about":[{"href":"https:\/\/mexicocodigorojo.com.mx\/index.php?rest_route=\/wp\/v2\/types\/post"}],"author":[{"embeddable":true,"href":"https:\/\/mexicocodigorojo.com.mx\/index.php?rest_route=\/wp\/v2\/users\/5"}],"replies":[{"embeddable":true,"href":"https:\/\/mexicocodigorojo.com.mx\/index.php?rest_route=%2Fwp%2Fv2%2Fcomments&post=56963"}],"version-history":[{"count":0,"href":"https:\/\/mexicocodigorojo.com.mx\/index.php?rest_route=\/wp\/v2\/posts\/56963\/revisions"}],"wp:featuredmedia":[{"embeddable":true,"href":"https:\/\/mexicocodigorojo.com.mx\/index.php?rest_route=\/wp\/v2\/media\/56962"}],"wp:attachment":[{"href":"https:\/\/mexicocodigorojo.com.mx\/index.php?rest_route=%2Fwp%2Fv2%2Fmedia&parent=56963"}],"wp:term":[{"taxonomy":"category","embeddable":true,"href":"https:\/\/mexicocodigorojo.com.mx\/index.php?rest_route=%2Fwp%2Fv2%2Fcategories&post=56963"},{"taxonomy":"post_tag","embeddable":true,"href":"https:\/\/mexicocodigorojo.com.mx\/index.php?rest_route=%2Fwp%2Fv2%2Ftags&post=56963"}],"curies":[{"name":"wp","href":"https:\/\/api.w.org\/{rel}","templated":true}]}}