{"id":56828,"date":"2023-08-18T09:09:04","date_gmt":"2023-08-18T15:09:04","guid":{"rendered":"https:\/\/mexicocodigorojo.com.mx\/?p=56828"},"modified":"2023-08-22T09:11:30","modified_gmt":"2023-08-22T15:11:30","slug":"balacera-en-matamoros-deja-tres-detenidos","status":"publish","type":"post","link":"https:\/\/mexicocodigorojo.com.mx\/?p=56828","title":{"rendered":"Balacera en Matamoros deja tres detenidos"},"content":{"rendered":"<p>En\u00a0<strong>Matamoros, Tamaulipas<\/strong>, se registr\u00f3 una<strong>\u00a0balacera entre elementos de la Marina y sujetos armados<\/strong>, lo que gener\u00f3 p\u00e1nico entre la gente que se encontraba en un complejo comercial y sus alrededores, entre ellos el edificio del Poder Judicial Federal.<\/p>\n<p>La persecuci\u00f3n y enfrentamiento ocurri\u00f3 el jueves a las 13:00 horas en la avenida Pedro C\u00e1rdenas y Longoria en la colonia Victoria, cerca de la entrada a esta ciudad fronteriza.<\/p>\n<p>El tableteo de las\u00a0<strong>ametralladoras\u00a0<\/strong>hicieron caer en p\u00e1nico a una gran cantidad de gente que se encontraba en el\u00a0<strong>complejo comercial.<\/strong><\/p>\n<p>Algunos hicieron el llamado a los n\u00fameros de emergencia 911 al asegurar que clientes de un centro bancario se encontraban encerrados ante el ruido de los disparos.<\/p>\n<p>Frente al supermercado se encuentra tambi\u00e9n el palacio del Poder Judicial Federal y el personal tom\u00f3 sus medidas.<\/p>\n<p>El enfrentamiento y captura se desarroll\u00f3 cuando los oficiales de la SEMAR andaban de vigilancia y le marcaron el alto a los tripulantes de una\u00a0<strong>camioneta Ford Expedition\u00a0<\/strong>modelo reciente.<\/p>\n<p>Los tripulantes hicieron caso omiso, por lo que la unidad fue perseguida y justo en medio de una tienda de muebles y el supermercado se desat\u00f3 una balacera.<\/p>\n<p>Minutos m\u00e1s tarde los<strong>\u00a0oficiales detuvieron a tres presuntos delincuentes.<\/strong><\/p>\n<p>Adem\u00e1s aseguraron cuatro\u00a0<strong>armas largas, dos cargadores, tres chalecos antibalas<\/strong>\u00a0y cuatro cascos t\u00e1cticos.<\/p>\n<p>Los detenidos podr\u00edan ser parte del\u00a0<strong>C\u00e1rtel del Golfo<\/strong>, grupo criminal que opera en la frontera.<\/p>\n<p>Junto con los veh\u00edculos y armamento quedaron a disposici\u00f3n de las autoridades competentes.<\/p>\n<blockquote class=\"twitter-tweet\" data-width=\"550\" data-dnt=\"true\">\n<p lang=\"es\" dir=\"ltr\">As\u00ed fue la balacera este jueves en <a href=\"https:\/\/twitter.com\/hashtag\/Matamoros?src=hash&amp;ref_src=twsrc%5Etfw\">#Matamoros<\/a> tras Busqueda de l\u00edder delictivo. La Marina trae orden de captura de la Kena, sin embargo estos operativos no se reportan en municipios como <a href=\"https:\/\/twitter.com\/hashtag\/Reynosa?src=hash&amp;ref_src=twsrc%5Etfw\">#Reynosa<\/a> contra \u201cEl Mono\u201d, \u201cEl Fresa\u201d, \u201cLa Fayuka\u201d o en <a href=\"https:\/\/twitter.com\/hashtag\/Camargo?src=hash&amp;ref_src=twsrc%5Etfw\">#Camargo<\/a> y <a href=\"https:\/\/twitter.com\/hashtag\/MiguelAleman?src=hash&amp;ref_src=twsrc%5Etfw\">#MiguelAleman<\/a> <a href=\"https:\/\/t.co\/k1DFkGcXh0\">pic.twitter.com\/k1DFkGcXh0<\/a><\/p>\n<p>&mdash; ElGuzman (@FuriaNegra77) <a href=\"https:\/\/twitter.com\/FuriaNegra77\/status\/1692267674863026367?ref_src=twsrc%5Etfw\">August 17, 2023<\/a><\/p><\/blockquote>\n<p><script async src=\"https:\/\/platform.twitter.com\/widgets.js\" charset=\"utf-8\"><\/script><\/p>\n","protected":false},"excerpt":{"rendered":"<p>En\u00a0Matamoros, Tamaulipas, se registr\u00f3 una\u00a0balacera entre elementos de la Marina y sujetos armados, lo que gener\u00f3 p\u00e1nico entre la gente que se encontraba en un complejo comercial y sus alrededores, entre ellos el edificio del Poder Judicial Federal. La persecuci\u00f3n y enfrentamiento ocurri\u00f3 el jueves a las 13:00 horas en la avenida Pedro C\u00e1rdenas y [&hellip;]<\/p>\n","protected":false},"author":5,"featured_media":56829,"comment_status":"closed","ping_status":"closed","sticky":false,"template":"","format":"standard","meta":{"_uf_show_specific_survey":0,"_uf_disable_surveys":false,"advanced_seo_description":"","jetpack_seo_html_title":"","jetpack_seo_noindex":false,"jetpack_post_was_ever_published":false,"_jetpack_newsletter_access":"","_jetpack_dont_email_post_to_subs":false,"_jetpack_newsletter_tier_id":0,"_jetpack_memberships_contains_paywalled_content":false,"_jetpack_memberships_contains_paid_content":false,"footnotes":"","jetpack_publicize_message":"","jetpack_publicize_feature_enabled":true,"jetpack_social_post_already_shared":true,"jetpack_social_options":{"image_generator_settings":{"template":"highway","default_image_id":0,"font":"","enabled":false},"version":2}},"categories":[1724,2],"tags":[2173],"class_list":{"0":"post-56828","1":"post","2":"type-post","3":"status-publish","4":"format-standard","5":"has-post-thumbnail","7":"category-featured","8":"category-tamaulipas","9":"tag-narcotrafico-2"},"jetpack_publicize_connections":[],"jetpack_featured_media_url":"https:\/\/i0.wp.com\/mexicocodigorojo.com.mx\/wp-content\/uploads\/2023\/08\/balacera-tamaulipas.jpg?fit=480%2C557&ssl=1","jetpack-related-posts":[{"id":54204,"url":"https:\/\/mexicocodigorojo.com.mx\/?p=54204","url_meta":{"origin":56828,"position":0},"title":"Balacera en Matamoros entre militares y sicarios del \u201cCDG\u201d deja un abatido","author":"Staff","date":"septiembre 29, 2022","format":false,"excerpt":"Matamoros, Tamaulipas.- Una persecuci\u00f3n y balacera provoc\u00f3 que el Consulado de Estados Unidos en Matamoros, Tamaulipas, emitiera una alerta para que sus ciudadanos no crucen a \u00e9sta frontera. https:\/\/twitter.com\/uscgmatamoros\/status\/1575592550425329664?s=46&t=3ZSfPCzR1FY2zbw4Zyl8oQ Los hechos se registraron cerca del centro comercial Plaza Fiesta, en la calle sexta, cuando civiles armados, dispararon contra elementos del\u2026","rel":"","context":"En \u00abFeatured\u00bb","block_context":{"text":"Featured","link":"https:\/\/mexicocodigorojo.com.mx\/?cat=1724"},"img":{"alt_text":"","src":"https:\/\/i0.wp.com\/mexicocodigorojo.com.mx\/wp-content\/uploads\/2022\/09\/img_2027.jpg?fit=670%2C501&ssl=1&resize=350%2C200","width":350,"height":200,"srcset":"https:\/\/i0.wp.com\/mexicocodigorojo.com.mx\/wp-content\/uploads\/2022\/09\/img_2027.jpg?fit=670%2C501&ssl=1&resize=350%2C200 1x, https:\/\/i0.wp.com\/mexicocodigorojo.com.mx\/wp-content\/uploads\/2022\/09\/img_2027.jpg?fit=670%2C501&ssl=1&resize=525%2C300 1.5x"},"classes":[]},{"id":13364,"url":"https:\/\/mexicocodigorojo.com.mx\/?p=13364","url_meta":{"origin":56828,"position":1},"title":"BALACERA EN MATAMOROS TAMAULIPAS SE TOPARON,MILITARES vs \u00abLOS ESCORPIONES\u00bb DEL \u00abCDG\u00bb","author":"Staff","date":"enero 30, 2019","format":false,"excerpt":"BALACERA EN MATAMOROS TAMAULIPAS SE TOPARON,MILITARES vs \"LOS ESCORPIONES\" DEL \"CDG\" Usuarios de redes sociales lograron grabar con su tel\u00e9fono celular un enfrentamiento entre civiles armados y personal de la SEDENA. Esta balacera entre personal militar y sicarios del Cartel del Golfo se registro la tarde de este martes 29\u2026","rel":"","context":"En \u00abTamaulipas\u00bb","block_context":{"text":"Tamaulipas","link":"https:\/\/mexicocodigorojo.com.mx\/?cat=2"},"img":{"alt_text":"","src":"https:\/\/i0.wp.com\/mexicocodigorojo.com.mx\/wp-content\/uploads\/2019\/01\/CYMERA_20190130_151500.jpg?resize=350%2C200&ssl=1","width":350,"height":200,"srcset":"https:\/\/i0.wp.com\/mexicocodigorojo.com.mx\/wp-content\/uploads\/2019\/01\/CYMERA_20190130_151500.jpg?resize=350%2C200&ssl=1 1x, https:\/\/i0.wp.com\/mexicocodigorojo.com.mx\/wp-content\/uploads\/2019\/01\/CYMERA_20190130_151500.jpg?resize=525%2C300&ssl=1 1.5x, https:\/\/i0.wp.com\/mexicocodigorojo.com.mx\/wp-content\/uploads\/2019\/01\/CYMERA_20190130_151500.jpg?resize=700%2C400&ssl=1 2x, https:\/\/i0.wp.com\/mexicocodigorojo.com.mx\/wp-content\/uploads\/2019\/01\/CYMERA_20190130_151500.jpg?resize=1050%2C600&ssl=1 3x, https:\/\/i0.wp.com\/mexicocodigorojo.com.mx\/wp-content\/uploads\/2019\/01\/CYMERA_20190130_151500.jpg?resize=1400%2C800&ssl=1 4x"},"classes":[]},{"id":20063,"url":"https:\/\/mexicocodigorojo.com.mx\/?p=20063","url_meta":{"origin":56828,"position":2},"title":"BALACERA EN MATAMOROS, TAMAULIPAS ENTRE C\u00c1RTEL DEL GOLFO Y FUERZA TAMAULIPAS DEJA UN MUERTO","author":"Staff","date":"julio 14, 2019","format":false,"excerpt":"Matamoros, Tamaulipas.- El Gobierno del Estado a trav\u00e9s de la Secretar\u00eda de Seguridad P\u00fablica informa que, la madrugada de este s\u00e1bado 13 de julio en este municipio, personal de la Polic\u00eda Estatal asegur\u00f3 una camioneta, un arma larga, y 47 cargadores abastecidos. En el lugar muri\u00f3 un hombre que iba\u2026","rel":"","context":"En \u00abTamaulipas\u00bb","block_context":{"text":"Tamaulipas","link":"https:\/\/mexicocodigorojo.com.mx\/?cat=2"},"img":{"alt_text":"","src":"https:\/\/i0.wp.com\/mexicocodigorojo.com.mx\/wp-content\/uploads\/2019\/07\/img-20190714-wa00382230288011303571826.jpg?resize=350%2C200&ssl=1","width":350,"height":200,"srcset":"https:\/\/i0.wp.com\/mexicocodigorojo.com.mx\/wp-content\/uploads\/2019\/07\/img-20190714-wa00382230288011303571826.jpg?resize=350%2C200&ssl=1 1x, https:\/\/i0.wp.com\/mexicocodigorojo.com.mx\/wp-content\/uploads\/2019\/07\/img-20190714-wa00382230288011303571826.jpg?resize=525%2C300&ssl=1 1.5x, https:\/\/i0.wp.com\/mexicocodigorojo.com.mx\/wp-content\/uploads\/2019\/07\/img-20190714-wa00382230288011303571826.jpg?resize=700%2C400&ssl=1 2x, https:\/\/i0.wp.com\/mexicocodigorojo.com.mx\/wp-content\/uploads\/2019\/07\/img-20190714-wa00382230288011303571826.jpg?resize=1050%2C600&ssl=1 3x"},"classes":[]},{"id":55638,"url":"https:\/\/mexicocodigorojo.com.mx\/?p=55638","url_meta":{"origin":56828,"position":3},"title":"Un polic\u00eda muerto, dos detenidos, una mujer desmembrada en Tamaulipas","author":"Staff","date":"marzo 17, 2023","format":false,"excerpt":"Rio Bravo.-\u00a0 Ante la gravedad de la herida que presentaba en la cabeza, perdi\u00f3 la vida el elemento de la Guardia Estatal que enfrent\u00f3 a civiles armados durante una balacera en el\u00a0municipio de R\u00edo Bravo, Tamaulipas. El enfrentamiento, donde se logr\u00f3 detener a dos de los pistoleros, caus\u00f3 p\u00e1nico pues\u2026","rel":"","context":"En \u00abFeatured\u00bb","block_context":{"text":"Featured","link":"https:\/\/mexicocodigorojo.com.mx\/?cat=1724"},"img":{"alt_text":"","src":"https:\/\/i0.wp.com\/mexicocodigorojo.com.mx\/wp-content\/uploads\/2023\/03\/rio-bravo-16-marzo.jpg?fit=889%2C660&ssl=1&resize=350%2C200","width":350,"height":200,"srcset":"https:\/\/i0.wp.com\/mexicocodigorojo.com.mx\/wp-content\/uploads\/2023\/03\/rio-bravo-16-marzo.jpg?fit=889%2C660&ssl=1&resize=350%2C200 1x, https:\/\/i0.wp.com\/mexicocodigorojo.com.mx\/wp-content\/uploads\/2023\/03\/rio-bravo-16-marzo.jpg?fit=889%2C660&ssl=1&resize=525%2C300 1.5x, https:\/\/i0.wp.com\/mexicocodigorojo.com.mx\/wp-content\/uploads\/2023\/03\/rio-bravo-16-marzo.jpg?fit=889%2C660&ssl=1&resize=700%2C400 2x"},"classes":[]},{"id":6773,"url":"https:\/\/mexicocodigorojo.com.mx\/?p=6773","url_meta":{"origin":56828,"position":4},"title":"VIDEO MADRUGADA DE BALACERAS EN NUEVO LAREDO TAMAULIPAS","author":"Staff","date":"octubre 20, 2018","format":false,"excerpt":"Una hora antes del enfrentamiento se report\u00f3 un reten del Cartel del Noreste sobre las calles Venezuela y Tomas F. de la Garza a las 3.45 cuazitos jovenes enchalecados detenian a todos por la nada y les pegaban con sus mismas armas Nuevo Laredo, Tamaulipas 20\/10\/2018.-Hoy a primeras horas de\u2026","rel":"","context":"En \u00abTamaulipas\u00bb","block_context":{"text":"Tamaulipas","link":"https:\/\/mexicocodigorojo.com.mx\/?cat=2"},"img":{"alt_text":"","src":"","width":0,"height":0},"classes":[]},{"id":18212,"url":"https:\/\/mexicocodigorojo.com.mx\/?p=18212","url_meta":{"origin":56828,"position":5},"title":"BALACERA EN LAS NORIAS ENTRE SICARIOS Y POLIC\u00cdAS ESTATALES DEJA TRES MUERTOS","author":"Staff","date":"junio 11, 2019","format":false,"excerpt":"11-JUNIO-2019 SSP-105-2019 San Fernando, Tamaulipas.- El Gobierno del Estado, a trav\u00e9s de la Secretar\u00eda de Seguridad P\u00fablica, informa que Polic\u00edas Estatales recuperaron, la ma\u00f1ana de este martes 11 de junio, en la zona de Las Norias, una camioneta pick up que fue reportada al 9-1-1 como robada. Fueron aseguradas dos\u2026","rel":"","context":"En \u00abTamaulipas\u00bb","block_context":{"text":"Tamaulipas","link":"https:\/\/mexicocodigorojo.com.mx\/?cat=2"},"img":{"alt_text":"","src":"https:\/\/i0.wp.com\/mexicocodigorojo.com.mx\/wp-content\/uploads\/2019\/06\/img_20190611_1135334732074352422085702.jpg?resize=350%2C200&ssl=1","width":350,"height":200,"srcset":"https:\/\/i0.wp.com\/mexicocodigorojo.com.mx\/wp-content\/uploads\/2019\/06\/img_20190611_1135334732074352422085702.jpg?resize=350%2C200&ssl=1 1x, https:\/\/i0.wp.com\/mexicocodigorojo.com.mx\/wp-content\/uploads\/2019\/06\/img_20190611_1135334732074352422085702.jpg?resize=525%2C300&ssl=1 1.5x, https:\/\/i0.wp.com\/mexicocodigorojo.com.mx\/wp-content\/uploads\/2019\/06\/img_20190611_1135334732074352422085702.jpg?resize=700%2C400&ssl=1 2x"},"classes":[]}],"jetpack_sharing_enabled":true,"jetpack_likes_enabled":true,"jetpack_shortlink":"https:\/\/wp.me\/p9TedA-eMA","_links":{"self":[{"href":"https:\/\/mexicocodigorojo.com.mx\/index.php?rest_route=\/wp\/v2\/posts\/56828","targetHints":{"allow":["GET"]}}],"collection":[{"href":"https:\/\/mexicocodigorojo.com.mx\/index.php?rest_route=\/wp\/v2\/posts"}],"about":[{"href":"https:\/\/mexicocodigorojo.com.mx\/index.php?rest_route=\/wp\/v2\/types\/post"}],"author":[{"embeddable":true,"href":"https:\/\/mexicocodigorojo.com.mx\/index.php?rest_route=\/wp\/v2\/users\/5"}],"replies":[{"embeddable":true,"href":"https:\/\/mexicocodigorojo.com.mx\/index.php?rest_route=%2Fwp%2Fv2%2Fcomments&post=56828"}],"version-history":[{"count":1,"href":"https:\/\/mexicocodigorojo.com.mx\/index.php?rest_route=\/wp\/v2\/posts\/56828\/revisions"}],"predecessor-version":[{"id":56830,"href":"https:\/\/mexicocodigorojo.com.mx\/index.php?rest_route=\/wp\/v2\/posts\/56828\/revisions\/56830"}],"wp:featuredmedia":[{"embeddable":true,"href":"https:\/\/mexicocodigorojo.com.mx\/index.php?rest_route=\/wp\/v2\/media\/56829"}],"wp:attachment":[{"href":"https:\/\/mexicocodigorojo.com.mx\/index.php?rest_route=%2Fwp%2Fv2%2Fmedia&parent=56828"}],"wp:term":[{"taxonomy":"category","embeddable":true,"href":"https:\/\/mexicocodigorojo.com.mx\/index.php?rest_route=%2Fwp%2Fv2%2Fcategories&post=56828"},{"taxonomy":"post_tag","embeddable":true,"href":"https:\/\/mexicocodigorojo.com.mx\/index.php?rest_route=%2Fwp%2Fv2%2Ftags&post=56828"}],"curies":[{"name":"wp","href":"https:\/\/api.w.org\/{rel}","templated":true}]}}