{"id":56631,"date":"2023-07-27T10:42:37","date_gmt":"2023-07-27T16:42:37","guid":{"rendered":"https:\/\/mexicocodigorojo.com.mx\/?p=56631"},"modified":"2023-07-27T10:42:37","modified_gmt":"2023-07-27T16:42:37","slug":"el-cdn-asesino-a-policias-en-coahuila-y-ataco-a-fuerza-civil-en-nuevo-leon","status":"publish","type":"post","link":"https:\/\/mexicocodigorojo.com.mx\/?p=56631","title":{"rendered":"El &#8216;CDN&#8217; asesino a polic\u00edas en Coahuila y atac\u00f3 a Fuerza Civil en Nuevo Le\u00f3n"},"content":{"rendered":"<div class=\"block_lead destacado\">\n<div class=\"lead destacado\">El secretario de Seguridad del estado, Gerardo Palacios P\u00e1manes inform\u00f3 de la agresi\u00f3n a las instalaciones de Fuerza Civil en Colombia, Nuevo Le\u00f3n<\/div>\n<\/div>\n<div class=\"paragraph texto\">\n<p class=\"p_0\">Monterrey, Nuevo Le\u00f3n.- Un grupo de hombres armados atac\u00f3 la ma\u00f1ana de este mi\u00e9rcoles las instalaciones de\u00a0<b>Fuerza Civil<\/b>\u00a0en la congregaci\u00f3n\u00a0<b>Colombia<\/b>, presuntamente despu\u00e9s de un enfrentamiento armado del lado de\u00a0<b>Coahuila<\/b>.<\/p>\n<p class=\"p_1\">El secretario de Seguridad del estado,\u00a0<b>Gerardo Palacios P\u00e1manes<\/b>\u00a0habl\u00f3 del tema, registrado la ma\u00f1ana de este mi\u00e9rcoles.<\/p>\n<p class=\"p_2\"><i>\u201cHubo una provocaci\u00f3n en la base de Fuerza Civil en Colombia, tenemos ya refuerzos ah\u00ed, tenemos helic\u00f3pteros sobrevolando la zona y tenemos el apoyo de la Guardia Nacional, estamos buscando a los responsables, sabemos que en estos momentos hay un enfrentamiento cruento en Coahuila de las fuerzas estatales con el crimen organizado, se trata del mismo grupo\u201d<\/i>, comparti\u00f3.<\/p>\n<p class=\"p_3\"><b>Expuso que la violencia que se registra en ambas entidades,<\/b>\u00a0Nuevo Le\u00f3n y Coahuila, tiene que ver con un conflicto que se ha exacerbado en el vecino estado de\u00a0<b>Tamaulipas<\/b>.<\/p>\n<div class=\"paragraph texto\">\n<p class=\"p_4\">El funcionario estatal comparti\u00f3 que\u00a0<b>se va a incrementar la presencia de Fuerza Civil en la carretera Colombia para seguridad de los usuarios de esta v\u00eda.<\/b><\/p>\n<p class=\"p_5\"><i>\u201cHemos solicitado por conducto del secretario general de Gobierno a las fuerzas armadas una mayor presencia en las carreteras federales y en el punto de la Congregaci\u00f3n Colombia para que entre todos podamos brindar la seguridad que el estado de Nuevo Le\u00f3n necesita\u201d,<\/i>\u00a0indic\u00f3.<\/p>\n<p class=\"p_6\">P\u00e1manes coment\u00f3 que en la Congregaci\u00f3n Colombia hay una base de la Guardia Nacional que tambi\u00e9n ha sido objeto de agresiones.<\/p>\n<p class=\"p_7\"><i>\u201cAh\u00ed hay presencia de las fuerzas armadas y tambi\u00e9n hay una base de Fuerza Civil y lo que hemos solicitado es hacer patrullajes conjuntos para poder brindar seguridad a la zona norte de Nuevo Le\u00f3n, que colinda con Coahuila y Tamaulipas\u201d<\/i>, mencion\u00f3.<\/p>\n<p class=\"p_8\">El funcionario estatal\u00a0<b>reconoci\u00f3 que grupos del crimen organizado buscan penetrar no solo en Nuevo Le\u00f3n, sino tambi\u00e9n en Coahuila.<\/b><\/p>\n<div class=\"paragraph texto\">\n<p class=\"p_9\"><i>\u201cS\u00ed, desde hace un a\u00f1o que planteamos una nueva estrategia que nos permitiera sacar polic\u00edas de Fuerza Civil que hac\u00edan funciones municipales para reforzar zona rural porque previmos un escenario como este y esa es la raz\u00f3n por la que tenemos muchos m\u00e1s polic\u00edas de Fuerza Civil en la zona rural y vamos a incrementarla todav\u00eda m\u00e1s\u201d<\/i>, expuso.<\/p>\n<hgroup class=\"zona-titulo\">\n<h1 class=\"titular\">Reportan otro polic\u00eda muerto y cuatro heridos por enfrentamiento en Coahuila<\/h1>\n<\/hgroup>\n<p><strong class=\"bajada\">El deceso de hoy se suma a la muerte del agente Hugo Javier Moreno, \u201cEl Centauro\u201d, que fue agredido el martes junto con otros dos agentes que resultaron lesionados a balazos.<\/strong><\/p>\n<div class=\"row\">\n<div class=\"col-md-1 col-sticky\">\n<div class=\"inner-share-bar cf\">\n<div class=\"item\">\n<figure style=\"width: 685px\" class=\"wp-caption alignnone\"><img data-recalc-dims=\"1\" loading=\"lazy\" decoding=\"async\" src=\"https:\/\/i0.wp.com\/www.proceso.com.mx\/u\/fotografias\/m\/2023\/7\/26\/f685x385-178463_216156_5050.jpeg?resize=685%2C385&#038;ssl=1\" alt=\"Reportan otro polic\u00eda muerto y cuatro heridos por enfrentamiento en Coahuila\" width=\"685\" height=\"385\" \/><figcaption class=\"wp-caption-text\">Homenaje p\u00f3stumo al agente Hugo Javier Moreno, \u201cEl Centauro\u201d. Foto: @mrikelme<\/figcaption><\/figure>\n<p>Un polic\u00eda estatal muerto y cuatro m\u00e1s heridos fue el saldo de un enfrentamiento que sostuvieron esta madrugada las fuerzas del orden contra criminales al norte de la entidad, inform\u00f3 el gobernador Miguel Riquelme.<\/p>\n<p>El deceso de hoy se suma a la muerte del agente Hugo Javier Moreno, \u201cEl Centauro\u201d, que fue agredido el martes junto con otros dos agentes que resultaron lesionados a balazos, en una racha violenta que se da en el contexto del esfuerzo de la Polic\u00eda Civil del estado, por impedir que convoyes de grupos criminales ingresen a Coahuila, por Nuevo Le\u00f3n y Tamaulipas.<\/p>\n<p>Este mi\u00e9rcoles, mientras se hac\u00edan los servicios funerarios del agente ca\u00eddo el martes, Riquelme Sol\u00eds dio cuenta de otro ataque a los uniformados en el que perdi\u00f3 la vida el agente Giovanni Hasiel Coronado, en el enfrentamiento registrado en el municipio de Hidalgo, que se conecta a An\u00e1huac, Nuevo Le\u00f3n y Nuevo Laredo, Tamaulipas, en un corredor fronterizo con Texas.<\/p>\n<p>\u201cLos elementos repelieron el fuego y no permitieron el acceso de criminales a nuestra entidad\u201d, se\u00f1al\u00f3 el mandatario tricolor.<\/p>\n<p>Por su parte, el fiscal general de Coahuila, Gerardo M\u00e1rquez, recomend\u00f3 a la ciudadan\u00eda abstenerse, por ahora, a circular por esa v\u00eda, mientras pasan el riesgo por m\u00e1s enfrentamientos.<\/p>\n<p>Riquelme se\u00f1al\u00f3 que la Polic\u00eda Civil ha establecido un muro de contenci\u00f3n, con vigilancia y patrullajes, para impedir que civiles armados ingresen al estado a delinquir, para que Coahuila no se convierta en \u201ctierra de criminales\u201d.<\/p>\n<h2><strong>Atacan a polic\u00edas en NL<\/strong><\/h2>\n<p>El cuartel de la polic\u00eda estatal Fuerza Civil, ubicado en el poblado Colombia, en la frontera con Texas, fue atacado a balazos por los ocupantes de varias camionetas que dispararon a la construcci\u00f3n, sin que se reportaran lesionados.<\/p>\n<p>Fue esta ma\u00f1ana cuando elementos de la corporaci\u00f3n estatal repelieron la agresi\u00f3n en la comandancia fortificada, ubicadacerca del Puente Internacional Colombia, n el municipio de An\u00e1huac, que hace frontera con Laredo, Texas.<\/p>\n<p>El secretario de Seguridad P\u00fablica, Gerardo Palacios P\u00e1manes confirm\u00f3 la agresi\u00f3n a las 9:00 horas de hoy, por hombres armados que provocaron a los agentes estatales que respondieron al ataque.<\/p>\n<p>An\u00e1huac es el municipio que conecta Coahuila con Nuevo Laredo a trav\u00e9s de la Carretera Ribere\u00f1a, donde se encuentra una de las zonas de mayor actividad del crimen organizado en Tamaulipas.<\/p>\n<p>Con informaci\u00f3n de vanguardia y proceso<\/p>\n<blockquote class=\"twitter-tweet\" data-width=\"550\" data-dnt=\"true\">\n<p lang=\"es\" dir=\"ltr\">Reportan otro polic\u00eda muerto y cuatro heridos por enfrentamientos en los l\u00edmites entre <a href=\"https:\/\/twitter.com\/hashtag\/Coahuila?src=hash&amp;ref_src=twsrc%5Etfw\">#Coahuila<\/a> y <a href=\"https:\/\/twitter.com\/hashtag\/Tamaulipas?src=hash&amp;ref_src=twsrc%5Etfw\">#Tamaulipas<\/a> <\/p>\n<p>El deceso de este mi\u00e9rcoles se suma a la muerte del agente Hugo Javier Moreno, \u201cEl Centauro\u201d, que fue agredido el martes junto con otros dos agentes. <a href=\"https:\/\/t.co\/nKkMzAkthP\">pic.twitter.com\/nKkMzAkthP<\/a><\/p>\n<p>&mdash; ElGuzman (@FuriaNegra77) <a href=\"https:\/\/twitter.com\/FuriaNegra77\/status\/1684440685615673346?ref_src=twsrc%5Etfw\">July 27, 2023<\/a><\/p><\/blockquote>\n<p><script async src=\"https:\/\/platform.twitter.com\/widgets.js\" charset=\"utf-8\"><\/script><\/p>\n<blockquote class=\"twitter-tweet\" data-width=\"550\" data-dnt=\"true\">\n<p lang=\"es\" dir=\"ltr\">As\u00ed se escuch\u00f3 el tiroteo en los l\u00edmites entre <a href=\"https:\/\/twitter.com\/hashtag\/Coahuila?src=hash&amp;ref_src=twsrc%5Etfw\">#Coahuila<\/a> y <a href=\"https:\/\/twitter.com\/hashtag\/NuevoLeon?src=hash&amp;ref_src=twsrc%5Etfw\">#NuevoLeon<\/a> entre corporaciones de seguridad y presuntos miembros del C\u00e1rtel del Noreste carretera a Piedras Negras. <a href=\"https:\/\/t.co\/Dzb5IkbHdU\">pic.twitter.com\/Dzb5IkbHdU<\/a><\/p>\n<p>&mdash; ElGuzman (@FuriaNegra77) <a href=\"https:\/\/twitter.com\/FuriaNegra77\/status\/1684267400982585346?ref_src=twsrc%5Etfw\">July 26, 2023<\/a><\/p><\/blockquote>\n<p><script async src=\"https:\/\/platform.twitter.com\/widgets.js\" charset=\"utf-8\"><\/script><\/p>\n<blockquote class=\"twitter-tweet\" data-width=\"550\" data-dnt=\"true\">\n<p lang=\"es\" dir=\"ltr\">Abrazos no balazos<\/p>\n<p>Descanse en Paz el elemento ca\u00eddo en Hidalgo, Coahuila. <a href=\"https:\/\/t.co\/DQeAcorKhX\">pic.twitter.com\/DQeAcorKhX<\/a><\/p>\n<p>&mdash; Tamaulipas C\u00f3digo Rojo (@TamCodigoRojo) <a href=\"https:\/\/twitter.com\/TamCodigoRojo\/status\/1684351443199746050?ref_src=twsrc%5Etfw\">July 26, 2023<\/a><\/p><\/blockquote>\n<p><script async src=\"https:\/\/platform.twitter.com\/widgets.js\" charset=\"utf-8\"><\/script><\/p>\n<\/div>\n<\/div>\n<\/div>\n<\/div>\n<\/div>\n<\/div>\n<\/div>\n","protected":false},"excerpt":{"rendered":"<p>El secretario de Seguridad del estado, Gerardo Palacios P\u00e1manes inform\u00f3 de la agresi\u00f3n a las instalaciones de Fuerza Civil en Colombia, Nuevo Le\u00f3n Monterrey, Nuevo Le\u00f3n.- Un grupo de hombres armados atac\u00f3 la ma\u00f1ana de este mi\u00e9rcoles las instalaciones de\u00a0Fuerza Civil\u00a0en la congregaci\u00f3n\u00a0Colombia, presuntamente despu\u00e9s de un enfrentamiento armado del lado de\u00a0Coahuila. El secretario de [&hellip;]<\/p>\n","protected":false},"author":5,"featured_media":56632,"comment_status":"closed","ping_status":"closed","sticky":false,"template":"","format":"standard","meta":{"_uf_show_specific_survey":0,"_uf_disable_surveys":false,"advanced_seo_description":"","jetpack_seo_html_title":"","jetpack_seo_noindex":false,"jetpack_post_was_ever_published":false,"_jetpack_newsletter_access":"","_jetpack_dont_email_post_to_subs":false,"_jetpack_newsletter_tier_id":0,"_jetpack_memberships_contains_paywalled_content":false,"_jetpack_memberships_contains_paid_content":false,"footnotes":"","jetpack_publicize_message":"","jetpack_publicize_feature_enabled":true,"jetpack_social_post_already_shared":true,"jetpack_social_options":{"image_generator_settings":{"template":"highway","default_image_id":0,"font":"","enabled":false},"version":2}},"categories":[27,1724],"tags":[2173],"class_list":{"0":"post-56631","1":"post","2":"type-post","3":"status-publish","4":"format-standard","5":"has-post-thumbnail","7":"category-coahuila","8":"category-featured","9":"tag-narcotrafico-2"},"jetpack_publicize_connections":[],"jetpack_featured_media_url":"https:\/\/i0.wp.com\/mexicocodigorojo.com.mx\/wp-content\/uploads\/2023\/07\/zonacolombia.webp?fit=942%2C532&ssl=1","jetpack-related-posts":[{"id":58460,"url":"https:\/\/mexicocodigorojo.com.mx\/?p=58460","url_meta":{"origin":56631,"position":0},"title":"Palacios confirma ataque del &#8216;CDN&#8217; contra Fuerza Civil en An\u00e1huac, muere victima colateral","author":"Staff","date":"diciembre 6, 2023","format":false,"excerpt":"Un convoy de Fuerza Civil a bordo de patrullas de nominadas Black Mambas y un cami\u00f3n de personal fueron atacados por un grupo de la delincuencia organizada en el municipio de An\u00e1huac, Nuevo Le\u00f3n, resultando un ciudadano muerto y otro herido. Al salir de la reuni\u00f3n en la materia de\u2026","rel":"","context":"En \u00abFeatured\u00bb","block_context":{"text":"Featured","link":"https:\/\/mexicocodigorojo.com.mx\/?cat=1724"},"img":{"alt_text":"","src":"https:\/\/i0.wp.com\/mexicocodigorojo.com.mx\/wp-content\/uploads\/2023\/12\/gerardo-palacios-pamanes-cortesia_8_0_1184_747.jpg?fit=1184%2C747&ssl=1&resize=350%2C200","width":350,"height":200,"srcset":"https:\/\/i0.wp.com\/mexicocodigorojo.com.mx\/wp-content\/uploads\/2023\/12\/gerardo-palacios-pamanes-cortesia_8_0_1184_747.jpg?fit=1184%2C747&ssl=1&resize=350%2C200 1x, https:\/\/i0.wp.com\/mexicocodigorojo.com.mx\/wp-content\/uploads\/2023\/12\/gerardo-palacios-pamanes-cortesia_8_0_1184_747.jpg?fit=1184%2C747&ssl=1&resize=525%2C300 1.5x, https:\/\/i0.wp.com\/mexicocodigorojo.com.mx\/wp-content\/uploads\/2023\/12\/gerardo-palacios-pamanes-cortesia_8_0_1184_747.jpg?fit=1184%2C747&ssl=1&resize=700%2C400 2x, https:\/\/i0.wp.com\/mexicocodigorojo.com.mx\/wp-content\/uploads\/2023\/12\/gerardo-palacios-pamanes-cortesia_8_0_1184_747.jpg?fit=1184%2C747&ssl=1&resize=1050%2C600 3x"},"classes":[]},{"id":61968,"url":"https:\/\/mexicocodigorojo.com.mx\/?p=61968","url_meta":{"origin":56631,"position":1},"title":"Fracasa Palacios P\u00e1manes renunciando a Seguridad P\u00fablica y llega Gerardo Escamilla","author":"Staff","date":"julio 4, 2024","format":false,"excerpt":"Luego de que ayer se diera a conocer la\u00a0renuncia del secretario de Seguridad,\u00a0Gerardo Palacios P\u00e1manes,\u00a0esta ma\u00f1ana el\u00a0gobernador Samuel Garc\u00eda\u00a0se reuni\u00f3 con Gerardo Escamilla, quien ser\u00e1 el\u00a0nuevo titular de la dependencia de gobierno. De acuerdo con una fuente, en la reuni\u00f3n que se llev\u00f3 a\u00a0cabo al interior del Palacio de Gobierno,\u2026","rel":"","context":"En \u00abFeatured\u00bb","block_context":{"text":"Featured","link":"https:\/\/mexicocodigorojo.com.mx\/?cat=1724"},"img":{"alt_text":"","src":"https:\/\/i0.wp.com\/mexicocodigorojo.com.mx\/wp-content\/uploads\/2024\/07\/f960x540-633638_707713_5050.jpg?fit=960%2C540&ssl=1&resize=350%2C200","width":350,"height":200,"srcset":"https:\/\/i0.wp.com\/mexicocodigorojo.com.mx\/wp-content\/uploads\/2024\/07\/f960x540-633638_707713_5050.jpg?fit=960%2C540&ssl=1&resize=350%2C200 1x, https:\/\/i0.wp.com\/mexicocodigorojo.com.mx\/wp-content\/uploads\/2024\/07\/f960x540-633638_707713_5050.jpg?fit=960%2C540&ssl=1&resize=525%2C300 1.5x, https:\/\/i0.wp.com\/mexicocodigorojo.com.mx\/wp-content\/uploads\/2024\/07\/f960x540-633638_707713_5050.jpg?fit=960%2C540&ssl=1&resize=700%2C400 2x"},"classes":[]},{"id":58463,"url":"https:\/\/mexicocodigorojo.com.mx\/?p=58463","url_meta":{"origin":56631,"position":2},"title":"Detienen a hombre que transportaba despensas de grupo criminal, en An\u00e1huac","author":"Staff","date":"octubre 15, 2023","format":false,"excerpt":"Un hombre fue detenido tras presuntamente conducir un tractocami\u00f3n cargado de despensas marcadas con las iniciales de un grupo delictivo, en el municipio de An\u00e1huac. A trav\u00e9s de sus redes sociales oficiales, el secretario de Seguridad de Nuevo Le\u00f3n, Gerardo Palacios P\u00e1manes, inform\u00f3 que elementos de la corporaci\u00f3n de seguridad\u2026","rel":"","context":"En \u00abFeatured\u00bb","block_context":{"text":"Featured","link":"https:\/\/mexicocodigorojo.com.mx\/?cat=1724"},"img":{"alt_text":"","src":"https:\/\/i0.wp.com\/mexicocodigorojo.com.mx\/wp-content\/uploads\/2023\/12\/f960x540-226303_300378_0.webp?fit=960%2C540&ssl=1&resize=350%2C200","width":350,"height":200,"srcset":"https:\/\/i0.wp.com\/mexicocodigorojo.com.mx\/wp-content\/uploads\/2023\/12\/f960x540-226303_300378_0.webp?fit=960%2C540&ssl=1&resize=350%2C200 1x, https:\/\/i0.wp.com\/mexicocodigorojo.com.mx\/wp-content\/uploads\/2023\/12\/f960x540-226303_300378_0.webp?fit=960%2C540&ssl=1&resize=525%2C300 1.5x, https:\/\/i0.wp.com\/mexicocodigorojo.com.mx\/wp-content\/uploads\/2023\/12\/f960x540-226303_300378_0.webp?fit=960%2C540&ssl=1&resize=700%2C400 2x"},"classes":[]},{"id":60258,"url":"https:\/\/mexicocodigorojo.com.mx\/?p=60258","url_meta":{"origin":56631,"position":3},"title":"Secretar\u00eda de Seguridad de Nuevo Le\u00f3n alerta sobre robos de veh\u00edculos en autopista rumbo a Reynosa","author":"MCR","date":"mayo 3, 2024","format":false,"excerpt":"Monterrey, NL - Reynosa, Tamps.- Gracias a un reporte y publicacion en redes sociales se dieron a conocer versiones sobre el robo de veh\u00edculos en la autopista a Reynosa, el gobierno del estado de Nuevo Le\u00f3n confirm\u00f3 tales hechos. El secretario de Seguridad del estado de Nuevo Le\u00f3n, Gerardo Palacios\u2026","rel":"","context":"En \u00abFeatured\u00bb","block_context":{"text":"Featured","link":"https:\/\/mexicocodigorojo.com.mx\/?cat=1724"},"img":{"alt_text":"","src":"https:\/\/i0.wp.com\/mexicocodigorojo.com.mx\/wp-content\/uploads\/2024\/05\/images-17-scaled.jpeg?fit=1200%2C603&ssl=1&resize=350%2C200","width":350,"height":200,"srcset":"https:\/\/i0.wp.com\/mexicocodigorojo.com.mx\/wp-content\/uploads\/2024\/05\/images-17-scaled.jpeg?fit=1200%2C603&ssl=1&resize=350%2C200 1x, https:\/\/i0.wp.com\/mexicocodigorojo.com.mx\/wp-content\/uploads\/2024\/05\/images-17-scaled.jpeg?fit=1200%2C603&ssl=1&resize=525%2C300 1.5x, https:\/\/i0.wp.com\/mexicocodigorojo.com.mx\/wp-content\/uploads\/2024\/05\/images-17-scaled.jpeg?fit=1200%2C603&ssl=1&resize=700%2C400 2x, https:\/\/i0.wp.com\/mexicocodigorojo.com.mx\/wp-content\/uploads\/2024\/05\/images-17-scaled.jpeg?fit=1200%2C603&ssl=1&resize=1050%2C600 3x"},"classes":[]},{"id":56064,"url":"https:\/\/mexicocodigorojo.com.mx\/?p=56064","url_meta":{"origin":56631,"position":4},"title":"Asesinan a polic\u00eda en ataque en los Herreras","author":"Staff","date":"mayo 8, 2023","format":false,"excerpt":"Un elemento de la polic\u00eda estatal Fuerza Civil y civiles armados murieron esta ma\u00f1ana luego de un enfrentamiento que sostuvieron en el poblado de Los Herreras, 120 kil\u00f3metros al norte de la capital. En el sitio un polic\u00eda result\u00f3 herido y se reporta que su estado es grave. Fue el\u2026","rel":"","context":"En \u00abFeatured\u00bb","block_context":{"text":"Featured","link":"https:\/\/mexicocodigorojo.com.mx\/?cat=1724"},"img":{"alt_text":"","src":"https:\/\/i0.wp.com\/mexicocodigorojo.com.mx\/wp-content\/uploads\/2023\/05\/f685x385-173361_211054_5050.jpeg?fit=685%2C385&ssl=1&resize=350%2C200","width":350,"height":200,"srcset":"https:\/\/i0.wp.com\/mexicocodigorojo.com.mx\/wp-content\/uploads\/2023\/05\/f685x385-173361_211054_5050.jpeg?fit=685%2C385&ssl=1&resize=350%2C200 1x, https:\/\/i0.wp.com\/mexicocodigorojo.com.mx\/wp-content\/uploads\/2023\/05\/f685x385-173361_211054_5050.jpeg?fit=685%2C385&ssl=1&resize=525%2C300 1.5x"},"classes":[]},{"id":53596,"url":"https:\/\/mexicocodigorojo.com.mx\/?p=53596","url_meta":{"origin":56631,"position":5},"title":"Muere presunto delincuente durante enfrentamiento con Fuerza Civil en NL","author":"MexicoRojoCvmx","date":"agosto 5, 2022","format":false,"excerpt":"Nuevo Le\u00f3n.- Efectivos de Fuerza Civil sostuvieron un enfrentamiento con integrantes del crimen organizado en el municipio de China, al noreste de esta ciudad, con saldo de un presunto delincuente abatido y sin que hubiera preventivos lesionados, inform\u00f3 Gerardo Palacios P\u00e1manes, titular de la Secretar\u00eda de Seguridad P\u00fablica del Estado.\u2026","rel":"","context":"En \u00abFeatured\u00bb","block_context":{"text":"Featured","link":"https:\/\/mexicocodigorojo.com.mx\/?cat=1724"},"img":{"alt_text":"","src":"https:\/\/i0.wp.com\/mexicocodigorojo.com.mx\/wp-content\/uploads\/2022\/08\/Captura-de-pantalla-2022-08-05-133812.jpg?fit=1175%2C725&ssl=1&resize=350%2C200","width":350,"height":200,"srcset":"https:\/\/i0.wp.com\/mexicocodigorojo.com.mx\/wp-content\/uploads\/2022\/08\/Captura-de-pantalla-2022-08-05-133812.jpg?fit=1175%2C725&ssl=1&resize=350%2C200 1x, https:\/\/i0.wp.com\/mexicocodigorojo.com.mx\/wp-content\/uploads\/2022\/08\/Captura-de-pantalla-2022-08-05-133812.jpg?fit=1175%2C725&ssl=1&resize=525%2C300 1.5x, https:\/\/i0.wp.com\/mexicocodigorojo.com.mx\/wp-content\/uploads\/2022\/08\/Captura-de-pantalla-2022-08-05-133812.jpg?fit=1175%2C725&ssl=1&resize=700%2C400 2x, https:\/\/i0.wp.com\/mexicocodigorojo.com.mx\/wp-content\/uploads\/2022\/08\/Captura-de-pantalla-2022-08-05-133812.jpg?fit=1175%2C725&ssl=1&resize=1050%2C600 3x"},"classes":[]}],"jetpack_sharing_enabled":true,"jetpack_likes_enabled":true,"jetpack_shortlink":"https:\/\/wp.me\/p9TedA-eJp","_links":{"self":[{"href":"https:\/\/mexicocodigorojo.com.mx\/index.php?rest_route=\/wp\/v2\/posts\/56631","targetHints":{"allow":["GET"]}}],"collection":[{"href":"https:\/\/mexicocodigorojo.com.mx\/index.php?rest_route=\/wp\/v2\/posts"}],"about":[{"href":"https:\/\/mexicocodigorojo.com.mx\/index.php?rest_route=\/wp\/v2\/types\/post"}],"author":[{"embeddable":true,"href":"https:\/\/mexicocodigorojo.com.mx\/index.php?rest_route=\/wp\/v2\/users\/5"}],"replies":[{"embeddable":true,"href":"https:\/\/mexicocodigorojo.com.mx\/index.php?rest_route=%2Fwp%2Fv2%2Fcomments&post=56631"}],"version-history":[{"count":1,"href":"https:\/\/mexicocodigorojo.com.mx\/index.php?rest_route=\/wp\/v2\/posts\/56631\/revisions"}],"predecessor-version":[{"id":56633,"href":"https:\/\/mexicocodigorojo.com.mx\/index.php?rest_route=\/wp\/v2\/posts\/56631\/revisions\/56633"}],"wp:featuredmedia":[{"embeddable":true,"href":"https:\/\/mexicocodigorojo.com.mx\/index.php?rest_route=\/wp\/v2\/media\/56632"}],"wp:attachment":[{"href":"https:\/\/mexicocodigorojo.com.mx\/index.php?rest_route=%2Fwp%2Fv2%2Fmedia&parent=56631"}],"wp:term":[{"taxonomy":"category","embeddable":true,"href":"https:\/\/mexicocodigorojo.com.mx\/index.php?rest_route=%2Fwp%2Fv2%2Fcategories&post=56631"},{"taxonomy":"post_tag","embeddable":true,"href":"https:\/\/mexicocodigorojo.com.mx\/index.php?rest_route=%2Fwp%2Fv2%2Ftags&post=56631"}],"curies":[{"name":"wp","href":"https:\/\/api.w.org\/{rel}","templated":true}]}}