{"id":56540,"date":"2023-07-19T07:34:50","date_gmt":"2023-07-19T13:34:50","guid":{"rendered":"https:\/\/mexicocodigorojo.com.mx\/?p=56540"},"modified":"2023-07-19T07:35:43","modified_gmt":"2023-07-19T13:35:43","slug":"alcaldesa-de-chilpancingo-tiene-derecho-a-explicar-su-encuentro-con-el-jefe-delictivo-de-los-ardillos-gobierno-de-guerrero","status":"publish","type":"post","link":"https:\/\/mexicocodigorojo.com.mx\/?p=56540","title":{"rendered":"Alcaldesa de Chilpancingo tiene derecho a explicar su encuentro con el jefe delictivo de \u201cLos Ardillos\u201d: gobierno de Guerrero"},"content":{"rendered":"\n<p>El secretario general de Gobierno de Guerrero,<strong>\u00a0Ludwig Marcial Reynoso N\u00fa\u00f1ez<\/strong>, dijo que la alcaldesa de Chilpancingo,\u00a0<strong>Norma Otilia Hern\u00e1ndez Mart\u00ednez<\/strong>, \u201ctiene derecho\u201d a explicar qu\u00e9 fue lo que pas\u00f3 durante su encuentro con el presunto l\u00edder de \u201c<strong>Los Ardillos<\/strong>\u201d, Celso Ortega Jim\u00e9nez; no obstante, reiter\u00f3 que debe reflexionar si debe solicitar\u00a0<strong>licencia<\/strong>\u00a0mientras el caso se investiga.<\/p>\n\n\n\n<p>Lo anterior, en declaraciones al finalizar el Banderazo del Operativo Temporada Vacacional Verano 2023 que se realiz\u00f3 en el parque de la Reina en\u00a0<strong>Acapulco<\/strong>, donde dijo que la \u00faltima vez que dialog\u00f3 con la\u00a0<strong>presidenta municipal<\/strong>\u00a0fue despu\u00e9s de que se filtr\u00f3 el primer video, el pasado 5 de julio.<\/p>\n\n\n\n<p>\u201cYo la escuch\u00e9, creo que ella tiene su propia opini\u00f3n sobre las cosas, la ha expresado a los medios, nosotros somos respetuosos tambi\u00e9n de sus expresiones, creo que tiene el derecho tambi\u00e9n ella de explicar lo que sucedi\u00f3 y, obviamente, tambi\u00e9n tiene el derecho de defenderse en los temas de las&nbsp;<strong>investigaciones<\/strong>\u201c, expres\u00f3.<\/p>\n\n\n\n<p>A pregunta expresa de si la&nbsp;<strong>alcaldesa<\/strong>&nbsp;debe dejar su cargo, contest\u00f3: \u201cElla debe analizarlo, yo lo he dicho, es un tema que ella tiene que reflexionar (\u2026) El Estado no puede exhortarla a que deje su cargo, pero ella debe hacer una reflexi\u00f3n sobre el c\u00f3mo est\u00e1 ejerci\u00e9ndolo\u201d.<\/p>\n\n\n\n<p>Se\u00f1al\u00f3 que \u201ctambi\u00e9n las&nbsp;<strong>autoridades<\/strong>&nbsp;debemos generar certidumbre en la sociedad, sobre todo en temas relacionados con la&nbsp;<strong>seguridad<\/strong>, que son de los que m\u00e1s duelen a la gente\u201d; en ese sentido, insisti\u00f3 que \u201cyo no sugiero (que la&nbsp;<strong>alcaldesa pida licencia<\/strong>), es responsabilidad de cada quien, yo creo que hay que hacer un ejercicio de una autocr\u00edtica\u201d.<\/p>\n\n\n\n<p>Finalmente, puntualiz\u00f3 que el Sistema Judicial otorga la&nbsp;<strong>presunci\u00f3n de inocencia,<\/strong>&nbsp;mientras que actualmente en la entidad \u201chay tranquilidad y la tranquilidad genera gobernabilidad, en la gobernabilidad participamos todos, desde la ciudadan\u00eda, los partidos pol\u00edticos, el gobierno, todos la construimos y en eso estamos trabajando\u201d<a href=\"https:\/\/twitter.com\/guerrero_sgg\/status\/1681326317932003331\/photo\/1\">.<\/a><\/p>\n\n\n\n<p>Este lunes, en su conferencia matutina semanal,\u00a0<strong>Norma Otilia Hern\u00e1ndez\u00a0<\/strong>declar\u00f3 que los cargos de elecci\u00f3n popular son \u201cirrenunciables\u201d y no piensa solicitar licencia, a menos de que la\u00a0<strong>fiscal\u00eda de Guerrero<\/strong>\u00a0\u2014que ya la investiga\u2014 lo determine.<\/p>\n\n\n\n<p>A la fecha se han filtrado en redes sociales dos videos del encuentro que la&nbsp;<strong>alcaldesa<\/strong>&nbsp;tuvo presuntamente con<strong>&nbsp;Celso Ortega<\/strong>, uno de ellos con un audio fragmentado en el que se escucha a&nbsp;<strong>Norma<\/strong>&nbsp;<strong>Otilia Hern\u00e1ndez,<\/strong>&nbsp;quejarse de que las autoridades superiores determinaron la estrategia de seguridad para&nbsp;<strong>Chilpancingo<\/strong>&nbsp;sin consultarla<a href=\"https:\/\/twitter.com\/home\">.<\/a><\/p>\n\n\n\n<p>Sin embargo, la&nbsp;<strong>presidenta municipal&nbsp;<\/strong>se ha negado a proporcionar detalles de la reuni\u00f3n y lo que se habl\u00f3 debido a que ya se abri\u00f3 una carpeta de investigaci\u00f3n, \u00fanicamente afirma que \u201cno hubo pacto\u201d con la delincuencia organizada.<\/p>\n","protected":false},"excerpt":{"rendered":"<p>El secretario general de Gobierno de Guerrero,\u00a0Ludwig Marcial Reynoso N\u00fa\u00f1ez, dijo que la alcaldesa de Chilpancingo,\u00a0Norma Otilia Hern\u00e1ndez Mart\u00ednez, \u201ctiene derecho\u201d a explicar qu\u00e9 fue lo que pas\u00f3 durante su encuentro con el presunto l\u00edder de \u201cLos Ardillos\u201d, Celso Ortega Jim\u00e9nez; no obstante, reiter\u00f3 que debe reflexionar si debe solicitar\u00a0licencia\u00a0mientras el caso se investiga. Lo [&hellip;]<\/p>\n","protected":false},"author":5,"featured_media":56541,"comment_status":"closed","ping_status":"closed","sticky":false,"template":"","format":"standard","meta":{"_uf_show_specific_survey":0,"_uf_disable_surveys":false,"advanced_seo_description":"","jetpack_seo_html_title":"","jetpack_seo_noindex":false,"jetpack_post_was_ever_published":false,"_jetpack_newsletter_access":"","_jetpack_dont_email_post_to_subs":false,"_jetpack_newsletter_tier_id":0,"_jetpack_memberships_contains_paywalled_content":false,"_jetpack_memberships_contains_paid_content":false,"footnotes":"","jetpack_publicize_message":"","jetpack_publicize_feature_enabled":true,"jetpack_social_post_already_shared":false,"jetpack_social_options":{"image_generator_settings":{"template":"highway","default_image_id":0,"font":"","enabled":false},"version":2}},"categories":[1724,26],"tags":[906,2141],"class_list":{"0":"post-56540","1":"post","2":"type-post","3":"status-publish","4":"format-standard","5":"has-post-thumbnail","7":"category-featured","8":"category-guerrero","9":"tag-crimenorganizado","10":"tag-narcopolitica"},"jetpack_publicize_connections":[],"jetpack_featured_media_url":"https:\/\/i0.wp.com\/mexicocodigorojo.com.mx\/wp-content\/uploads\/2023\/07\/Captura-de-pantalla-2023-07-05-190233-e1688605381205.png?fit=700%2C460&ssl=1","jetpack-related-posts":[{"id":56501,"url":"https:\/\/mexicocodigorojo.com.mx\/?p=56501","url_meta":{"origin":56540,"position":0},"title":"Estalla la violencia en Guerrero","author":"Staff","date":"julio 11, 2023","format":false,"excerpt":"Chilpancingo.\u2014 Eran casi las 11 de la ma\u00f1ana cuando unas dos mil a 2 mil 500 personas rompieron el cerco que establecieron la Polic\u00eda Estatal y la Guardia Nacional en la carretera federal Acapulco-Chilpancingo, y despu\u00e9s de eso hicieron lo que quisieron. Primero quitaron las vallas que colocaron las autoridades\u2026","rel":"","context":"En \u00abFeatured\u00bb","block_context":{"text":"Featured","link":"https:\/\/mexicocodigorojo.com.mx\/?cat=1724"},"img":{"alt_text":"","src":"https:\/\/i0.wp.com\/mexicocodigorojo.com.mx\/wp-content\/uploads\/2023\/07\/5522860.jpg?fit=960%2C640&ssl=1&resize=350%2C200","width":350,"height":200,"srcset":"https:\/\/i0.wp.com\/mexicocodigorojo.com.mx\/wp-content\/uploads\/2023\/07\/5522860.jpg?fit=960%2C640&ssl=1&resize=350%2C200 1x, https:\/\/i0.wp.com\/mexicocodigorojo.com.mx\/wp-content\/uploads\/2023\/07\/5522860.jpg?fit=960%2C640&ssl=1&resize=525%2C300 1.5x, https:\/\/i0.wp.com\/mexicocodigorojo.com.mx\/wp-content\/uploads\/2023\/07\/5522860.jpg?fit=960%2C640&ssl=1&resize=700%2C400 2x"},"classes":[]},{"id":52274,"url":"https:\/\/mexicocodigorojo.com.mx\/?p=52274","url_meta":{"origin":56540,"position":1},"title":"Se\u00f1alan a \u00abArdillos\u00bb por ataques en Chilapa, Guerrero","author":"MexicoRojoCvmx","date":"enero 31, 2022","format":false,"excerpt":"Chilpancingo.\u2014 El Concejo Ind\u00edgena y Popular de Guerrero-Emiliano Zapata (Cipog-EZ), denunci\u00f3 que presuntos integrantes de la organizaci\u00f3n criminal Los Ardillos atacaron las comunidades de Tula, Xicotlan y Zacapexco, en Chilapa, Guerrero. En un comunicado, el Cipog-EZ inform\u00f3 que alrededor de las 7:40 horas de este domingo, hombres armados atacaron a\u2026","rel":"","context":"En \u00abFeatured\u00bb","block_context":{"text":"Featured","link":"https:\/\/mexicocodigorojo.com.mx\/?cat=1724"},"img":{"alt_text":"","src":"https:\/\/i0.wp.com\/mexicocodigorojo.com.mx\/wp-content\/uploads\/2022\/01\/DOYA6Z6Y6BB4JIW7NSWXRJXRAQ.jpg?fit=1200%2C675&ssl=1&resize=350%2C200","width":350,"height":200,"srcset":"https:\/\/i0.wp.com\/mexicocodigorojo.com.mx\/wp-content\/uploads\/2022\/01\/DOYA6Z6Y6BB4JIW7NSWXRJXRAQ.jpg?fit=1200%2C675&ssl=1&resize=350%2C200 1x, https:\/\/i0.wp.com\/mexicocodigorojo.com.mx\/wp-content\/uploads\/2022\/01\/DOYA6Z6Y6BB4JIW7NSWXRJXRAQ.jpg?fit=1200%2C675&ssl=1&resize=525%2C300 1.5x, https:\/\/i0.wp.com\/mexicocodigorojo.com.mx\/wp-content\/uploads\/2022\/01\/DOYA6Z6Y6BB4JIW7NSWXRJXRAQ.jpg?fit=1200%2C675&ssl=1&resize=700%2C400 2x, https:\/\/i0.wp.com\/mexicocodigorojo.com.mx\/wp-content\/uploads\/2022\/01\/DOYA6Z6Y6BB4JIW7NSWXRJXRAQ.jpg?fit=1200%2C675&ssl=1&resize=1050%2C600 3x"},"classes":[]},{"id":63457,"url":"https:\/\/mexicocodigorojo.com.mx\/?p=63457","url_meta":{"origin":56540,"position":2},"title":"Asesinan a empresario, su esposa y un maestro en Tixtla","author":"Staff","date":"diciembre 16, 2024","format":false,"excerpt":"Un empresario, su esposa y un maestro fueron asesinados anoche en Tixtla, municipio del estado de Guerrero donde opera el grupo criminal\u00a0Los Ardillos. Los cuerpos de Juli\u00e1n de la Cruz, propietario de la empresa con raz\u00f3n social Eventos Exclusivos, de\u00a0su esposa Ana y del profesor Mario Bello\u00a0fueron hallados en un\u2026","rel":"","context":"En \u00abFeatured\u00bb","block_context":{"text":"Featured","link":"https:\/\/mexicocodigorojo.com.mx\/?cat=1724"},"img":{"alt_text":"","src":"https:\/\/i0.wp.com\/mexicocodigorojo.com.mx\/wp-content\/uploads\/2024\/12\/EMPRESIO.jpg?fit=992%2C595&ssl=1&resize=350%2C200","width":350,"height":200,"srcset":"https:\/\/i0.wp.com\/mexicocodigorojo.com.mx\/wp-content\/uploads\/2024\/12\/EMPRESIO.jpg?fit=992%2C595&ssl=1&resize=350%2C200 1x, https:\/\/i0.wp.com\/mexicocodigorojo.com.mx\/wp-content\/uploads\/2024\/12\/EMPRESIO.jpg?fit=992%2C595&ssl=1&resize=525%2C300 1.5x, https:\/\/i0.wp.com\/mexicocodigorojo.com.mx\/wp-content\/uploads\/2024\/12\/EMPRESIO.jpg?fit=992%2C595&ssl=1&resize=700%2C400 2x"},"classes":[]},{"id":62965,"url":"https:\/\/mexicocodigorojo.com.mx\/?p=62965","url_meta":{"origin":56540,"position":3},"title":"Decapitan a alcalde de Chilpancingo en Guerrero; 3 d\u00edas despu\u00e9s de matar a su secretario de gobierno","author":"MexicoRojoCvmx","date":"octubre 7, 2024","format":false,"excerpt":"CHILPANCINGO, GUERRERO. La violencia en Guerrero ha cobrado un nuevo precio. Este domingo, el alcalde de Chilpancingo, Alejandro Arcos Catal\u00e1n, fue asesinado, solo tres d\u00edas despu\u00e9s de que el secretario general del Ayuntamiento, Francisco Gonzalo Tapia Guti\u00e9rrez, perdiera la vida en circunstancias similares. El cuerpo de Arcos Catal\u00e1n fue hallado\u2026","rel":"","context":"En \u00abFeatured\u00bb","block_context":{"text":"Featured","link":"https:\/\/mexicocodigorojo.com.mx\/?cat=1724"},"img":{"alt_text":"","src":"https:\/\/i0.wp.com\/mexicocodigorojo.com.mx\/wp-content\/uploads\/2024\/10\/arcos2.jpeg?fit=768%2C479&ssl=1&resize=350%2C200","width":350,"height":200,"srcset":"https:\/\/i0.wp.com\/mexicocodigorojo.com.mx\/wp-content\/uploads\/2024\/10\/arcos2.jpeg?fit=768%2C479&ssl=1&resize=350%2C200 1x, https:\/\/i0.wp.com\/mexicocodigorojo.com.mx\/wp-content\/uploads\/2024\/10\/arcos2.jpeg?fit=768%2C479&ssl=1&resize=525%2C300 1.5x, https:\/\/i0.wp.com\/mexicocodigorojo.com.mx\/wp-content\/uploads\/2024\/10\/arcos2.jpeg?fit=768%2C479&ssl=1&resize=700%2C400 2x"},"classes":[]},{"id":62994,"url":"https:\/\/mexicocodigorojo.com.mx\/?p=62994","url_meta":{"origin":56540,"position":4},"title":"Tengo miedo, pero asumo, dice suplente Gustavo Alarc\u00f3n en Chilpancingo","author":"Staff","date":"octubre 9, 2024","format":false,"excerpt":"Chilpancingo, Gro.-\u00a0Pese al miedo por los tres asesinatos de pol\u00edticos en una semana, el Alcalde suplente de Chilpancingo, Gustavo Alarc\u00f3n Herrera, declar\u00f3 estar dispuesto a asumir el cargo que por ley le corresponder\u00eda. Alarc\u00f3n Herrera, m\u00e9dico cirujano, abri\u00f3 la puerta de su casa en la capital estatal de Guerrero y\u2026","rel":"","context":"En \u00abFeatured\u00bb","block_context":{"text":"Featured","link":"https:\/\/mexicocodigorojo.com.mx\/?cat=1724"},"img":{"alt_text":"","src":"https:\/\/i0.wp.com\/mexicocodigorojo.com.mx\/wp-content\/uploads\/2024\/10\/Gustavo-Alarcon.jpg?fit=1147%2C702&ssl=1&resize=350%2C200","width":350,"height":200,"srcset":"https:\/\/i0.wp.com\/mexicocodigorojo.com.mx\/wp-content\/uploads\/2024\/10\/Gustavo-Alarcon.jpg?fit=1147%2C702&ssl=1&resize=350%2C200 1x, https:\/\/i0.wp.com\/mexicocodigorojo.com.mx\/wp-content\/uploads\/2024\/10\/Gustavo-Alarcon.jpg?fit=1147%2C702&ssl=1&resize=525%2C300 1.5x, https:\/\/i0.wp.com\/mexicocodigorojo.com.mx\/wp-content\/uploads\/2024\/10\/Gustavo-Alarcon.jpg?fit=1147%2C702&ssl=1&resize=700%2C400 2x, https:\/\/i0.wp.com\/mexicocodigorojo.com.mx\/wp-content\/uploads\/2024\/10\/Gustavo-Alarcon.jpg?fit=1147%2C702&ssl=1&resize=1050%2C600 3x"},"classes":[]},{"id":53599,"url":"https:\/\/mexicocodigorojo.com.mx\/?p=53599","url_meta":{"origin":56540,"position":5},"title":"Abandonan seis cuerpos en carretera de Quechultenango, basti\u00f3n de \u00abLos Ardillos\u00bb","author":"MexicoRojoCvmx","date":"agosto 5, 2022","format":false,"excerpt":"Chilpancingo.- Los cad\u00e1veres de seis -dos decapitados- fueron hallados la medianoche del jueves en el camino rural que comunica a las comunidades de Tolixtlahuaca-Tejer\u00edas, en el municipio de Quechultenango, Guerrero. El reporte de la Fiscal\u00eda General del Estado (FGE) indica que los seis cad\u00e1veres tienen se\u00f1as de impactos de bala,\u2026","rel":"","context":"En \u00abFeatured\u00bb","block_context":{"text":"Featured","link":"https:\/\/mexicocodigorojo.com.mx\/?cat=1724"},"img":{"alt_text":"","src":"https:\/\/i0.wp.com\/mexicocodigorojo.com.mx\/wp-content\/uploads\/2022\/08\/Captura-de-pantalla-2022-08-05-134013.jpg?fit=1174%2C721&ssl=1&resize=350%2C200","width":350,"height":200,"srcset":"https:\/\/i0.wp.com\/mexicocodigorojo.com.mx\/wp-content\/uploads\/2022\/08\/Captura-de-pantalla-2022-08-05-134013.jpg?fit=1174%2C721&ssl=1&resize=350%2C200 1x, https:\/\/i0.wp.com\/mexicocodigorojo.com.mx\/wp-content\/uploads\/2022\/08\/Captura-de-pantalla-2022-08-05-134013.jpg?fit=1174%2C721&ssl=1&resize=525%2C300 1.5x, https:\/\/i0.wp.com\/mexicocodigorojo.com.mx\/wp-content\/uploads\/2022\/08\/Captura-de-pantalla-2022-08-05-134013.jpg?fit=1174%2C721&ssl=1&resize=700%2C400 2x, https:\/\/i0.wp.com\/mexicocodigorojo.com.mx\/wp-content\/uploads\/2022\/08\/Captura-de-pantalla-2022-08-05-134013.jpg?fit=1174%2C721&ssl=1&resize=1050%2C600 3x"},"classes":[]}],"jetpack_sharing_enabled":true,"jetpack_likes_enabled":true,"jetpack_shortlink":"https:\/\/wp.me\/p9TedA-eHW","_links":{"self":[{"href":"https:\/\/mexicocodigorojo.com.mx\/index.php?rest_route=\/wp\/v2\/posts\/56540","targetHints":{"allow":["GET"]}}],"collection":[{"href":"https:\/\/mexicocodigorojo.com.mx\/index.php?rest_route=\/wp\/v2\/posts"}],"about":[{"href":"https:\/\/mexicocodigorojo.com.mx\/index.php?rest_route=\/wp\/v2\/types\/post"}],"author":[{"embeddable":true,"href":"https:\/\/mexicocodigorojo.com.mx\/index.php?rest_route=\/wp\/v2\/users\/5"}],"replies":[{"embeddable":true,"href":"https:\/\/mexicocodigorojo.com.mx\/index.php?rest_route=%2Fwp%2Fv2%2Fcomments&post=56540"}],"version-history":[{"count":1,"href":"https:\/\/mexicocodigorojo.com.mx\/index.php?rest_route=\/wp\/v2\/posts\/56540\/revisions"}],"predecessor-version":[{"id":56542,"href":"https:\/\/mexicocodigorojo.com.mx\/index.php?rest_route=\/wp\/v2\/posts\/56540\/revisions\/56542"}],"wp:featuredmedia":[{"embeddable":true,"href":"https:\/\/mexicocodigorojo.com.mx\/index.php?rest_route=\/wp\/v2\/media\/56541"}],"wp:attachment":[{"href":"https:\/\/mexicocodigorojo.com.mx\/index.php?rest_route=%2Fwp%2Fv2%2Fmedia&parent=56540"}],"wp:term":[{"taxonomy":"category","embeddable":true,"href":"https:\/\/mexicocodigorojo.com.mx\/index.php?rest_route=%2Fwp%2Fv2%2Fcategories&post=56540"},{"taxonomy":"post_tag","embeddable":true,"href":"https:\/\/mexicocodigorojo.com.mx\/index.php?rest_route=%2Fwp%2Fv2%2Ftags&post=56540"}],"curies":[{"name":"wp","href":"https:\/\/api.w.org\/{rel}","templated":true}]}}