{"id":56370,"date":"2023-06-16T14:04:25","date_gmt":"2023-06-16T20:04:25","guid":{"rendered":"https:\/\/mexicocodigorojo.com.mx\/?p=56370"},"modified":"2023-06-16T14:04:25","modified_gmt":"2023-06-16T20:04:25","slug":"encuentran-sin-vida-a-ganadero-chihuahuense-secuestrado-en-jalisco-y-a-su-trabajador","status":"publish","type":"post","link":"https:\/\/mexicocodigorojo.com.mx\/?p=56370","title":{"rendered":"Encuentran sin vida a ganadero chihuahuense secuestrado en Jalisco y a su trabajador"},"content":{"rendered":"<p>HUEJ\u00daCAR, Jalisco.- El ganadero V\u00edctor Manuel Ponce R\u00edos y su trabajador fueron encontrados sin vida tras haber sido reportados como desaparecidos en Huej\u00facar, Jalisco.<\/p>\n<p>V\u00edctor era originario del estado de Chihuahua, y a ra\u00edz de la inseguridad que viv\u00eda en el Municipio de Saucillo, se vio a la necesidad de desplazarse a otro estado, porque era insoportable cada robo y extorsi\u00f3n que viv\u00eda como ganadero dentro de la entidad y por ese motivo fue que se traslad\u00f3 a Jalisco.<\/p>\n<div class=\"fb-post\" data-href=\"https:\/\/www.facebook.com\/armando.villanew.9\/posts\/1671091416721206?ref=embed_post\" data-width=\"552\" style=\"background-color: #fff; display: inline-block;\"><\/div>\n<p>Su hija Anais Ponce, es la que confirm\u00f3 que tanto su padre como su trabajador, fueron localizados sin vida, esto, durante las primeras horas del 16 junio, por lo cual agradeci\u00f3 el apoyo de las personas que aportaron a su b\u00fasqueda.<\/p>\n<p>El pasado 23 de mayo, V\u00edctor Manuel sali\u00f3 de su casa con destino a su rancho, donde se dedicaba al acopio, compra y venta de ganado.<\/p>\n<p>Sin embargo, \u00e9l y su empleado, Luis Fernando Garc\u00eda P\u00e9rez, fueron interceptados y privados de su libertad en el kil\u00f3metro 2 del Libramiento Huej\u00facar-Monte Escobedo, en la cabecera municipal de Huej\u00facar.<\/p>\n","protected":false},"excerpt":{"rendered":"<p>HUEJ\u00daCAR, Jalisco.- El ganadero V\u00edctor Manuel Ponce R\u00edos y su trabajador fueron encontrados sin vida tras haber sido reportados como desaparecidos en Huej\u00facar, Jalisco. V\u00edctor era originario del estado de Chihuahua, y a ra\u00edz de la inseguridad que viv\u00eda en el Municipio de Saucillo, se vio a la necesidad de desplazarse a otro estado, porque [&hellip;]<\/p>\n","protected":false},"author":5,"featured_media":56371,"comment_status":"closed","ping_status":"closed","sticky":false,"template":"","format":"standard","meta":{"_uf_show_specific_survey":0,"_uf_disable_surveys":false,"advanced_seo_description":"","jetpack_seo_html_title":"","jetpack_seo_noindex":false,"jetpack_post_was_ever_published":false,"_jetpack_newsletter_access":"","_jetpack_dont_email_post_to_subs":false,"_jetpack_newsletter_tier_id":0,"_jetpack_memberships_contains_paywalled_content":false,"_jetpack_memberships_contains_paid_content":false,"footnotes":"","jetpack_publicize_message":"","jetpack_publicize_feature_enabled":true,"jetpack_social_post_already_shared":true,"jetpack_social_options":{"image_generator_settings":{"template":"highway","default_image_id":0,"font":"","enabled":false},"version":2}},"categories":[1724,8],"tags":[2171],"class_list":{"0":"post-56370","1":"post","2":"type-post","3":"status-publish","4":"format-standard","5":"has-post-thumbnail","7":"category-featured","8":"category-jalisco","9":"tag-secuestro-2"},"jetpack_publicize_connections":[],"jetpack_featured_media_url":"https:\/\/i0.wp.com\/mexicocodigorojo.com.mx\/wp-content\/uploads\/2023\/06\/Ganadero.jpg?fit=768%2C479&ssl=1","jetpack-related-posts":[{"id":49072,"url":"https:\/\/mexicocodigorojo.com.mx\/?p=49072","url_meta":{"origin":56370,"position":0},"title":"Hallan sin vida a tres hermanos en Jalisco","author":"Staff","date":"mayo 10, 2021","format":false,"excerpt":"Los hermanos\u00a0Ana Karen\u00a0(24 a\u00f1os),\u00a0Luis \u00c1ngel\u00a0(32 a\u00f1os) y\u00a0Jos\u00e9 Alberto Gonz\u00e1lez Moreno\u00a0(29 a\u00f1os), fueron\u00a0localizados muertos\u00a0en el kil\u00f3metro 27 de la carretera a Colotl\u00e1n, en el municipio de\u00a0San Crist\u00f3bal de la Barranca; los tres fueron\u00a0privados de la libertad\u00a0por un comando que irrumpi\u00f3 en su casa en el barrio de San Andr\u00e9s la noche\u2026","rel":"","context":"En \u00abFeatured\u00bb","block_context":{"text":"Featured","link":"https:\/\/mexicocodigorojo.com.mx\/?cat=1724"},"img":{"alt_text":"","src":"https:\/\/i0.wp.com\/mexicocodigorojo.com.mx\/wp-content\/uploads\/2021\/05\/Ligan-triple-crimen-en-Jal.jpg?fit=1200%2C800&ssl=1&resize=350%2C200","width":350,"height":200,"srcset":"https:\/\/i0.wp.com\/mexicocodigorojo.com.mx\/wp-content\/uploads\/2021\/05\/Ligan-triple-crimen-en-Jal.jpg?fit=1200%2C800&ssl=1&resize=350%2C200 1x, https:\/\/i0.wp.com\/mexicocodigorojo.com.mx\/wp-content\/uploads\/2021\/05\/Ligan-triple-crimen-en-Jal.jpg?fit=1200%2C800&ssl=1&resize=525%2C300 1.5x, https:\/\/i0.wp.com\/mexicocodigorojo.com.mx\/wp-content\/uploads\/2021\/05\/Ligan-triple-crimen-en-Jal.jpg?fit=1200%2C800&ssl=1&resize=700%2C400 2x, https:\/\/i0.wp.com\/mexicocodigorojo.com.mx\/wp-content\/uploads\/2021\/05\/Ligan-triple-crimen-en-Jal.jpg?fit=1200%2C800&ssl=1&resize=1050%2C600 3x"},"classes":[]},{"id":38922,"url":"https:\/\/mexicocodigorojo.com.mx\/?p=38922","url_meta":{"origin":56370,"position":1},"title":"Libreran a tres de los siete polic\u00edas de Colima desaparecidos en Jalisco","author":"Staff","date":"junio 1, 2020","format":false,"excerpt":"La noche del s\u00e1bado aparecieron con vida tres de los siete agentes estatales de Colima y dos civiles que\u00a0hab\u00edan sido privados de su libertad el jueves pasado, luego de su incursi\u00f3n en el estado de Jalisco. Mediante un comunicado, la Secretar\u00eda de Seguridad P\u00fablica (SSP) de Colima inform\u00f3 que son\u2026","rel":"","context":"En \u00abJalisco\u00bb","block_context":{"text":"Jalisco","link":"https:\/\/mexicocodigorojo.com.mx\/?cat=8"},"img":{"alt_text":"","src":"https:\/\/i0.wp.com\/mexicocodigorojo.com.mx\/wp-content\/uploads\/2020\/06\/camionetas-colima-870x522-1.jpg?fit=870%2C522&ssl=1&resize=350%2C200","width":350,"height":200,"srcset":"https:\/\/i0.wp.com\/mexicocodigorojo.com.mx\/wp-content\/uploads\/2020\/06\/camionetas-colima-870x522-1.jpg?fit=870%2C522&ssl=1&resize=350%2C200 1x, https:\/\/i0.wp.com\/mexicocodigorojo.com.mx\/wp-content\/uploads\/2020\/06\/camionetas-colima-870x522-1.jpg?fit=870%2C522&ssl=1&resize=525%2C300 1.5x, https:\/\/i0.wp.com\/mexicocodigorojo.com.mx\/wp-content\/uploads\/2020\/06\/camionetas-colima-870x522-1.jpg?fit=870%2C522&ssl=1&resize=700%2C400 2x"},"classes":[]},{"id":59825,"url":"https:\/\/mexicocodigorojo.com.mx\/?p=59825","url_meta":{"origin":56370,"position":2},"title":"Dejan dos cuerpos sin vida con manos mutiladas en comunidad de Acayucan","author":"Staff","date":"abril 18, 2024","format":false,"excerpt":"Acayucan, Ver. - Con se\u00f1as de violencia: los ojos vendados y las manos cercenadas, fueron localizados dos cuerpos sin vida de dos varones en la terracer\u00eda que conduce de la Costera del Golfo a la comunidad de San Manuel. Fueron pobladores quienes dieron aviso a las autoridades para que, acudieran\u2026","rel":"","context":"En \u00abFeatured\u00bb","block_context":{"text":"Featured","link":"https:\/\/mexicocodigorojo.com.mx\/?cat=1724"},"img":{"alt_text":"","src":"https:\/\/i0.wp.com\/mexicocodigorojo.com.mx\/wp-content\/uploads\/2024\/04\/421200d3-9691-4078-8f5b-acd3e838a312-1.jpg?fit=960%2C720&ssl=1&resize=350%2C200","width":350,"height":200,"srcset":"https:\/\/i0.wp.com\/mexicocodigorojo.com.mx\/wp-content\/uploads\/2024\/04\/421200d3-9691-4078-8f5b-acd3e838a312-1.jpg?fit=960%2C720&ssl=1&resize=350%2C200 1x, https:\/\/i0.wp.com\/mexicocodigorojo.com.mx\/wp-content\/uploads\/2024\/04\/421200d3-9691-4078-8f5b-acd3e838a312-1.jpg?fit=960%2C720&ssl=1&resize=525%2C300 1.5x, https:\/\/i0.wp.com\/mexicocodigorojo.com.mx\/wp-content\/uploads\/2024\/04\/421200d3-9691-4078-8f5b-acd3e838a312-1.jpg?fit=960%2C720&ssl=1&resize=700%2C400 2x"},"classes":[]},{"id":21061,"url":"https:\/\/mexicocodigorojo.com.mx\/?p=21061","url_meta":{"origin":56370,"position":3},"title":"ASESINAN A COMISARIO DE POLIC\u00cdA DE TEPATITL\u00c1N, JALISCO","author":"Staff","date":"agosto 2, 2019","format":false,"excerpt":"Un comando armado atac\u00f3 a Arturo G\u00f3mez Vargas mientras circulaba en su camioneta en la carretera Tepatitl\u00e1n-Guadalajara Arturo G\u00f3mez Vargas, comisario de la Polic\u00eda en Tepatitl\u00e1n, Jalisco, fue asesinado a balazos esta ma\u00f1ana en la carretera Tepatitl\u00e1n-Guadalajara, a la altura del rancho 4 Milpas. Informaci\u00f3n de la Fiscal\u00eda del Estado\u2026","rel":"","context":"En \u00abJalisco\u00bb","block_context":{"text":"Jalisco","link":"https:\/\/mexicocodigorojo.com.mx\/?cat=8"},"img":{"alt_text":"","src":"https:\/\/i0.wp.com\/mexicocodigorojo.com.mx\/wp-content\/uploads\/2019\/08\/img_20190802_105823308115603365885275.jpg?fit=1024%2C740&ssl=1&resize=350%2C200","width":350,"height":200,"srcset":"https:\/\/i0.wp.com\/mexicocodigorojo.com.mx\/wp-content\/uploads\/2019\/08\/img_20190802_105823308115603365885275.jpg?fit=1024%2C740&ssl=1&resize=350%2C200 1x, https:\/\/i0.wp.com\/mexicocodigorojo.com.mx\/wp-content\/uploads\/2019\/08\/img_20190802_105823308115603365885275.jpg?fit=1024%2C740&ssl=1&resize=525%2C300 1.5x, https:\/\/i0.wp.com\/mexicocodigorojo.com.mx\/wp-content\/uploads\/2019\/08\/img_20190802_105823308115603365885275.jpg?fit=1024%2C740&ssl=1&resize=700%2C400 2x"},"classes":[]},{"id":20001,"url":"https:\/\/mexicocodigorojo.com.mx\/?p=20001","url_meta":{"origin":56370,"position":4},"title":"ALERTA NUMERO DE POLIC\u00cdAS ASESINADOS EN JALISCO","author":"Staff","date":"julio 11, 2019","format":false,"excerpt":"El elevado n\u00famero de polic\u00edas asesinados por el crimen organizado en Jalisco ha prendido las alertas de la Comisi\u00f3n Estatal de Derechos Humanos, que urge al gobernador y a los presidentes municipales protegerlos Los\u00a0polic\u00edas\u00a0de las instituciones de\u00a0seguridad\u00a0de Jalisco atraviesan una situaci\u00f3n de riesgo in\u00e9dito ante los ataques sistem\u00e1ticos que ha\u2026","rel":"","context":"En \u00abJalisco\u00bb","block_context":{"text":"Jalisco","link":"https:\/\/mexicocodigorojo.com.mx\/?cat=8"},"img":{"alt_text":"","src":"https:\/\/i0.wp.com\/mexicocodigorojo.com.mx\/wp-content\/uploads\/2019\/07\/Jalisco.jpg?fit=734%2C371&ssl=1&resize=350%2C200","width":350,"height":200,"srcset":"https:\/\/i0.wp.com\/mexicocodigorojo.com.mx\/wp-content\/uploads\/2019\/07\/Jalisco.jpg?fit=734%2C371&ssl=1&resize=350%2C200 1x, https:\/\/i0.wp.com\/mexicocodigorojo.com.mx\/wp-content\/uploads\/2019\/07\/Jalisco.jpg?fit=734%2C371&ssl=1&resize=525%2C300 1.5x, https:\/\/i0.wp.com\/mexicocodigorojo.com.mx\/wp-content\/uploads\/2019\/07\/Jalisco.jpg?fit=734%2C371&ssl=1&resize=700%2C400 2x"},"classes":[]},{"id":18854,"url":"https:\/\/mexicocodigorojo.com.mx\/?p=18854","url_meta":{"origin":56370,"position":5},"title":"JALISCO: LOCALIZAN CON VIDA A JESSY PACHECO, ESTUDIANTE ESTADOUNIDENSE DESAPARECIDO","author":"Staff","date":"junio 22, 2019","format":false,"excerpt":"Enrique Alfaro inform\u00f3 que fue hallado el estudiante estadounidense Jessy Pacheco, reportado como desaparecido el pasado 16 de junio, en Jalisco El gobernador del estado de Jalisco, Enrique Alfaro, inform\u00f3 que el\u00a0estudiante estadounidenseJessy Pacheco, reportado como\u00a0desaparecido\u00a0el pasado 16 de junio, fue rescatado \u201csano y salvo\u201d. A trav\u00e9s de su cuenta\u2026","rel":"","context":"En \u00abJalisco\u00bb","block_context":{"text":"Jalisco","link":"https:\/\/mexicocodigorojo.com.mx\/?cat=8"},"img":{"alt_text":"","src":"https:\/\/i0.wp.com\/mexicocodigorojo.com.mx\/wp-content\/uploads\/2019\/06\/Jessy-Pacheco-estudiante-1.jpg?fit=930%2C523&ssl=1&resize=350%2C200","width":350,"height":200,"srcset":"https:\/\/i0.wp.com\/mexicocodigorojo.com.mx\/wp-content\/uploads\/2019\/06\/Jessy-Pacheco-estudiante-1.jpg?fit=930%2C523&ssl=1&resize=350%2C200 1x, https:\/\/i0.wp.com\/mexicocodigorojo.com.mx\/wp-content\/uploads\/2019\/06\/Jessy-Pacheco-estudiante-1.jpg?fit=930%2C523&ssl=1&resize=525%2C300 1.5x, https:\/\/i0.wp.com\/mexicocodigorojo.com.mx\/wp-content\/uploads\/2019\/06\/Jessy-Pacheco-estudiante-1.jpg?fit=930%2C523&ssl=1&resize=700%2C400 2x"},"classes":[]}],"jetpack_sharing_enabled":true,"jetpack_likes_enabled":true,"jetpack_shortlink":"https:\/\/wp.me\/p9TedA-eFc","_links":{"self":[{"href":"https:\/\/mexicocodigorojo.com.mx\/index.php?rest_route=\/wp\/v2\/posts\/56370","targetHints":{"allow":["GET"]}}],"collection":[{"href":"https:\/\/mexicocodigorojo.com.mx\/index.php?rest_route=\/wp\/v2\/posts"}],"about":[{"href":"https:\/\/mexicocodigorojo.com.mx\/index.php?rest_route=\/wp\/v2\/types\/post"}],"author":[{"embeddable":true,"href":"https:\/\/mexicocodigorojo.com.mx\/index.php?rest_route=\/wp\/v2\/users\/5"}],"replies":[{"embeddable":true,"href":"https:\/\/mexicocodigorojo.com.mx\/index.php?rest_route=%2Fwp%2Fv2%2Fcomments&post=56370"}],"version-history":[{"count":1,"href":"https:\/\/mexicocodigorojo.com.mx\/index.php?rest_route=\/wp\/v2\/posts\/56370\/revisions"}],"predecessor-version":[{"id":56372,"href":"https:\/\/mexicocodigorojo.com.mx\/index.php?rest_route=\/wp\/v2\/posts\/56370\/revisions\/56372"}],"wp:featuredmedia":[{"embeddable":true,"href":"https:\/\/mexicocodigorojo.com.mx\/index.php?rest_route=\/wp\/v2\/media\/56371"}],"wp:attachment":[{"href":"https:\/\/mexicocodigorojo.com.mx\/index.php?rest_route=%2Fwp%2Fv2%2Fmedia&parent=56370"}],"wp:term":[{"taxonomy":"category","embeddable":true,"href":"https:\/\/mexicocodigorojo.com.mx\/index.php?rest_route=%2Fwp%2Fv2%2Fcategories&post=56370"},{"taxonomy":"post_tag","embeddable":true,"href":"https:\/\/mexicocodigorojo.com.mx\/index.php?rest_route=%2Fwp%2Fv2%2Ftags&post=56370"}],"curies":[{"name":"wp","href":"https:\/\/api.w.org\/{rel}","templated":true}]}}