{"id":56260,"date":"2023-06-01T15:05:33","date_gmt":"2023-06-01T21:05:33","guid":{"rendered":"https:\/\/mexicocodigorojo.com.mx\/?p=56260"},"modified":"2023-06-02T15:07:53","modified_gmt":"2023-06-02T21:07:53","slug":"pedro-avila-primo-del-gobernador-david-monreal-es-liberado-tras-secuestro-en-zacatecas","status":"publish","type":"post","link":"https:\/\/mexicocodigorojo.com.mx\/?p=56260","title":{"rendered":"Pedro \u00c1vila, primo del gobernador David Monreal, es liberado tras secuestro en Zacatecas"},"content":{"rendered":"<p class=\"default__StyledText-kkhi2r-0 cGAawy body-paragraph\"><b>Pedro \u00c1vila Rodr\u00edguez<\/b>,\u00a0primo del Senador Ricardo Monreal \u00c1vila\u00a0y del gobernador de Zacatecas, David Monreal, fue liberado sin lesiones que puedan considerarse de gravedad, luego de que fue secuestrado en Fresnillo.<\/p>\n<p class=\"default__StyledText-kkhi2r-0 cGAawy body-paragraph\">Adem\u00e1s, trascendi\u00f3 que otras dos personas privadas de su libertad junto con \u00c1vila Rodr\u00edguez tambi\u00e9n fueron puestos en libertad.<\/p>\n<div id=\"arcad-feature-7102\" class=\"default__StyledAdUnit-ijbiyl-0 bWigPu arcad-feature margin-md-bottom \">\n<div id=\"\" class=\"arcad-container\">\n<div id=\"lazy_3\">\n<div id=\"inread_oop\" class=\"arcad ad-1x1\" data-google-query-id=\"CM7Y67Gkpf8CFd3TKAUd_QsDwg\">\n<div id=\"google_ads_iframe_\/77835600\/ElFinanciero__internas\/inread_oop_0__container__\">El hecho se registr\u00f3 11 d\u00edas despu\u00e9s de que las tres personas fueran sustra\u00eddas en la <b>comunidad\u00a0<\/b>de Plateros, en el municipio de Fresnillo.<\/div>\n<\/div>\n<\/div>\n<\/div>\n<\/div>\n<p class=\"default__StyledText-kkhi2r-0 cGAawy body-paragraph\">La Fiscal\u00eda General de Justicia del Estado de Zacatecas confirm\u00f3 la liberaci\u00f3n de \u00c1vila Rodr\u00edguez adem\u00e1s de Carlos Manuel Pacheco Hern\u00e1ndez y Alonso D\u00edaz Venegas.<\/p>\n<p class=\"default__StyledText-kkhi2r-0 cGAawy body-paragraph\">El\u00a0<b>alcalde\u00a0<\/b>Sa\u00fal\u00a0Monreal \u00c1vila\u00a0dijo que las tres personas solo presentan algunos golpes sin mayores lesiones.<\/p>\n<p class=\"default__StyledText-kkhi2r-0 cGAawy body-paragraph\">Desde el 20 de mayo, la Fiscal\u00eda General de Justicia inici\u00f3 la carpeta de investigaci\u00f3n derivada de un reporte policial sobre la privaci\u00f3n de la libertad de tres hombres.<\/p>\n<div id=\"arcad-feature-7732\" class=\"default__StyledAdUnit-ijbiyl-0 bWigPu arcad-feature margin-md-bottom \">\n<div id=\"\" class=\"arcad-container\">\n<div id=\"lazy_4\">\n<p class=\"default__StyledText-kkhi2r-0 cGAawy body-paragraph\">La<b>\u00a0investigaci\u00f3n<\/b>\u00a0se\u00f1al\u00f3 que los hechos se registraron cerca de las 13:00 horas del 20 de mayo, cuando las tres v\u00edctimas viajaban a bordo de un veh\u00edculo propiedad del\u00a0Ayuntamiento de Fresnillo.<\/p>\n<p class=\"default__StyledText-kkhi2r-0 cGAawy body-paragraph\">Las personas fueron interceptadas por sujetos armados cerca del establecimiento comercial propiedad de \u00c1vila Rodr\u00edguez, priv\u00e1ndolo de la libertad junto con dos j\u00f3venes trabadores de una empresa que surt\u00eda su establecimiento e iban con \u00e9l en el veh\u00edculo, seg\u00fan informaron testigos.<\/p>\n<article class=\"container-fluid inline-promo border border_solid border_top color_black_1\">\n<div class=\"inline-promo-wrapper inline-promo-image\">\n<article class=\"default__ArticleBody-kkhi2r-2 cXcEAH article-body-wrapper\">\n<h2 class=\"heading__StyledHeading-sc-1yxtfv0-0 dQdSuo\">Lo que se sabe sobre el secuestro del primo de Ricardo y David Monreal<\/h2>\n<p class=\"default__StyledText-kkhi2r-0 cGAawy body-paragraph\">Las<b>\u00a0acciones<\/b>\u00a0realizadas por las fuerzas de seguridad, \u201cprovocaron la movilizaci\u00f3n de c\u00e9lulas delictivas que en su huida dispersaron objetos ponchallantas en algunos tramos de la carretera federal 45\u2033.<\/p>\n<p class=\"default__StyledText-kkhi2r-0 cGAawy body-paragraph\">La situaci\u00f3n provoc\u00f3 alarma entre los habitantes del municipio, quienes alertaron a sus familiares y amigos sobre el despliegue de estos artefactos en dicha vialidad.<\/p>\n<p class=\"default__StyledText-kkhi2r-0 cGAawy body-paragraph\">Desde principios de\u00a0<b>2023<\/b>\u00a0el municipio de Fresnillo, en\u00a0Zacatecas, ha sido referente de violencia\u00a0por la lucha por la plaza entre c\u00e9lulas criminales, lo que ha provocado temor entre los habitantes.<\/p>\n<\/article>\n<\/div>\n<div class=\"primary-font__PrimaryFontStyles-o56yd5-0 heuGTu tags-holder\">Con informaci\u00f3n de El Financiero<\/div>\n<\/article>\n<\/div>\n<\/div>\n<\/div>\n","protected":false},"excerpt":{"rendered":"<p>Pedro \u00c1vila Rodr\u00edguez,\u00a0primo del Senador Ricardo Monreal \u00c1vila\u00a0y del gobernador de Zacatecas, David Monreal, fue liberado sin lesiones que puedan considerarse de gravedad, luego de que fue secuestrado en Fresnillo. Adem\u00e1s, trascendi\u00f3 que otras dos personas privadas de su libertad junto con \u00c1vila Rodr\u00edguez tambi\u00e9n fueron puestos en libertad. El hecho se registr\u00f3 11 d\u00edas [&hellip;]<\/p>\n","protected":false},"author":5,"featured_media":56261,"comment_status":"closed","ping_status":"closed","sticky":false,"template":"","format":"standard","meta":{"_uf_show_specific_survey":0,"_uf_disable_surveys":false,"advanced_seo_description":"","jetpack_seo_html_title":"","jetpack_seo_noindex":false,"jetpack_post_was_ever_published":false,"_jetpack_newsletter_access":"","_jetpack_dont_email_post_to_subs":false,"_jetpack_newsletter_tier_id":0,"_jetpack_memberships_contains_paywalled_content":false,"_jetpack_memberships_contains_paid_content":false,"footnotes":"","jetpack_publicize_message":"","jetpack_publicize_feature_enabled":true,"jetpack_social_post_already_shared":true,"jetpack_social_options":{"image_generator_settings":{"template":"highway","default_image_id":0,"font":"","enabled":false},"version":2}},"categories":[1724,263],"tags":[2171],"class_list":{"0":"post-56260","1":"post","2":"type-post","3":"status-publish","4":"format-standard","5":"has-post-thumbnail","7":"category-featured","8":"category-zacatecas","9":"tag-secuestro-2"},"jetpack_publicize_connections":[],"jetpack_featured_media_url":"https:\/\/i0.wp.com\/mexicocodigorojo.com.mx\/wp-content\/uploads\/2023\/06\/monreal-avila.jpg?fit=1280%2C640&ssl=1","jetpack-related-posts":[{"id":58996,"url":"https:\/\/mexicocodigorojo.com.mx\/?p=58996","url_meta":{"origin":56260,"position":0},"title":"Asesinan en Fresnillo, al cu\u00f1ado de Ricardo Monreal \u00c1vila","author":"Staff","date":"febrero 7, 2024","format":false,"excerpt":"Zacatecas, Zac. La ma\u00f1ana de este mi\u00e9rcoles en la ciudad de Fresnillo, fue asesinado a tiros Juan Carlos P\u00e9rez Guardado, director de Desarrollo Social del municipio y cu\u00f1ado del senador Ricardo Monreal \u00c1vila. Juan Carlos P\u00e9rez Guardado ten\u00eda con 58 a\u00f1os de edad, quien adem\u00e1s era hermano de Mar\u00eda de\u2026","rel":"","context":"En \u00abFeatured\u00bb","block_context":{"text":"Featured","link":"https:\/\/mexicocodigorojo.com.mx\/?cat=1724"},"img":{"alt_text":"","src":"https:\/\/i0.wp.com\/mexicocodigorojo.com.mx\/wp-content\/uploads\/2024\/02\/ricardo.jpg?fit=821%2C433&ssl=1&resize=350%2C200","width":350,"height":200,"srcset":"https:\/\/i0.wp.com\/mexicocodigorojo.com.mx\/wp-content\/uploads\/2024\/02\/ricardo.jpg?fit=821%2C433&ssl=1&resize=350%2C200 1x, https:\/\/i0.wp.com\/mexicocodigorojo.com.mx\/wp-content\/uploads\/2024\/02\/ricardo.jpg?fit=821%2C433&ssl=1&resize=525%2C300 1.5x, https:\/\/i0.wp.com\/mexicocodigorojo.com.mx\/wp-content\/uploads\/2024\/02\/ricardo.jpg?fit=821%2C433&ssl=1&resize=700%2C400 2x"},"classes":[]},{"id":56144,"url":"https:\/\/mexicocodigorojo.com.mx\/?p=56144","url_meta":{"origin":56260,"position":1},"title":"Privan de la libertad a pariente de la familia Monreal en Zacatecas","author":"Staff","date":"mayo 25, 2023","format":false,"excerpt":"La\u00a0Fiscal\u00eda\u00a0General de Justicia de\u00a0Zacatecas\u00a0inform\u00f3 este lunes que inici\u00f3 de forma\u00a0oficiosa\u00a0una carpeta de\u00a0investigaci\u00f3n\u00a0por el reporte de la privaci\u00f3n de la libertad de tres personas, entre ellas\u00a0Pedro \u00c1vila Rodr\u00edguez, quien es familiar del gobernador\u00a0David Monreal.\u00a0 A trav\u00e9s de un comunicado,\u00a0la fiscal\u00eda estatal indic\u00f3 que los hechos ocurrieron el s\u00e1bado 20 de mayo,\u2026","rel":"","context":"En \u00abFeatured\u00bb","block_context":{"text":"Featured","link":"https:\/\/mexicocodigorojo.com.mx\/?cat=1724"},"img":{"alt_text":"","src":"https:\/\/i0.wp.com\/mexicocodigorojo.com.mx\/wp-content\/uploads\/2023\/05\/ricardo-david-monreal.jpg?fit=1200%2C620&ssl=1&resize=350%2C200","width":350,"height":200,"srcset":"https:\/\/i0.wp.com\/mexicocodigorojo.com.mx\/wp-content\/uploads\/2023\/05\/ricardo-david-monreal.jpg?fit=1200%2C620&ssl=1&resize=350%2C200 1x, https:\/\/i0.wp.com\/mexicocodigorojo.com.mx\/wp-content\/uploads\/2023\/05\/ricardo-david-monreal.jpg?fit=1200%2C620&ssl=1&resize=525%2C300 1.5x, https:\/\/i0.wp.com\/mexicocodigorojo.com.mx\/wp-content\/uploads\/2023\/05\/ricardo-david-monreal.jpg?fit=1200%2C620&ssl=1&resize=700%2C400 2x, https:\/\/i0.wp.com\/mexicocodigorojo.com.mx\/wp-content\/uploads\/2023\/05\/ricardo-david-monreal.jpg?fit=1200%2C620&ssl=1&resize=1050%2C600 3x"},"classes":[]},{"id":59021,"url":"https:\/\/mexicocodigorojo.com.mx\/?p=59021","url_meta":{"origin":56260,"position":2},"title":"Ejecutan al sobrino de Ricardo y David Monreal en Fresnillo","author":"Staff","date":"febrero 10, 2024","format":false,"excerpt":"En un videomensaje difundido por el gobierno estatal, el secretario de gobierno de Zacatecas, el secretario de Seguridad P\u00fablica del estado, Arturo Medina Mayoral y Juan Manr\u00edquez Moreno, coordinador estatal de la Guardia Nacional, manifestaron que los recientes homicidios ocurridos en Fresnillo no quedar\u00e1n impunes. Polic\u00edas estatales, agentes de la\u2026","rel":"","context":"En \u00abFeatured\u00bb","block_context":{"text":"Featured","link":"https:\/\/mexicocodigorojo.com.mx\/?cat=1724"},"img":{"alt_text":"","src":"https:\/\/i0.wp.com\/mexicocodigorojo.com.mx\/wp-content\/uploads\/2024\/02\/Jorge-Antonio-Monreal.jpg?fit=700%2C466&ssl=1&resize=350%2C200","width":350,"height":200,"srcset":"https:\/\/i0.wp.com\/mexicocodigorojo.com.mx\/wp-content\/uploads\/2024\/02\/Jorge-Antonio-Monreal.jpg?fit=700%2C466&ssl=1&resize=350%2C200 1x, https:\/\/i0.wp.com\/mexicocodigorojo.com.mx\/wp-content\/uploads\/2024\/02\/Jorge-Antonio-Monreal.jpg?fit=700%2C466&ssl=1&resize=525%2C300 1.5x, https:\/\/i0.wp.com\/mexicocodigorojo.com.mx\/wp-content\/uploads\/2024\/02\/Jorge-Antonio-Monreal.jpg?fit=700%2C466&ssl=1&resize=700%2C400 2x"},"classes":[]},{"id":59056,"url":"https:\/\/mexicocodigorojo.com.mx\/?p=59056","url_meta":{"origin":56260,"position":3},"title":"El \u201cCDN\u201d manda sus condolencias a David Monreal por homicidios de sus familiares","author":"Staff","date":"febrero 18, 2024","format":false,"excerpt":"Ju\u00e1n P\u00e9rez Guardado y Jorge Antonio Monreal fueron v\u00edctimas de ataques directos en la ciudad de Fresnillo. \u201cLamentamos la p\u00e9rdida de sus familiares\u201d, puede leerse como parte de un mensaje que presuntos miembros del C\u00e1rtel del Noreste colocaron en una manta en Fresnillo dirigida a David Monreal \u00c1vila, gobernador de\u2026","rel":"","context":"En \u00abFeatured\u00bb","block_context":{"text":"Featured","link":"https:\/\/mexicocodigorojo.com.mx\/?cat=1724"},"img":{"alt_text":"","src":"https:\/\/i0.wp.com\/mexicocodigorojo.com.mx\/wp-content\/uploads\/2024\/02\/5214e745-5112-4bb9-9eb4-4e310ec7d4e5-1.jpg?fit=720%2C564&ssl=1&resize=350%2C200","width":350,"height":200,"srcset":"https:\/\/i0.wp.com\/mexicocodigorojo.com.mx\/wp-content\/uploads\/2024\/02\/5214e745-5112-4bb9-9eb4-4e310ec7d4e5-1.jpg?fit=720%2C564&ssl=1&resize=350%2C200 1x, https:\/\/i0.wp.com\/mexicocodigorojo.com.mx\/wp-content\/uploads\/2024\/02\/5214e745-5112-4bb9-9eb4-4e310ec7d4e5-1.jpg?fit=720%2C564&ssl=1&resize=525%2C300 1.5x, https:\/\/i0.wp.com\/mexicocodigorojo.com.mx\/wp-content\/uploads\/2024\/02\/5214e745-5112-4bb9-9eb4-4e310ec7d4e5-1.jpg?fit=720%2C564&ssl=1&resize=700%2C400 2x"},"classes":[]},{"id":54275,"url":"https:\/\/mexicocodigorojo.com.mx\/?p=54275","url_meta":{"origin":56260,"position":4},"title":"Apoyar\u00e1n FBI y DEA lucha contra el Narco en Zacatecas","author":"Staff","date":"octubre 7, 2022","format":false,"excerpt":"Zacatecas, Zac.\u00a0Con el objetivo de \u201crecuperar la paz de Zacatecas\u201d y combatir a las bandas del crimen organizado, el gobernador David Monreal \u00c1vila acord\u00f3 con Ken Salazar, embajador de Estados Unidos en M\u00e9xico, firmar un acuerdo de cooperaci\u00f3n en el que participar\u00e1n la Oficina Federal de Investigaci\u00f3n (FBI), la Agencia\u2026","rel":"","context":"En \u00abFeatured\u00bb","block_context":{"text":"Featured","link":"https:\/\/mexicocodigorojo.com.mx\/?cat=1724"},"img":{"alt_text":"","src":"https:\/\/i0.wp.com\/mexicocodigorojo.com.mx\/wp-content\/uploads\/2022\/10\/2733906.jpg?fit=800%2C600&ssl=1&resize=350%2C200","width":350,"height":200,"srcset":"https:\/\/i0.wp.com\/mexicocodigorojo.com.mx\/wp-content\/uploads\/2022\/10\/2733906.jpg?fit=800%2C600&ssl=1&resize=350%2C200 1x, https:\/\/i0.wp.com\/mexicocodigorojo.com.mx\/wp-content\/uploads\/2022\/10\/2733906.jpg?fit=800%2C600&ssl=1&resize=525%2C300 1.5x, https:\/\/i0.wp.com\/mexicocodigorojo.com.mx\/wp-content\/uploads\/2022\/10\/2733906.jpg?fit=800%2C600&ssl=1&resize=700%2C400 2x"},"classes":[]},{"id":55648,"url":"https:\/\/mexicocodigorojo.com.mx\/?p=55648","url_meta":{"origin":56260,"position":5},"title":"Grupo Especial policial har\u00e1 limpieza de Zacatecas","author":"MexicoRojoCvmx","date":"marzo 20, 2023","format":false,"excerpt":"El gobernador de Zacatecas, David Monreal \u00c1vila, anunci\u00f3 el inicio de operaciones de una nueva agrupaci\u00f3n de fuerzas especiales conformada por especialistas en Seguridad P\u00fablica provenientes de instituciones militares. \u201cLa conformaci\u00f3n de un grupo de fuerzas especiales de reacci\u00f3n para contener y para atender el tema de inseguridad, no es\u2026","rel":"","context":"En \u00abFeatured\u00bb","block_context":{"text":"Featured","link":"https:\/\/mexicocodigorojo.com.mx\/?cat=1724"},"img":{"alt_text":"","src":"https:\/\/i0.wp.com\/mexicocodigorojo.com.mx\/wp-content\/uploads\/2023\/03\/4cd77704-ccf6-4531-88dc-f94e70bb8904.jpg?fit=1200%2C795&ssl=1&resize=350%2C200","width":350,"height":200,"srcset":"https:\/\/i0.wp.com\/mexicocodigorojo.com.mx\/wp-content\/uploads\/2023\/03\/4cd77704-ccf6-4531-88dc-f94e70bb8904.jpg?fit=1200%2C795&ssl=1&resize=350%2C200 1x, https:\/\/i0.wp.com\/mexicocodigorojo.com.mx\/wp-content\/uploads\/2023\/03\/4cd77704-ccf6-4531-88dc-f94e70bb8904.jpg?fit=1200%2C795&ssl=1&resize=525%2C300 1.5x, https:\/\/i0.wp.com\/mexicocodigorojo.com.mx\/wp-content\/uploads\/2023\/03\/4cd77704-ccf6-4531-88dc-f94e70bb8904.jpg?fit=1200%2C795&ssl=1&resize=700%2C400 2x, https:\/\/i0.wp.com\/mexicocodigorojo.com.mx\/wp-content\/uploads\/2023\/03\/4cd77704-ccf6-4531-88dc-f94e70bb8904.jpg?fit=1200%2C795&ssl=1&resize=1050%2C600 3x"},"classes":[]}],"jetpack_sharing_enabled":true,"jetpack_likes_enabled":true,"jetpack_shortlink":"https:\/\/wp.me\/p9TedA-eDq","_links":{"self":[{"href":"https:\/\/mexicocodigorojo.com.mx\/index.php?rest_route=\/wp\/v2\/posts\/56260","targetHints":{"allow":["GET"]}}],"collection":[{"href":"https:\/\/mexicocodigorojo.com.mx\/index.php?rest_route=\/wp\/v2\/posts"}],"about":[{"href":"https:\/\/mexicocodigorojo.com.mx\/index.php?rest_route=\/wp\/v2\/types\/post"}],"author":[{"embeddable":true,"href":"https:\/\/mexicocodigorojo.com.mx\/index.php?rest_route=\/wp\/v2\/users\/5"}],"replies":[{"embeddable":true,"href":"https:\/\/mexicocodigorojo.com.mx\/index.php?rest_route=%2Fwp%2Fv2%2Fcomments&post=56260"}],"version-history":[{"count":1,"href":"https:\/\/mexicocodigorojo.com.mx\/index.php?rest_route=\/wp\/v2\/posts\/56260\/revisions"}],"predecessor-version":[{"id":56262,"href":"https:\/\/mexicocodigorojo.com.mx\/index.php?rest_route=\/wp\/v2\/posts\/56260\/revisions\/56262"}],"wp:featuredmedia":[{"embeddable":true,"href":"https:\/\/mexicocodigorojo.com.mx\/index.php?rest_route=\/wp\/v2\/media\/56261"}],"wp:attachment":[{"href":"https:\/\/mexicocodigorojo.com.mx\/index.php?rest_route=%2Fwp%2Fv2%2Fmedia&parent=56260"}],"wp:term":[{"taxonomy":"category","embeddable":true,"href":"https:\/\/mexicocodigorojo.com.mx\/index.php?rest_route=%2Fwp%2Fv2%2Fcategories&post=56260"},{"taxonomy":"post_tag","embeddable":true,"href":"https:\/\/mexicocodigorojo.com.mx\/index.php?rest_route=%2Fwp%2Fv2%2Ftags&post=56260"}],"curies":[{"name":"wp","href":"https:\/\/api.w.org\/{rel}","templated":true}]}}