{"id":56244,"date":"2023-06-02T13:06:07","date_gmt":"2023-06-02T19:06:07","guid":{"rendered":"https:\/\/mexicocodigorojo.com.mx\/?p=56244"},"modified":"2023-06-02T13:06:07","modified_gmt":"2023-06-02T19:06:07","slug":"piden-ganaderos-seguridad-en-tamaulipas","status":"publish","type":"post","link":"https:\/\/mexicocodigorojo.com.mx\/?p=56244","title":{"rendered":"Piden ganaderos seguridad en Tamaulipas"},"content":{"rendered":"<div id=\"Bloque_IN_PrimerTextoNANF\">\n<p class=\"textoMovil\">Tras realizarse un foro organizado por el Congreso local para la consulta sobre una nueva Ley de Ganader\u00eda, los productores se\u00f1alaron que se han visto afectados por la violencia y urgieron al Gobierno Federal y de Tamaulipas seguridad para llevar a cabo sus actividades en el campo.<\/p>\n<\/div>\n<div id=\"Bloque_IN_SegundoTexto\">Uno de los participantes, el presidente\u00a0<strong>Uni\u00f3n Ganadera y Regional de Tamaulipas<\/strong>\u00a0(UGRT), Jos\u00e9 Guerrero, se\u00f1al\u00f3 que lo anterior aunado a la sequ\u00eda recurrente y al incremento de los precios de los insumos que requiere el sector, lo que ha mermado la producci\u00f3n.<\/p>\n<p>\u00abPor otro lado el tema de seguridad que desafortunadamente y lamentablemente es algo que est\u00e1 presente en nuestro d\u00eda a d\u00eda y que nos tiene en riesgo por la incertidumbre de ser afectados en cualquier momento\u00bb, advirti\u00f3.<\/p>\n<p>\u00abPor lo cual los ganaderos demandamos seriamente la atenci\u00f3n a este tema tan delicado y tan lesivo para nuestros ganaderos\u00bb, agreg\u00f3.<\/p><\/div>\n<div><\/div>\n<div>Guerrero plante\u00f3 que autoridades federales y del estado volteen a verlos, a fin de que conozcan de primera mano la situaci\u00f3n que enfrentan.<\/p>\n<p>Dijo que la nueva ley en consulta representa una oportunidad para el sector, pero que debe satisfacer el orden y el marco jur\u00eddico de la ganader\u00eda.<\/p>\n<p>\u00abSobre todo para que se cuente con las herramientas legales y mejores condiciones para la producci\u00f3n pecuaria de nuestro Estado\u00bb, subray\u00f3.<\/p>\n<p>El l\u00edder ganadero dijo que pese a la inseguridad, Tamaulipas es uno de los principales estados en el rubro, pero que no todos los productores se encuentran en la misma situaci\u00f3n, por lo que llam\u00f3 a elaborar una ley equilibrada que integre a todos.<\/p>\n<p>\u00abEs importante se\u00f1alar que el 50 por ciento de los ganaderos cuentan con menos de 30 vacas en sus unidades de producci\u00f3n pecuaria y el 75 por ciento cuenta con menos de 50 vacas en sus ranchos\u00bb, precis\u00f3.<\/p>\n<p>\u00abComo ven la mayor\u00eda de los ganaderos tamaulipecos cuenta con unidades peque\u00f1as de producci\u00f3n\u00bb, asever\u00f3, \u00aby no como se nos ha etiquetado equivocadamente que somos grandes, motivo por el cual los gobiernos han disminuido considerablemente los recursos destinados al campo y por ende dicha reducci\u00f3n en la producci\u00f3n de alimentos para los mexicanos\u00bb.<\/p>\n<p>Por su parte, el diputado local del PRI y presidente de la Comisi\u00f3n de Desarrollo Rural del Congreso de Tamaulipas, Edgar Melhem, dijo que la ley vigente de ganader\u00eda en el estado data de 1993.<\/p>\n<p>\u00abY la reforma que hubo fue para aumentar nadam\u00e1s el costo de los fierros, pr\u00e1cticamente\u00bb, cuestion\u00f3.<\/p>\n<p>Melhem manifest\u00f3 que Tamaulipas se mantiene rezagado en su ley de ganader\u00eda, mientras que en 2007 fue actualizada en Nuevo Le\u00f3n, Baja California, Sonora, Chihuahua y Coahuila.<\/p>\n<p>Los participantes del parlamento abierto pidieron tambi\u00e9n restaurar el estatus zoosanitario del estado tras perderlo en 2020.<\/p>\n<p>Al respecto, el ex presidente de la UGRT, Eugenio Benavides, llam\u00f3 a ser cuidadosos en la movilizaci\u00f3n del ganado y evitar que ingrese ganado enfermo al Estado proveniente de otras entidades.<\/p><\/div>\n<div><\/div>\n<div>Con informaci\u00f3n de Reforma<\/div>\n","protected":false},"excerpt":{"rendered":"<p>Tras realizarse un foro organizado por el Congreso local para la consulta sobre una nueva Ley de Ganader\u00eda, los productores se\u00f1alaron que se han visto afectados por la violencia y urgieron al Gobierno Federal y de Tamaulipas seguridad para llevar a cabo sus actividades en el campo. Uno de los participantes, el presidente\u00a0Uni\u00f3n Ganadera y [&hellip;]<\/p>\n","protected":false},"author":5,"featured_media":56245,"comment_status":"closed","ping_status":"closed","sticky":false,"template":"","format":"standard","meta":{"_uf_show_specific_survey":0,"_uf_disable_surveys":false,"advanced_seo_description":"","jetpack_seo_html_title":"","jetpack_seo_noindex":false,"jetpack_post_was_ever_published":false,"_jetpack_newsletter_access":"","_jetpack_dont_email_post_to_subs":false,"_jetpack_newsletter_tier_id":0,"_jetpack_memberships_contains_paywalled_content":false,"_jetpack_memberships_contains_paid_content":false,"footnotes":"","jetpack_publicize_message":"","jetpack_publicize_feature_enabled":true,"jetpack_social_post_already_shared":true,"jetpack_social_options":{"image_generator_settings":{"template":"highway","default_image_id":0,"font":"","enabled":false},"version":2}},"categories":[1724,2],"tags":[906],"class_list":{"0":"post-56244","1":"post","2":"type-post","3":"status-publish","4":"format-standard","5":"has-post-thumbnail","7":"category-featured","8":"category-tamaulipas","9":"tag-crimenorganizado"},"jetpack_publicize_connections":[],"jetpack_featured_media_url":"https:\/\/i0.wp.com\/mexicocodigorojo.com.mx\/wp-content\/uploads\/2023\/06\/5498762.jpg?fit=960%2C640&ssl=1","jetpack-related-posts":[{"id":41110,"url":"https:\/\/mexicocodigorojo.com.mx\/?p=41110","url_meta":{"origin":56244,"position":0},"title":"Aplican Plan GN-A en Tamaulipas y Nuevo Le\u00f3n","author":"Staff","date":"julio 28, 2020","format":false,"excerpt":"GUARDIAS NACIONALES AUXILIAN A POBLADORES AFECTADOS POR LAS FUERTES LLUVIAS EN TAMAULIPAS Y NUEVO LE\u00d3N Al aplicar el Plan Guardia Nacional para la Asistencia a la Sociedad en Casos de Emergencia (Plan GN-A) tras las fuertes lluvias registradas en los estados de Tamaulipas y Nuevo Le\u00f3n, guardias nacionales auxilian a\u2026","rel":"","context":"En \u00abTamaulipas\u00bb","block_context":{"text":"Tamaulipas","link":"https:\/\/mexicocodigorojo.com.mx\/?cat=2"},"img":{"alt_text":"","src":"https:\/\/i0.wp.com\/secureservercdn.net\/166.62.108.22\/cg1.af3.myftpupload.com\/wp-content\/uploads\/2020\/07\/6f78ccd3-49d5-401e-aac1-744aa67b3078.jpg?resize=350%2C200&ssl=1","width":350,"height":200,"srcset":"https:\/\/i0.wp.com\/secureservercdn.net\/166.62.108.22\/cg1.af3.myftpupload.com\/wp-content\/uploads\/2020\/07\/6f78ccd3-49d5-401e-aac1-744aa67b3078.jpg?resize=350%2C200&ssl=1 1x, https:\/\/i0.wp.com\/secureservercdn.net\/166.62.108.22\/cg1.af3.myftpupload.com\/wp-content\/uploads\/2020\/07\/6f78ccd3-49d5-401e-aac1-744aa67b3078.jpg?resize=525%2C300&ssl=1 1.5x, https:\/\/i0.wp.com\/secureservercdn.net\/166.62.108.22\/cg1.af3.myftpupload.com\/wp-content\/uploads\/2020\/07\/6f78ccd3-49d5-401e-aac1-744aa67b3078.jpg?resize=700%2C400&ssl=1 2x, https:\/\/i0.wp.com\/secureservercdn.net\/166.62.108.22\/cg1.af3.myftpupload.com\/wp-content\/uploads\/2020\/07\/6f78ccd3-49d5-401e-aac1-744aa67b3078.jpg?resize=1050%2C600&ssl=1 3x"},"classes":[]},{"id":55287,"url":"https:\/\/mexicocodigorojo.com.mx\/?p=55287","url_meta":{"origin":56244,"position":1},"title":"Denuncian extorsiones en carreteras de Tamaulipas","author":"Staff","date":"enero 11, 2023","format":false,"excerpt":"Habitantes de los municipios de Soto la Marina, Cruillas y San Fernando, Tamaulipas, bloquearon dos tramos carreteros para denunciar ataques del crimen organizado en las autopistas de la entidad y exigir a las autoridades estatales y federales m\u00e1s seguridad. Los pobladores se\u00f1alaron este martes que se vive una ola de\u2026","rel":"","context":"En \u00abFeatured\u00bb","block_context":{"text":"Featured","link":"https:\/\/mexicocodigorojo.com.mx\/?cat=1724"},"img":{"alt_text":"","src":"https:\/\/i0.wp.com\/mexicocodigorojo.com.mx\/wp-content\/uploads\/2023\/01\/carretera-sin-extorsiones-3.jpg?fit=1200%2C630&ssl=1&resize=350%2C200","width":350,"height":200,"srcset":"https:\/\/i0.wp.com\/mexicocodigorojo.com.mx\/wp-content\/uploads\/2023\/01\/carretera-sin-extorsiones-3.jpg?fit=1200%2C630&ssl=1&resize=350%2C200 1x, https:\/\/i0.wp.com\/mexicocodigorojo.com.mx\/wp-content\/uploads\/2023\/01\/carretera-sin-extorsiones-3.jpg?fit=1200%2C630&ssl=1&resize=525%2C300 1.5x, https:\/\/i0.wp.com\/mexicocodigorojo.com.mx\/wp-content\/uploads\/2023\/01\/carretera-sin-extorsiones-3.jpg?fit=1200%2C630&ssl=1&resize=700%2C400 2x, https:\/\/i0.wp.com\/mexicocodigorojo.com.mx\/wp-content\/uploads\/2023\/01\/carretera-sin-extorsiones-3.jpg?fit=1200%2C630&ssl=1&resize=1050%2C600 3x"},"classes":[]},{"id":2571,"url":"https:\/\/mexicocodigorojo.com.mx\/?p=2571","url_meta":{"origin":56244,"position":2},"title":"Da inicio Campa\u00f1a de Seguridad y Prosperidad en el \u00e1rea de los 2 Laredos","author":"Staff","date":"septiembre 11, 2018","format":false,"excerpt":"La Campa\u00f1a iniciada en junio pasado fue extendida con objetivos clave de las autoridades de ambos lados de la frontera en la zona de los dos Laredos. Estuvo presente el Almirante, Marco Antonio Ortega Siu, Comandante de la Unidad de Operaciones Especiales de la Armada de M\u00e9xico. Septiembre 10 del\u2026","rel":"","context":"En \u00abInternacional\u00bb","block_context":{"text":"Internacional","link":"https:\/\/mexicocodigorojo.com.mx\/?cat=14"},"img":{"alt_text":"","src":"https:\/\/i0.wp.com\/mexicocodigorojo.com.mx\/wp-content\/uploads\/2018\/09\/F20B1281-D601-49E2-86F6-84BCD5F50F69.jpeg?fit=1200%2C1200&ssl=1&resize=350%2C200","width":350,"height":200,"srcset":"https:\/\/i0.wp.com\/mexicocodigorojo.com.mx\/wp-content\/uploads\/2018\/09\/F20B1281-D601-49E2-86F6-84BCD5F50F69.jpeg?fit=1200%2C1200&ssl=1&resize=350%2C200 1x, https:\/\/i0.wp.com\/mexicocodigorojo.com.mx\/wp-content\/uploads\/2018\/09\/F20B1281-D601-49E2-86F6-84BCD5F50F69.jpeg?fit=1200%2C1200&ssl=1&resize=525%2C300 1.5x, https:\/\/i0.wp.com\/mexicocodigorojo.com.mx\/wp-content\/uploads\/2018\/09\/F20B1281-D601-49E2-86F6-84BCD5F50F69.jpeg?fit=1200%2C1200&ssl=1&resize=700%2C400 2x, https:\/\/i0.wp.com\/mexicocodigorojo.com.mx\/wp-content\/uploads\/2018\/09\/F20B1281-D601-49E2-86F6-84BCD5F50F69.jpeg?fit=1200%2C1200&ssl=1&resize=1050%2C600 3x"},"classes":[]},{"id":12412,"url":"https:\/\/mexicocodigorojo.com.mx\/?p=12412","url_meta":{"origin":56244,"position":3},"title":"Huyen de Tamaulipas para delinquir en NL","author":"Staff","date":"enero 17, 2019","format":false,"excerpt":"Delincuentes dejan Tamaulipas y llegan a Nuevo Le\u00f3n para escapar de los operativos de seguridad que las autoridades han implementado en el vecino estado Monterrey.- El refuerzo de la seguridad en Tamaulipas tiene un efecto negativo en Nuevo Le\u00f3n, pues los delincuentes ahora buscan cometer sus delitos en nuestro Estado,\u2026","rel":"","context":"En \u00abTamaulipas\u00bb","block_context":{"text":"Tamaulipas","link":"https:\/\/mexicocodigorojo.com.mx\/?cat=2"},"img":{"alt_text":"","src":"","width":0,"height":0},"classes":[]},{"id":36841,"url":"https:\/\/mexicocodigorojo.com.mx\/?p=36841","url_meta":{"origin":56244,"position":4},"title":"Declaran emergencia sanitaria en Tamaulipas por COVID-19","author":"Staff","date":"abril 14, 2020","format":false,"excerpt":"Ante lo cual ser\u00e1 obligatorio que los ciudadanos usen cubrebocas y tomen las medidas preventivas emitidas por la Secretar\u00eda de Salud Ciudad Victoria, Tamaulipas. \u2013 El Comit\u00e9 Estatal para la Seguridad en Salud acord\u00f3 este d\u00eda declarar emergencia sanitaria por Covid-19 en el Estado de Tamaulipas, inform\u00f3 a trav\u00e9s de\u2026","rel":"","context":"En \u00abTamaulipas\u00bb","block_context":{"text":"Tamaulipas","link":"https:\/\/mexicocodigorojo.com.mx\/?cat=2"},"img":{"alt_text":"","src":"https:\/\/i0.wp.com\/mexicocodigorojo.com.mx\/wp-content\/uploads\/2020\/04\/EVgVQm7XQAIezEI.jpg?fit=1200%2C800&ssl=1&resize=350%2C200","width":350,"height":200,"srcset":"https:\/\/i0.wp.com\/mexicocodigorojo.com.mx\/wp-content\/uploads\/2020\/04\/EVgVQm7XQAIezEI.jpg?fit=1200%2C800&ssl=1&resize=350%2C200 1x, https:\/\/i0.wp.com\/mexicocodigorojo.com.mx\/wp-content\/uploads\/2020\/04\/EVgVQm7XQAIezEI.jpg?fit=1200%2C800&ssl=1&resize=525%2C300 1.5x, https:\/\/i0.wp.com\/mexicocodigorojo.com.mx\/wp-content\/uploads\/2020\/04\/EVgVQm7XQAIezEI.jpg?fit=1200%2C800&ssl=1&resize=700%2C400 2x, https:\/\/i0.wp.com\/mexicocodigorojo.com.mx\/wp-content\/uploads\/2020\/04\/EVgVQm7XQAIezEI.jpg?fit=1200%2C800&ssl=1&resize=1050%2C600 3x"},"classes":[]},{"id":52538,"url":"https:\/\/mexicocodigorojo.com.mx\/?p=52538","url_meta":{"origin":56244,"position":5},"title":"\u201cHoy m\u00e1s que nunca Tamaulipas tiene rumbo y direcci\u00f3n\u201d: Cabeza de Vaca con Ciro G\u00f3mez Leyva","author":"MexicoRojoCvmx","date":"marzo 9, 2022","format":false,"excerpt":"M\u00e9xico.- En entrevista Con Ciro G\u00f3mez Leyva, en el espacio informativo Por la Ma\u00f1ana de Radio F\u00f3rmula; el gobernador de Tamaulipas, Francisco Garc\u00eda Cabeza de Vaca, asegur\u00f3 que gracias a las pol\u00edticas p\u00fablicas implementadas por el Gobierno Estatal en materia de seguridad, generaci\u00f3n de empleos, atracci\u00f3n de inversiones, producci\u00f3n de\u2026","rel":"","context":"En \u00abFeatured\u00bb","block_context":{"text":"Featured","link":"https:\/\/mexicocodigorojo.com.mx\/?cat=1724"},"img":{"alt_text":"","src":"https:\/\/i0.wp.com\/mexicocodigorojo.com.mx\/wp-content\/uploads\/2022\/03\/275438814_621070329057986_3088426947774234127_n.jpg?fit=1024%2C626&ssl=1&resize=350%2C200","width":350,"height":200,"srcset":"https:\/\/i0.wp.com\/mexicocodigorojo.com.mx\/wp-content\/uploads\/2022\/03\/275438814_621070329057986_3088426947774234127_n.jpg?fit=1024%2C626&ssl=1&resize=350%2C200 1x, https:\/\/i0.wp.com\/mexicocodigorojo.com.mx\/wp-content\/uploads\/2022\/03\/275438814_621070329057986_3088426947774234127_n.jpg?fit=1024%2C626&ssl=1&resize=525%2C300 1.5x, https:\/\/i0.wp.com\/mexicocodigorojo.com.mx\/wp-content\/uploads\/2022\/03\/275438814_621070329057986_3088426947774234127_n.jpg?fit=1024%2C626&ssl=1&resize=700%2C400 2x"},"classes":[]}],"jetpack_sharing_enabled":true,"jetpack_likes_enabled":true,"jetpack_shortlink":"https:\/\/wp.me\/p9TedA-eDa","_links":{"self":[{"href":"https:\/\/mexicocodigorojo.com.mx\/index.php?rest_route=\/wp\/v2\/posts\/56244","targetHints":{"allow":["GET"]}}],"collection":[{"href":"https:\/\/mexicocodigorojo.com.mx\/index.php?rest_route=\/wp\/v2\/posts"}],"about":[{"href":"https:\/\/mexicocodigorojo.com.mx\/index.php?rest_route=\/wp\/v2\/types\/post"}],"author":[{"embeddable":true,"href":"https:\/\/mexicocodigorojo.com.mx\/index.php?rest_route=\/wp\/v2\/users\/5"}],"replies":[{"embeddable":true,"href":"https:\/\/mexicocodigorojo.com.mx\/index.php?rest_route=%2Fwp%2Fv2%2Fcomments&post=56244"}],"version-history":[{"count":1,"href":"https:\/\/mexicocodigorojo.com.mx\/index.php?rest_route=\/wp\/v2\/posts\/56244\/revisions"}],"predecessor-version":[{"id":56246,"href":"https:\/\/mexicocodigorojo.com.mx\/index.php?rest_route=\/wp\/v2\/posts\/56244\/revisions\/56246"}],"wp:featuredmedia":[{"embeddable":true,"href":"https:\/\/mexicocodigorojo.com.mx\/index.php?rest_route=\/wp\/v2\/media\/56245"}],"wp:attachment":[{"href":"https:\/\/mexicocodigorojo.com.mx\/index.php?rest_route=%2Fwp%2Fv2%2Fmedia&parent=56244"}],"wp:term":[{"taxonomy":"category","embeddable":true,"href":"https:\/\/mexicocodigorojo.com.mx\/index.php?rest_route=%2Fwp%2Fv2%2Fcategories&post=56244"},{"taxonomy":"post_tag","embeddable":true,"href":"https:\/\/mexicocodigorojo.com.mx\/index.php?rest_route=%2Fwp%2Fv2%2Ftags&post=56244"}],"curies":[{"name":"wp","href":"https:\/\/api.w.org\/{rel}","templated":true}]}}