{"id":56238,"date":"2023-06-02T12:39:36","date_gmt":"2023-06-02T18:39:36","guid":{"rendered":"https:\/\/mexicocodigorojo.com.mx\/?p=56238"},"modified":"2023-06-02T12:39:36","modified_gmt":"2023-06-02T18:39:36","slug":"viajes-de-adan-augusto-en-aviones-oficiales-no-hay-nombres-se-registra-peso-guardia-nacional","status":"publish","type":"post","link":"https:\/\/mexicocodigorojo.com.mx\/?p=56238","title":{"rendered":"Viajes de Ad\u00e1n Augusto en aviones oficiales: &#8216;no hay nombres, se registra peso&#8217;: Guardia Nacional"},"content":{"rendered":"<p>Durante un viaje a Torre\u00f3n, Coahuila, el\u00a0<strong>secretario de Gobernaci\u00f3n, Ad\u00e1n Augusto L\u00f3pez<\/strong>, fue captado utilizando un avi\u00f3n de la\u00a0<strong>Guardia Nacional,<\/strong>\u00a0junto con otros funcionarios federales; sin embargo, ahora la\u00a0<strong>Guardia Nacional\u00a0<\/strong>dice no tener datos sobre los viajes que ha hecho el tabasque\u00f1o en aeronaves de la instituci\u00f3n.<\/p>\n<p>La<strong>\u00a0Guardia Nacional<\/strong>\u00a0desconoce los nombres y apellidos de funcionarios y civiles trasladados en aviones y helic\u00f3pteros de esa instituci\u00f3n entre los a\u00f1os 2021 y 2023. Seg\u00fan la dependencia, creada por el presidente\u00a0<strong>Andr\u00e9s Manuel L\u00f3pez Obrador<\/strong>, solo lleva a cabo el registro del total de pasajeros que utilizan las\u00a0<strong>aeronaves<\/strong>.<\/p>\n<p>A trav\u00e9s de una solicitud de informaci\u00f3n para conocer el n\u00famero de aeronaves de la\u00a0<strong>Guardia Nacional<\/strong>\u00a0utilizadas para el traslado del\u00a0<strong>secretario de Gobernaci\u00f3n, Ad\u00e1n Augusto L\u00f3pez Hern\u00e1ndez<\/strong>, la dependencia respondi\u00f3 desconocer el o los nombres, as\u00ed como los apellidos de cualquier persona usuaria de los\u00a0<strong>aviones o helic\u00f3pteros\u00a0<\/strong>adquiridos con recursos p\u00fablicos, y en algunos casos donados por Estados Unidos.<\/p>\n<div class=\"content-banner\">\n<p>La dependencia asegura haber efectuado una \u201cb\u00fasqueda exhaustiva y razonable\u201d en los registros de toda la\u00a0<strong>flota a\u00e9rea<\/strong>\u00a0de la\u00a0<strong>Guardia Nacional<\/strong>. Sin embargo, no encontr\u00f3 ning\u00fan registro de los usuarios.<\/p>\n<div class=\"content-banner\">\n<blockquote><p>\u201cSobre el particular, se hace de su conocimiento que despu\u00e9s de realizar una b\u00fasqueda exhaustiva y razonable de la informaci\u00f3n en los archivos de tr\u00e1mite, archivos de concentraci\u00f3n, registros internos y libros de gobierno, no se localiz\u00f3 la informaci\u00f3n solicitada\u201d.<\/p><\/blockquote>\n<blockquote><p>La respuesta de la\u00a0<strong>Guardia Nacional,<\/strong>\u00a0tambi\u00e9n menciona: \u201cno se lleva registro y\/o control de nombres de las personas trasladadas en las aeronaves que integran la flota a\u00e9rea institucional, llevando exclusivamente un control de la cantidad de personas por cuesti\u00f3n de peso y balance, por lo que se desconoce si ha trasladado a la persona referida (<strong>Ad\u00e1n Augusto L\u00f3pez Hern\u00e1ndez<\/strong>) \u201d.<\/p><\/blockquote>\n<p>En la petici\u00f3n de informaci\u00f3n se solicit\u00f3 el n\u00famero de matr\u00edcula del avi\u00f3n o helic\u00f3ptero en el que se traslad\u00f3\u00a0<strong>Ad\u00e1n Augusto L\u00f3pez<\/strong>. El aeropuerto,\u00a0<strong>base naval o militar<\/strong>\u00a0donde parti\u00f3 la\u00a0<strong>aeronave<\/strong>, as\u00ed como lugar de arribo. Tambi\u00e9n la hora de despegue y llegada, el n\u00famero de personas trasladadas en cada vuelo, as\u00ed como la justificaci\u00f3n para todos los traslados realizados entre el 26 de agosto de 2021 y el 8 de mayo de 2023.<\/p>\n<p>El Reglamento de la Ley de Aviaci\u00f3n Civil incluye, entre las obligaciones (normas) a seguir en todo vuelo, ya sea comercial, privado o de gobierno, incluyendo\u00a0<strong>militares<\/strong>.<\/p>\n<p>&nbsp;<\/p>\n<p>Entre ellas, informar a las autoridades aeroportuarias, sin excepci\u00f3n de\u00a0<strong>aeronave\u00a0<\/strong>(incluyendo las de gobierno), el plan operacional de vuelo, el manifiesto de pasajeros y carga, as\u00ed como de balance antes de despegar y al momento de llegada de la aeronave.<\/p>\n<p>El manifiesto de pasajeros incluye la informaci\u00f3n de cada una de las personas que se trasladan en la\u00a0<strong>aeronave\u00a0<\/strong>(<strong>helic\u00f3ptero o avi\u00f3n<\/strong>). Entre ellas, nombre (s) apellidos, si es funcionario cargo y desentendencia en la que labora. En caso de ser civil o pertenecer al sector privado, tambi\u00e9n se incluyen sus nombre y apellido, as\u00ed como funci\u00f3n o cargo en el que labora.<\/p>\n<p>Los registros de cada uno de los pasajeros son hechos para evitar que se trasladen personas buscadas por las autoridades o boletinadas as\u00ed como para tener un control de identificaci\u00f3n en caso de un siniestro o percance de las\u00a0<strong>aeronaves<\/strong>.<\/p>\n<p>De acuerdo con personal de la\u00a0<strong>Guardia Nacional,<\/strong>\u00a0cada vez que una persona ajena utiliza una\u00a0<strong>aeronave\u00a0<\/strong>de la instituci\u00f3n, tiene que llenar un formato de responsiva en el que se compromete a acatar las \u00f3rdenes del personal a bordo, as\u00ed como para identificarlos en caso de un\u00a0<strong>accidente<\/strong>.<\/p>\n<p>La informaci\u00f3n es entregada a las autoridades portuarias de la instituci\u00f3n donde despeg\u00f3 la\u00a0<strong>aeronave\u00a0<\/strong>para tener un control interno de cada viaje, as\u00ed como de los\u00a0<strong>pasajeros\u00a0<\/strong>a bordo, incluyen al personal (pilotos, sobrecargo o personal de apoyo), personal de la instituci\u00f3n u otras dependencias o civiles, entre los cuales se pueden encontrar personas lesionadas, detenidas, reos o civiles sin cargo alguno, como familiares de los funcionarios.<\/p>\n<p><img data-recalc-dims=\"1\" decoding=\"async\" class=\"i-amphtml-fill-content i-amphtml-replaced-content\" src=\"https:\/\/i0.wp.com\/lasillarota.com\/u\/fotografias\/m\/2023\/6\/1\/f768x1-447618_447745_5050.jpeg?w=696&#038;ssl=1\" alt=\"\" \/><\/p>\n<h2>Los vuelos de\u00a0<strong>Ad\u00e1n Augusto L\u00f3pez<\/strong><\/h2>\n<p>A principios de abril de 2022, distintos medios de comunicaci\u00f3n informaron sobre los\u00a0<strong>viajes\u00a0<\/strong>a M\u00e9rida, Campeche, Guanajuato, Sonora y Coahuila realizados por el\u00a0<strong>secretario de Gobernaci\u00f3n, Ad\u00e1n Augusto L\u00f3pez<\/strong>\u00a0en un avi\u00f3n de la\u00a0<strong>Guardia Nacional.<\/strong><\/p>\n<p>El funcionario utiliz\u00f3 la\u00a0<span class=\"marker\"><strong>aeronave\u00a0<\/strong>Gulfstream G350 matr\u00edcula XC-PFM de la<strong>\u00a0Guardia Nacional<\/strong>,<\/span>\u00a0para participar en m\u00edtines del partido\u00a0<strong>Morena\u00a0<\/strong>en donde se promovi\u00f3 la<strong>\u00a0Consulta de Revocaci\u00f3n de Mandato.<\/strong><\/p>\n<p>El seguimiento de vuelos efectuado por el sitio flightware.com, incluye informaci\u00f3n del derrotero efectuado por el\u00a0<strong>avi\u00f3n\u00a0<\/strong>de la\u00a0<strong>Guardia Nacional,<\/strong>\u00a0el cual coincide con la agenda de\u00a0<strong>Ad\u00e1n Augusto L\u00f3pez.<\/strong><\/p>\n<p>Al titular de\u00a0<strong>Segob\u00a0<\/strong>le acompa\u00f1\u00f3 el dirigente nacional de\u00a0<strong>Morena, Mario Delgado<\/strong>\u00a0y acudieron a un mitin con militantes para promover la\u00a0<strong>consulta de revocaci\u00f3n de mandato.<\/strong><\/p>\n<p>El tema lleg\u00f3 a Palacio Nacional a trav\u00e9s de cuestionamientos de medios de comunicaci\u00f3n al presidente\u00a0<strong>Andr\u00e9s Manuel L\u00f3pez Obrador<\/strong>\u00a0durante la conferencia de prensa ma\u00f1anera.<\/p>\n<p><img data-recalc-dims=\"1\" decoding=\"async\" class=\"i-amphtml-fill-content i-amphtml-replaced-content\" src=\"https:\/\/i0.wp.com\/lasillarota.com\/u\/fotografias\/m\/2023\/6\/1\/f768x1-447626_447753_15.jpg?w=696&#038;ssl=1\" alt=\"\" \/><\/p>\n<p>-\u00bfLa aeronave de la\u00a0<strong>Guardia Nacional<\/strong>\u00a0s\u00ed fue utilizada para estos fines? -, le preguntan al presidente.<\/p>\n<p>-\u201cNo, no, no! \u00a1No debe de ser utilizada para esos fines!\u201d, respondi\u00f3<\/p>\n<p>En mayo de ese a\u00f1o, el\u00a0<strong>secretario de Gobernaci\u00f3n<\/strong>\u00a0fue cuestionado sobre el uso de la aeronave. El funcionario asegur\u00f3 haber acudido a la supervisi\u00f3n de temas de seguridad y despu\u00e9s de eventos privados.<\/p>\n<p>&#8211; \u00bfPero us\u00f3 el\u00a0<strong>avi\u00f3n\u00a0<\/strong>o no lo us\u00f3?<\/p>\n<p>\u2013S\u00ed viaj\u00e9, claro que viaj\u00e9.<\/p>\n<p>&#8211; \u00bfPero no es una incidencia el uso de recursos p\u00fablicos?<\/p>\n<p>\u2013 No, porque yo asist\u00ed a\u00a0<strong>Coahuila\u00a0<\/strong>y a\u00a0<strong>Sonora\u00a0<\/strong>a reuniones de Seguridad y una vez que terminaron esas actividades, acompa\u00f1\u00e9 a unos compa\u00f1eros a un evento privado.<\/p>\n<p>En ese mismo mes la\u00a0<strong>Guardia Nacional<\/strong>, reserv\u00f3 por cinco a\u00f1os la bit\u00e1cora del 2 de abril del avi\u00f3n Gulfstream G350, con matr\u00edcula XC-PFM, utilizado por el\u00a0<strong>Ad\u00e1n Augusto L\u00f3pez Hern\u00e1ndez<\/strong>, titular de Gobernaci\u00f3n.<\/p>\n<p>Al negar la informaci\u00f3n del derrotero del avi\u00f3n en el que tambi\u00e9n viajaron el entonces Comandante de la\u00a0<strong>Guardia Nacional,<\/strong>\u00a0Luis Rodr\u00edguez Bucio, hoy subsecretario de Seguridad y Participaci\u00f3n Ciudadana;\u00a0<strong>Mario Delgado Carrillo<\/strong>, l\u00edder nacional de\u00a0<strong>Morena<\/strong>, y el ex subsecretario de Seguridad, Ricardo Mej\u00eda Berdeja, actual candidato a la gubernatura de\u00a0<strong>Coahuila<\/strong>.<\/p>\n<p>La dependencia asegur\u00f3 que entregar la informaci\u00f3n puede representar un riesgo para la seguridad p\u00fablica, al vulnerar rutas de vuelo que pueden ser detectadas por el\u00a0<strong>crimen organizado<\/strong>.<\/p>\n<p>Esta nota incluye informaci\u00f3n de La Silla Rota<\/p>\n<\/div>\n<\/div>\n","protected":false},"excerpt":{"rendered":"<p>Durante un viaje a Torre\u00f3n, Coahuila, el\u00a0secretario de Gobernaci\u00f3n, Ad\u00e1n Augusto L\u00f3pez, fue captado utilizando un avi\u00f3n de la\u00a0Guardia Nacional,\u00a0junto con otros funcionarios federales; sin embargo, ahora la\u00a0Guardia Nacional\u00a0dice no tener datos sobre los viajes que ha hecho el tabasque\u00f1o en aeronaves de la instituci\u00f3n. La\u00a0Guardia Nacional\u00a0desconoce los nombres y apellidos de funcionarios y civiles [&hellip;]<\/p>\n","protected":false},"author":5,"featured_media":56239,"comment_status":"closed","ping_status":"closed","sticky":false,"template":"","format":"standard","meta":{"_uf_show_specific_survey":0,"_uf_disable_surveys":false,"advanced_seo_description":"","jetpack_seo_html_title":"","jetpack_seo_noindex":false,"jetpack_post_was_ever_published":false,"_jetpack_newsletter_access":"","_jetpack_dont_email_post_to_subs":false,"_jetpack_newsletter_tier_id":0,"_jetpack_memberships_contains_paywalled_content":false,"_jetpack_memberships_contains_paid_content":false,"footnotes":"","jetpack_publicize_message":"","jetpack_publicize_feature_enabled":true,"jetpack_social_post_already_shared":true,"jetpack_social_options":{"image_generator_settings":{"template":"highway","default_image_id":0,"font":"","enabled":false},"version":2}},"categories":[101,1724],"tags":[1512],"class_list":{"0":"post-56238","1":"post","2":"type-post","3":"status-publish","4":"format-standard","5":"has-post-thumbnail","7":"category-ciudad-de-mexico","8":"category-featured","9":"tag-politica"},"jetpack_publicize_connections":[],"jetpack_featured_media_url":"https:\/\/i0.wp.com\/mexicocodigorojo.com.mx\/wp-content\/uploads\/2023\/06\/f960x540-447617_521692_15.jpg?fit=960%2C540&ssl=1","jetpack-related-posts":[{"id":31486,"url":"https:\/\/mexicocodigorojo.com.mx\/?p=31486","url_meta":{"origin":56238,"position":0},"title":"Deportan a 240 migrantes en dos aviones desde M\u00e9xico","author":"Staff","date":"enero 27, 2020","format":false,"excerpt":"El Instituto Nacional de Migraci\u00f3n inform\u00f3 el retorno asistido de 240 hondure\u00f1os a San Pedro Sula, a bordo de dos aviones El\u00a0Instituto Nacional de Migraci\u00f3n\u00a0(INM) inform\u00f3 este lunes la\u00a0deportaci\u00f3n\u00a0a San Pedro Sula de\u00a0240 hondure\u00f1os, desde el municipio de Toluca. \u201cINM informa que esta ma\u00f1ana, en dos aeronaves, se llev\u00f3 a\u2026","rel":"","context":"En \u00abEstado de M\u00e9xico\u00bb","block_context":{"text":"Estado de M\u00e9xico","link":"https:\/\/mexicocodigorojo.com.mx\/?cat=53"},"img":{"alt_text":"","src":"https:\/\/i0.wp.com\/mexicocodigorojo.com.mx\/wp-content\/uploads\/2020\/01\/EPTqvjsVUAA7wR5.jpg?fit=623%2C745&ssl=1&resize=350%2C200","width":350,"height":200,"srcset":"https:\/\/i0.wp.com\/mexicocodigorojo.com.mx\/wp-content\/uploads\/2020\/01\/EPTqvjsVUAA7wR5.jpg?fit=623%2C745&ssl=1&resize=350%2C200 1x, https:\/\/i0.wp.com\/mexicocodigorojo.com.mx\/wp-content\/uploads\/2020\/01\/EPTqvjsVUAA7wR5.jpg?fit=623%2C745&ssl=1&resize=525%2C300 1.5x"},"classes":[]},{"id":52692,"url":"https:\/\/mexicocodigorojo.com.mx\/?p=52692","url_meta":{"origin":56238,"position":1},"title":"Promueven revocaci\u00f3n y utilizan al Ej\u00e9rcito","author":"Staff","date":"abril 4, 2022","format":false,"excerpt":"Funcionarios del Gobierno federal promueven la consulta sobre la revocaci\u00f3n de mandato del Presidente usando aviones militares de la Guardia Nacional y hasta con el respaldo de Generales del Ej\u00e9rcito como Luis Rodr\u00edguez Bucio, comandante de la Guardia Nacional. El s\u00e1bado pasado, el Secretario de Gobernaci\u00f3n, Ad\u00e1n Augusto L\u00f3pez, viaj\u00f3\u2026","rel":"","context":"En \u00abFeatured\u00bb","block_context":{"text":"Featured","link":"https:\/\/mexicocodigorojo.com.mx\/?cat=1724"},"img":{"alt_text":"","src":"https:\/\/i0.wp.com\/mexicocodigorojo.com.mx\/wp-content\/uploads\/2022\/04\/5228365.jpg?fit=960%2C640&ssl=1&resize=350%2C200","width":350,"height":200,"srcset":"https:\/\/i0.wp.com\/mexicocodigorojo.com.mx\/wp-content\/uploads\/2022\/04\/5228365.jpg?fit=960%2C640&ssl=1&resize=350%2C200 1x, https:\/\/i0.wp.com\/mexicocodigorojo.com.mx\/wp-content\/uploads\/2022\/04\/5228365.jpg?fit=960%2C640&ssl=1&resize=525%2C300 1.5x, https:\/\/i0.wp.com\/mexicocodigorojo.com.mx\/wp-content\/uploads\/2022\/04\/5228365.jpg?fit=960%2C640&ssl=1&resize=700%2C400 2x"},"classes":[]},{"id":19429,"url":"https:\/\/mexicocodigorojo.com.mx\/?p=19429","url_meta":{"origin":56238,"position":2},"title":"AMLO TOMA PROTESTA A ELEMENTOS DE LA GUARDIA NACIONAL","author":"Staff","date":"julio 1, 2019","format":false,"excerpt":"Este domingo 30 de junio se llev\u00f3 a cabo la ceremonia oficial de la inauguraci\u00f3n de la\u00a0Guardia Nacional, el evento, encabezado por el presidente de M\u00e9xico Andr\u00e9s Manuel L\u00f3pez Obrador dio a por elementos de la\u00a0Sedena,\u00a0la Marina\u00a0y la\u00a0Polic\u00eda Federal, de car\u00e1cter civil y la cual tiene el objetivo de salvaguardar\u2026","rel":"","context":"En \u00abCiudad de M\u00e9xico\u00bb","block_context":{"text":"Ciudad de M\u00e9xico","link":"https:\/\/mexicocodigorojo.com.mx\/?cat=101"},"img":{"alt_text":"","src":"https:\/\/i0.wp.com\/mexicocodigorojo.com.mx\/wp-content\/uploads\/2019\/07\/Captura-de-Pantalla-2019-06-30-a-las-10.12.45-1024x570.png?fit=1024%2C570&ssl=1&resize=350%2C200","width":350,"height":200,"srcset":"https:\/\/i0.wp.com\/mexicocodigorojo.com.mx\/wp-content\/uploads\/2019\/07\/Captura-de-Pantalla-2019-06-30-a-las-10.12.45-1024x570.png?fit=1024%2C570&ssl=1&resize=350%2C200 1x, https:\/\/i0.wp.com\/mexicocodigorojo.com.mx\/wp-content\/uploads\/2019\/07\/Captura-de-Pantalla-2019-06-30-a-las-10.12.45-1024x570.png?fit=1024%2C570&ssl=1&resize=525%2C300 1.5x, https:\/\/i0.wp.com\/mexicocodigorojo.com.mx\/wp-content\/uploads\/2019\/07\/Captura-de-Pantalla-2019-06-30-a-las-10.12.45-1024x570.png?fit=1024%2C570&ssl=1&resize=700%2C400 2x"},"classes":[]},{"id":19447,"url":"https:\/\/mexicocodigorojo.com.mx\/?p=19447","url_meta":{"origin":56238,"position":3},"title":"Capacitaci\u00f3n constante dar\u00e1 \u00e9xito a Guardia Nacional: Rodr\u00edguez Bucio","author":"Staff","date":"julio 1, 2019","format":false,"excerpt":"Luis Rodr\u00edguez Bucio, primer comandante de la Guardia Nacional, explica que se desarroll\u00f3 un estricto proceso de selecci\u00f3n de mujeres y hombres Al arrancar oficialmente el despliegue de la\u00a0Guardia Nacional, su comandante\u00a0Luis Rodr\u00edguez Bucio\u00a0advirti\u00f3 que no habr\u00e1 descanso ni tregua para satisfacer la demanda de mayor seguridad y paz que\u2026","rel":"","context":"En \u00abCiudad de M\u00e9xico\u00bb","block_context":{"text":"Ciudad de M\u00e9xico","link":"https:\/\/mexicocodigorojo.com.mx\/?cat=101"},"img":{"alt_text":"","src":"https:\/\/i0.wp.com\/mexicocodigorojo.com.mx\/wp-content\/uploads\/2019\/07\/rodriguez-bucio-guardia-nacional-1.jpg?fit=1045%2C602&ssl=1&resize=350%2C200","width":350,"height":200,"srcset":"https:\/\/i0.wp.com\/mexicocodigorojo.com.mx\/wp-content\/uploads\/2019\/07\/rodriguez-bucio-guardia-nacional-1.jpg?fit=1045%2C602&ssl=1&resize=350%2C200 1x, https:\/\/i0.wp.com\/mexicocodigorojo.com.mx\/wp-content\/uploads\/2019\/07\/rodriguez-bucio-guardia-nacional-1.jpg?fit=1045%2C602&ssl=1&resize=525%2C300 1.5x, https:\/\/i0.wp.com\/mexicocodigorojo.com.mx\/wp-content\/uploads\/2019\/07\/rodriguez-bucio-guardia-nacional-1.jpg?fit=1045%2C602&ssl=1&resize=700%2C400 2x"},"classes":[]},{"id":18381,"url":"https:\/\/mexicocodigorojo.com.mx\/?p=18381","url_meta":{"origin":56238,"position":4},"title":"RENUNCIA TITULAR DEL INSTITUTO NACIONAL DE MIGRACI\u00d3N","author":"Staff","date":"junio 14, 2019","format":false,"excerpt":"El doctor Tonatiuh Guill\u00e9n L\u00f3pez, renunci\u00f3 a su cargo como Comisionado El Instituto Nacional de Migraci\u00f3n (INM) inform\u00f3 que el doctor\u00a0Tonatiuh Guill\u00e9n L\u00f3pez, renunci\u00f3 a su cargo como Comisionado. Guill\u00e9n L\u00f3pez hab\u00eda sido designado desde el 1 de diciembre de 2018 como Comisionado del\u00a0Instituto Nacional de Migraci\u00f3n en M\u00e9xico\u00a0(INM). Su\u2026","rel":"","context":"En \u00abCiudad de M\u00e9xico\u00bb","block_context":{"text":"Ciudad de M\u00e9xico","link":"https:\/\/mexicocodigorojo.com.mx\/?cat=101"},"img":{"alt_text":"","src":"https:\/\/i0.wp.com\/mexicocodigorojo.com.mx\/wp-content\/uploads\/2019\/06\/Migracion-Titular.jpeg?fit=930%2C617&ssl=1&resize=350%2C200","width":350,"height":200,"srcset":"https:\/\/i0.wp.com\/mexicocodigorojo.com.mx\/wp-content\/uploads\/2019\/06\/Migracion-Titular.jpeg?fit=930%2C617&ssl=1&resize=350%2C200 1x, https:\/\/i0.wp.com\/mexicocodigorojo.com.mx\/wp-content\/uploads\/2019\/06\/Migracion-Titular.jpeg?fit=930%2C617&ssl=1&resize=525%2C300 1.5x, https:\/\/i0.wp.com\/mexicocodigorojo.com.mx\/wp-content\/uploads\/2019\/06\/Migracion-Titular.jpeg?fit=930%2C617&ssl=1&resize=700%2C400 2x"},"classes":[]},{"id":52876,"url":"https:\/\/mexicocodigorojo.com.mx\/?p=52876","url_meta":{"origin":56238,"position":5},"title":"Agentes de Guardia Nacional someten y golpean a compa\u00f1ero","author":"Staff","date":"mayo 5, 2022","format":false,"excerpt":"La Guardia Nacional ya investiga a los elementos que aparecen en un video agrediendo a uno de sus compa\u00f1eros, quien se muestra sometido en el piso. A trav\u00e9s de redes sociales se difundi\u00f3 un video en el que se observa como entre cuatro elementos de la Guardia Nacional golpean a\u2026","rel":"","context":"En \u00abFeatured\u00bb","block_context":{"text":"Featured","link":"https:\/\/mexicocodigorojo.com.mx\/?cat=1724"},"img":{"alt_text":"","src":"https:\/\/i0.wp.com\/mexicocodigorojo.com.mx\/wp-content\/uploads\/2022\/05\/f608x342-512554_542277_0.jpg?fit=608%2C342&ssl=1&resize=350%2C200","width":350,"height":200,"srcset":"https:\/\/i0.wp.com\/mexicocodigorojo.com.mx\/wp-content\/uploads\/2022\/05\/f608x342-512554_542277_0.jpg?fit=608%2C342&ssl=1&resize=350%2C200 1x, https:\/\/i0.wp.com\/mexicocodigorojo.com.mx\/wp-content\/uploads\/2022\/05\/f608x342-512554_542277_0.jpg?fit=608%2C342&ssl=1&resize=525%2C300 1.5x"},"classes":[]}],"jetpack_sharing_enabled":true,"jetpack_likes_enabled":true,"jetpack_shortlink":"https:\/\/wp.me\/p9TedA-eD4","_links":{"self":[{"href":"https:\/\/mexicocodigorojo.com.mx\/index.php?rest_route=\/wp\/v2\/posts\/56238","targetHints":{"allow":["GET"]}}],"collection":[{"href":"https:\/\/mexicocodigorojo.com.mx\/index.php?rest_route=\/wp\/v2\/posts"}],"about":[{"href":"https:\/\/mexicocodigorojo.com.mx\/index.php?rest_route=\/wp\/v2\/types\/post"}],"author":[{"embeddable":true,"href":"https:\/\/mexicocodigorojo.com.mx\/index.php?rest_route=\/wp\/v2\/users\/5"}],"replies":[{"embeddable":true,"href":"https:\/\/mexicocodigorojo.com.mx\/index.php?rest_route=%2Fwp%2Fv2%2Fcomments&post=56238"}],"version-history":[{"count":1,"href":"https:\/\/mexicocodigorojo.com.mx\/index.php?rest_route=\/wp\/v2\/posts\/56238\/revisions"}],"predecessor-version":[{"id":56240,"href":"https:\/\/mexicocodigorojo.com.mx\/index.php?rest_route=\/wp\/v2\/posts\/56238\/revisions\/56240"}],"wp:featuredmedia":[{"embeddable":true,"href":"https:\/\/mexicocodigorojo.com.mx\/index.php?rest_route=\/wp\/v2\/media\/56239"}],"wp:attachment":[{"href":"https:\/\/mexicocodigorojo.com.mx\/index.php?rest_route=%2Fwp%2Fv2%2Fmedia&parent=56238"}],"wp:term":[{"taxonomy":"category","embeddable":true,"href":"https:\/\/mexicocodigorojo.com.mx\/index.php?rest_route=%2Fwp%2Fv2%2Fcategories&post=56238"},{"taxonomy":"post_tag","embeddable":true,"href":"https:\/\/mexicocodigorojo.com.mx\/index.php?rest_route=%2Fwp%2Fv2%2Ftags&post=56238"}],"curies":[{"name":"wp","href":"https:\/\/api.w.org\/{rel}","templated":true}]}}