{"id":56226,"date":"2023-06-01T10:55:09","date_gmt":"2023-06-01T16:55:09","guid":{"rendered":"https:\/\/mexicocodigorojo.com.mx\/?p=56226"},"modified":"2023-06-01T11:39:08","modified_gmt":"2023-06-01T17:39:08","slug":"miente-amlo-mayo-de-2023-el-mes-mas-sangriento-en-tamaulipas-en-los-ultimos-5-anos-segun-cifras-de-la-fgjtam","status":"publish","type":"post","link":"https:\/\/mexicocodigorojo.com.mx\/?p=56226","title":{"rendered":"Miente AMLO: mayo de 2023, el mes m\u00e1s sangriento en Tamaulipas en los \u00faltimos 5 a\u00f1os, seg\u00fan cifras de la FGJTAM"},"content":{"rendered":"<p><strong>Ciudad de M\u00e9xico.-<\/strong> Fuentes de la Fiscal\u00eda General de Justicia de Tamaulipas confirman que mayo del 2023 fue el mes m\u00e1s violento de Tamaulipas en los \u00faltimos 5 a\u00f1os, seg\u00fan estad\u00edsticas del Sistema Nacional de Seguridad P\u00fablica. Estos datos contradicen las declaraciones realizadas esta ma\u00f1ana por el presidente, quien minimiz\u00f3 la situaci\u00f3n de inseguridad en la regi\u00f3n. Parece ser que el Gobierno de Tamaulipas ha ocultado las cifras reales, lo cual genera desconfianza hacia las autoridades.<\/p>\n<p>Los n\u00fameros revelados por la Fiscal\u00eda son alarmantes. Durante mayo, se registraron 73 homicidios dolosos, con diferentes modalidades de ejecuci\u00f3n. Adem\u00e1s, hubo 160 personas no localizadas o v\u00edctimas de privaci\u00f3n ilegal de la libertad, contrastando con las 64 personas que fueron localizadas. El robo de veh\u00edculos con violencia alcanz\u00f3 la cifra de 113 casos.<\/p>\n<p>En cuanto a los secuestros, se reportaron 3 casos, con uno de ellos ocurriendo en Ciudad Victoria y los otros dos en Reynosa. Estas cifras demuestran la persistencia de delitos graves en el estado y ponen en entredicho las afirmaciones del presidente respecto a que la poblaci\u00f3n de Tamaulipas vive en tranquilidad.<\/p>\n<p>Es importante destacar que en las \u00faltimas 24 horas se han registrado enfrentamientos armados entre criminales y agentes policiales en la capital tamaulipeca. Dos individuos han sido detenidos como resultado de estas balaceras. Adem\u00e1s, ayer por la tarde, una familia denunci\u00f3 la desaparici\u00f3n de su hijo a manos de la Polic\u00eda Estatal y Tr\u00e1nsito de Ciudad Victoria, quienes act\u00faan bajo el mandato del ayuntamiento local. Estos incidentes recientes evidencian la continua violencia y el clima de inseguridad que prevalece en la regi\u00f3n.<\/p>\n<figure id=\"attachment_56233\" aria-describedby=\"caption-attachment-56233\" style=\"width: 234px\" class=\"wp-caption aligncenter\"><a href=\"https:\/\/www.facebook.com\/story.php?story_fbid=107002525741164&amp;id=100074149984275&amp;mibextid=NnVzG8\"><img data-recalc-dims=\"1\" loading=\"lazy\" decoding=\"async\" data-attachment-id=\"56233\" data-permalink=\"https:\/\/mexicocodigorojo.com.mx\/?attachment_id=56233\" data-orig-file=\"https:\/\/i0.wp.com\/mexicocodigorojo.com.mx\/wp-content\/uploads\/2023\/06\/victoria.jpg?fit=302%2C388&amp;ssl=1\" data-orig-size=\"302,388\" data-comments-opened=\"0\" data-image-meta=\"{&quot;aperture&quot;:&quot;0&quot;,&quot;credit&quot;:&quot;Almaguer, Oscar de Jesus&quot;,&quot;camera&quot;:&quot;&quot;,&quot;caption&quot;:&quot;&quot;,&quot;created_timestamp&quot;:&quot;1685623076&quot;,&quot;copyright&quot;:&quot;&quot;,&quot;focal_length&quot;:&quot;0&quot;,&quot;iso&quot;:&quot;0&quot;,&quot;shutter_speed&quot;:&quot;0&quot;,&quot;title&quot;:&quot;&quot;,&quot;orientation&quot;:&quot;0&quot;}\" data-image-title=\"victoria\" data-image-description=\"\" data-image-caption=\"\" data-large-file=\"https:\/\/i0.wp.com\/mexicocodigorojo.com.mx\/wp-content\/uploads\/2023\/06\/victoria.jpg?fit=302%2C388&amp;ssl=1\" class=\"wp-image-56233 size-medium\" src=\"https:\/\/i0.wp.com\/mexicocodigorojo.com.mx\/wp-content\/uploads\/2023\/06\/victoria.jpg?resize=234%2C300&#038;ssl=1\" alt=\"\" width=\"234\" height=\"300\" srcset=\"https:\/\/i0.wp.com\/mexicocodigorojo.com.mx\/wp-content\/uploads\/2023\/06\/victoria.jpg?resize=234%2C300&amp;ssl=1 234w, https:\/\/i0.wp.com\/mexicocodigorojo.com.mx\/wp-content\/uploads\/2023\/06\/victoria.jpg?resize=150%2C193&amp;ssl=1 150w, https:\/\/i0.wp.com\/mexicocodigorojo.com.mx\/wp-content\/uploads\/2023\/06\/victoria.jpg?resize=300%2C385&amp;ssl=1 300w, https:\/\/i0.wp.com\/mexicocodigorojo.com.mx\/wp-content\/uploads\/2023\/06\/victoria.jpg?w=302&amp;ssl=1 302w\" sizes=\"auto, (max-width: 234px) 100vw, 234px\" \/><\/a><figcaption id=\"caption-attachment-56233\" class=\"wp-caption-text\">V\u00eddeo<\/figcaption><\/figure>\n<p>A pesar de los protocolos que limitan la documentaci\u00f3n detallada de los enfrentamientos, usuarios de redes sociales contin\u00faan compartiendo videos de estos sucesos en diferentes \u00e1reas de la frontera tamaulipeca. Estas publicaciones muestran la realidad de una situaci\u00f3n que las autoridades parecen minimizar o incluso ocultar.<\/p>\n<p>Ante este panorama, es imprescindible que las autoridades asuman su responsabilidad y tomen medidas eficaces para combatir la violencia en Tamaulipas. La seguridad y el bienestar de la poblaci\u00f3n deben ser prioridades, y es necesario que se implementen estrategias efectivas para garantizar un ambiente seguro en el estado. El Gobierno de Tamaulipas y el Gobierno Federal deben trabajar en conjunto, dejando de lado las diferencias pol\u00edticas, para brindar la tranquilidad que los ciudadanos merecen.<\/p>\n","protected":false},"excerpt":{"rendered":"<p>Ciudad de M\u00e9xico.- Fuentes de la Fiscal\u00eda General de Justicia de Tamaulipas confirman que mayo del 2023 fue el mes m\u00e1s violento de Tamaulipas en los \u00faltimos 5 a\u00f1os, seg\u00fan estad\u00edsticas del Sistema Nacional de Seguridad P\u00fablica. Estos datos contradicen las declaraciones realizadas esta ma\u00f1ana por el presidente, quien minimiz\u00f3 la situaci\u00f3n de inseguridad en [&hellip;]<\/p>\n","protected":false},"author":21,"featured_media":56227,"comment_status":"closed","ping_status":"closed","sticky":false,"template":"","format":"standard","meta":{"_uf_show_specific_survey":0,"_uf_disable_surveys":false,"advanced_seo_description":"","jetpack_seo_html_title":"","jetpack_seo_noindex":false,"jetpack_post_was_ever_published":false,"_jetpack_newsletter_access":"","_jetpack_dont_email_post_to_subs":false,"_jetpack_newsletter_tier_id":0,"_jetpack_memberships_contains_paywalled_content":false,"_jetpack_memberships_contains_paid_content":false,"footnotes":"","jetpack_publicize_message":"","jetpack_publicize_feature_enabled":true,"jetpack_social_post_already_shared":true,"jetpack_social_options":{"image_generator_settings":{"template":"highway","default_image_id":0,"font":"","enabled":false},"version":2}},"categories":[1724,2],"tags":[],"class_list":{"0":"post-56226","1":"post","2":"type-post","3":"status-publish","4":"format-standard","5":"has-post-thumbnail","7":"category-featured","8":"category-tamaulipas"},"jetpack_publicize_connections":[],"jetpack_featured_media_url":"https:\/\/i0.wp.com\/mexicocodigorojo.com.mx\/wp-content\/uploads\/2023\/06\/miente.jpg?fit=1436%2C967&ssl=1","jetpack-related-posts":[{"id":35890,"url":"https:\/\/mexicocodigorojo.com.mx\/?p=35890","url_meta":{"origin":56226,"position":0},"title":"Video; El \u201cCJNG-CDG\u201d arroja cuerpos a la presa Marte R. G\u00f3mez","author":"Staff","date":"marzo 30, 2020","format":false,"excerpt":"Ciudad Camargo, Tamaulipas, 30 de marzo del 2020.- \u00a0Presuntos sicarios del 'CJNG' C\u00e1rtel de Jalisco Nueva Generaci\u00f3n que apoyan a una facci\u00f3n del 'CDG' C\u00e1rtel del Golfo, se grabaron en v\u00eddeo justo en el momento en el que arrojaban a sus\u00a0 victimas al fondo de la presa que se encuentra\u2026","rel":"","context":"En \u00abFeatured\u00bb","block_context":{"text":"Featured","link":"https:\/\/mexicocodigorojo.com.mx\/?cat=1724"},"img":{"alt_text":"","src":"https:\/\/i0.wp.com\/mexicocodigorojo.com.mx\/wp-content\/uploads\/2020\/03\/presa-marte-r-gomez-1024x594.jpg?resize=350%2C200&ssl=1","width":350,"height":200,"srcset":"https:\/\/i0.wp.com\/mexicocodigorojo.com.mx\/wp-content\/uploads\/2020\/03\/presa-marte-r-gomez-1024x594.jpg?resize=350%2C200&ssl=1 1x, https:\/\/i0.wp.com\/mexicocodigorojo.com.mx\/wp-content\/uploads\/2020\/03\/presa-marte-r-gomez-1024x594.jpg?resize=525%2C300&ssl=1 1.5x"},"classes":[]},{"id":50598,"url":"https:\/\/mexicocodigorojo.com.mx\/?p=50598","url_meta":{"origin":56226,"position":1},"title":"Se enfrentan colectivos de b\u00fasqueda por ignorancia en procesos; CNB Y CNDH omisos","author":"MexicoRojoCvmx","date":"agosto 11, 2021","format":false,"excerpt":"Ciudad de M\u00e9xico.- Delia Quiroa hizo una petici\u00f3n de \u201ctregua\u201d al C\u00e1rtel del Golfo para poder acceder a \u201cLa Bartolina\u201d, lugar que durante a\u00f1os fue empleado como centro de exterminio en Tamaulipas. Ahora, m\u00e1s de un mes despu\u00e9s de aquella declaraci\u00f3n, la mujer se encuentra en Reynosa, la misma ciudad\u2026","rel":"","context":"En \u00abFeatured\u00bb","block_context":{"text":"Featured","link":"https:\/\/mexicocodigorojo.com.mx\/?cat=1724"},"img":{"alt_text":"","src":"https:\/\/i0.wp.com\/mexicocodigorojo.com.mx\/wp-content\/uploads\/2021\/08\/tamaulipas-centro-exterminio-bartolina.jpg?fit=1200%2C750&ssl=1&resize=350%2C200","width":350,"height":200,"srcset":"https:\/\/i0.wp.com\/mexicocodigorojo.com.mx\/wp-content\/uploads\/2021\/08\/tamaulipas-centro-exterminio-bartolina.jpg?fit=1200%2C750&ssl=1&resize=350%2C200 1x, https:\/\/i0.wp.com\/mexicocodigorojo.com.mx\/wp-content\/uploads\/2021\/08\/tamaulipas-centro-exterminio-bartolina.jpg?fit=1200%2C750&ssl=1&resize=525%2C300 1.5x, https:\/\/i0.wp.com\/mexicocodigorojo.com.mx\/wp-content\/uploads\/2021\/08\/tamaulipas-centro-exterminio-bartolina.jpg?fit=1200%2C750&ssl=1&resize=700%2C400 2x, https:\/\/i0.wp.com\/mexicocodigorojo.com.mx\/wp-content\/uploads\/2021\/08\/tamaulipas-centro-exterminio-bartolina.jpg?fit=1200%2C750&ssl=1&resize=1050%2C600 3x"},"classes":[]},{"id":12244,"url":"https:\/\/mexicocodigorojo.com.mx\/?p=12244","url_meta":{"origin":56226,"position":2},"title":"Impera violencia en Tamaulipas","author":"Staff","date":"enero 14, 2019","format":false,"excerpt":"Las ciudades fronterizas son las que m\u00e1s sufren por la inseguridad; el estado fue el m\u00e1s inseguro en 2018. CIUDAD DE MEXICO.-En tan s\u00f3lo 10 d\u00edas del 2019 la violencia en Tamaulipas se increment\u00f3. Las ciudades ubicadas en la franja fronteriza son las que m\u00e1s sufren por la inseguridad y\u2026","rel":"","context":"En \u00abTamaulipas\u00bb","block_context":{"text":"Tamaulipas","link":"https:\/\/mexicocodigorojo.com.mx\/?cat=2"},"img":{"alt_text":"","src":"https:\/\/i0.wp.com\/mexicocodigorojo.com.mx\/wp-content\/uploads\/2019\/01\/Captura-de-pantalla-2019-01-09-a-las-23.45.25.png?fit=1140%2C712&ssl=1&resize=350%2C200","width":350,"height":200,"srcset":"https:\/\/i0.wp.com\/mexicocodigorojo.com.mx\/wp-content\/uploads\/2019\/01\/Captura-de-pantalla-2019-01-09-a-las-23.45.25.png?fit=1140%2C712&ssl=1&resize=350%2C200 1x, https:\/\/i0.wp.com\/mexicocodigorojo.com.mx\/wp-content\/uploads\/2019\/01\/Captura-de-pantalla-2019-01-09-a-las-23.45.25.png?fit=1140%2C712&ssl=1&resize=525%2C300 1.5x, https:\/\/i0.wp.com\/mexicocodigorojo.com.mx\/wp-content\/uploads\/2019\/01\/Captura-de-pantalla-2019-01-09-a-las-23.45.25.png?fit=1140%2C712&ssl=1&resize=700%2C400 2x, https:\/\/i0.wp.com\/mexicocodigorojo.com.mx\/wp-content\/uploads\/2019\/01\/Captura-de-pantalla-2019-01-09-a-las-23.45.25.png?fit=1140%2C712&ssl=1&resize=1050%2C600 3x"},"classes":[]},{"id":18771,"url":"https:\/\/mexicocodigorojo.com.mx\/?p=18771","url_meta":{"origin":56226,"position":3},"title":"Mayo el mes m\u00e1s violento de 2019","author":"Staff","date":"junio 21, 2019","format":false,"excerpt":"Los homicidios repuntaron hasta un 7.37 por ciento respecto al mes de abril. Mayo fue el mes m\u00e1s violento de 2019 con 2 mil 476 denuncias por homicidio doloso, lo cual equivale, en promedio, a 79 personas asesinadas al d\u00eda y tres por hora, seg\u00fan cifras del Secretariado Ejecutivo del\u2026","rel":"","context":"En \u00abFeatured\u00bb","block_context":{"text":"Featured","link":"https:\/\/mexicocodigorojo.com.mx\/?cat=1724"},"img":{"alt_text":"","src":"https:\/\/i0.wp.com\/mexicocodigorojo.com.mx\/wp-content\/uploads\/2019\/06\/SEMEFO_Acapulco-1_Fotor-696x464.jpg?fit=696%2C464&ssl=1&resize=350%2C200","width":350,"height":200,"srcset":"https:\/\/i0.wp.com\/mexicocodigorojo.com.mx\/wp-content\/uploads\/2019\/06\/SEMEFO_Acapulco-1_Fotor-696x464.jpg?fit=696%2C464&ssl=1&resize=350%2C200 1x, https:\/\/i0.wp.com\/mexicocodigorojo.com.mx\/wp-content\/uploads\/2019\/06\/SEMEFO_Acapulco-1_Fotor-696x464.jpg?fit=696%2C464&ssl=1&resize=525%2C300 1.5x"},"classes":[]},{"id":53180,"url":"https:\/\/mexicocodigorojo.com.mx\/?p=53180","url_meta":{"origin":56226,"position":4},"title":"M\u00e1s de 250 personas muertas este fin de semana por violencia","author":"Staff","date":"junio 16, 2022","format":false,"excerpt":"Los enfrentamientos entre grupos del crimen organizado en diferentes estados del pa\u00eds y diversos ataques aislados provocaron que 257 personas perdieran la vida de manera violenta durante el fin de semana pasado, dicha cifra se ubica como la segunda m\u00e1s alta en lo que va del presente a\u00f1o. Los reportes\u2026","rel":"","context":"En \u00abCiudad de M\u00e9xico\u00bb","block_context":{"text":"Ciudad de M\u00e9xico","link":"https:\/\/mexicocodigorojo.com.mx\/?cat=101"},"img":{"alt_text":"","src":"https:\/\/i0.wp.com\/mexicocodigorojo.com.mx\/wp-content\/uploads\/2022\/06\/violencia-en-tamaulipas.webp?fit=958%2C596&ssl=1&resize=350%2C200","width":350,"height":200,"srcset":"https:\/\/i0.wp.com\/mexicocodigorojo.com.mx\/wp-content\/uploads\/2022\/06\/violencia-en-tamaulipas.webp?fit=958%2C596&ssl=1&resize=350%2C200 1x, https:\/\/i0.wp.com\/mexicocodigorojo.com.mx\/wp-content\/uploads\/2022\/06\/violencia-en-tamaulipas.webp?fit=958%2C596&ssl=1&resize=525%2C300 1.5x, https:\/\/i0.wp.com\/mexicocodigorojo.com.mx\/wp-content\/uploads\/2022\/06\/violencia-en-tamaulipas.webp?fit=958%2C596&ssl=1&resize=700%2C400 2x"},"classes":[]},{"id":12241,"url":"https:\/\/mexicocodigorojo.com.mx\/?p=12241","url_meta":{"origin":56226,"position":5},"title":"Tamaulipas como Irak; peligran deportados","author":"Staff","date":"enero 14, 2019","format":false,"excerpt":"EU regresa a miles de migrantes cada mes por las fronteras de Tamaulipas; advierten riesgos. El peri\u00f3dico Washington Post public\u00f3 que EU est\u00e1 deportando a migrantes a una de las zonas m\u00e1s peligrosas del mundo, comparable a Irak o Afganist\u00e1n: es el Estado de Tamaulipas. \u201cMuchos de los deportados, todos\u2026","rel":"","context":"En \u00abTamaulipas\u00bb","block_context":{"text":"Tamaulipas","link":"https:\/\/mexicocodigorojo.com.mx\/?cat=2"},"img":{"alt_text":"","src":"https:\/\/i0.wp.com\/mexicocodigorojo.com.mx\/wp-content\/uploads\/2019\/01\/010521-suben-deportaciones-por-tamaulipas.jpg?fit=565%2C336&ssl=1&resize=350%2C200","width":350,"height":200,"srcset":"https:\/\/i0.wp.com\/mexicocodigorojo.com.mx\/wp-content\/uploads\/2019\/01\/010521-suben-deportaciones-por-tamaulipas.jpg?fit=565%2C336&ssl=1&resize=350%2C200 1x, https:\/\/i0.wp.com\/mexicocodigorojo.com.mx\/wp-content\/uploads\/2019\/01\/010521-suben-deportaciones-por-tamaulipas.jpg?fit=565%2C336&ssl=1&resize=525%2C300 1.5x"},"classes":[]}],"jetpack_sharing_enabled":true,"jetpack_likes_enabled":true,"jetpack_shortlink":"https:\/\/wp.me\/p9TedA-eCS","_links":{"self":[{"href":"https:\/\/mexicocodigorojo.com.mx\/index.php?rest_route=\/wp\/v2\/posts\/56226","targetHints":{"allow":["GET"]}}],"collection":[{"href":"https:\/\/mexicocodigorojo.com.mx\/index.php?rest_route=\/wp\/v2\/posts"}],"about":[{"href":"https:\/\/mexicocodigorojo.com.mx\/index.php?rest_route=\/wp\/v2\/types\/post"}],"author":[{"embeddable":true,"href":"https:\/\/mexicocodigorojo.com.mx\/index.php?rest_route=\/wp\/v2\/users\/21"}],"replies":[{"embeddable":true,"href":"https:\/\/mexicocodigorojo.com.mx\/index.php?rest_route=%2Fwp%2Fv2%2Fcomments&post=56226"}],"version-history":[{"count":3,"href":"https:\/\/mexicocodigorojo.com.mx\/index.php?rest_route=\/wp\/v2\/posts\/56226\/revisions"}],"predecessor-version":[{"id":56234,"href":"https:\/\/mexicocodigorojo.com.mx\/index.php?rest_route=\/wp\/v2\/posts\/56226\/revisions\/56234"}],"wp:featuredmedia":[{"embeddable":true,"href":"https:\/\/mexicocodigorojo.com.mx\/index.php?rest_route=\/wp\/v2\/media\/56227"}],"wp:attachment":[{"href":"https:\/\/mexicocodigorojo.com.mx\/index.php?rest_route=%2Fwp%2Fv2%2Fmedia&parent=56226"}],"wp:term":[{"taxonomy":"category","embeddable":true,"href":"https:\/\/mexicocodigorojo.com.mx\/index.php?rest_route=%2Fwp%2Fv2%2Fcategories&post=56226"},{"taxonomy":"post_tag","embeddable":true,"href":"https:\/\/mexicocodigorojo.com.mx\/index.php?rest_route=%2Fwp%2Fv2%2Ftags&post=56226"}],"curies":[{"name":"wp","href":"https:\/\/api.w.org\/{rel}","templated":true}]}}