{"id":56216,"date":"2023-05-31T15:18:02","date_gmt":"2023-05-31T21:18:02","guid":{"rendered":"https:\/\/mexicocodigorojo.com.mx\/?p=56216"},"modified":"2023-05-31T15:22:03","modified_gmt":"2023-05-31T21:22:03","slug":"bestia-que-mato-a-lomito-extorsionaba-era-policia-de-la-cdmx-y-militante-de-morena","status":"publish","type":"post","link":"https:\/\/mexicocodigorojo.com.mx\/?p=56216","title":{"rendered":"Bestia que mat\u00f3 a \u201clomito\u201d; extorsionaba; era polic\u00eda de la CDMX y militante de MORENA"},"content":{"rendered":"<p><strong>CDMX.- <\/strong>En un hecho que ha conmocionado a la sociedad mexicana, se ha descubierto que Sergio N, el presunto culpable de arrojar a \u00abBenito\u00bb, un indefenso lomito, en una cazuela de aceite hirviendo tras una discusi\u00f3n en una carnicer\u00eda del municipio de Tec\u00e1mac, Estado de M\u00e9xico, era un empleado de la Secretar\u00eda de Seguridad Ciudadana de la Ciudad de M\u00e9xico, durante la administraci\u00f3n de Claudia Sheinbaum Pardo, lo revelo el periodista Gildo Garza.<\/p>\n<p>La noticia se hizo viral despu\u00e9s de que se revelara que Sergio N trabajaba para la dependencia encabezada por Omar Garc\u00eda Harfuch. Adem\u00e1s, se ha dado a conocer el monto de su sueldo y su cargo dentro de dicha instituci\u00f3n.<\/p>\n<p><img data-recalc-dims=\"1\" loading=\"lazy\" decoding=\"async\" data-attachment-id=\"56217\" data-permalink=\"https:\/\/mexicocodigorojo.com.mx\/?attachment_id=56217\" data-orig-file=\"https:\/\/i0.wp.com\/mexicocodigorojo.com.mx\/wp-content\/uploads\/2023\/05\/Captura-de-pantalla-2023-05-31-151349.jpg?fit=591%2C551&amp;ssl=1\" data-orig-size=\"591,551\" data-comments-opened=\"0\" data-image-meta=\"{&quot;aperture&quot;:&quot;0&quot;,&quot;credit&quot;:&quot;&quot;,&quot;camera&quot;:&quot;&quot;,&quot;caption&quot;:&quot;&quot;,&quot;created_timestamp&quot;:&quot;0&quot;,&quot;copyright&quot;:&quot;&quot;,&quot;focal_length&quot;:&quot;0&quot;,&quot;iso&quot;:&quot;0&quot;,&quot;shutter_speed&quot;:&quot;0&quot;,&quot;title&quot;:&quot;&quot;,&quot;orientation&quot;:&quot;0&quot;}\" data-image-title=\"Captura de pantalla 2023-05-31 151349\" data-image-description=\"\" data-image-caption=\"\" data-large-file=\"https:\/\/i0.wp.com\/mexicocodigorojo.com.mx\/wp-content\/uploads\/2023\/05\/Captura-de-pantalla-2023-05-31-151349.jpg?fit=591%2C551&amp;ssl=1\" class=\"alignnone wp-image-56217 size-full\" src=\"https:\/\/i0.wp.com\/mexicocodigorojo.com.mx\/wp-content\/uploads\/2023\/05\/Captura-de-pantalla-2023-05-31-151349.jpg?resize=591%2C551&#038;ssl=1\" alt=\"\" width=\"591\" height=\"551\" srcset=\"https:\/\/i0.wp.com\/mexicocodigorojo.com.mx\/wp-content\/uploads\/2023\/05\/Captura-de-pantalla-2023-05-31-151349.jpg?w=591&amp;ssl=1 591w, https:\/\/i0.wp.com\/mexicocodigorojo.com.mx\/wp-content\/uploads\/2023\/05\/Captura-de-pantalla-2023-05-31-151349.jpg?resize=300%2C280&amp;ssl=1 300w, https:\/\/i0.wp.com\/mexicocodigorojo.com.mx\/wp-content\/uploads\/2023\/05\/Captura-de-pantalla-2023-05-31-151349.jpg?resize=150%2C140&amp;ssl=1 150w, https:\/\/i0.wp.com\/mexicocodigorojo.com.mx\/wp-content\/uploads\/2023\/05\/Captura-de-pantalla-2023-05-31-151349.jpg?resize=450%2C420&amp;ssl=1 450w\" sizes=\"auto, (max-width: 591px) 100vw, 591px\" \/><\/p>\n<p>La propia Secretar\u00eda de Seguridad Ciudadana confirm\u00f3 estos hechos y explic\u00f3 que, una vez emitida la orden de aprehensi\u00f3n en su contra, Sergio N fue suspendido de su cargo. La Fiscal\u00eda General de Justicia del Estado de M\u00e9xico ha obtenido una segunda orden de aprehensi\u00f3n en su contra por su presunta participaci\u00f3n en el delito de homicidio calificado en grado de tentativa, en perjuicio del propietario de la carnicer\u00eda.<\/p>\n<p><img data-recalc-dims=\"1\" loading=\"lazy\" decoding=\"async\" data-attachment-id=\"56220\" data-permalink=\"https:\/\/mexicocodigorojo.com.mx\/?attachment_id=56220\" data-orig-file=\"https:\/\/i0.wp.com\/mexicocodigorojo.com.mx\/wp-content\/uploads\/2023\/05\/c752e38ebb2fcd9687cfa69abf7e6cc1_L.jpg?fit=995%2C648&amp;ssl=1\" data-orig-size=\"995,648\" data-comments-opened=\"0\" data-image-meta=\"{&quot;aperture&quot;:&quot;0&quot;,&quot;credit&quot;:&quot;&quot;,&quot;camera&quot;:&quot;&quot;,&quot;caption&quot;:&quot;&quot;,&quot;created_timestamp&quot;:&quot;0&quot;,&quot;copyright&quot;:&quot;&quot;,&quot;focal_length&quot;:&quot;0&quot;,&quot;iso&quot;:&quot;0&quot;,&quot;shutter_speed&quot;:&quot;0&quot;,&quot;title&quot;:&quot;&quot;,&quot;orientation&quot;:&quot;0&quot;}\" data-image-title=\"c752e38ebb2fcd9687cfa69abf7e6cc1_L\" data-image-description=\"\" data-image-caption=\"\" data-large-file=\"https:\/\/i0.wp.com\/mexicocodigorojo.com.mx\/wp-content\/uploads\/2023\/05\/c752e38ebb2fcd9687cfa69abf7e6cc1_L.jpg?fit=696%2C453&amp;ssl=1\" class=\"alignnone wp-image-56220 size-full\" src=\"https:\/\/i0.wp.com\/mexicocodigorojo.com.mx\/wp-content\/uploads\/2023\/05\/c752e38ebb2fcd9687cfa69abf7e6cc1_L.jpg?resize=696%2C453&#038;ssl=1\" alt=\"\" width=\"696\" height=\"453\" srcset=\"https:\/\/i0.wp.com\/mexicocodigorojo.com.mx\/wp-content\/uploads\/2023\/05\/c752e38ebb2fcd9687cfa69abf7e6cc1_L.jpg?w=995&amp;ssl=1 995w, https:\/\/i0.wp.com\/mexicocodigorojo.com.mx\/wp-content\/uploads\/2023\/05\/c752e38ebb2fcd9687cfa69abf7e6cc1_L.jpg?resize=300%2C195&amp;ssl=1 300w, https:\/\/i0.wp.com\/mexicocodigorojo.com.mx\/wp-content\/uploads\/2023\/05\/c752e38ebb2fcd9687cfa69abf7e6cc1_L.jpg?resize=768%2C500&amp;ssl=1 768w, https:\/\/i0.wp.com\/mexicocodigorojo.com.mx\/wp-content\/uploads\/2023\/05\/c752e38ebb2fcd9687cfa69abf7e6cc1_L.jpg?resize=150%2C98&amp;ssl=1 150w, https:\/\/i0.wp.com\/mexicocodigorojo.com.mx\/wp-content\/uploads\/2023\/05\/c752e38ebb2fcd9687cfa69abf7e6cc1_L.jpg?resize=696%2C453&amp;ssl=1 696w, https:\/\/i0.wp.com\/mexicocodigorojo.com.mx\/wp-content\/uploads\/2023\/05\/c752e38ebb2fcd9687cfa69abf7e6cc1_L.jpg?resize=645%2C420&amp;ssl=1 645w\" sizes=\"auto, (max-width: 696px) 100vw, 696px\" \/><\/p>\n<p>El arresto de Sergio N fue llevado a cabo por agentes de la Fiscal\u00eda del Estado de M\u00e9xico, la Comisi\u00f3n Nacional Antihomicidio (CONAHO) de la Secretar\u00eda de Seguridad y Protecci\u00f3n Ciudadana federal, as\u00ed como por elementos de la Secretar\u00eda de Seguridad Ciudadana de la Ciudad de M\u00e9xico (SSC CDMX), quienes brindaron la informaci\u00f3n necesaria para su localizaci\u00f3n.<\/p>\n<p>Los hechos que se investigan ocurrieron el domingo 28 de mayo, cuando Sergio N ingres\u00f3 al establecimiento y, tras agredir verbalmente al propietario, lo amenaz\u00f3 con un arma blanca y de fuego, intentando privarlo de la vida.<\/p>\n<blockquote class=\"twitter-tweet\" data-width=\"550\" data-dnt=\"true\">\n<p lang=\"es\" dir=\"ltr\">Sobre el imputado que posiblemente arroj\u00f3 a un perro a un cazo de aceite, informamos que form\u00f3 parte de esta Instituci\u00f3n; cuando la <a href=\"https:\/\/twitter.com\/FiscaliaEdomex?ref_src=twsrc%5Etfw\">@FiscaliaEdomex<\/a> gir\u00f3 la orden de aprehensi\u00f3n en su contra, fue suspendido. La <a href=\"https:\/\/twitter.com\/hashtag\/SSC?src=hash&amp;ref_src=twsrc%5Etfw\">#SSC<\/a> aport\u00f3 elementos para su localizaci\u00f3n y colabor\u00f3 en su detenci\u00f3n. <a href=\"https:\/\/t.co\/nklTO3pw14\">pic.twitter.com\/nklTO3pw14<\/a><\/p>\n<p>&mdash; SSC CDMX (@SSC_CDMX) <a href=\"https:\/\/twitter.com\/SSC_CDMX\/status\/1663951263732490240?ref_src=twsrc%5Etfw\">May 31, 2023<\/a><\/p><\/blockquote>\n<p><script async src=\"https:\/\/platform.twitter.com\/widgets.js\" charset=\"utf-8\"><\/script><\/p>\n<p>Es importante destacar que el detenido goza de presunci\u00f3n de inocencia hasta que se dicte una sentencia definitiva en su contra, seg\u00fan lo establecido por las autoridades judiciales correspondientes.<\/p>\n<p>Este esc\u00e1ndalo ha generado un profundo malestar en la opini\u00f3n p\u00fablica, no solo por el acto de crueldad hacia un animal indefenso, sino tambi\u00e9n por el hecho de que una persona con responsabilidades de seguridad haya cometido un delito de esta magnitud. Adem\u00e1s, la vinculaci\u00f3n de Sergio N con el partido pol\u00edtico MORENA ha generado cr\u00edticas hacia dicha organizaci\u00f3n.<\/p>\n<p>La sociedad mexicana espera una pronta y justa resoluci\u00f3n de este caso, as\u00ed como una revisi\u00f3n exhaustiva de los procesos de selecci\u00f3n y control de los elementos policiales, con el objetivo de evitar que personas no id\u00f3neas ocupen puestos de tanta responsabilidad en instituciones gubernamentales.<\/p>\n","protected":false},"excerpt":{"rendered":"<p>CDMX.- En un hecho que ha conmocionado a la sociedad mexicana, se ha descubierto que Sergio N, el presunto culpable de arrojar a \u00abBenito\u00bb, un indefenso lomito, en una cazuela de aceite hirviendo tras una discusi\u00f3n en una carnicer\u00eda del municipio de Tec\u00e1mac, Estado de M\u00e9xico, era un empleado de la Secretar\u00eda de Seguridad Ciudadana [&hellip;]<\/p>\n","protected":false},"author":21,"featured_media":56218,"comment_status":"closed","ping_status":"closed","sticky":false,"template":"","format":"standard","meta":{"_uf_show_specific_survey":0,"_uf_disable_surveys":false,"advanced_seo_description":"","jetpack_seo_html_title":"","jetpack_seo_noindex":false,"jetpack_post_was_ever_published":false,"_jetpack_newsletter_access":"","_jetpack_dont_email_post_to_subs":false,"_jetpack_newsletter_tier_id":0,"_jetpack_memberships_contains_paywalled_content":false,"_jetpack_memberships_contains_paid_content":false,"footnotes":"","jetpack_publicize_message":"Bestia que mat\u00f3 a \u201clomito\u201d; extorsionaba; era polic\u00eda de la #CDMX y militante de MORENA","jetpack_publicize_feature_enabled":true,"jetpack_social_post_already_shared":true,"jetpack_social_options":{"image_generator_settings":{"template":"highway","default_image_id":0,"font":"","enabled":false},"version":2}},"categories":[1724],"tags":[],"class_list":{"0":"post-56216","1":"post","2":"type-post","3":"status-publish","4":"format-standard","5":"has-post-thumbnail","7":"category-featured"},"jetpack_publicize_connections":[],"jetpack_featured_media_url":"https:\/\/i0.wp.com\/mexicocodigorojo.com.mx\/wp-content\/uploads\/2023\/05\/WhatsApp-Image-2023-05-31-at-15.16.46.jpeg?fit=1024%2C854&ssl=1","jetpack-related-posts":[{"id":52441,"url":"https:\/\/mexicocodigorojo.com.mx\/?p=52441","url_meta":{"origin":56216,"position":0},"title":"Detienen en la CDMX a \u00abEl Contador\u00bb, presunto l\u00edder regional del c\u00e1rtel del Golfo en Tamaulipas","author":"MexicoRojoCvmx","date":"febrero 27, 2022","format":false,"excerpt":"Elementos del ej\u00e9rcito mexicano, la Guardia Nacional y la Secretar\u00eda de Seguridad Ciudadana de la Ciudad de M\u00e9xico detuvieron en la capital del pa\u00eds a Jos\u00e9 Alfredo \u201cN\u201d, \u201cEl Contador\u201d, identificado como l\u00edder regional del C\u00e1rtel del Golfo-Ciclones-Escorpiones en Tamaulipas. Dicho grupo delincuencial se dedica al trasiego de drogas y\u2026","rel":"","context":"En \u00abFeatured\u00bb","block_context":{"text":"Featured","link":"https:\/\/mexicocodigorojo.com.mx\/?cat=1724"},"img":{"alt_text":"","src":"https:\/\/i0.wp.com\/mexicocodigorojo.com.mx\/wp-content\/uploads\/2022\/02\/275010803_415678733691077_5299822974759371431_n.jpg?fit=658%2C636&ssl=1&resize=350%2C200","width":350,"height":200,"srcset":"https:\/\/i0.wp.com\/mexicocodigorojo.com.mx\/wp-content\/uploads\/2022\/02\/275010803_415678733691077_5299822974759371431_n.jpg?fit=658%2C636&ssl=1&resize=350%2C200 1x, https:\/\/i0.wp.com\/mexicocodigorojo.com.mx\/wp-content\/uploads\/2022\/02\/275010803_415678733691077_5299822974759371431_n.jpg?fit=658%2C636&ssl=1&resize=525%2C300 1.5x"},"classes":[]},{"id":22187,"url":"https:\/\/mexicocodigorojo.com.mx\/?p=22187","url_meta":{"origin":56216,"position":1},"title":"Choca su Lamborghini y deja auto abandonado en calles de la CDMX","author":"Staff","date":"agosto 19, 2019","format":false,"excerpt":"CDMX.- El conductor de un\u00a0Lamborghini\u00a0choc\u00f3 contra una jardinera de las calles de la colonia\u00a0Roma Sur, en la alcald\u00eda Cuauht\u00e9moc\u00a0y en lugar de llamar a su seguro, prefiri\u00f3 abandonar su auto. Alrededor de las 5 de la ma\u00f1ana de este s\u00e1bado, una de las c\u00e1maras del C5 capt\u00f3 el percance en\u2026","rel":"","context":"En \u00abCiudad de M\u00e9xico\u00bb","block_context":{"text":"Ciudad de M\u00e9xico","link":"https:\/\/mexicocodigorojo.com.mx\/?cat=101"},"img":{"alt_text":"","src":"https:\/\/i0.wp.com\/mexicocodigorojo.com.mx\/wp-content\/uploads\/2019\/08\/lambo.jpg?fit=811%2C428&ssl=1&resize=350%2C200","width":350,"height":200,"srcset":"https:\/\/i0.wp.com\/mexicocodigorojo.com.mx\/wp-content\/uploads\/2019\/08\/lambo.jpg?fit=811%2C428&ssl=1&resize=350%2C200 1x, https:\/\/i0.wp.com\/mexicocodigorojo.com.mx\/wp-content\/uploads\/2019\/08\/lambo.jpg?fit=811%2C428&ssl=1&resize=525%2C300 1.5x, https:\/\/i0.wp.com\/mexicocodigorojo.com.mx\/wp-content\/uploads\/2019\/08\/lambo.jpg?fit=811%2C428&ssl=1&resize=700%2C400 2x"},"classes":[]},{"id":24461,"url":"https:\/\/mexicocodigorojo.com.mx\/?p=24461","url_meta":{"origin":56216,"position":2},"title":"Asesinan brutalmente a elemento de la Guardia Nacional en CDMX","author":"Staff","date":"septiembre 30, 2019","format":false,"excerpt":"Polic\u00edas de la Secretar\u00eda de Seguridad Ciudadana, encontraron el cuerpo sin vida de un elemento de la Guardia Nacional, el cual fue asesinado a golpes Ciudad de M\u00e9xico.-\u00a0La ma\u00f1ana del pasado domingo, polic\u00edas de la\u00a0Secretar\u00eda de Seguridad Ciudadana\u00a0(SSC), encontraron el cuerpo sin vida de un elemento de laGuardia Nacional, del\u2026","rel":"","context":"En \u00abCiudad de M\u00e9xico\u00bb","block_context":{"text":"Ciudad de M\u00e9xico","link":"https:\/\/mexicocodigorojo.com.mx\/?cat=101"},"img":{"alt_text":"","src":"https:\/\/i0.wp.com\/mexicocodigorojo.com.mx\/wp-content\/uploads\/2019\/09\/militar.jpg_112278454.jpg?fit=1069%2C563&ssl=1&resize=350%2C200","width":350,"height":200,"srcset":"https:\/\/i0.wp.com\/mexicocodigorojo.com.mx\/wp-content\/uploads\/2019\/09\/militar.jpg_112278454.jpg?fit=1069%2C563&ssl=1&resize=350%2C200 1x, https:\/\/i0.wp.com\/mexicocodigorojo.com.mx\/wp-content\/uploads\/2019\/09\/militar.jpg_112278454.jpg?fit=1069%2C563&ssl=1&resize=525%2C300 1.5x, https:\/\/i0.wp.com\/mexicocodigorojo.com.mx\/wp-content\/uploads\/2019\/09\/militar.jpg_112278454.jpg?fit=1069%2C563&ssl=1&resize=700%2C400 2x, https:\/\/i0.wp.com\/mexicocodigorojo.com.mx\/wp-content\/uploads\/2019\/09\/militar.jpg_112278454.jpg?fit=1069%2C563&ssl=1&resize=1050%2C600 3x"},"classes":[]},{"id":36830,"url":"https:\/\/mexicocodigorojo.com.mx\/?p=36830","url_meta":{"origin":56216,"position":3},"title":"EN LA ALCALDIA MAGDALENA CONTRERAS EN LA CDMX ENCUENTRAN RESTOS HUMANOS EN UN HOYON DE BARBACOA ??\u263b","author":"MexicoRojo","date":"abril 13, 2020","format":false,"excerpt":"Los hechos fueron dados a conocer por el periodista Carlos Jim\u00e9nez a trav\u00e9s de su cuenta de Twitter. \u00a0 \u00a0 \u00a0 Elementos de la Fiscal\u00eda de la Ciudad de M\u00e9xico, quienes confirmaron el hallazgo, apuntaron que quiz\u00e1 la persona fue calcinada y ofertada como producto (barbacoa). \u00a0 \u00a0 \u00a0 El\u2026","rel":"","context":"En \u00abEstado de M\u00e9xico\u00bb","block_context":{"text":"Estado de M\u00e9xico","link":"https:\/\/mexicocodigorojo.com.mx\/?cat=53"},"img":{"alt_text":"","src":"https:\/\/i0.wp.com\/mexicocodigorojo.com.mx\/wp-content\/uploads\/2020\/04\/FB_IMG_1586825865583.jpg?fit=720%2C720&ssl=1&resize=350%2C200","width":350,"height":200,"srcset":"https:\/\/i0.wp.com\/mexicocodigorojo.com.mx\/wp-content\/uploads\/2020\/04\/FB_IMG_1586825865583.jpg?fit=720%2C720&ssl=1&resize=350%2C200 1x, https:\/\/i0.wp.com\/mexicocodigorojo.com.mx\/wp-content\/uploads\/2020\/04\/FB_IMG_1586825865583.jpg?fit=720%2C720&ssl=1&resize=525%2C300 1.5x, https:\/\/i0.wp.com\/mexicocodigorojo.com.mx\/wp-content\/uploads\/2020\/04\/FB_IMG_1586825865583.jpg?fit=720%2C720&ssl=1&resize=700%2C400 2x"},"classes":[]},{"id":51311,"url":"https:\/\/mexicocodigorojo.com.mx\/?p=51311","url_meta":{"origin":56216,"position":4},"title":"Detienen a cuatro personas relacionadas con balacera en el AICM","author":"Staff","date":"octubre 18, 2021","format":false,"excerpt":"La Fiscal\u00eda General de Justicia de la CDMX y la Secretar\u00eda de Seguridad Ciudadana en coordinaci\u00f3n de la Secretar\u00eda de Marina, ejecutaron tres \u00f3rdenes de cateo en domicilios ubicados en las alcald\u00edas Benito Ju\u00e1rez, Cuauht\u00e9moc e Iztacalco. En un operativo conjunto de autoridades de seguridad federal y capitalina, se detuvo\u2026","rel":"","context":"En \u00abCiudad de M\u00e9xico\u00bb","block_context":{"text":"Ciudad de M\u00e9xico","link":"https:\/\/mexicocodigorojo.com.mx\/?cat=101"},"img":{"alt_text":"","src":"https:\/\/i0.wp.com\/mexicocodigorojo.com.mx\/wp-content\/uploads\/2021\/10\/f800x450-144521_195967_5050.jpg?fit=800%2C450&ssl=1&resize=350%2C200","width":350,"height":200,"srcset":"https:\/\/i0.wp.com\/mexicocodigorojo.com.mx\/wp-content\/uploads\/2021\/10\/f800x450-144521_195967_5050.jpg?fit=800%2C450&ssl=1&resize=350%2C200 1x, https:\/\/i0.wp.com\/mexicocodigorojo.com.mx\/wp-content\/uploads\/2021\/10\/f800x450-144521_195967_5050.jpg?fit=800%2C450&ssl=1&resize=525%2C300 1.5x, https:\/\/i0.wp.com\/mexicocodigorojo.com.mx\/wp-content\/uploads\/2021\/10\/f800x450-144521_195967_5050.jpg?fit=800%2C450&ssl=1&resize=700%2C400 2x"},"classes":[]},{"id":26879,"url":"https:\/\/mexicocodigorojo.com.mx\/?p=26879","url_meta":{"origin":56216,"position":5},"title":"Video; Enfrentamiento entre polic\u00edas federales y de CdMx, frente al &#8216;AICM&#8217;","author":"Staff","date":"noviembre 12, 2019","format":false,"excerpt":"La Secretar\u00eda de Seguridad Ciudadana de la CDMX denunci\u00f3 que los federales agredieron a polic\u00edas capitalinos con gas pimienta Un enfrentamiento se desat\u00f3 este martes entre polic\u00edas federales que protestaban afuera del Aeropuerto Internacional de la Ciudad de M\u00e9xico (AICM) y polic\u00edas de la CDMX, frente a la Terminal 1.\u2026","rel":"","context":"En \u00abCiudad de M\u00e9xico\u00bb","block_context":{"text":"Ciudad de M\u00e9xico","link":"https:\/\/mexicocodigorojo.com.mx\/?cat=101"},"img":{"alt_text":"","src":"https:\/\/i0.wp.com\/mexicocodigorojo.com.mx\/wp-content\/uploads\/2019\/11\/enfrentamiento-entre-policias-federales-cdmx-frente-aicm.jpg?fit=1045%2C602&ssl=1&resize=350%2C200","width":350,"height":200,"srcset":"https:\/\/i0.wp.com\/mexicocodigorojo.com.mx\/wp-content\/uploads\/2019\/11\/enfrentamiento-entre-policias-federales-cdmx-frente-aicm.jpg?fit=1045%2C602&ssl=1&resize=350%2C200 1x, https:\/\/i0.wp.com\/mexicocodigorojo.com.mx\/wp-content\/uploads\/2019\/11\/enfrentamiento-entre-policias-federales-cdmx-frente-aicm.jpg?fit=1045%2C602&ssl=1&resize=525%2C300 1.5x, https:\/\/i0.wp.com\/mexicocodigorojo.com.mx\/wp-content\/uploads\/2019\/11\/enfrentamiento-entre-policias-federales-cdmx-frente-aicm.jpg?fit=1045%2C602&ssl=1&resize=700%2C400 2x"},"classes":[]}],"jetpack_sharing_enabled":true,"jetpack_likes_enabled":true,"jetpack_shortlink":"https:\/\/wp.me\/p9TedA-eCI","_links":{"self":[{"href":"https:\/\/mexicocodigorojo.com.mx\/index.php?rest_route=\/wp\/v2\/posts\/56216","targetHints":{"allow":["GET"]}}],"collection":[{"href":"https:\/\/mexicocodigorojo.com.mx\/index.php?rest_route=\/wp\/v2\/posts"}],"about":[{"href":"https:\/\/mexicocodigorojo.com.mx\/index.php?rest_route=\/wp\/v2\/types\/post"}],"author":[{"embeddable":true,"href":"https:\/\/mexicocodigorojo.com.mx\/index.php?rest_route=\/wp\/v2\/users\/21"}],"replies":[{"embeddable":true,"href":"https:\/\/mexicocodigorojo.com.mx\/index.php?rest_route=%2Fwp%2Fv2%2Fcomments&post=56216"}],"version-history":[{"count":3,"href":"https:\/\/mexicocodigorojo.com.mx\/index.php?rest_route=\/wp\/v2\/posts\/56216\/revisions"}],"predecessor-version":[{"id":56222,"href":"https:\/\/mexicocodigorojo.com.mx\/index.php?rest_route=\/wp\/v2\/posts\/56216\/revisions\/56222"}],"wp:featuredmedia":[{"embeddable":true,"href":"https:\/\/mexicocodigorojo.com.mx\/index.php?rest_route=\/wp\/v2\/media\/56218"}],"wp:attachment":[{"href":"https:\/\/mexicocodigorojo.com.mx\/index.php?rest_route=%2Fwp%2Fv2%2Fmedia&parent=56216"}],"wp:term":[{"taxonomy":"category","embeddable":true,"href":"https:\/\/mexicocodigorojo.com.mx\/index.php?rest_route=%2Fwp%2Fv2%2Fcategories&post=56216"},{"taxonomy":"post_tag","embeddable":true,"href":"https:\/\/mexicocodigorojo.com.mx\/index.php?rest_route=%2Fwp%2Fv2%2Ftags&post=56216"}],"curies":[{"name":"wp","href":"https:\/\/api.w.org\/{rel}","templated":true}]}}