{"id":56150,"date":"2023-05-23T15:11:21","date_gmt":"2023-05-23T21:11:21","guid":{"rendered":"https:\/\/mexicocodigorojo.com.mx\/?p=56150"},"modified":"2023-05-25T15:14:13","modified_gmt":"2023-05-25T21:14:13","slug":"asesinan-al-periodista-marco-aurelio-ramirez","status":"publish","type":"post","link":"https:\/\/mexicocodigorojo.com.mx\/?p=56150","title":{"rendered":"Asesinan al periodista Marco Aurelio Ram\u00edrez"},"content":{"rendered":"<p>Un comando armado asesin\u00f3 al\u00a0<strong>periodista Marco Aurelio Ram\u00edrez Hern\u00e1ndez\u00a0<\/strong>en\u00a0<strong>Tehuac\u00e1n, Puebla<\/strong>.<\/p>\n<p>Seg\u00fan los primeros reportes, le dispararon cuando iba en su veh\u00edculo en el fraccionamiento Agua Blanca, ubicado en Tehuac\u00e1n.<\/p>\n<p>El tambi\u00e9n exdirector de Gobierno en la administraci\u00f3n de Felipe Patjane recibi\u00f3 cinco disparos.<\/p>\n<p>Hasta ahora\u00a0<strong>no hay detenidos<\/strong>\u00a0por el\u00a0homicidio del periodista.<\/p>\n<p>Marco Aurelio Ram\u00edrez Hern\u00e1ndez fue periodista por casi tres d\u00e9cadas y trabaj\u00f3 en varios medios, entre ellos Peri\u00f3dico Central.<\/p>\n<blockquote class=\"twitter-tweet\" data-width=\"550\" data-dnt=\"true\">\n<p lang=\"es\" dir=\"ltr\">En <a href=\"https:\/\/twitter.com\/hashtag\/Tehuac%C3%A1n?src=hash&amp;ref_src=twsrc%5Etfw\">#Tehuac\u00e1n<\/a>, asesinan al ex periodista, Marco Aurelio Ram\u00edrez Hern\u00e1ndez en el fraccionamiento Agua Blanca, ubicado en ese municipio. El tambi\u00e9n ex director de Gobierno en la administraci\u00f3n de Felipe Patjane, recibi\u00f3 5 disparos cuando se encontraba abordo de su camioneta. Hasta\u2026 <a href=\"https:\/\/t.co\/laQ69XbiDi\">pic.twitter.com\/laQ69XbiDi<\/a><\/p>\n<p>&mdash; Juan Carlos Valerio (@JCarlos_Valerio) <a href=\"https:\/\/twitter.com\/JCarlos_Valerio\/status\/1661122971837005831?ref_src=twsrc%5Etfw\">May 23, 2023<\/a><\/p><\/blockquote>\n<p><script async src=\"https:\/\/platform.twitter.com\/widgets.js\" charset=\"utf-8\"><\/script><\/p>\n<p><img data-recalc-dims=\"1\" decoding=\"async\" src=\"https:\/\/i0.wp.com\/lopezdoriga.com\/wp-content\/uploads\/2023\/05\/asesinan-al-periodista-marco-aurelio-ramirez-hernandez-en-tehuacan-puebla-2.jpg?w=696&#038;ssl=1\" alt=\"Asesinan al periodista Marco Aurelio Ram\u00edrez Hern\u00e1ndez en Tehuac\u00e1n, Puebla\" \/><\/p>\n","protected":false},"excerpt":{"rendered":"<p>Un comando armado asesin\u00f3 al\u00a0periodista Marco Aurelio Ram\u00edrez Hern\u00e1ndez\u00a0en\u00a0Tehuac\u00e1n, Puebla. Seg\u00fan los primeros reportes, le dispararon cuando iba en su veh\u00edculo en el fraccionamiento Agua Blanca, ubicado en Tehuac\u00e1n. El tambi\u00e9n exdirector de Gobierno en la administraci\u00f3n de Felipe Patjane recibi\u00f3 cinco disparos. Hasta ahora\u00a0no hay detenidos\u00a0por el\u00a0homicidio del periodista. Marco Aurelio Ram\u00edrez Hern\u00e1ndez fue [&hellip;]<\/p>\n","protected":false},"author":5,"featured_media":56151,"comment_status":"closed","ping_status":"closed","sticky":false,"template":"","format":"standard","meta":{"_uf_show_specific_survey":0,"_uf_disable_surveys":false,"advanced_seo_description":"","jetpack_seo_html_title":"","jetpack_seo_noindex":false,"jetpack_post_was_ever_published":false,"_jetpack_newsletter_access":"","_jetpack_dont_email_post_to_subs":false,"_jetpack_newsletter_tier_id":0,"_jetpack_memberships_contains_paywalled_content":false,"_jetpack_memberships_contains_paid_content":false,"footnotes":"","jetpack_publicize_message":"","jetpack_publicize_feature_enabled":true,"jetpack_social_post_already_shared":true,"jetpack_social_options":{"image_generator_settings":{"template":"highway","default_image_id":0,"font":"","enabled":false},"version":2}},"categories":[1724,46],"tags":[858,859],"class_list":{"0":"post-56150","1":"post","2":"type-post","3":"status-publish","4":"format-standard","5":"has-post-thumbnail","7":"category-featured","8":"category-puebla","9":"tag-homicidio","10":"tag-prensa"},"jetpack_publicize_connections":[],"jetpack_featured_media_url":"https:\/\/i0.wp.com\/mexicocodigorojo.com.mx\/wp-content\/uploads\/2023\/05\/2953609.jpg?fit=800%2C600&ssl=1","jetpack-related-posts":[{"id":52875,"url":"https:\/\/mexicocodigorojo.com.mx\/?p=52875","url_meta":{"origin":56150,"position":0},"title":"Asesinan al periodista Luis Enrique Ram\u00edrez en Culiac\u00e1n","author":"Staff","date":"mayo 5, 2022","format":false,"excerpt":"El cuerpo del director fundador de Fuentes Fidedignas fue localizado este jueves en un camino de terracer\u00eda al sur de la ciudad CULIAC\u00c1N._ El periodista Luis Enrique Ram\u00edrez Ramos fue encontrado asesinado este jueves en el sector sur de la ciudad. Su cuerpo fue localizado por la ma\u00f1ana en un\u2026","rel":"","context":"En \u00abFeatured\u00bb","block_context":{"text":"Featured","link":"https:\/\/mexicocodigorojo.com.mx\/?cat=1724"},"img":{"alt_text":"","src":"https:\/\/i0.wp.com\/mexicocodigorojo.com.mx\/wp-content\/uploads\/2022\/05\/whatsapp-image-2022-05-05-at-2-59_1-2059103_20220505150354.jpg?fit=828%2C600&ssl=1&resize=350%2C200","width":350,"height":200,"srcset":"https:\/\/i0.wp.com\/mexicocodigorojo.com.mx\/wp-content\/uploads\/2022\/05\/whatsapp-image-2022-05-05-at-2-59_1-2059103_20220505150354.jpg?fit=828%2C600&ssl=1&resize=350%2C200 1x, https:\/\/i0.wp.com\/mexicocodigorojo.com.mx\/wp-content\/uploads\/2022\/05\/whatsapp-image-2022-05-05-at-2-59_1-2059103_20220505150354.jpg?fit=828%2C600&ssl=1&resize=525%2C300 1.5x, https:\/\/i0.wp.com\/mexicocodigorojo.com.mx\/wp-content\/uploads\/2022\/05\/whatsapp-image-2022-05-05-at-2-59_1-2059103_20220505150354.jpg?fit=828%2C600&ssl=1&resize=700%2C400 2x"},"classes":[]},{"id":60443,"url":"https:\/\/mexicocodigorojo.com.mx\/?p=60443","url_meta":{"origin":56150,"position":1},"title":"Rinden homenaje al periodista Luis Enrique Ram\u00edrez Ramos a dos a\u00f1os de su asesinato","author":"MCR","date":"mayo 7, 2024","format":false,"excerpt":"Culiac\u00e1n, Sinaloa.\u2013 A dos a\u00f1os de su asesinato, el periodista y columnista Luis Enrique Ram\u00edrez Ramos fue recordado con un emotivo homenaje organizado por la Asociaci\u00f3n de Periodistas este 7 de Junio, en donde la exigencia de justicia a la Fiscal\u00eda General del Estado (FGES) se mantiene firme. Ya se\u2026","rel":"","context":"En \u00abFeatured\u00bb","block_context":{"text":"Featured","link":"https:\/\/mexicocodigorojo.com.mx\/?cat=1724"},"img":{"alt_text":"","src":"https:\/\/i0.wp.com\/mexicocodigorojo.com.mx\/wp-content\/uploads\/2024\/05\/images-5-1.jpeg?fit=705%2C435&ssl=1&resize=350%2C200","width":350,"height":200,"srcset":"https:\/\/i0.wp.com\/mexicocodigorojo.com.mx\/wp-content\/uploads\/2024\/05\/images-5-1.jpeg?fit=705%2C435&ssl=1&resize=350%2C200 1x, https:\/\/i0.wp.com\/mexicocodigorojo.com.mx\/wp-content\/uploads\/2024\/05\/images-5-1.jpeg?fit=705%2C435&ssl=1&resize=525%2C300 1.5x, https:\/\/i0.wp.com\/mexicocodigorojo.com.mx\/wp-content\/uploads\/2024\/05\/images-5-1.jpeg?fit=705%2C435&ssl=1&resize=700%2C400 2x"},"classes":[]},{"id":54590,"url":"https:\/\/mexicocodigorojo.com.mx\/?p=54590","url_meta":{"origin":56150,"position":2},"title":"Atacan a balazos local de corresponsal de El Sol de Puebla en Amozoc","author":"MexicoRojoCvmx","date":"diciembre 20, 2022","format":false,"excerpt":"Un local comercial propiedad del periodista Ricardo Carvajal, corresponsal de El Sol de Puebla en el municipio de Amozoc, fue baleado durante la madrugada de este 19 de diciembre. El reportero difundi\u00f3 a trav\u00e9s de sus redes sociales un video en el que se observa una decena de agujeros sobre\u2026","rel":"","context":"En \u00abFeatured\u00bb","block_context":{"text":"Featured","link":"https:\/\/mexicocodigorojo.com.mx\/?cat=1724"},"img":{"alt_text":"","src":"https:\/\/i0.wp.com\/mexicocodigorojo.com.mx\/wp-content\/uploads\/2022\/12\/ricardo-carvajal-ataque-libertad-de-expresion-.jpg?fit=768%2C479&ssl=1&resize=350%2C200","width":350,"height":200,"srcset":"https:\/\/i0.wp.com\/mexicocodigorojo.com.mx\/wp-content\/uploads\/2022\/12\/ricardo-carvajal-ataque-libertad-de-expresion-.jpg?fit=768%2C479&ssl=1&resize=350%2C200 1x, https:\/\/i0.wp.com\/mexicocodigorojo.com.mx\/wp-content\/uploads\/2022\/12\/ricardo-carvajal-ataque-libertad-de-expresion-.jpg?fit=768%2C479&ssl=1&resize=525%2C300 1.5x, https:\/\/i0.wp.com\/mexicocodigorojo.com.mx\/wp-content\/uploads\/2022\/12\/ricardo-carvajal-ataque-libertad-de-expresion-.jpg?fit=768%2C479&ssl=1&resize=700%2C400 2x"},"classes":[]},{"id":8469,"url":"https:\/\/mexicocodigorojo.com.mx\/?p=8469","url_meta":{"origin":56150,"position":3},"title":"COMANDO ARMADO EJECUTA A TRES PERSONAS EN TEHUACAN PUEBLA","author":"Staff","date":"noviembre 11, 2018","format":false,"excerpt":"COMANDO ARMADO EJECUTA A TRES PERSONAS EN TEHUACAN PUEBLA La tarde del viernes tres personas fueron asesinadas a balazos en el municipio de Tehuac\u00e1n, en el estado de Puebla.El triple homicidio ocurri\u00f3 en la junta auxiliar de San Pablo Tepetzingo, donde a bordo de un autom\u00f3vil tipo Jetta, fueron acribilladas\u2026","rel":"","context":"En \u00abPuebla\u00bb","block_context":{"text":"Puebla","link":"https:\/\/mexicocodigorojo.com.mx\/?cat=46"},"img":{"alt_text":"","src":"https:\/\/i0.wp.com\/mexicocodigorojo.com.mx\/wp-content\/uploads\/2018\/11\/fb_img_1541904404531-1402468483.jpg?resize=350%2C200&ssl=1","width":350,"height":200},"classes":[]},{"id":53272,"url":"https:\/\/mexicocodigorojo.com.mx\/?p=53272","url_meta":{"origin":56150,"position":4},"title":"Detienen a \u2018La G\u00fcicha\u2019 por el homicidio de la periodista Mar\u00eda Elena Ferral","author":"Staff","date":"julio 7, 2022","format":false,"excerpt":"Integrantes de la Polic\u00eda Ministerial de Veracruz aprehendieron a Luis \u00c1ngel, alias \u201cLa G\u00fcicha\u201d, presunto sospechoso del asesinato de la periodista Mar\u00eda Elena Ferral. La fundadora del portal\u00a0Quinto Poder\u00a0y corresponsal del\u00a0Diario de Xalapa\u00a0fue asesinada a balazos el pasado 30 de marzo de 2020 en Papantla, en el estado de Veracruz.\u2026","rel":"","context":"En \u00abFeatured\u00bb","block_context":{"text":"Featured","link":"https:\/\/mexicocodigorojo.com.mx\/?cat=1724"},"img":{"alt_text":"","src":"https:\/\/i0.wp.com\/mexicocodigorojo.com.mx\/wp-content\/uploads\/2022\/07\/07UET9bytrjnZINOogl5.jpeg?fit=900%2C506&ssl=1&resize=350%2C200","width":350,"height":200,"srcset":"https:\/\/i0.wp.com\/mexicocodigorojo.com.mx\/wp-content\/uploads\/2022\/07\/07UET9bytrjnZINOogl5.jpeg?fit=900%2C506&ssl=1&resize=350%2C200 1x, https:\/\/i0.wp.com\/mexicocodigorojo.com.mx\/wp-content\/uploads\/2022\/07\/07UET9bytrjnZINOogl5.jpeg?fit=900%2C506&ssl=1&resize=525%2C300 1.5x, https:\/\/i0.wp.com\/mexicocodigorojo.com.mx\/wp-content\/uploads\/2022\/07\/07UET9bytrjnZINOogl5.jpeg?fit=900%2C506&ssl=1&resize=700%2C400 2x"},"classes":[]},{"id":31628,"url":"https:\/\/mexicocodigorojo.com.mx\/?p=31628","url_meta":{"origin":56150,"position":5},"title":"Detienen a presunto asesino del exdirigente priista Aurelio Gancedo","author":"Staff","date":"enero 29, 2020","format":false,"excerpt":"Autoridades de San Luis Potos\u00ed detuvieron al presunto homicida del exdirigente del PRI en el estado, Aurelio Gancedo Rodr\u00edguez La Fiscal\u00eda General del Estado de San Luis Potos\u00ed (FGESLP) detuvo a\u00a0Juan Carlos \u2018N\u2019, de 32 a\u00f1os, por su probable participaci\u00f3n en el\u00a0homicidio\u00a0del exdirigente de priista,\u00a0Aurelio Gancedo Rodr\u00edguez. Un juez de\u2026","rel":"","context":"En \u00abSan Luis Potos\u00ed\u00bb","block_context":{"text":"San Luis Potos\u00ed","link":"https:\/\/mexicocodigorojo.com.mx\/?cat=24"},"img":{"alt_text":"","src":"https:\/\/i0.wp.com\/mexicocodigorojo.com.mx\/wp-content\/uploads\/2020\/01\/presunto-asesino.jpg?fit=980%2C550&ssl=1&resize=350%2C200","width":350,"height":200,"srcset":"https:\/\/i0.wp.com\/mexicocodigorojo.com.mx\/wp-content\/uploads\/2020\/01\/presunto-asesino.jpg?fit=980%2C550&ssl=1&resize=350%2C200 1x, https:\/\/i0.wp.com\/mexicocodigorojo.com.mx\/wp-content\/uploads\/2020\/01\/presunto-asesino.jpg?fit=980%2C550&ssl=1&resize=525%2C300 1.5x, https:\/\/i0.wp.com\/mexicocodigorojo.com.mx\/wp-content\/uploads\/2020\/01\/presunto-asesino.jpg?fit=980%2C550&ssl=1&resize=700%2C400 2x"},"classes":[]}],"jetpack_sharing_enabled":true,"jetpack_likes_enabled":true,"jetpack_shortlink":"https:\/\/wp.me\/p9TedA-eBE","_links":{"self":[{"href":"https:\/\/mexicocodigorojo.com.mx\/index.php?rest_route=\/wp\/v2\/posts\/56150","targetHints":{"allow":["GET"]}}],"collection":[{"href":"https:\/\/mexicocodigorojo.com.mx\/index.php?rest_route=\/wp\/v2\/posts"}],"about":[{"href":"https:\/\/mexicocodigorojo.com.mx\/index.php?rest_route=\/wp\/v2\/types\/post"}],"author":[{"embeddable":true,"href":"https:\/\/mexicocodigorojo.com.mx\/index.php?rest_route=\/wp\/v2\/users\/5"}],"replies":[{"embeddable":true,"href":"https:\/\/mexicocodigorojo.com.mx\/index.php?rest_route=%2Fwp%2Fv2%2Fcomments&post=56150"}],"version-history":[{"count":1,"href":"https:\/\/mexicocodigorojo.com.mx\/index.php?rest_route=\/wp\/v2\/posts\/56150\/revisions"}],"predecessor-version":[{"id":56152,"href":"https:\/\/mexicocodigorojo.com.mx\/index.php?rest_route=\/wp\/v2\/posts\/56150\/revisions\/56152"}],"wp:featuredmedia":[{"embeddable":true,"href":"https:\/\/mexicocodigorojo.com.mx\/index.php?rest_route=\/wp\/v2\/media\/56151"}],"wp:attachment":[{"href":"https:\/\/mexicocodigorojo.com.mx\/index.php?rest_route=%2Fwp%2Fv2%2Fmedia&parent=56150"}],"wp:term":[{"taxonomy":"category","embeddable":true,"href":"https:\/\/mexicocodigorojo.com.mx\/index.php?rest_route=%2Fwp%2Fv2%2Fcategories&post=56150"},{"taxonomy":"post_tag","embeddable":true,"href":"https:\/\/mexicocodigorojo.com.mx\/index.php?rest_route=%2Fwp%2Fv2%2Ftags&post=56150"}],"curies":[{"name":"wp","href":"https:\/\/api.w.org\/{rel}","templated":true}]}}