{"id":56136,"date":"2018-04-20T14:38:35","date_gmt":"2018-04-20T19:38:35","guid":{"rendered":"https:\/\/mexicocodigorojo.com.mx\/?p=56136"},"modified":"2023-05-26T15:52:01","modified_gmt":"2023-05-26T21:52:01","slug":"revelan-compra-de-inmueble-de-amado-carrillo-jr-por-durazo","status":"publish","type":"post","link":"https:\/\/mexicocodigorojo.com.mx\/?p=56136","title":{"rendered":"Revelan compra de inmueble de Amado Carrillo Jr. por Durazo"},"content":{"rendered":"<p class=\"default__StyledText-xb1qmn-0 cgXrXK body-paragraph\"><strong>Alfonso Durazo Monta\u00f1o<\/strong>, uno de los hombres m\u00e1s cercanos al candidato presidencial\u00a0<strong>Andr\u00e9s Manuel L\u00f3pez<\/strong>\u00a0Obrador y presentado como el \u00abpr\u00f3ximo secretario de Seguridad P\u00fablica Federal\u00bb, compr\u00f3 una propiedad de lujo con vista al mar a Amado Carrillo Barrag\u00e1n, hijo del difunto narcotraficante\u00a0<strong>Amado Carrillo<\/strong>\u00a0<strong>Fuentes<\/strong>, El Se\u00f1or de los Cielos.<\/p>\n<p class=\"default__StyledText-xb1qmn-0 cgXrXK body-paragraph\">Dicho inmueble, ubicado en Bah\u00eda de Kino, Sonora, fue adquirido en febrero de 2012 a trav\u00e9s de la &#8216;Inmobiliaria Alta Sierra&#8217;, de la cual\u00a0<strong>Durazo Monta\u00f1o<\/strong>\u00a0se ostent\u00f3 como\u00a0<strong>administrador \u00fanico y director general de la empresa<\/strong>.<\/p>\n<div id=\"arcad-feature-3517\" class=\"default__StyledAdUnit-ijbiyl-0 bWigPu arcad-feature margin-md-bottom \">\n<div id=\"\" class=\"arcad-container\">\n<div id=\"lazy_3\">\n<div id=\"inread_oop\" class=\"arcad ad-1x1\" data-google-query-id=\"CL-j-N2pkf8CFS3oKAUd_gUJIQ\">\n<div id=\"google_ads_iframe_\/77835600\/ElFinanciero__internas\/inread_oop_0__container__\"><\/div>\n<\/div>\n<\/div>\n<\/div>\n<\/div>\n<p class=\"default__StyledText-xb1qmn-0 cgXrXK body-paragraph\">Seg\u00fan la escritura p\u00fablica 5904, cuya copia posee El Financiero, Durazo Monta\u00f1o, quien ser\u00eda responsable de la seguridad p\u00fablica en el pa\u00eds en caso de que L\u00f3pez Obrador gane la Presidencia,\u00a0<strong>pag\u00f3 dos millones de pesos por la propiedad<\/strong>.<\/p>\n<p class=\"default__StyledText-xb1qmn-0 cgXrXK body-paragraph\">El inmueble es un lote de terreno urbano, con una construcci\u00f3n, que se localiza en una zona de lujo, en avenida Mar de Cort\u00e9s, del Fraccionamiento Bah\u00eda de Kino, municipio de Hermosillo, Sonora.<\/p>\n<p class=\"default__StyledText-xb1qmn-0 cgXrXK body-paragraph\">Seg\u00fan los documentos, el predio tiene una superficie de\u00a0<strong>350 metros cuadrados<\/strong>\u00a0y se encuentra debidamente registrado ante las autoridades, con clave catastral 360022090002 y registro p\u00fablico de la propiedad 203865.<\/p>\n<figure class=\"article-body-image-container\"><picture class=\"Image__StyledPicture-sc-8yioqf-0 iKCNis\"><source srcset=\"https:\/\/www.elfinanciero.com.mx\/resizer\/saED0Dolkqz99MsFKCwJGtjUllo=\/1440x0\/filters:format(jpg):quality(70)\/cloudfront-us-east-1.images.arcpublishing.com\/elfinanciero\/AG6FX77YWEJIQE6TV76WEDZVTY.jpg\" media=\"screen and (min-width: 1024px)\" \/><source srcset=\"https:\/\/www.elfinanciero.com.mx\/resizer\/WXJAhAoX_tP3J3u5xDeyj2AIjlc=\/1024x0\/filters:format(jpg):quality(70)\/cloudfront-us-east-1.images.arcpublishing.com\/elfinanciero\/AG6FX77YWEJIQE6TV76WEDZVTY.jpg\" media=\"screen and (min-width: 768px)\" \/><source srcset=\"https:\/\/www.elfinanciero.com.mx\/resizer\/KvzB7CP-8GLJXAe26Cj4gYn8w3U=\/768x0\/filters:format(jpg):quality(70)\/cloudfront-us-east-1.images.arcpublishing.com\/elfinanciero\/AG6FX77YWEJIQE6TV76WEDZVTY.jpg\" media=\"screen and (min-width: 0px)\" \/><img data-recalc-dims=\"1\" loading=\"lazy\" decoding=\"async\" src=\"https:\/\/i0.wp.com\/www.elfinanciero.com.mx\/resizer\/saED0Dolkqz99MsFKCwJGtjUllo%3D\/1440x0\/filters%3Aformat%28jpg%29%3Aquality%2870%29\/cloudfront-us-east-1.images.arcpublishing.com\/elfinanciero\/AG6FX77YWEJIQE6TV76WEDZVTY.jpg?resize=696%2C0&#038;ssl=1\" width=\"696\" height=\"0\" \/><\/picture><figcaption><\/figcaption><\/figure>\n<p class=\"default__StyledText-xb1qmn-0 cgXrXK body-paragraph\">La propiedad est\u00e1 en las costas de Sonora, en la zona de Bah\u00eda de Kino. Tiene vista al mar, de acuerdo con la descripci\u00f3n de un aval\u00fao realizado por el arquitecto Juan Gerardo Rojas Chang.<\/p>\n<div id=\"arcad-feature-7967\" class=\"default__StyledAdUnit-ijbiyl-0 bWigPu arcad-feature margin-md-bottom \">\n<div id=\"\" class=\"arcad-container\">\n<div id=\"lazy_4\">\n<div id=\"box_banner11\" class=\"arcad ad-300x250\"><\/div>\n<\/div>\n<\/div>\n<\/div>\n<p class=\"default__StyledText-xb1qmn-0 cgXrXK body-paragraph\">En dicho aval\u00fao, que sirvi\u00f3 para la compra-venta del inmueble, se advierte que al momento de la compra ten\u00eda una antig\u00fcedad de 18 a\u00f1os y est\u00e1 localizada en una vialidad principal y cuenta con todos los servicios.<\/p>\n<p class=\"default__StyledText-xb1qmn-0 cgXrXK body-paragraph\">La propiedad tiene azulejos en muros de ba\u00f1os, losetas cer\u00e1micas, puertas de madera, acabados en aluminio y chapas de seguridad.<\/p>\n<p class=\"default__StyledText-xb1qmn-0 cgXrXK body-paragraph\">Registros oficiales revelan que la compra-venta de la propiedad se formaliz\u00f3 en\u00a0<strong>la Notar\u00eda P\u00fablica n\u00famero 4 de la ciudad de Hermosillo<\/strong>, cuyo titular, Miguel \u00c1ngel Murillo Aispuro, dio por cubiertos todos los requisitos presentados.<\/p>\n<p class=\"default__StyledText-xb1qmn-0 cgXrXK body-paragraph\">De acuerdo con lo declarado por el propio Carrillo Barrag\u00e1n, el inmueble lo adquiri\u00f3 a trav\u00e9s de su padre, Amado Carrillo Fuentes,\u00a0<strong>El Se\u00f1or de los Cielos<\/strong>, y su madre Sonia Barrag\u00e1n P\u00e9rez, cuando \u00e9l a\u00fan era menor de edad.<\/p>\n<p class=\"default__StyledText-xb1qmn-0 cgXrXK body-paragraph\">La escritura de aquella transacci\u00f3n data de noviembre de 1988, seg\u00fan consta en los documentos que el mismo Carrillo Barrag\u00e1n present\u00f3 para finiquitar la transacci\u00f3n inmobiliaria.<\/p>\n<p class=\"default__StyledText-xb1qmn-0 cgXrXK body-paragraph\">En la transacci\u00f3n Carrillo Barrag\u00e1n, originario de Guadalajara, Jalisco, y actualmente de 32 a\u00f1os, y quien dijo ser comerciante, estuvo asesorado en todo momento por Gabriel Mendoza Guti\u00e9rrez, su apoderado y representante legal para pleitos y cobranzas.<\/p>\n<p class=\"default__StyledText-xb1qmn-0 cgXrXK body-paragraph\">Para ello present\u00f3 un poder p\u00fablico otorgado por Carrillo Barrag\u00e1n y firmado el 1 de febrero de 2012, ante el notario p\u00fablico n\u00famero 43, Antonio Jaime Reynoso, de la ciudad de Guadalajara, Jalisco.<\/p>\n<p class=\"default__StyledText-xb1qmn-0 cgXrXK body-paragraph\">La empresa de Durazo, &#8216;Inmobiliaria Alta Sierra&#8217;, no se cre\u00f3 exprofeso para esta transacci\u00f3n, sino que se hab\u00eda fundado desde 1994.<\/p>\n<p class=\"default__StyledText-xb1qmn-0 cgXrXK body-paragraph\">Entonces los accionistas eran Pablo Humberto Durazo Monta\u00f1o, Luis Carlos Valencia Samaniego, Mar\u00eda Gabriela Ch\u00e1vez Murillo, Juventino Romero Buelna y Mar\u00eda Irene Ch\u00e1vez Murillo. Aunque en el acta constitutiva no aparece con acciones de la empresa, en asamblea general ordinaria de accionistas, celebrada el 6 de octubre de 2004, se design\u00f3 a Durazo Monta\u00f1o como administrador \u00fanico y director general.<\/p>\n<p class=\"default__StyledText-xb1qmn-0 cgXrXK body-paragraph\">Dicho nombramiento qued\u00f3 registrado ante el notario p\u00fablico 57, Jes\u00fas Manuel Ortiz, en Culiac\u00e1n, Sinaloa. Ya como titular de la empresa, Durazo Monta\u00f1o formaliz\u00f3 la adquisici\u00f3n al hijo del Se\u00f1or de los Cielos.<\/p>\n<figure class=\"article-body-image-container\"><picture class=\"Image__StyledPicture-sc-8yioqf-0 iKCNis\"><source srcset=\"https:\/\/www.elfinanciero.com.mx\/resizer\/KtEyl4wFGtoWLh5wDTtmJ39UhT0=\/1440x0\/filters:format(jpg):quality(70)\/cloudfront-us-east-1.images.arcpublishing.com\/elfinanciero\/M5YY6S4BBQEO364PHHWPIJZRTA.jpg\" media=\"screen and (min-width: 1024px)\" \/><source srcset=\"https:\/\/www.elfinanciero.com.mx\/resizer\/MzIB2tjdVtonl2DcQsQKfLfCXyE=\/1024x0\/filters:format(jpg):quality(70)\/cloudfront-us-east-1.images.arcpublishing.com\/elfinanciero\/M5YY6S4BBQEO364PHHWPIJZRTA.jpg\" media=\"screen and (min-width: 768px)\" \/><source srcset=\"https:\/\/www.elfinanciero.com.mx\/resizer\/aVh5P-3kJSdT1WpcQSSBJjtdG6E=\/768x0\/filters:format(jpg):quality(70)\/cloudfront-us-east-1.images.arcpublishing.com\/elfinanciero\/M5YY6S4BBQEO364PHHWPIJZRTA.jpg\" media=\"screen and (min-width: 0px)\" \/><img data-recalc-dims=\"1\" loading=\"lazy\" decoding=\"async\" src=\"https:\/\/i0.wp.com\/www.elfinanciero.com.mx\/resizer\/KtEyl4wFGtoWLh5wDTtmJ39UhT0%3D\/1440x0\/filters%3Aformat%28jpg%29%3Aquality%2870%29\/cloudfront-us-east-1.images.arcpublishing.com\/elfinanciero\/M5YY6S4BBQEO364PHHWPIJZRTA.jpg?resize=696%2C0&#038;ssl=1\" width=\"696\" height=\"0\" \/><\/picture><figcaption><\/figcaption><\/figure>\n<p class=\"default__StyledText-xb1qmn-0 cgXrXK body-paragraph\">Alfonso Durazo fue contactado telef\u00f3nicamente ayer por El Financiero para hablar sobre el tema, pero\u00a0<strong>no acept\u00f3 la entrevista porque \u00abvoy entrando a un compromiso\u00bb, adujo<\/strong>.<\/p>\n<p class=\"default__StyledText-xb1qmn-0 cgXrXK body-paragraph\">Durazo forma parte del equipo de Andr\u00e9s Manuel L\u00f3pez Obrador, quien en enero pasado anunci\u00f3 su inclusi\u00f3n en su gabinete en materia de seguridad, en caso de ganar la Presidencia.<\/p>\n<p class=\"default__StyledText-xb1qmn-0 cgXrXK body-paragraph\">Naci\u00f3 el 11 de julio de 1954 en Bavispe, Sonora, y con dos licenciaturas, una en Derecho por la Universidad Aut\u00f3noma Metropolitana (UAM) y otra en Ingenier\u00eda Civil por la UNAM.<\/p>\n<p class=\"default__StyledText-xb1qmn-0 cgXrXK body-paragraph\">A\u00f1os atr\u00e1s, en 2003, el suegro de Durazo, Jorge Juli\u00e1n Ch\u00e1vez Castro, fue ejecutado en la ciudad de Culiac\u00e1n, Sinaloa, donde fue coordinador General del Consejo de Seguridad P\u00fablica, y exprocurador de Justicia del estado.<\/p>\n<p class=\"default__StyledText-xb1qmn-0 cgXrXK body-paragraph\">En tanto, Amado Carrillo Fuentes, El Se\u00f1or de los Cielos, es sobrino de Ernesto Fonseca Carrillo, Don Neto, fundador del C\u00e1rtel de Guadalajara y uno de los pioneros del narcotr\u00e1fico en M\u00e9xico.<\/p>\n<p class=\"default__StyledText-xb1qmn-0 cgXrXK body-paragraph\">En la d\u00e9cada de los 90, El Se\u00f1or de los Cielos, al frente del C\u00e1rtel de Ju\u00e1rez, se posicion\u00f3 gracias a su habilidad para el trasiego de droga por la v\u00eda \u00e1rea y se le identific\u00f3 como socio del colombiano Pablo Escobar.<\/p>\n<p class=\"default__StyledText-xb1qmn-0 cgXrXK body-paragraph\">Cuando estaba en lo alto de su carrera delictiva, el 4 de julio de 1997, hace ya m\u00e1s de 20 a\u00f1os, se anunci\u00f3 de manera sorpresiva su muerte, la cual ocurri\u00f3 en un hospital de la Ciudad de M\u00e9xico donde se somet\u00eda a una cirug\u00eda pl\u00e1stica para modificar su fisonom\u00eda.<\/p>\n<p class=\"default__StyledText-xb1qmn-0 cgXrXK body-paragraph\">Sobre su hijo Amado se tuvo noticias en agosto de 2015, cuando, gracias al amparo 637\/2015 que promovi\u00f3 en un juzgado de la Ciudad de M\u00e9xico, se supo de la posible intenci\u00f3n de la PGR de detener al heredero del Se\u00f1or de Los Cielos.<\/p>\n<p>Con informaci\u00f3n de El Financiero<\/p>\n","protected":false},"excerpt":{"rendered":"<p>Alfonso Durazo Monta\u00f1o, uno de los hombres m\u00e1s cercanos al candidato presidencial\u00a0Andr\u00e9s Manuel L\u00f3pez\u00a0Obrador y presentado como el \u00abpr\u00f3ximo secretario de Seguridad P\u00fablica Federal\u00bb, compr\u00f3 una propiedad de lujo con vista al mar a Amado Carrillo Barrag\u00e1n, hijo del difunto narcotraficante\u00a0Amado Carrillo\u00a0Fuentes, El Se\u00f1or de los Cielos. Dicho inmueble, ubicado en Bah\u00eda de Kino, Sonora, [&hellip;]<\/p>\n","protected":false},"author":5,"featured_media":56172,"comment_status":"closed","ping_status":"closed","sticky":false,"template":"","format":"standard","meta":{"_uf_show_specific_survey":0,"_uf_disable_surveys":false,"advanced_seo_description":"","jetpack_seo_html_title":"","jetpack_seo_noindex":false,"jetpack_seo_schema_type":"","_jetpack_newsletter_access":"","_jetpack_dont_email_post_to_subs":false,"_jetpack_newsletter_tier_id":0,"_jetpack_memberships_contains_paywalled_content":false,"_jetpack_feature_clip_id":0,"_jetpack_memberships_contains_paid_content":false,"footnotes":"","jetpack_publicize_message":"","jetpack_publicize_feature_enabled":true,"jetpack_social_post_already_shared":true,"jetpack_social_options":{"image_generator_settings":{"template":"highway","default_image_id":0,"font":"","enabled":false},"version":2},"jetpack_post_was_ever_published":false},"categories":[101,1724],"tags":[2173],"class_list":["post-56136","post","type-post","status-publish","format-standard","has-post-thumbnail","category-ciudad-de-mexico","category-featured","tag-narcotrafico-2"],"jetpack_publicize_connections":[],"jetpack-related-posts":[{"id":23359,"url":"https:\/\/mexicocodigorojo.com.mx\/?p=23359","url_meta":{"origin":56136,"position":0},"title":"Trasladan al hijo de &#8216;El Se\u00f1or de los Cielos&#8217; de Sonora a CDMX","author":"Staff","date":"septiembre 9, 2019","format":false,"excerpt":"Tres hombres involucrados con el feminicidio de \u00c1mbar Dolores fueron puestos tras las rejas a m\u00e1s de 3 meses de la muerte de la joven; uno de ellos fue identificado como el hijo de\u00a0\u2018El Se\u00f1or de los Cielos\u2019 Hermosillo, Sonora.-\u00a0El pasado 30 de mayo fue localizado el cuerpo sin vida\u2026","rel":"","context":"En \u00abSonora\u00bb","block_context":{"text":"Sonora","link":"https:\/\/mexicocodigorojo.com.mx\/?cat=115"},"img":{"alt_text":"","src":"https:\/\/i0.wp.com\/mexicocodigorojo.com.mx\/wp-content\/uploads\/2019\/09\/hijo_1.jpg_112278454.jpg?fit=1069%2C563&ssl=1&resize=350%2C200","width":350,"height":200,"srcset":"https:\/\/i0.wp.com\/mexicocodigorojo.com.mx\/wp-content\/uploads\/2019\/09\/hijo_1.jpg_112278454.jpg?fit=1069%2C563&ssl=1&resize=350%2C200 1x, https:\/\/i0.wp.com\/mexicocodigorojo.com.mx\/wp-content\/uploads\/2019\/09\/hijo_1.jpg_112278454.jpg?fit=1069%2C563&ssl=1&resize=525%2C300 1.5x, https:\/\/i0.wp.com\/mexicocodigorojo.com.mx\/wp-content\/uploads\/2019\/09\/hijo_1.jpg_112278454.jpg?fit=1069%2C563&ssl=1&resize=700%2C400 2x, https:\/\/i0.wp.com\/mexicocodigorojo.com.mx\/wp-content\/uploads\/2019\/09\/hijo_1.jpg_112278454.jpg?fit=1069%2C563&ssl=1&resize=1050%2C600 3x"},"classes":[]},{"id":41849,"url":"https:\/\/mexicocodigorojo.com.mx\/?p=41849","url_meta":{"origin":56136,"position":1},"title":"Confirman ejecuci\u00f3n de \u2018Cesar\u00edn\u2019, hijo de \u2018El se\u00f1or de los cielos\u2019","author":"Staff","date":"agosto 15, 2020","format":false,"excerpt":"C\u00e9sar Carrillo Leyva, identificado como hijo de Amado Carillo, 'El se\u00f1or de los cielos', fue asesinado a balazos en Navolato, Sinaloa C\u00e9sar Carrillo Leyva,\u00a0\u2018Cesar\u00edn\u2019, presunto hijo de Amado Carrillo Fuentes, \u2018El se\u00f1or de los cielos\u2019, fue\u00a0asesinado\u00a0en\u00a0Sinaloa, confirm\u00f3 la Fiscal\u00eda General del Estado. La Polic\u00eda encontr\u00f3 la noche del jueves el\u2026","rel":"","context":"En \u00abFeatured\u00bb","block_context":{"text":"Featured","link":"https:\/\/mexicocodigorojo.com.mx\/?cat=1724"},"img":{"alt_text":"","src":"https:\/\/i0.wp.com\/mexicocodigorojo.com.mx\/wp-content\/uploads\/2020\/08\/asesinato-de-hijo-de-amado-carrillo.jpg?fit=980%2C550&ssl=1&resize=350%2C200","width":350,"height":200,"srcset":"https:\/\/i0.wp.com\/mexicocodigorojo.com.mx\/wp-content\/uploads\/2020\/08\/asesinato-de-hijo-de-amado-carrillo.jpg?fit=980%2C550&ssl=1&resize=350%2C200 1x, https:\/\/i0.wp.com\/mexicocodigorojo.com.mx\/wp-content\/uploads\/2020\/08\/asesinato-de-hijo-de-amado-carrillo.jpg?fit=980%2C550&ssl=1&resize=525%2C300 1.5x, https:\/\/i0.wp.com\/mexicocodigorojo.com.mx\/wp-content\/uploads\/2020\/08\/asesinato-de-hijo-de-amado-carrillo.jpg?fit=980%2C550&ssl=1&resize=700%2C400 2x"},"classes":[]},{"id":26295,"url":"https:\/\/mexicocodigorojo.com.mx\/?p=26295","url_meta":{"origin":56136,"position":2},"title":"En M\u00e9xico no hay orden de aprehensi\u00f3n contra Ovidio Guzm\u00e1n L\u00f3pez: Alfonso Durazo","author":"Staff","date":"noviembre 1, 2019","format":false,"excerpt":"Alfonso Durazo, titular de SSPC, dijo que aunque parezca incre\u00edble, Ovidio Guzm\u00e1n L\u00f3pez no tiene orden de aprehensi\u00f3n en M\u00e9xico Entre pancartas y protestas de panistas, el secretario de Seguridad y Protecci\u00f3n Ciudadana (SSPC),\u00a0Alfonso Durazo, se\u00f1al\u00f3 en la tribuna de la\u00a0C\u00e1mara de Diputados\u00a0que, aunque parezca incre\u00edble, el hijo de Joaqu\u00edn\u2026","rel":"","context":"En \u00abCiudad de M\u00e9xico\u00bb","block_context":{"text":"Ciudad de M\u00e9xico","link":"https:\/\/mexicocodigorojo.com.mx\/?cat=101"},"img":{"alt_text":"","src":"https:\/\/i0.wp.com\/mexicocodigorojo.com.mx\/wp-content\/uploads\/2019\/11\/culiacan-2-ovidio-guzman.jpg?fit=980%2C550&ssl=1&resize=350%2C200","width":350,"height":200,"srcset":"https:\/\/i0.wp.com\/mexicocodigorojo.com.mx\/wp-content\/uploads\/2019\/11\/culiacan-2-ovidio-guzman.jpg?fit=980%2C550&ssl=1&resize=350%2C200 1x, https:\/\/i0.wp.com\/mexicocodigorojo.com.mx\/wp-content\/uploads\/2019\/11\/culiacan-2-ovidio-guzman.jpg?fit=980%2C550&ssl=1&resize=525%2C300 1.5x, https:\/\/i0.wp.com\/mexicocodigorojo.com.mx\/wp-content\/uploads\/2019\/11\/culiacan-2-ovidio-guzman.jpg?fit=980%2C550&ssl=1&resize=700%2C400 2x"},"classes":[]},{"id":26017,"url":"https:\/\/mexicocodigorojo.com.mx\/?p=26017","url_meta":{"origin":56136,"position":3},"title":"Iv\u00e1n Archivaldo promovi\u00f3 movilizaci\u00f3n de sicarios tras captura de Ovidio: Durazo","author":"Staff","date":"octubre 25, 2019","format":false,"excerpt":"Alfonso Durazo indic\u00f3 que Iv\u00e1n Archivaldo Guzm\u00e1n promovi\u00f3 la movilizaci\u00f3n de sicarios para rescatar a su medio hermano Ovidio el pasado 17 de octubre El\u00a0secretario de Seguridad y Protecci\u00f3n Ciudadana,\u00a0Alfonso Durazo Monta\u00f1o, indic\u00f3 que\u00a0Iv\u00e1n Archivaldo Guzm\u00e1n\u00a0fue una de las personas que promovi\u00f3 la movilizaci\u00f3n de sicarios en Culiac\u00e1n para rescatar\u2026","rel":"","context":"En \u00abSinaloa\u00bb","block_context":{"text":"Sinaloa","link":"https:\/\/mexicocodigorojo.com.mx\/?cat=41"},"img":{"alt_text":"","src":"https:\/\/i0.wp.com\/mexicocodigorojo.com.mx\/wp-content\/uploads\/2019\/10\/Ivan_Archivaldo_Guzman_Salazar-600x400.jpg?fit=600%2C400&ssl=1&resize=350%2C200","width":350,"height":200,"srcset":"https:\/\/i0.wp.com\/mexicocodigorojo.com.mx\/wp-content\/uploads\/2019\/10\/Ivan_Archivaldo_Guzman_Salazar-600x400.jpg?fit=600%2C400&ssl=1&resize=350%2C200 1x, https:\/\/i0.wp.com\/mexicocodigorojo.com.mx\/wp-content\/uploads\/2019\/10\/Ivan_Archivaldo_Guzman_Salazar-600x400.jpg?fit=600%2C400&ssl=1&resize=525%2C300 1.5x"},"classes":[]},{"id":41819,"url":"https:\/\/mexicocodigorojo.com.mx\/?p=41819","url_meta":{"origin":56136,"position":4},"title":"FOTOS EJECUTAN EN NAVOLATO SINALOA AL CESARIN HIJO DEL \u00abSR DE LOS CIELOS AMADO CARRILLO FUENTES\u00bb","author":"MexicoRojo","date":"agosto 14, 2020","format":false,"excerpt":"Navolato, Sinaloa.- El reporte del asesinato a balazos de un integrante de la familia Carrillo Fuentes moviliz\u00f3 a las corporaciones locales estatales y federales la noche de este jueves en una colonia del municipio de Navolato, donde en estos momentos se est\u00e1 recabando informaci\u00f3n de lo sucedido. El fallecido supuestamente\u2026","rel":"","context":"En \u00abFeatured\u00bb","block_context":{"text":"Featured","link":"https:\/\/mexicocodigorojo.com.mx\/?cat=1724"},"img":{"alt_text":"","src":"https:\/\/i0.wp.com\/secureservercdn.net\/166.62.108.22\/cg1.af3.myftpupload.com\/wp-content\/uploads\/2020\/08\/efyoqpox0aqu7pl2610225764780174241.jpg?resize=350%2C200&ssl=1","width":350,"height":200},"classes":[]},{"id":26344,"url":"https:\/\/mexicocodigorojo.com.mx\/?p=26344","url_meta":{"origin":56136,"position":5},"title":"Ovidio Guzm\u00e1n no tiene orden de captura en M\u00e9xico, dice Alfonso Durazo","author":"Staff","date":"noviembre 1, 2019","format":false,"excerpt":"El Secretario de Seguridad y Protecci\u00f3n Ciudadana, Alfonso Durazo, dijo que Ovidio Guzm\u00e1n no est\u00e1 acusado por ning\u00fan delito en M\u00e9xico. Durante su comparecencia ante la C\u00e1mara de Diputados celebrada este jueves, el funcionario explic\u00f3 a la legisladora panista Adriana D\u00e1vila que la casa donde se intent\u00f3 capturar al hijo\u2026","rel":"","context":"En \u00abSinaloa\u00bb","block_context":{"text":"Sinaloa","link":"https:\/\/mexicocodigorojo.com.mx\/?cat=41"},"img":{"alt_text":"","src":"https:\/\/i0.wp.com\/mexicocodigorojo.com.mx\/wp-content\/uploads\/2019\/11\/Comparecencia_Durazo_Diputados-12_Fotor-696x444.jpg?fit=696%2C444&ssl=1&resize=350%2C200","width":350,"height":200,"srcset":"https:\/\/i0.wp.com\/mexicocodigorojo.com.mx\/wp-content\/uploads\/2019\/11\/Comparecencia_Durazo_Diputados-12_Fotor-696x444.jpg?fit=696%2C444&ssl=1&resize=350%2C200 1x, https:\/\/i0.wp.com\/mexicocodigorojo.com.mx\/wp-content\/uploads\/2019\/11\/Comparecencia_Durazo_Diputados-12_Fotor-696x444.jpg?fit=696%2C444&ssl=1&resize=525%2C300 1.5x"},"classes":[]}],"jetpack_sharing_enabled":true,"jetpack_likes_enabled":true,"jetpack_shortlink":"https:\/\/wp.me\/p9TedA-eBq","jetpack_featured_media_url":"https:\/\/i0.wp.com\/mexicocodigorojo.com.mx\/wp-content\/uploads\/2018\/04\/durazo-propiedad-amado.jpg?fit=1076%2C598&ssl=1","_links":{"self":[{"href":"https:\/\/mexicocodigorojo.com.mx\/index.php?rest_route=\/wp\/v2\/posts\/56136","targetHints":{"allow":["GET"]}}],"collection":[{"href":"https:\/\/mexicocodigorojo.com.mx\/index.php?rest_route=\/wp\/v2\/posts"}],"about":[{"href":"https:\/\/mexicocodigorojo.com.mx\/index.php?rest_route=\/wp\/v2\/types\/post"}],"author":[{"embeddable":true,"href":"https:\/\/mexicocodigorojo.com.mx\/index.php?rest_route=\/wp\/v2\/users\/5"}],"replies":[{"embeddable":true,"href":"https:\/\/mexicocodigorojo.com.mx\/index.php?rest_route=%2Fwp%2Fv2%2Fcomments&post=56136"}],"version-history":[{"count":1,"href":"https:\/\/mexicocodigorojo.com.mx\/index.php?rest_route=\/wp\/v2\/posts\/56136\/revisions"}],"predecessor-version":[{"id":56137,"href":"https:\/\/mexicocodigorojo.com.mx\/index.php?rest_route=\/wp\/v2\/posts\/56136\/revisions\/56137"}],"wp:featuredmedia":[{"embeddable":true,"href":"https:\/\/mexicocodigorojo.com.mx\/index.php?rest_route=\/wp\/v2\/media\/56172"}],"wp:attachment":[{"href":"https:\/\/mexicocodigorojo.com.mx\/index.php?rest_route=%2Fwp%2Fv2%2Fmedia&parent=56136"}],"wp:term":[{"taxonomy":"category","embeddable":true,"href":"https:\/\/mexicocodigorojo.com.mx\/index.php?rest_route=%2Fwp%2Fv2%2Fcategories&post=56136"},{"taxonomy":"post_tag","embeddable":true,"href":"https:\/\/mexicocodigorojo.com.mx\/index.php?rest_route=%2Fwp%2Fv2%2Ftags&post=56136"}],"curies":[{"name":"wp","href":"https:\/\/api.w.org\/{rel}","templated":true}]}}