{"id":56075,"date":"2023-05-08T22:24:19","date_gmt":"2023-05-09T04:24:19","guid":{"rendered":"https:\/\/mexicocodigorojo.com.mx\/?p=56075"},"modified":"2023-05-08T22:24:19","modified_gmt":"2023-05-09T04:24:19","slug":"asesinan-a-dos-mujeres-en-oaxaca","status":"publish","type":"post","link":"https:\/\/mexicocodigorojo.com.mx\/?p=56075","title":{"rendered":"Asesinan a dos mujeres en Oaxaca"},"content":{"rendered":"<p>La regidora suplente de Educaci\u00f3n, Hortensia, y la comerciante Emma fueron asesinadas en la regi\u00f3n de la Costa, con lo que suman 53 feminicidios en apenas cinco meses de gobierno del morenista Salom\u00f3n Jara Cruz, se\u00f1alado de proteger en su gabinete a violentadores de mujeres.<\/p>\n<p>Por estos hechos, la Fiscal\u00eda General de Oaxaca inici\u00f3 una carpeta de investigaci\u00f3n bajo el Protocolo de Actuaci\u00f3n Ministerial, Pericial y Policial en el Delito de Feminicidio para el Estado, luego de tomar conocimiento del homicidio de una mujer, ocurrido el 3 de mayo de 2023, en la regi\u00f3n de la Costa.<\/p>\n<p>De acuerdo con las investigaciones iniciales, los hechos ocurrieron la ma\u00f1ana del mi\u00e9rcoles 3 de mayo en un paraje de la localidad denominada La Conchuda, del municipio de San Agust\u00edn Loxicha, perteneciente al Distrito de Pochutla.<\/p>\n<p>En el lugar de los hechos localizaron el cuerpo de Hortensia F. S., quien fue atacada con arma de fuego. La v\u00edctima se dirig\u00eda al municipio de San Agust\u00edn Loxicha cuando sufri\u00f3 el ataque.<\/p>\n<p>La noche del jueves 4, en la comunidad El Tomatal, Santa Mar\u00eda Colotepec, Aquilino R. L., de 33 a\u00f1os de edad, mat\u00f3 a su exesposa Emma, de 28 a\u00f1os de edad, de un balazo en la cabeza.<\/p>\n<p>Luego, Aquilino se dispar\u00f3 en el t\u00f3rax, sin embargo, fue localizado con vida y trasladado al hospital de Puerto Escondido.<\/p>\n<p>De acuerdo con el informe \u201cMuertes violentas en Oaxaca\u201d, elaborado por el Grupo de Estudios sobre la mujer \u201cRosario Castellanos\u201d (GESMujer), del 1 de diciembre de 2022 al 5 de mayo, lo que va de esta administraci\u00f3n, se han registrado 53 casos de mujeres asesinadas. Tan solo del 1 de enero al 5 de mayo de 2023 registraron 40 mujeres asesinadas.<\/p>\n<p>El gobernador Salom\u00f3n Jara ha sido cuestionado desde el Senado de la Rep\u00fablica por mantener en su gabinete a Donato Vargas Jim\u00e9nez, pese a existir denuncias de violencia f\u00edsica y hasta de provocar dos abortos a su expareja.<\/p>\n<p>El caso de Donato Vargas Jim\u00e9nez lleg\u00f3 al pleno del Senado de la Rep\u00fablica, donde se exhort\u00f3 al gobernador Salom\u00f3n Jara Cruz a que rompa el pacto patriarcal y ordene una investigaci\u00f3n administrativa y sancione a los servidores p\u00fablicos que participen en acciones de violencia f\u00edsica, verbal, de g\u00e9nero, familiar, acosos sexual, digital y patrimonial en contra de mujeres.<\/p>\n<p>Apenas el 11 de abril, colectivos de mujeres denunciaron que \u201cen Oaxaca estamos viviendo una pesadilla porque el c\u00ednico del gobernador Salom\u00f3n Jara Cruz no tiene verg\u00fcenza al proteger y ser c\u00f3mplice de la violencia feminicida en la que ha incurrido su colaborador Donato Vargas Jim\u00e9nez, quien ha sido denunciado por sus pr\u00e1cticas sexistas, mis\u00f3ginas y violentas\u201d.<\/p>\n<p>Martha Aracely Cruz Jim\u00e9nez, quien perdi\u00f3 a dos hijos por la violencia que ejerci\u00f3 su entonces pareja Donato Vargas, y Sandra Dom\u00ednguez, quien denunci\u00f3 la existencia de dos grupos de WhatsApp \u201cSierra XXX\u201d y \u201cMega Peda\u201d, donde el actual coordinador Estatal de Delegados por la Paz del gobierno del estado de Oaxaca comparti\u00f3 fotograf\u00edas de mujeres desnudas y en especial mujeres ind\u00edgenas mixes, demandaron a Salom\u00f3n Jara Cruz dejar de proteger a un violentador de mujeres con pr\u00e1cticas feminicidas.<\/p>\n<p>Cabe resaltar que en el sexenio de Jos\u00e9 Murat Casab se documentaron 429 asesinatos de mujeres; con Ulises Ruiz Ortiz baj\u00f3 a 283; con Gabino Cu\u00e9 Monteagudo subi\u00f3 a 527 y con Alejandro Murat Casab se dispar\u00f3 a 715, mientras que con Salom\u00f3n Jara la violencia feminicida no da tregua, ya en apenas cinco meses van 53 feminicidios.<\/p>\n","protected":false},"excerpt":{"rendered":"<p>La regidora suplente de Educaci\u00f3n, Hortensia, y la comerciante Emma fueron asesinadas en la regi\u00f3n de la Costa, con lo que suman 53 feminicidios en apenas cinco meses de gobierno del morenista Salom\u00f3n Jara Cruz, se\u00f1alado de proteger en su gabinete a violentadores de mujeres. Por estos hechos, la Fiscal\u00eda General de Oaxaca inici\u00f3 una [&hellip;]<\/p>\n","protected":false},"author":5,"featured_media":56076,"comment_status":"closed","ping_status":"closed","sticky":false,"template":"","format":"standard","meta":{"_uf_show_specific_survey":0,"_uf_disable_surveys":false,"advanced_seo_description":"","jetpack_seo_html_title":"","jetpack_seo_noindex":false,"jetpack_post_was_ever_published":false,"_jetpack_newsletter_access":"","_jetpack_dont_email_post_to_subs":false,"_jetpack_newsletter_tier_id":0,"_jetpack_memberships_contains_paywalled_content":false,"_jetpack_memberships_contains_paid_content":false,"footnotes":"","jetpack_publicize_message":"","jetpack_publicize_feature_enabled":true,"jetpack_social_post_already_shared":true,"jetpack_social_options":{"image_generator_settings":{"template":"highway","default_image_id":0,"font":"","enabled":false},"version":2}},"categories":[1724,36],"tags":[760],"class_list":{"0":"post-56075","1":"post","2":"type-post","3":"status-publish","4":"format-standard","5":"has-post-thumbnail","7":"category-featured","8":"category-oaxaca","9":"tag-feminicidio"},"jetpack_publicize_connections":[],"jetpack_featured_media_url":"https:\/\/i0.wp.com\/mexicocodigorojo.com.mx\/wp-content\/uploads\/2023\/05\/f685x385-144710_182403_5566.webp?fit=685%2C385&ssl=1","jetpack-related-posts":[{"id":39761,"url":"https:\/\/mexicocodigorojo.com.mx\/?p=39761","url_meta":{"origin":56075,"position":0},"title":"Hallan cuerpo de F\u00e1tima en fosa clandestina, ten\u00eda 18 a\u00f1os","author":"Staff","date":"junio 15, 2020","format":false,"excerpt":"Fuerzas federales y estatales localizaron en una fosa clandestina el cad\u00e1ver de unajoven de 18 a\u00f1os\u00a0de edad, reportada como desaparecida en marzo pasado en el municipio de\u00a0San Juan Bautista Tuxtepec, Oaxaca. Seg\u00fan revelaciones de las corporaciones ministeriales, se trata de F\u00e1tima P. M, desaparecida el 2 de marzo del presente\u2026","rel":"","context":"En \u00abOaxaca\u00bb","block_context":{"text":"Oaxaca","link":"https:\/\/mexicocodigorojo.com.mx\/?cat=36"},"img":{"alt_text":"","src":"","width":0,"height":0},"classes":[]},{"id":22243,"url":"https:\/\/mexicocodigorojo.com.mx\/?p=22243","url_meta":{"origin":56075,"position":1},"title":"Investigar\u00e1n como feminicidio hallazgo de mujer en Oaxaca","author":"Staff","date":"agosto 19, 2019","format":false,"excerpt":"El cad\u00e1ver de Mar\u00eda Eugenia G., de 19 a\u00f1os de edad, fue hallado la ma\u00f1ana del domingo en un camino de terracer\u00eda hacia una playa de Oaxaca El 18 de agosto fue hallado el cad\u00e1ver de una\u00a0mujer\u00a0en Puerto Escondido,\u00a0Oaxaca, y por las caracter\u00edsticas en las que se encontr\u00f3, la Fiscal\u00eda\u2026","rel":"","context":"En \u00abOaxaca\u00bb","block_context":{"text":"Oaxaca","link":"https:\/\/mexicocodigorojo.com.mx\/?cat=36"},"img":{"alt_text":"","src":"https:\/\/i0.wp.com\/mexicocodigorojo.com.mx\/wp-content\/uploads\/2019\/08\/maria-eugenia-g.jpg?fit=980%2C550&ssl=1&resize=350%2C200","width":350,"height":200,"srcset":"https:\/\/i0.wp.com\/mexicocodigorojo.com.mx\/wp-content\/uploads\/2019\/08\/maria-eugenia-g.jpg?fit=980%2C550&ssl=1&resize=350%2C200 1x, https:\/\/i0.wp.com\/mexicocodigorojo.com.mx\/wp-content\/uploads\/2019\/08\/maria-eugenia-g.jpg?fit=980%2C550&ssl=1&resize=525%2C300 1.5x, https:\/\/i0.wp.com\/mexicocodigorojo.com.mx\/wp-content\/uploads\/2019\/08\/maria-eugenia-g.jpg?fit=980%2C550&ssl=1&resize=700%2C400 2x"},"classes":[]},{"id":54279,"url":"https:\/\/mexicocodigorojo.com.mx\/?p=54279","url_meta":{"origin":56075,"position":2},"title":"Ejecutan a empleada de Pemex cerca de refiner\u00eda en Oaxaca","author":"Staff","date":"octubre 7, 2022","format":false,"excerpt":"Una\u00a0mujer\u00a0identificada como Adriana M.G de 50 a\u00f1os de edad fue\u00a0asesinada\u00a0la ma\u00f1ana de este mi\u00e9rcoles cuando circulaba en su veh\u00edculo en las inmediaciones de la\u00a0refiner\u00eda del Pemex, Antonio Doval\u00ed Jaime, en Salina Cruz, Oaxaca. La v\u00edctima\u00a0era encargada de una pensi\u00f3n de pipas de la\u00a0refiner\u00eda en donde era responsable de la distribuci\u00f3n\u2026","rel":"","context":"En \u00abFeatured\u00bb","block_context":{"text":"Featured","link":"https:\/\/mexicocodigorojo.com.mx\/?cat=1724"},"img":{"alt_text":"","src":"https:\/\/i0.wp.com\/mexicocodigorojo.com.mx\/wp-content\/uploads\/2022\/10\/f1280x720-355874_487549_5050.jpg?fit=1200%2C675&ssl=1&resize=350%2C200","width":350,"height":200,"srcset":"https:\/\/i0.wp.com\/mexicocodigorojo.com.mx\/wp-content\/uploads\/2022\/10\/f1280x720-355874_487549_5050.jpg?fit=1200%2C675&ssl=1&resize=350%2C200 1x, https:\/\/i0.wp.com\/mexicocodigorojo.com.mx\/wp-content\/uploads\/2022\/10\/f1280x720-355874_487549_5050.jpg?fit=1200%2C675&ssl=1&resize=525%2C300 1.5x, https:\/\/i0.wp.com\/mexicocodigorojo.com.mx\/wp-content\/uploads\/2022\/10\/f1280x720-355874_487549_5050.jpg?fit=1200%2C675&ssl=1&resize=700%2C400 2x, https:\/\/i0.wp.com\/mexicocodigorojo.com.mx\/wp-content\/uploads\/2022\/10\/f1280x720-355874_487549_5050.jpg?fit=1200%2C675&ssl=1&resize=1050%2C600 3x"},"classes":[]},{"id":64267,"url":"https:\/\/mexicocodigorojo.com.mx\/?p=64267","url_meta":{"origin":56075,"position":3},"title":"Asesinan a alcaldesa en Oaxaca: violencia pol\u00edtica sin freno","author":"Staff","date":"junio 16, 2025","format":false,"excerpt":"LILIA GEMA GARC\u00cdA SOTO, presidenta municipal de San Mateo Pi\u00f1as, fue asesinada a balazos este domingo dentro del Palacio Municipal. El crimen ocurri\u00f3 alrededor de las 11:00 horas, cuando un grupo armado irrumpi\u00f3 en la sede del ayuntamiento y abri\u00f3 fuego contra la edil y un funcionario municipal, quien tambi\u00e9n\u2026","rel":"","context":"En \u00abFeatured\u00bb","block_context":{"text":"Featured","link":"https:\/\/mexicocodigorojo.com.mx\/?cat=1724"},"img":{"alt_text":"","src":"https:\/\/i0.wp.com\/mexicocodigorojo.com.mx\/wp-content\/uploads\/2025\/06\/img_3848-1.jpg?fit=1200%2C1200&ssl=1&resize=350%2C200","width":350,"height":200,"srcset":"https:\/\/i0.wp.com\/mexicocodigorojo.com.mx\/wp-content\/uploads\/2025\/06\/img_3848-1.jpg?fit=1200%2C1200&ssl=1&resize=350%2C200 1x, https:\/\/i0.wp.com\/mexicocodigorojo.com.mx\/wp-content\/uploads\/2025\/06\/img_3848-1.jpg?fit=1200%2C1200&ssl=1&resize=525%2C300 1.5x, https:\/\/i0.wp.com\/mexicocodigorojo.com.mx\/wp-content\/uploads\/2025\/06\/img_3848-1.jpg?fit=1200%2C1200&ssl=1&resize=700%2C400 2x, https:\/\/i0.wp.com\/mexicocodigorojo.com.mx\/wp-content\/uploads\/2025\/06\/img_3848-1.jpg?fit=1200%2C1200&ssl=1&resize=1050%2C600 3x"},"classes":[]},{"id":61167,"url":"https:\/\/mexicocodigorojo.com.mx\/?p=61167","url_meta":{"origin":56075,"position":4},"title":"Asesinan a s\u00edndico municipal de Santiago en Oaxaca","author":"MCR","date":"mayo 28, 2024","format":false,"excerpt":"Lamentable situaci\u00f3n.\u00a0 Un s\u00edndico municipal fue asesinado el lunes a balazos en una comunidad del sur de M\u00e9xico, anunciaron autoridades estales. El incidente tuvo lugar por la tarde en el municipio de Santiago Amoltepec del estado sure\u00f1o de Oaxaca, donde un grupo de pobladores bale\u00f3 a varias personas en las\u2026","rel":"","context":"En \u00abFeatured\u00bb","block_context":{"text":"Featured","link":"https:\/\/mexicocodigorojo.com.mx\/?cat=1724"},"img":{"alt_text":"","src":"https:\/\/i0.wp.com\/mexicocodigorojo.com.mx\/wp-content\/uploads\/2024\/05\/f608x342-199987_229710_80.jpeg?fit=608%2C342&ssl=1&resize=350%2C200","width":350,"height":200,"srcset":"https:\/\/i0.wp.com\/mexicocodigorojo.com.mx\/wp-content\/uploads\/2024\/05\/f608x342-199987_229710_80.jpeg?fit=608%2C342&ssl=1&resize=350%2C200 1x, https:\/\/i0.wp.com\/mexicocodigorojo.com.mx\/wp-content\/uploads\/2024\/05\/f608x342-199987_229710_80.jpeg?fit=608%2C342&ssl=1&resize=525%2C300 1.5x"},"classes":[]},{"id":28130,"url":"https:\/\/mexicocodigorojo.com.mx\/?p=28130","url_meta":{"origin":56075,"position":5},"title":"BALACERA ENTRE SICARIOS DEL CJNG vs LA  GUARDIA NACIONAL &#038; SEDENAmx EN RIOMANSO OAXACA","author":"MexicoRojo","date":"diciembre 2, 2019","format":false,"excerpt":"De esta forma quedaron abatidos los 4 masculinos el d\u00eda domingo 01 de diciembre en San Jos\u00e9 Riomanso En Lalana Oaxaca esto despu\u00e9s de darse un enfrentamiento contra elementos de la Guardia Nacional & SEDENAMX. En las im\u00e1genes que circulan en redes sociales se muestra tambi\u00e9n un sicario joven abatido\u2026","rel":"","context":"En \u00abOaxaca\u00bb","block_context":{"text":"Oaxaca","link":"https:\/\/mexicocodigorojo.com.mx\/?cat=36"},"img":{"alt_text":"","src":"https:\/\/i0.wp.com\/secureservercdn.net\/166.62.108.22\/cg1.af3.myftpupload.com\/wp-content\/uploads\/2019\/12\/fb_img_15753679897011815668594.jpg?resize=350%2C200&ssl=1","width":350,"height":200,"srcset":"https:\/\/i0.wp.com\/secureservercdn.net\/166.62.108.22\/cg1.af3.myftpupload.com\/wp-content\/uploads\/2019\/12\/fb_img_15753679897011815668594.jpg?resize=350%2C200&ssl=1 1x, https:\/\/i0.wp.com\/secureservercdn.net\/166.62.108.22\/cg1.af3.myftpupload.com\/wp-content\/uploads\/2019\/12\/fb_img_15753679897011815668594.jpg?resize=525%2C300&ssl=1 1.5x, https:\/\/i0.wp.com\/secureservercdn.net\/166.62.108.22\/cg1.af3.myftpupload.com\/wp-content\/uploads\/2019\/12\/fb_img_15753679897011815668594.jpg?resize=700%2C400&ssl=1 2x"},"classes":[]}],"jetpack_sharing_enabled":true,"jetpack_likes_enabled":true,"jetpack_shortlink":"https:\/\/wp.me\/p9TedA-eAr","_links":{"self":[{"href":"https:\/\/mexicocodigorojo.com.mx\/index.php?rest_route=\/wp\/v2\/posts\/56075","targetHints":{"allow":["GET"]}}],"collection":[{"href":"https:\/\/mexicocodigorojo.com.mx\/index.php?rest_route=\/wp\/v2\/posts"}],"about":[{"href":"https:\/\/mexicocodigorojo.com.mx\/index.php?rest_route=\/wp\/v2\/types\/post"}],"author":[{"embeddable":true,"href":"https:\/\/mexicocodigorojo.com.mx\/index.php?rest_route=\/wp\/v2\/users\/5"}],"replies":[{"embeddable":true,"href":"https:\/\/mexicocodigorojo.com.mx\/index.php?rest_route=%2Fwp%2Fv2%2Fcomments&post=56075"}],"version-history":[{"count":1,"href":"https:\/\/mexicocodigorojo.com.mx\/index.php?rest_route=\/wp\/v2\/posts\/56075\/revisions"}],"predecessor-version":[{"id":56077,"href":"https:\/\/mexicocodigorojo.com.mx\/index.php?rest_route=\/wp\/v2\/posts\/56075\/revisions\/56077"}],"wp:featuredmedia":[{"embeddable":true,"href":"https:\/\/mexicocodigorojo.com.mx\/index.php?rest_route=\/wp\/v2\/media\/56076"}],"wp:attachment":[{"href":"https:\/\/mexicocodigorojo.com.mx\/index.php?rest_route=%2Fwp%2Fv2%2Fmedia&parent=56075"}],"wp:term":[{"taxonomy":"category","embeddable":true,"href":"https:\/\/mexicocodigorojo.com.mx\/index.php?rest_route=%2Fwp%2Fv2%2Fcategories&post=56075"},{"taxonomy":"post_tag","embeddable":true,"href":"https:\/\/mexicocodigorojo.com.mx\/index.php?rest_route=%2Fwp%2Fv2%2Ftags&post=56075"}],"curies":[{"name":"wp","href":"https:\/\/api.w.org\/{rel}","templated":true}]}}