{"id":56010,"date":"2023-05-05T16:08:05","date_gmt":"2023-05-05T22:08:05","guid":{"rendered":"https:\/\/mexicocodigorojo.com.mx\/?p=56010"},"modified":"2023-05-05T16:08:05","modified_gmt":"2023-05-05T22:08:05","slug":"detienen-a-el-r-sobrino-de-caro-quintero-y-operador-del-cartel-de-caborca","status":"publish","type":"post","link":"https:\/\/mexicocodigorojo.com.mx\/?p=56010","title":{"rendered":"Detienen a \u2018El R\u2019, sobrino de &#8216;Caro Quintero&#8217; y operador del C\u00e1rtel de Caborca"},"content":{"rendered":"<p class=\"default__StyledText-xb1qmn-0 cgXrXK body-paragraph\">Rodrigo \u2018N\u2019, mejor apodado \u2018El R\u2019 e identificado como el sobrino de\u00a0Rafael Caro Quintero\u00a0-fundador del extinto C\u00e1rtel de Guadalajara-, fue detenido por personal de la<b>\u00a0Fiscal\u00eda General de la Rep\u00fablica (FGR) y la Secretar\u00eda de Marina (Semar).<\/b><\/p>\n<p class=\"default__StyledText-xb1qmn-0 cgXrXK body-paragraph\">Rodrigo \u2018N\u2019, tambi\u00e9n conocido\u00a0<b>como \u2018Lito\u2019 o \u2018Mario\u2019,<\/b>\u00a0ten\u00eda una disputa por la plaza contra la c\u00e9lula del C\u00e1rtel de Sinaloa, comandada por \u2018Los Chapitos\u2019, hijos de\u00a0Joaqu\u00edn Guzm\u00e1n Loera, \u2018El Chapo\u2019.<\/p>\n<div id=\"arcad-feature-9110\" class=\"default__StyledAdUnit-ijbiyl-0 dmQA-dM arcad-feature margin-md-bottom \">\n<div class=\"arcad-container\">\n<div id=\"lazy_3\">\n<div id=\"inread_oop\" class=\"arcad ad-1x1\" data-google-query-id=\"CIbW6PyK3_4CFYfBKAUdoPMPOg\">\n<div id=\"google_ads_iframe_\/77835600\/ElFinanciero__internas\/inread_oop_0__container__\"><\/div>\n<\/div>\n<\/div>\n<\/div>\n<\/div>\n<p class=\"default__StyledText-xb1qmn-0 cgXrXK body-paragraph\">Su detenci\u00f3n, con fines de extradici\u00f3n, se registr\u00f3 en el fraccionamiento<b>\u00a0residencial Santa Rita en Zapopan,\u00a0<\/b>Jalisco, donde se realiz\u00f3 un operativo en el que no se efectu\u00f3 un solo disparo.<\/p>\n<p class=\"default__StyledText-xb1qmn-0 cgXrXK body-paragraph\">El\u00a0sobrino de Caro Quintero\u00a0fue hallado herido tras una presunta confrontaci\u00f3n en Zapopan; se le se\u00f1ala por su probable participaci\u00f3n en los delitos de asociaci\u00f3n\u00a0<b>delictuosa y contra la salud.<\/b><\/p>\n<div class=\"inline-promo-wrapper inline-promo-image\">\n<p class=\"default__StyledText-xb1qmn-0 cgXrXK body-paragraph\">En la diligencia participaron integrantes de la Polic\u00eda Federal Ministerial (PFM), de la Direcci\u00f3n General de Asuntos Policiales Internacionales e Interpol, adem\u00e1s de la Fiscal\u00eda Especializada en Materia de Delincuencia Organizada (FEMDO).<\/p>\n<p class=\"default__StyledText-xb1qmn-0 cgXrXK body-paragraph\">La orden de captura se emprendi\u00f3 por orden de un juez del Distrito Especializado en el Sistema Penal Acusatorio del\u00a0<b>Centro de Justicia Penal Federal en la Ciudad de M\u00e9xico,<\/b>\u00a0quien requiri\u00f3 la detenci\u00f3n de \u2018El R\u2019 por se considerado uno de los l\u00edderes de la organizaci\u00f3n criminal de su t\u00edo denominada \u201cC\u00e1rtel de Caborca\u201d.<\/p>\n<div id=\"arcad-feature-9754\" class=\"default__StyledAdUnit-ijbiyl-0 dmQA-dM arcad-feature margin-md-bottom \">\n<div>\n<article class=\"default__ArticleBody-xb1qmn-2 TQmIj article-body-wrapper\">\n<p class=\"default__StyledText-xb1qmn-0 cgXrXK body-paragraph\">Adem\u00e1s, se le considera como un objetivo prioritario para la Secretar\u00eda de la Defensa Nacional (Sedena); uno de sus allegados y jefe de sicarios es identificado como\u00a0<b>Jes\u00fas Dar\u00edo Murrieta Navarro,\u00a0<\/b>un hombre apodado como \u2018El Cara de Cochi\u2019, a quien se considera el responsable del grupo armado La Barredora 24\/7.<\/p>\n<p class=\"default__StyledText-xb1qmn-0 cgXrXK body-paragraph\">Seg\u00fan investigaciones de la organizaci\u00f3n Insight Crime, tras la captura de\u00a0Rafael Caro Quintero, los hijos de\u00a0<b>Joaqu\u00edn \u201cEl Chapo\u201d Guzm\u00e1n\u00a0<\/b>trataron de ganar terreno en Sonora, lugar estrat\u00e9gico para el trasiego de drogas hacia Estados Unidos.<\/p>\n<p class=\"default__StyledText-xb1qmn-0 cgXrXK body-paragraph\">El grupo delictivo lleva varias d\u00e9cadas trabajando, aunque no siempre ha sido llamado \u2018Cartel de Caborca\u2019, el cual es considerado due\u00f1o de la ruta Guaymas a Nogales desde los a\u00f1os 80\u2032s y ostenta un organigrama empresarial que ofrece \u2018bases laborales\u2019 de sicarios.<\/p>\n<\/article>\n<\/div>\n<\/div>\n<\/div>\n","protected":false},"excerpt":{"rendered":"<p>Rodrigo \u2018N\u2019, mejor apodado \u2018El R\u2019 e identificado como el sobrino de\u00a0Rafael Caro Quintero\u00a0-fundador del extinto C\u00e1rtel de Guadalajara-, fue detenido por personal de la\u00a0Fiscal\u00eda General de la Rep\u00fablica (FGR) y la Secretar\u00eda de Marina (Semar). Rodrigo \u2018N\u2019, tambi\u00e9n conocido\u00a0como \u2018Lito\u2019 o \u2018Mario\u2019,\u00a0ten\u00eda una disputa por la plaza contra la c\u00e9lula del C\u00e1rtel de Sinaloa, [&hellip;]<\/p>\n","protected":false},"author":5,"featured_media":56011,"comment_status":"closed","ping_status":"closed","sticky":false,"template":"","format":"standard","meta":{"_uf_show_specific_survey":0,"_uf_disable_surveys":false,"advanced_seo_description":"","jetpack_seo_html_title":"","jetpack_seo_noindex":false,"jetpack_post_was_ever_published":false,"_jetpack_newsletter_access":"","_jetpack_dont_email_post_to_subs":false,"_jetpack_newsletter_tier_id":0,"_jetpack_memberships_contains_paywalled_content":false,"_jetpack_memberships_contains_paid_content":false,"footnotes":"","jetpack_publicize_message":"","jetpack_publicize_feature_enabled":true,"jetpack_social_post_already_shared":true,"jetpack_social_options":{"image_generator_settings":{"template":"highway","default_image_id":0,"font":"","enabled":false},"version":2}},"categories":[1724,8],"tags":[2173],"class_list":{"0":"post-56010","1":"post","2":"type-post","3":"status-publish","4":"format-standard","5":"has-post-thumbnail","7":"category-featured","8":"category-jalisco","9":"tag-narcotrafico-2"},"jetpack_publicize_connections":[],"jetpack_featured_media_url":"https:\/\/i0.wp.com\/mexicocodigorojo.com.mx\/wp-content\/uploads\/2023\/05\/ElR.jpg?fit=1200%2C740&ssl=1","jetpack-related-posts":[{"id":43578,"url":"https:\/\/mexicocodigorojo.com.mx\/?p=43578","url_meta":{"origin":56010,"position":0},"title":"VIDEO EXHIBEN A MILITAR QUE ESTA EN NOMINA DE LA BARREDORA 24\/7 O CARTEL DE CABORCA EN SONORA","author":"MexicoRojo","date":"octubre 5, 2020","format":false,"excerpt":"Militar grabado poni\u00e9ndose de acuerdo con gente de Caro Quintero en el estado de Sonora.\"La barredora\", como se hace llamar esta gente, pide al militar que les permita el paso hacia una comunidad. \"Ah\u00ed me avisan si van a subir para el cerro\", contest\u00f3 el militar a la petici\u00f3n de\u2026","rel":"","context":"En \u00abFeatured\u00bb","block_context":{"text":"Featured","link":"https:\/\/mexicocodigorojo.com.mx\/?cat=1724"},"img":{"alt_text":"","src":"","width":0,"height":0},"classes":[]},{"id":45252,"url":"https:\/\/mexicocodigorojo.com.mx\/?p=45252","url_meta":{"origin":56010,"position":1},"title":"Caro Quintero encabeza lista de los 10 fugitivos m\u00e1s buscados de la DEA","author":"Staff","date":"noviembre 23, 2020","format":false,"excerpt":"En la lista tambi\u00e9n se incluye a Ismael 'El Mayo' Zambada y a Nemesio Oseguera Cervantes 'El Mencho', l\u00edder del C\u00e1rtel de Jalisco Nueva Generaci\u00f3n La\u00a0Administraci\u00f3n para el Control de Drogas\u00a0(DEA) de los Estados Unidos, puso a\u00a0Rafael Caro Quintero\u00a0en el\u00a0primer lugar entre los 10 fugitivos m\u00e1s buscados\u00a0de ese pa\u00eds. En\u2026","rel":"","context":"En \u00abInternacional\u00bb","block_context":{"text":"Internacional","link":"https:\/\/mexicocodigorojo.com.mx\/?cat=14"},"img":{"alt_text":"","src":"https:\/\/i0.wp.com\/mexicocodigorojo.com.mx\/wp-content\/uploads\/2020\/11\/109410479__100849336_130812161924_dea_museum_gallery_10_976x549_museodeladea.jpg?fit=640%2C640&ssl=1&resize=350%2C200","width":350,"height":200,"srcset":"https:\/\/i0.wp.com\/mexicocodigorojo.com.mx\/wp-content\/uploads\/2020\/11\/109410479__100849336_130812161924_dea_museum_gallery_10_976x549_museodeladea.jpg?fit=640%2C640&ssl=1&resize=350%2C200 1x, https:\/\/i0.wp.com\/mexicocodigorojo.com.mx\/wp-content\/uploads\/2020\/11\/109410479__100849336_130812161924_dea_museum_gallery_10_976x549_museodeladea.jpg?fit=640%2C640&ssl=1&resize=525%2C300 1.5x"},"classes":[]},{"id":47474,"url":"https:\/\/mexicocodigorojo.com.mx\/?p=47474","url_meta":{"origin":56010,"position":2},"title":"Detienen en Edomex a Juan Pablo Quintero, sobrino de Caro Quintero","author":"Staff","date":"marzo 4, 2021","format":false,"excerpt":"Aquel\u00a0hombre de 32 a\u00f1os acudi\u00f3 con dos amigos para concretar la venta de una consola de videojuegos,\u00a0pero se resisti\u00f3 a ser despojado de su Xbox y fue asesinado; el autor del crimen cay\u00f3 tres meses despu\u00e9s, cuando fue reportado que se trataba de\u00a0Juan Pablo Quintero Mart\u00ednez, sobrino de\u00a0Rafael Caro Quintero,\u2026","rel":"","context":"En \u00abFeatured\u00bb","block_context":{"text":"Featured","link":"https:\/\/mexicocodigorojo.com.mx\/?cat=1724"},"img":{"alt_text":"","src":"https:\/\/i0.wp.com\/mexicocodigorojo.com.mx\/wp-content\/uploads\/2021\/03\/IRQYFKZK65HITG2IGSXBMPZ6EA.jpg?fit=992%2C558&ssl=1&resize=350%2C200","width":350,"height":200,"srcset":"https:\/\/i0.wp.com\/mexicocodigorojo.com.mx\/wp-content\/uploads\/2021\/03\/IRQYFKZK65HITG2IGSXBMPZ6EA.jpg?fit=992%2C558&ssl=1&resize=350%2C200 1x, https:\/\/i0.wp.com\/mexicocodigorojo.com.mx\/wp-content\/uploads\/2021\/03\/IRQYFKZK65HITG2IGSXBMPZ6EA.jpg?fit=992%2C558&ssl=1&resize=525%2C300 1.5x, https:\/\/i0.wp.com\/mexicocodigorojo.com.mx\/wp-content\/uploads\/2021\/03\/IRQYFKZK65HITG2IGSXBMPZ6EA.jpg?fit=992%2C558&ssl=1&resize=700%2C400 2x"},"classes":[]},{"id":52899,"url":"https:\/\/mexicocodigorojo.com.mx\/?p=52899","url_meta":{"origin":56010,"position":3},"title":"DEA lanza campa\u00f1a para capturar a Caro Quintero, Mayo Zambada y Los Chapitos","author":"Staff","date":"mayo 9, 2022","format":false,"excerpt":"La Administraci\u00f3n de Control de Drogas de EU ofreci\u00f3 45 millones de d\u00f3lares por los l\u00edderes del narcotr\u00e1fico La Administraci\u00f3n de Control de Drogas (DEA por sus siglas en ingl\u00e9s), lanz\u00f3 carteles para atrapar a las cabecillas del C\u00e1rtel de Sinaloa. El cartel anuncia recompensas para encontrar a varios lideres\u2026","rel":"","context":"En \u00abFeatured\u00bb","block_context":{"text":"Featured","link":"https:\/\/mexicocodigorojo.com.mx\/?cat=1724"},"img":{"alt_text":"","src":"https:\/\/i0.wp.com\/mexicocodigorojo.com.mx\/wp-content\/uploads\/2022\/05\/FB_IMG_1652142706377.jpg?fit=720%2C960&ssl=1&resize=350%2C200","width":350,"height":200,"srcset":"https:\/\/i0.wp.com\/mexicocodigorojo.com.mx\/wp-content\/uploads\/2022\/05\/FB_IMG_1652142706377.jpg?fit=720%2C960&ssl=1&resize=350%2C200 1x, https:\/\/i0.wp.com\/mexicocodigorojo.com.mx\/wp-content\/uploads\/2022\/05\/FB_IMG_1652142706377.jpg?fit=720%2C960&ssl=1&resize=525%2C300 1.5x, https:\/\/i0.wp.com\/mexicocodigorojo.com.mx\/wp-content\/uploads\/2022\/05\/FB_IMG_1652142706377.jpg?fit=720%2C960&ssl=1&resize=700%2C400 2x"},"classes":[]},{"id":61337,"url":"https:\/\/mexicocodigorojo.com.mx\/?p=61337","url_meta":{"origin":56010,"position":4},"title":"\u00bfQui\u00e9n es Caro Quintero?: De Fundador del C\u00e1rtel de Guadalajara a enemigo de Los Chapitos","author":"MCR","date":"junio 2, 2024","format":false,"excerpt":"En un intento por evitar su extradici\u00f3n a Estados Unidos, Rafael Caro Quintero consigui\u00f3 un amparo para evitar que sea enviado a una Corte de California donde tiene cargos pendientes por el secuestro, tortura y asesinado del exagente de la DEA, Enrique \u201cKiki\u201d Camarena. A sus 71 a\u00f1os, podr\u00edamos pensar\u2026","rel":"","context":"En \u00abCiudad de M\u00e9xico\u00bb","block_context":{"text":"Ciudad de M\u00e9xico","link":"https:\/\/mexicocodigorojo.com.mx\/?cat=101"},"img":{"alt_text":"","src":"https:\/\/i0.wp.com\/mexicocodigorojo.com.mx\/wp-content\/uploads\/2024\/06\/Screenshot_20240602_213349_Gallery.jpg?fit=1200%2C688&ssl=1&resize=350%2C200","width":350,"height":200,"srcset":"https:\/\/i0.wp.com\/mexicocodigorojo.com.mx\/wp-content\/uploads\/2024\/06\/Screenshot_20240602_213349_Gallery.jpg?fit=1200%2C688&ssl=1&resize=350%2C200 1x, https:\/\/i0.wp.com\/mexicocodigorojo.com.mx\/wp-content\/uploads\/2024\/06\/Screenshot_20240602_213349_Gallery.jpg?fit=1200%2C688&ssl=1&resize=525%2C300 1.5x, https:\/\/i0.wp.com\/mexicocodigorojo.com.mx\/wp-content\/uploads\/2024\/06\/Screenshot_20240602_213349_Gallery.jpg?fit=1200%2C688&ssl=1&resize=700%2C400 2x, https:\/\/i0.wp.com\/mexicocodigorojo.com.mx\/wp-content\/uploads\/2024\/06\/Screenshot_20240602_213349_Gallery.jpg?fit=1200%2C688&ssl=1&resize=1050%2C600 3x"},"classes":[]},{"id":53416,"url":"https:\/\/mexicocodigorojo.com.mx\/?p=53416","url_meta":{"origin":56010,"position":5},"title":"Juez frena la extradici\u00f3n de Rafael Caro Quintero a EE.UU.","author":"Staff","date":"julio 18, 2022","format":false,"excerpt":"Un juez de M\u00e9xico suspendi\u00f3 la extradici\u00f3n a Estados Unidos de Rafael Caro Quintero, uno de los hombres m\u00e1s buscados por el FBI y quien fue detenido el pasado 15 de julio, seg\u00fan un fallo que conoci\u00f3 CNN. En su contra pesaba una orden para extraditarlo. La decisi\u00f3n judicial responde\u2026","rel":"","context":"En \u00abFeatured\u00bb","block_context":{"text":"Featured","link":"https:\/\/mexicocodigorojo.com.mx\/?cat=1724"},"img":{"alt_text":"","src":"","width":0,"height":0},"classes":[]}],"jetpack_sharing_enabled":true,"jetpack_likes_enabled":true,"jetpack_shortlink":"https:\/\/wp.me\/p9TedA-ezo","_links":{"self":[{"href":"https:\/\/mexicocodigorojo.com.mx\/index.php?rest_route=\/wp\/v2\/posts\/56010","targetHints":{"allow":["GET"]}}],"collection":[{"href":"https:\/\/mexicocodigorojo.com.mx\/index.php?rest_route=\/wp\/v2\/posts"}],"about":[{"href":"https:\/\/mexicocodigorojo.com.mx\/index.php?rest_route=\/wp\/v2\/types\/post"}],"author":[{"embeddable":true,"href":"https:\/\/mexicocodigorojo.com.mx\/index.php?rest_route=\/wp\/v2\/users\/5"}],"replies":[{"embeddable":true,"href":"https:\/\/mexicocodigorojo.com.mx\/index.php?rest_route=%2Fwp%2Fv2%2Fcomments&post=56010"}],"version-history":[{"count":1,"href":"https:\/\/mexicocodigorojo.com.mx\/index.php?rest_route=\/wp\/v2\/posts\/56010\/revisions"}],"predecessor-version":[{"id":56012,"href":"https:\/\/mexicocodigorojo.com.mx\/index.php?rest_route=\/wp\/v2\/posts\/56010\/revisions\/56012"}],"wp:featuredmedia":[{"embeddable":true,"href":"https:\/\/mexicocodigorojo.com.mx\/index.php?rest_route=\/wp\/v2\/media\/56011"}],"wp:attachment":[{"href":"https:\/\/mexicocodigorojo.com.mx\/index.php?rest_route=%2Fwp%2Fv2%2Fmedia&parent=56010"}],"wp:term":[{"taxonomy":"category","embeddable":true,"href":"https:\/\/mexicocodigorojo.com.mx\/index.php?rest_route=%2Fwp%2Fv2%2Fcategories&post=56010"},{"taxonomy":"post_tag","embeddable":true,"href":"https:\/\/mexicocodigorojo.com.mx\/index.php?rest_route=%2Fwp%2Fv2%2Ftags&post=56010"}],"curies":[{"name":"wp","href":"https:\/\/api.w.org\/{rel}","templated":true}]}}