{"id":55996,"date":"2023-05-05T15:10:48","date_gmt":"2023-05-05T21:10:48","guid":{"rendered":"https:\/\/mexicocodigorojo.com.mx\/?p=55996"},"modified":"2023-05-05T15:10:48","modified_gmt":"2023-05-05T21:10:48","slug":"imagenes-fuertes-dos-policias-y-un-civil-muertos-en-jaripeo-en-coatetelco-otro-elemento-resulto-herido","status":"publish","type":"post","link":"https:\/\/mexicocodigorojo.com.mx\/?p=55996","title":{"rendered":"IM\u00c1GENES FUERTES: Dos polic\u00edas y un civil muertos en Jaripeo en Coatetelco; otro elemento result\u00f3 herido"},"content":{"rendered":"<p class=\"default__StyledText-xb1qmn-0 cgXrXK body-paragraph\">Dos polic\u00edas resultaron muertos y uno m\u00e1s qued\u00f3 herido despu\u00e9s de una<b>\u00a0ri\u00f1a en un jaripeo<\/b>\u00a0que se celebraba por el\u00a0D\u00eda de la Santa Cruz,\u00a0ello en el municipio ind\u00edgena de\u00a0Coatetelco, Morelos,\u00a0la madrugada de este jueves 4 de mayo. Los primeros informes refieren que, cuando los elementos intervinieron los agresores los desarmaron y les dispararon, hasta el momento no se sabe nada de los asesinos.<\/p>\n<p class=\"default__StyledText-xb1qmn-0 cgXrXK body-paragraph\">Los hechos ocurrieron en la avenida 5 de mayo de la colonia Pedro de Alvarado, rumbo al muelle que dirige a la Laguna de Coatetelco, en el lugar\u00a0<b>hab\u00eda cerca de 300 personas<\/b>\u00a0concentradas, de acuerdo con informaci\u00f3n de autoridades estatales.<\/p>\n<div id=\"arcad-feature-362\" class=\"default__StyledAdUnit-ijbiyl-0 dmQA-dM arcad-feature margin-md-bottom \">\n<div class=\"arcad-container\">\n<div id=\"lazy_3\">\n<div id=\"inread_oop\" class=\"arcad ad-1x1\" data-google-query-id=\"CN35gNyJ3_4CFQ3UKAUd6EQERA\">\n<div id=\"google_ads_iframe_\/77835600\/ElFinanciero__internas\/inread_oop_0__container__\"><\/div>\n<\/div>\n<\/div>\n<\/div>\n<\/div>\n<p class=\"default__StyledText-xb1qmn-0 cgXrXK body-paragraph\">Las v\u00edctimas que perdieron la vida en cumplimiento de su deber, al tratar de someter a uno de los agresores, son<b>\u00a0Juan Ernesto Galicia S\u00e1nchez\u00a0<\/b>y\u00a0<b>Roberto Iv\u00e1n Arvides Mart\u00ednez;\u00a0<\/b>el que result\u00f3 herido por una bala en la pierna es\u00a0<b>Pablo C\u00e9sar Concha Sandoval<\/b>, quien fue trasladado a un hospital.<\/p>\n<p class=\"default__StyledText-xb1qmn-0 cgXrXK body-paragraph\">Detallaron que los sujetos se\u00f1alados de participar en la ri\u00f1a, cerca de la 01:00 hora, viajaban a bordo de un Jetta color negro y, tras atacar a los uniformados, se llevaron dos armas largas y una corta que estaban asignadas a los polic\u00edas.<\/p>\n<article class=\"container-fluid inline-promo border border_solid border_top color_black_1\">\n<div class=\"inline-promo-wrapper inline-promo-image\">\n<p class=\"default__StyledText-xb1qmn-0 cgXrXK body-paragraph\">Hasta el momento, no se tiene informaci\u00f3n de la captura de los atacantes, no obstante, el gobernador del estado,<b>\u00a0Cuauht\u00e9moc Blanco Bravo,<\/b>\u00a0lament\u00f3 los\u00a0hechos violentos\u00a0en los que perdieron la vida los polic\u00edas de la Comisi\u00f3n Estatal de Seguridad y, asegur\u00f3 que \u201cno habr\u00e1 impunidad\u201d.<\/p>\n<p class=\"default__StyledText-xb1qmn-0 cgXrXK body-paragraph\">Al lugar arribaron elementos del Servicio M\u00e9dico Forense para hacer las pesquisas de ley y el levantamiento de los cuerpos. Asimismo, se inform\u00f3 que se iniciaron denuncias ante la Fiscal\u00eda General del Estado por el<b>\u00a0robo de las armas<\/b>\u00a0que los uniformados tra\u00edan a su cargo.<\/p>\n<div id=\"arcad-feature-7892\" class=\"default__StyledAdUnit-ijbiyl-0 dmQA-dM arcad-feature margin-md-bottom \">\n<div class=\"arcad-container\">\n<div id=\"lazy_4\">\n<div id=\"box_banner1\" class=\"arcad ad-300x250\" data-google-query-id=\"CJPfiq6L3_4CFbneKAUd_NoBcQ\">\n<article class=\"default__ArticleBody-xb1qmn-2 TQmIj article-body-wrapper\">\n<p class=\"default__StyledText-xb1qmn-0 cgXrXK body-paragraph\">En lo que va del a\u00f1o, al menos cuatro polic\u00edas adheridos al Mando Coordinado han perdido la vida mientras cumplen con su trabajo, en plena crisis de escasez de elementos que se sumen a las corporaciones para garantizar la seguridad a los morelenses.<\/p>\n<p class=\"default__StyledText-xb1qmn-0 cgXrXK body-paragraph\">Esta ma\u00f1ana, autoridades de la CES, Secretar\u00eda de la Defensa Nacional (SEDENA), Guardia Nacional y Gobierno del Estado sostuvieron la reuni\u00f3n de la Mesa de Seguridad para la Paz.<\/p>\n<\/article>\n<\/div>\n<\/div>\n<\/div>\n<\/div>\n<\/div>\n<\/article>\n<p><img data-recalc-dims=\"1\" loading=\"lazy\" decoding=\"async\" class=\"aligncenter size-large wp-image-347886\" src=\"https:\/\/i0.wp.com\/www.guillermocinta.com\/wp-content\/uploads\/2023\/05\/88ce2115-87b3-454e-9a97-efcc77bb2630-518x1024.jpg?resize=518%2C1024&#038;ssl=1\" sizes=\"auto, (max-width: 518px) 100vw, 518px\" srcset=\"https:\/\/www.guillermocinta.com\/wp-content\/uploads\/2023\/05\/88ce2115-87b3-454e-9a97-efcc77bb2630-518x1024.jpg 518w, https:\/\/www.guillermocinta.com\/wp-content\/uploads\/2023\/05\/88ce2115-87b3-454e-9a97-efcc77bb2630-152x300.jpg 152w, https:\/\/www.guillermocinta.com\/wp-content\/uploads\/2023\/05\/88ce2115-87b3-454e-9a97-efcc77bb2630.jpg 521w\" alt=\"\" width=\"518\" height=\"1024\" data-pin-no-hover=\"true\" \/><\/p>\n<p><img data-recalc-dims=\"1\" loading=\"lazy\" decoding=\"async\" class=\"aligncenter size-large wp-image-347887\" src=\"https:\/\/i0.wp.com\/www.guillermocinta.com\/wp-content\/uploads\/2023\/05\/6cd849c1-4d0f-4958-b43b-d3754b36a270-1024x360.jpg?resize=696%2C245&#038;ssl=1\" sizes=\"auto, (max-width: 1024px) 100vw, 1024px\" srcset=\"https:\/\/www.guillermocinta.com\/wp-content\/uploads\/2023\/05\/6cd849c1-4d0f-4958-b43b-d3754b36a270-1024x360.jpg 1024w, https:\/\/www.guillermocinta.com\/wp-content\/uploads\/2023\/05\/6cd849c1-4d0f-4958-b43b-d3754b36a270-300x105.jpg 300w, https:\/\/www.guillermocinta.com\/wp-content\/uploads\/2023\/05\/6cd849c1-4d0f-4958-b43b-d3754b36a270-768x270.jpg 768w, https:\/\/www.guillermocinta.com\/wp-content\/uploads\/2023\/05\/6cd849c1-4d0f-4958-b43b-d3754b36a270-750x263.jpg 750w, https:\/\/www.guillermocinta.com\/wp-content\/uploads\/2023\/05\/6cd849c1-4d0f-4958-b43b-d3754b36a270-1140x400.jpg 1140w, https:\/\/www.guillermocinta.com\/wp-content\/uploads\/2023\/05\/6cd849c1-4d0f-4958-b43b-d3754b36a270.jpg 1156w\" alt=\"\" width=\"696\" height=\"245\" data-pin-no-hover=\"true\" \/><\/p>\n<p><img data-recalc-dims=\"1\" loading=\"lazy\" decoding=\"async\" class=\"aligncenter size-large wp-image-347888\" src=\"https:\/\/i0.wp.com\/www.guillermocinta.com\/wp-content\/uploads\/2023\/05\/b90f3f5e-0792-4d0c-ba0c-c354578fb02f.jpg?resize=696%2C400&#038;ssl=1\" sizes=\"auto, (max-width: 907px) 100vw, 907px\" srcset=\"https:\/\/www.guillermocinta.com\/wp-content\/uploads\/2023\/05\/b90f3f5e-0792-4d0c-ba0c-c354578fb02f.jpg 907w, https:\/\/www.guillermocinta.com\/wp-content\/uploads\/2023\/05\/b90f3f5e-0792-4d0c-ba0c-c354578fb02f-300x172.jpg 300w, https:\/\/www.guillermocinta.com\/wp-content\/uploads\/2023\/05\/b90f3f5e-0792-4d0c-ba0c-c354578fb02f-768x441.jpg 768w, https:\/\/www.guillermocinta.com\/wp-content\/uploads\/2023\/05\/b90f3f5e-0792-4d0c-ba0c-c354578fb02f-750x431.jpg 750w\" alt=\"\" width=\"696\" height=\"400\" data-pin-no-hover=\"true\" \/><\/p>\n<p><img data-recalc-dims=\"1\" loading=\"lazy\" decoding=\"async\" class=\"aligncenter size-large wp-image-347889\" src=\"https:\/\/i0.wp.com\/www.guillermocinta.com\/wp-content\/uploads\/2023\/05\/4263df6f-efb3-4d76-a2d6-8e5671aa6edd-768x1024.jpg?resize=696%2C928&#038;ssl=1\" sizes=\"auto, (max-width: 768px) 100vw, 768px\" srcset=\"https:\/\/www.guillermocinta.com\/wp-content\/uploads\/2023\/05\/4263df6f-efb3-4d76-a2d6-8e5671aa6edd-768x1024.jpg 768w, https:\/\/www.guillermocinta.com\/wp-content\/uploads\/2023\/05\/4263df6f-efb3-4d76-a2d6-8e5671aa6edd-225x300.jpg 225w, https:\/\/www.guillermocinta.com\/wp-content\/uploads\/2023\/05\/4263df6f-efb3-4d76-a2d6-8e5671aa6edd-750x1000.jpg 750w, https:\/\/www.guillermocinta.com\/wp-content\/uploads\/2023\/05\/4263df6f-efb3-4d76-a2d6-8e5671aa6edd.jpg 960w\" alt=\"\" width=\"696\" height=\"928\" data-pin-no-hover=\"true\" \/><\/p>\n<p><img data-recalc-dims=\"1\" loading=\"lazy\" decoding=\"async\" class=\"aligncenter size-large wp-image-347890\" src=\"https:\/\/i0.wp.com\/www.guillermocinta.com\/wp-content\/uploads\/2023\/05\/0018e15b-d21c-492f-9886-1f8b292895a4.jpg?resize=264%2C426&#038;ssl=1\" sizes=\"auto, (max-width: 264px) 100vw, 264px\" srcset=\"https:\/\/www.guillermocinta.com\/wp-content\/uploads\/2023\/05\/0018e15b-d21c-492f-9886-1f8b292895a4.jpg 264w, https:\/\/www.guillermocinta.com\/wp-content\/uploads\/2023\/05\/0018e15b-d21c-492f-9886-1f8b292895a4-186x300.jpg 186w\" alt=\"\" width=\"264\" height=\"426\" data-pin-no-hover=\"true\" \/><\/p>\n","protected":false},"excerpt":{"rendered":"<p>Dos polic\u00edas resultaron muertos y uno m\u00e1s qued\u00f3 herido despu\u00e9s de una\u00a0ri\u00f1a en un jaripeo\u00a0que se celebraba por el\u00a0D\u00eda de la Santa Cruz,\u00a0ello en el municipio ind\u00edgena de\u00a0Coatetelco, Morelos,\u00a0la madrugada de este jueves 4 de mayo. Los primeros informes refieren que, cuando los elementos intervinieron los agresores los desarmaron y les dispararon, hasta el momento [&hellip;]<\/p>\n","protected":false},"author":5,"featured_media":55997,"comment_status":"closed","ping_status":"closed","sticky":false,"template":"","format":"standard","meta":{"_uf_show_specific_survey":0,"_uf_disable_surveys":false,"advanced_seo_description":"","jetpack_seo_html_title":"","jetpack_seo_noindex":false,"jetpack_post_was_ever_published":false,"_jetpack_newsletter_access":"","_jetpack_dont_email_post_to_subs":false,"_jetpack_newsletter_tier_id":0,"_jetpack_memberships_contains_paywalled_content":false,"_jetpack_memberships_contains_paid_content":false,"footnotes":"","jetpack_publicize_message":"","jetpack_publicize_feature_enabled":true,"jetpack_social_post_already_shared":true,"jetpack_social_options":{"image_generator_settings":{"template":"highway","default_image_id":0,"font":"","enabled":false},"version":2}},"categories":[1724],"tags":[858],"class_list":{"0":"post-55996","1":"post","2":"type-post","3":"status-publish","4":"format-standard","5":"has-post-thumbnail","7":"category-featured","8":"tag-homicidio"},"jetpack_publicize_connections":[],"jetpack_featured_media_url":"https:\/\/i0.wp.com\/mexicocodigorojo.com.mx\/wp-content\/uploads\/2023\/05\/54638BA.webp?fit=750%2C375&ssl=1","jetpack-related-posts":[{"id":32312,"url":"https:\/\/mexicocodigorojo.com.mx\/?p=32312","url_meta":{"origin":55996,"position":0},"title":"(VIDEO) BALACERA EN UN JARIPEO EN ZACOYUCA GUERRERO","author":"MexicoRojo","date":"febrero 7, 2020","format":false,"excerpt":"Un grupo de hombres armados ingres\u00f3 en una corrida de toros que se realizaba en la comunidad de Zacacoyuca de Iguala, Guerrero y dispar\u00f3 en varias ocasiones contra los asistentes. En un video difundido en redes sociales, se observa el momento en que inicia la balacera y quienes se encuentra\u2026","rel":"","context":"En \u00abGuerrero\u00bb","block_context":{"text":"Guerrero","link":"https:\/\/mexicocodigorojo.com.mx\/?cat=26"},"img":{"alt_text":"","src":"","width":0,"height":0},"classes":[]},{"id":32991,"url":"https:\/\/mexicocodigorojo.com.mx\/?p=32991","url_meta":{"origin":55996,"position":1},"title":"Balacera en Reynosa deja dos muertos y un herido","author":"Staff","date":"febrero 16, 2020","format":false,"excerpt":"Reynosa, Tamaulipas.- Polic\u00edas estatales fueron agredidos a balazos en la carretera Reynosa a R\u00edo Bravo este domingo a la altura de mi tiendita por la colonia la Joya, por lo que comenz\u00f3 una persecuci\u00f3n al tiempo que repel\u00edan el ataque. Los elementos policiacos solicitaron apoyo a sus compa\u00f1eros por lo\u2026","rel":"","context":"En \u00abTamaulipas\u00bb","block_context":{"text":"Tamaulipas","link":"https:\/\/mexicocodigorojo.com.mx\/?cat=2"},"img":{"alt_text":"","src":"https:\/\/i0.wp.com\/mexicocodigorojo.com.mx\/wp-content\/uploads\/2020\/02\/img_5365-492x1024.jpg?resize=350%2C200&ssl=1","width":350,"height":200},"classes":[]},{"id":59547,"url":"https:\/\/mexicocodigorojo.com.mx\/?p=59547","url_meta":{"origin":55996,"position":2},"title":"Balean a polic\u00edas en Chiapas; dos muertos","author":"MCR","date":"abril 10, 2024","format":false,"excerpt":"Tuxtla Gutierrez, Chiapas. El pasado lunes dos polic\u00edas de la Secretar\u00eda de Seguridad y Protecci\u00f3n Ciudadana perdieron la vida a sangre fr\u00eda en el municipio de Ocozocuatla, en la capital Tuxtla Guti\u00e9rrez. Segun el reporte con fuentes de la policia, fueron atacados cuando se encontraban afuera de las oficinas de\u2026","rel":"","context":"En \u00abChiapas\u00bb","block_context":{"text":"Chiapas","link":"https:\/\/mexicocodigorojo.com.mx\/?cat=75"},"img":{"alt_text":"","src":"https:\/\/i0.wp.com\/mexicocodigorojo.com.mx\/wp-content\/uploads\/2024\/04\/f608x342-196746_226469_24.jpg?fit=608%2C342&ssl=1&resize=350%2C200","width":350,"height":200,"srcset":"https:\/\/i0.wp.com\/mexicocodigorojo.com.mx\/wp-content\/uploads\/2024\/04\/f608x342-196746_226469_24.jpg?fit=608%2C342&ssl=1&resize=350%2C200 1x, https:\/\/i0.wp.com\/mexicocodigorojo.com.mx\/wp-content\/uploads\/2024\/04\/f608x342-196746_226469_24.jpg?fit=608%2C342&ssl=1&resize=525%2C300 1.5x"},"classes":[]},{"id":38855,"url":"https:\/\/mexicocodigorojo.com.mx\/?p=38855","url_meta":{"origin":55996,"position":3},"title":"Confirman tres muertos y un herido en Iyotla, municipio de Leonardo Bravo","author":"Staff","date":"mayo 29, 2020","format":false,"excerpt":"Una de las v\u00edctimas mortales fue calcinada Hay por lo menos 15 casas baleadas Todav\u00eda no se conoce el saldo en Tepozonaldo En Iyotla, municipio de Leonardo Bravo, las autoridades confirmaron el asesinato de tres presuntos pistoleros, uno de ellos calcinado, aunque se tienen reportes de m\u00e1s enfrentamientos en Tepozonalco,\u2026","rel":"","context":"En \u00abFeatured\u00bb","block_context":{"text":"Featured","link":"https:\/\/mexicocodigorojo.com.mx\/?cat=1724"},"img":{"alt_text":"","src":"https:\/\/i0.wp.com\/secureservercdn.net\/166.62.108.22\/cg1.af3.myftpupload.com\/wp-content\/uploads\/2020\/05\/4e5549e6-6623-4edd-9f3b-ff5638041a11.jpg?resize=350%2C200&ssl=1","width":350,"height":200,"srcset":"https:\/\/i0.wp.com\/secureservercdn.net\/166.62.108.22\/cg1.af3.myftpupload.com\/wp-content\/uploads\/2020\/05\/4e5549e6-6623-4edd-9f3b-ff5638041a11.jpg?resize=350%2C200&ssl=1 1x, https:\/\/i0.wp.com\/secureservercdn.net\/166.62.108.22\/cg1.af3.myftpupload.com\/wp-content\/uploads\/2020\/05\/4e5549e6-6623-4edd-9f3b-ff5638041a11.jpg?resize=525%2C300&ssl=1 1.5x, https:\/\/i0.wp.com\/secureservercdn.net\/166.62.108.22\/cg1.af3.myftpupload.com\/wp-content\/uploads\/2020\/05\/4e5549e6-6623-4edd-9f3b-ff5638041a11.jpg?resize=700%2C400&ssl=1 2x"},"classes":[]},{"id":32332,"url":"https:\/\/mexicocodigorojo.com.mx\/?p=32332","url_meta":{"origin":55996,"position":4},"title":"Video; Comando abre fuego en plaza de toros de Iguala","author":"Staff","date":"febrero 7, 2020","format":false,"excerpt":"Un video capt\u00f3 el momento en el que hombres armados ingresan a la plaza de toros de Zacacoyuca y desde la puerta realizan varios disparos En\u00a0Guerrero, un comando de civiles\u00a0abri\u00f3 fuego\u00a0en un jaripeo en la\u00a0plaza de toros\u00a0de la comunidad de\u00a0Zacacoyuca, municipio de\u00a0Iguala, dejando un saldo de\u00a0un muerto\u00a0y\u00a0dos heridos. Un video\u2026","rel":"","context":"En \u00abGuerrero\u00bb","block_context":{"text":"Guerrero","link":"https:\/\/mexicocodigorojo.com.mx\/?cat=26"},"img":{"alt_text":"","src":"https:\/\/i0.wp.com\/mexicocodigorojo.com.mx\/wp-content\/uploads\/2020\/02\/plaza-de-toros-iguala.jpg?fit=980%2C550&ssl=1&resize=350%2C200","width":350,"height":200,"srcset":"https:\/\/i0.wp.com\/mexicocodigorojo.com.mx\/wp-content\/uploads\/2020\/02\/plaza-de-toros-iguala.jpg?fit=980%2C550&ssl=1&resize=350%2C200 1x, https:\/\/i0.wp.com\/mexicocodigorojo.com.mx\/wp-content\/uploads\/2020\/02\/plaza-de-toros-iguala.jpg?fit=980%2C550&ssl=1&resize=525%2C300 1.5x, https:\/\/i0.wp.com\/mexicocodigorojo.com.mx\/wp-content\/uploads\/2020\/02\/plaza-de-toros-iguala.jpg?fit=980%2C550&ssl=1&resize=700%2C400 2x"},"classes":[]},{"id":9292,"url":"https:\/\/mexicocodigorojo.com.mx\/?p=9292","url_meta":{"origin":55996,"position":5},"title":"BALACERA EN TAPACHULA CHIAPAS DEJA DOS MUERTOS Y TRES HERIDOS","author":"Staff","date":"noviembre 23, 2018","format":false,"excerpt":"Balacera en Tapachula Chiapas deja dos muertos y tres heridos El d\u00eda de hoy se registro un enfrentamiento entre polic\u00edas y delincuentes, quienes antes de ser enfrentados hab\u00edan robado un negocio frente a una centro comercial en Tapachula, Chiapas. Los elementos respondieron al fuego que iniciaron un par de sujetos\u2026","rel":"","context":"En \u00abChiapas\u00bb","block_context":{"text":"Chiapas","link":"https:\/\/mexicocodigorojo.com.mx\/?cat=75"},"img":{"alt_text":"","src":"https:\/\/i0.wp.com\/mexicocodigorojo.com.mx\/wp-content\/uploads\/2018\/11\/fb_img_1542947552186-1155620453.jpg?resize=350%2C200&ssl=1","width":350,"height":200},"classes":[]}],"jetpack_sharing_enabled":true,"jetpack_likes_enabled":true,"jetpack_shortlink":"https:\/\/wp.me\/p9TedA-eza","_links":{"self":[{"href":"https:\/\/mexicocodigorojo.com.mx\/index.php?rest_route=\/wp\/v2\/posts\/55996","targetHints":{"allow":["GET"]}}],"collection":[{"href":"https:\/\/mexicocodigorojo.com.mx\/index.php?rest_route=\/wp\/v2\/posts"}],"about":[{"href":"https:\/\/mexicocodigorojo.com.mx\/index.php?rest_route=\/wp\/v2\/types\/post"}],"author":[{"embeddable":true,"href":"https:\/\/mexicocodigorojo.com.mx\/index.php?rest_route=\/wp\/v2\/users\/5"}],"replies":[{"embeddable":true,"href":"https:\/\/mexicocodigorojo.com.mx\/index.php?rest_route=%2Fwp%2Fv2%2Fcomments&post=55996"}],"version-history":[{"count":1,"href":"https:\/\/mexicocodigorojo.com.mx\/index.php?rest_route=\/wp\/v2\/posts\/55996\/revisions"}],"predecessor-version":[{"id":55998,"href":"https:\/\/mexicocodigorojo.com.mx\/index.php?rest_route=\/wp\/v2\/posts\/55996\/revisions\/55998"}],"wp:featuredmedia":[{"embeddable":true,"href":"https:\/\/mexicocodigorojo.com.mx\/index.php?rest_route=\/wp\/v2\/media\/55997"}],"wp:attachment":[{"href":"https:\/\/mexicocodigorojo.com.mx\/index.php?rest_route=%2Fwp%2Fv2%2Fmedia&parent=55996"}],"wp:term":[{"taxonomy":"category","embeddable":true,"href":"https:\/\/mexicocodigorojo.com.mx\/index.php?rest_route=%2Fwp%2Fv2%2Fcategories&post=55996"},{"taxonomy":"post_tag","embeddable":true,"href":"https:\/\/mexicocodigorojo.com.mx\/index.php?rest_route=%2Fwp%2Fv2%2Ftags&post=55996"}],"curies":[{"name":"wp","href":"https:\/\/api.w.org\/{rel}","templated":true}]}}