{"id":55993,"date":"2023-05-05T14:57:03","date_gmt":"2023-05-05T20:57:03","guid":{"rendered":"https:\/\/mexicocodigorojo.com.mx\/?p=55993"},"modified":"2023-05-05T14:57:03","modified_gmt":"2023-05-05T20:57:03","slug":"investigaba-desapariciones-en-la-fiscalia-de-tijuana-y-ahora-busca-a-su-hijo","status":"publish","type":"post","link":"https:\/\/mexicocodigorojo.com.mx\/?p=55993","title":{"rendered":"Investigaba desapariciones en la Fiscal\u00eda de Tijuana y ahora busca a su hijo"},"content":{"rendered":"<p><strong>Carlos Ontiveros desapareci\u00f3 el 22 de abril en\u00a0Tijuana,\u00a0Baja California, su madre Diana Loza,\u00a0<\/strong>extitular de la Unidad Especializada de Personas Desaparecidas de la Fiscal\u00eda General del Estado,\u00a0<strong>lo busca desesperadamente<\/strong>, pidi\u00f3 a la poblaci\u00f3n que en caso de que sepan cualquier informaci\u00f3n de su hijo se comuniquen con las autoridades.<\/p>\n<blockquote><p>\u201cEra mi peor miedo, que me pasara esto con mi hijo\u201d, relat\u00f3 Diana loza<\/p>\n<div class=\"content-banner\"><\/div>\n<\/blockquote>\n<figure class=\"image\"><img data-recalc-dims=\"1\" decoding=\"async\" class=\"i-amphtml-fill-content i-amphtml-replaced-content\" src=\"https:\/\/i0.wp.com\/heraldodemexico.com.mx\/u\/fotografias\/m\/2023\/4\/27\/f768x1-718931_719058_79.png?w=696&#038;ssl=1\" alt=\"\" \/><figcaption>Desapareci\u00f3 cuando iba a encontrarse con unos amigos Foto: FGE BC<\/figcaption><\/figure>\n<p>&nbsp;<\/p>\n<p>En declaraciones a medios\u00a0<strong>relat\u00f3\u00a0que diario habla con su hijo de 21 a\u00f1os\u00a0<\/strong>y que el s\u00e1bado en la ma\u00f1ana le dijo que estaba bien y que iba a encontrarse con unos amigos<strong>\u00a0\u201c\u00e9l iba a ver a unos amigos que lo iban a llevar al lado de El Florido, no s\u00e9 qu\u00e9 amigos, ni a qu\u00e9 domicilio, ni a que iba ir para all\u00e1 y a partir de ah\u00ed el desapareci\u00f3\u201d.<\/strong><\/p>\n<div class=\"content-banner\"><\/div>\n<blockquote><p>\u201cCuando trabajas en Fiscal\u00eda y ves tantas cosas malas siempre tienes miedo que te pase a ti\u201d, declar\u00f3 Diana Loza.<\/p>\n<div class=\"content-banner\"><\/div>\n<\/blockquote>\n<figure class=\"image\"><img data-recalc-dims=\"1\" decoding=\"async\" class=\"i-amphtml-fill-content i-amphtml-replaced-content\" src=\"https:\/\/i0.wp.com\/heraldodemexico.com.mx\/u\/fotografias\/m\/2023\/4\/27\/f768x1-718934_719061_5050.png?w=696&#038;ssl=1\" alt=\"\" \/><figcaption>\u201cCuando trabajas en Fiscal\u00eda y ves tantas cosas malas siempre tienes miedo que te pase a ti\u201d, declar\u00f3 Diana Loza. Foto: Especial<\/figcaption><\/figure>\n<p>&nbsp;<\/p>\n<p>Diana refiri\u00f3 que<strong>\u00a0el domingo que intent\u00f3 hablar con \u00e9l ya ni siquiera entraron los mensajes ni llamadas\u00a0<\/strong>porque\u00a0<strong>el tel\u00e9fono estaba apagado<\/strong>, pens\u00f3 que era normal que el tel\u00e9fono se le apagara pero que se preocup\u00f3 cuando su novia y amigos tampoco lo localizaron y la contactaron alarmados. De acuerdo a la ficha de b\u00fasqueda<strong>, Carlos fue visto por \u00faltima vez en la colonia Colinas de California<\/strong>, mientras viajaba en su autom\u00f3vil Nissan Sentra modelo 2008, color blanco, con placas de California.<\/p>\n<blockquote><p>\u201cUstedes saben lo grande que es Tijuana y no sabes por d\u00f3nde buscar y hacia d\u00f3nde ir, es pedir apoyo por todas partes para que algo me pueda servir para encontrarlo\u201d, coment\u00f3 Diana Loza.<\/p>\n<div class=\"content-banner\"><\/div>\n<\/blockquote>\n<figure class=\"image\"><img data-recalc-dims=\"1\" decoding=\"async\" class=\"i-amphtml-fill-content i-amphtml-replaced-content\" src=\"https:\/\/i0.wp.com\/heraldodemexico.com.mx\/u\/fotografias\/m\/2023\/4\/27\/f768x1-718933_719060_5050.png?w=696&#038;ssl=1\" alt=\"\" \/><figcaption>Carlos fue visto por \u00faltima vez en la colonia Colinas de California Foto: Especial<\/figcaption><\/figure>\n<h2>Detienen a sujeto con el carro de Carlos<\/h2>\n<p>Su madre comparti\u00f3 que\u00a0<strong>d\u00edas despu\u00e9s un sujeto fue detenido con armas y drogas en el\u00a0autom\u00f3vil de su hijo<\/strong>\u00a0y que el hombre no quiere dar informaci\u00f3n de su hijo,<strong>\u00a0pidi\u00f3\u00a0a las autoridades que no lo vayan a dejar libre<\/strong>\u00a0\u201cporque<strong>\u00a0te llegan rumores de que est\u00e1n ofreciendo dinero en FGR para dejarlo en libertad,<\/strong>\u00a0para que solo quede por el robo del veh\u00edculo y no por la portaci\u00f3n de arma y por la droga\u201d.<\/p>\n<figure class=\"image\"><img data-recalc-dims=\"1\" decoding=\"async\" class=\"i-amphtml-fill-content i-amphtml-replaced-content\" src=\"https:\/\/i0.wp.com\/heraldodemexico.com.mx\/u\/fotografias\/m\/2023\/4\/27\/f768x1-718936_719063_69.png?w=696&#038;ssl=1\" alt=\"\" \/><figcaption>Sus familiares piden comunicarse al 911, 089 o (664) 683 96 43 en caso de tener informaci\u00f3n Foto: Especial<\/figcaption><\/figure>\n<p>&nbsp;<\/p>\n<p>Diana reconoci\u00f3 que en esta situaci\u00f3n le llega mucha informaci\u00f3n sobre<strong>\u00a0Carlos que es ciudadano estadounidense y viv\u00eda en Tijuana,<\/strong>\u00a0\u201cmucha gente te empieza a decir muchas cosas que t\u00fa no sab\u00edas y que no sabes si es verdad\u201d a\u00f1adi\u00f3 que desconoce si su hijo estuvo relacionado con drogas y por eso lo hayan privado de su libertad.<\/p>\n<blockquote><p>\u201cEn estos momentos yo me siento muy confundida, porque yo sab\u00eda una cosa de mi hijo y me empiezan a decir un mont\u00f3n de cosas muy diversas de \u00e9l, yo lo \u00fanico que quiero es encontrarlo donde quiera que \u00e9l est\u00e9\u201d, enfatiz\u00f3 Diana Loza.<\/p><\/blockquote>\n<figure class=\"image\"><img data-recalc-dims=\"1\" decoding=\"async\" class=\"i-amphtml-fill-content i-amphtml-replaced-content\" src=\"https:\/\/i0.wp.com\/heraldodemexico.com.mx\/u\/fotografias\/m\/2023\/4\/27\/f768x1-718932_719059_5050.png?w=696&#038;ssl=1\" alt=\"\" \/><figcaption>Admiti\u00f3 que se ha sentido cobijada por parte de los Colectivos y de la Fiscal\u00eda del Estado Foto: Especial<\/figcaption><\/figure>\n<p>&nbsp;<\/p>\n<p><strong>Admiti\u00f3 que se ha sentido cobijada por parte de los Colectivos y de la Fiscal\u00eda del Estado<\/strong>, dijo que no ten\u00eda queja \u201ca las autoridades si les quiero agradecer el apoyo que me han brindado\u201d pero est\u00e1 desesperada porque sabe que las primeras horas son cruciales \u201cse nos est\u00e1 acabando las horas, las probabilidades de encontrarlo con vida van disminuyendo\u201d.<\/p>\n<p>Carlos mide 1.70, es de complexi\u00f3n robusta, tez blanca, cejar arqueadas, ojos color caf\u00e9 y cabello casta\u00f1o claro.\u00a0En los antebrazos tiene el tatuaje de un hombre y una mujer, la palabra \u00abAm\u00e9n\u00bb en los dedos de la mano y\u00a0en el cuello dos p\u00e1jaros.<\/p>\n<p>Agradeci\u00f3 el apoyo que ha recibido de la sociedad y los Colectivos pero tambi\u00e9n pidi\u00f3 que si saben algo de su hijo\u00a0<strong>Carlos Ontiveros Loza<\/strong>\u00a0se comuniquen a los n\u00fameros\u00a0<strong>911, 089 o (664) 683 96 43\u00a0<\/strong>\u201cyo se los pido de coraz\u00f3n por favor ayudenme a encontrarlo\u201d y tambi\u00e9n aprovech\u00f3 para mandarle un mensaje a su hijo<strong>\u00a0\u201cte amo mucho, te voy a buscar y te voy a encontrar donde est\u00e9s\u201d,\u00a0<\/strong>puntualiz\u00f3 Diana Loza.<\/p>\n","protected":false},"excerpt":{"rendered":"<p>Carlos Ontiveros desapareci\u00f3 el 22 de abril en\u00a0Tijuana,\u00a0Baja California, su madre Diana Loza,\u00a0extitular de la Unidad Especializada de Personas Desaparecidas de la Fiscal\u00eda General del Estado,\u00a0lo busca desesperadamente, pidi\u00f3 a la poblaci\u00f3n que en caso de que sepan cualquier informaci\u00f3n de su hijo se comuniquen con las autoridades. \u201cEra mi peor miedo, que me pasara [&hellip;]<\/p>\n","protected":false},"author":5,"featured_media":55994,"comment_status":"closed","ping_status":"closed","sticky":false,"template":"","format":"standard","meta":{"_uf_show_specific_survey":0,"_uf_disable_surveys":false,"advanced_seo_description":"","jetpack_seo_html_title":"","jetpack_seo_noindex":false,"jetpack_post_was_ever_published":false,"_jetpack_newsletter_access":"","_jetpack_dont_email_post_to_subs":false,"_jetpack_newsletter_tier_id":0,"_jetpack_memberships_contains_paywalled_content":false,"_jetpack_memberships_contains_paid_content":false,"footnotes":"","jetpack_publicize_message":"","jetpack_publicize_feature_enabled":true,"jetpack_social_post_already_shared":true,"jetpack_social_options":{"image_generator_settings":{"template":"highway","default_image_id":0,"font":"","enabled":false},"version":2}},"categories":[130,1724],"tags":[2016,1408,2173],"class_list":{"0":"post-55993","1":"post","2":"type-post","3":"status-publish","4":"format-standard","5":"has-post-thumbnail","7":"category-baja-california","8":"category-featured","9":"tag-desaparecidos-2","10":"tag-frontera-2","11":"tag-narcotrafico-2"},"jetpack_publicize_connections":[],"jetpack_featured_media_url":"https:\/\/i0.wp.com\/mexicocodigorojo.com.mx\/wp-content\/uploads\/2023\/05\/f960x540-718935_793010_0.jpg?fit=960%2C540&ssl=1","jetpack-related-posts":[{"id":52229,"url":"https:\/\/mexicocodigorojo.com.mx\/?p=52229","url_meta":{"origin":55993,"position":0},"title":"Asesinan a la periodista Lourdes Maldonado en Tijuana; es la tercera en lo que va del 2022","author":"Staff","date":"enero 24, 2022","format":false,"excerpt":"Este domingo fue reportado el asesinato de la periodista Lourdes Maldonado en Tijuana, Baja California, v\u00edctima de un ataque armado en su contra. El hecho fue confirmado por el PAN en Baja California, que a trav\u00e9s de sus redes sociales conden\u00f3 el asesinato de Maldonado y exigi\u00f3 castigo a los\u2026","rel":"","context":"En \u00abFeatured\u00bb","block_context":{"text":"Featured","link":"https:\/\/mexicocodigorojo.com.mx\/?cat=1724"},"img":{"alt_text":"","src":"https:\/\/i0.wp.com\/mexicocodigorojo.com.mx\/wp-content\/uploads\/2022\/01\/lourdes-maldonado-cuartoscuro.jpeg?fit=1200%2C620&ssl=1&resize=350%2C200","width":350,"height":200,"srcset":"https:\/\/i0.wp.com\/mexicocodigorojo.com.mx\/wp-content\/uploads\/2022\/01\/lourdes-maldonado-cuartoscuro.jpeg?fit=1200%2C620&ssl=1&resize=350%2C200 1x, https:\/\/i0.wp.com\/mexicocodigorojo.com.mx\/wp-content\/uploads\/2022\/01\/lourdes-maldonado-cuartoscuro.jpeg?fit=1200%2C620&ssl=1&resize=525%2C300 1.5x, https:\/\/i0.wp.com\/mexicocodigorojo.com.mx\/wp-content\/uploads\/2022\/01\/lourdes-maldonado-cuartoscuro.jpeg?fit=1200%2C620&ssl=1&resize=700%2C400 2x, https:\/\/i0.wp.com\/mexicocodigorojo.com.mx\/wp-content\/uploads\/2022\/01\/lourdes-maldonado-cuartoscuro.jpeg?fit=1200%2C620&ssl=1&resize=1050%2C600 3x"},"classes":[]},{"id":4833,"url":"https:\/\/mexicocodigorojo.com.mx\/?p=4833","url_meta":{"origin":55993,"position":1},"title":"MADRE QUE BUSCA A SU HIJO DESAPARECIDO ENCUENTRA UN CAD\u00c1VER EN TIJUANA","author":"Staff","date":"octubre 1, 2018","format":false,"excerpt":"Junto a un grupo de vecinos, una madre quien busca a su hijo desde hace meses, localiz\u00f3 los restos humanos en la Zona Este de Tijuana. Ante la indiferencia del Centro de Apoyo a Personas Extraviadas y Ausentes de la Procuradur\u00eda General de Justicia del Estado (PGJE), la mujer ha\u2026","rel":"","context":"En \u00abBaja California\u00bb","block_context":{"text":"Baja California","link":"https:\/\/mexicocodigorojo.com.mx\/?cat=130"},"img":{"alt_text":"","src":"https:\/\/i0.wp.com\/mexicocodigorojo.com.mx\/wp-content\/uploads\/2018\/10\/CYMERA_20181001_163838.jpg?resize=350%2C200&ssl=1","width":350,"height":200,"srcset":"https:\/\/i0.wp.com\/mexicocodigorojo.com.mx\/wp-content\/uploads\/2018\/10\/CYMERA_20181001_163838.jpg?resize=350%2C200&ssl=1 1x, https:\/\/i0.wp.com\/mexicocodigorojo.com.mx\/wp-content\/uploads\/2018\/10\/CYMERA_20181001_163838.jpg?resize=525%2C300&ssl=1 1.5x, https:\/\/i0.wp.com\/mexicocodigorojo.com.mx\/wp-content\/uploads\/2018\/10\/CYMERA_20181001_163838.jpg?resize=700%2C400&ssl=1 2x, https:\/\/i0.wp.com\/mexicocodigorojo.com.mx\/wp-content\/uploads\/2018\/10\/CYMERA_20181001_163838.jpg?resize=1050%2C600&ssl=1 3x, https:\/\/i0.wp.com\/mexicocodigorojo.com.mx\/wp-content\/uploads\/2018\/10\/CYMERA_20181001_163838.jpg?resize=1400%2C800&ssl=1 4x"},"classes":[]},{"id":10997,"url":"https:\/\/mexicocodigorojo.com.mx\/?p=10997","url_meta":{"origin":55993,"position":2},"title":"Se tomaba fotos con armas y las presumia en Facebook&#8230;Ayer fue ejecutado en Tijuana","author":"Staff","date":"diciembre 21, 2018","format":false,"excerpt":"SE TOMABA FOTOS CON ARMAS Y LAS PRESUMIA EN FACEBOOK...AYER FUE EJECUTADO Un joven que se fotografiaba con armas de fuego y presum\u00eda una vida fuera de la ley, muri\u00f3 tras ser atacado a tiros en la colonia Las Torres en Tijuana. Manuel Ram\u00edrez, de 26 a\u00f1os de edad y\u2026","rel":"","context":"En \u00abBaja California\u00bb","block_context":{"text":"Baja California","link":"https:\/\/mexicocodigorojo.com.mx\/?cat=130"},"img":{"alt_text":"","src":"https:\/\/i0.wp.com\/mexicocodigorojo.com.mx\/wp-content\/uploads\/2018\/12\/0a6c8ebd-964a-455f-9e82-a6610531f7331817348548.jpeg?resize=350%2C200&ssl=1","width":350,"height":200,"srcset":"https:\/\/i0.wp.com\/mexicocodigorojo.com.mx\/wp-content\/uploads\/2018\/12\/0a6c8ebd-964a-455f-9e82-a6610531f7331817348548.jpeg?resize=350%2C200&ssl=1 1x, https:\/\/i0.wp.com\/mexicocodigorojo.com.mx\/wp-content\/uploads\/2018\/12\/0a6c8ebd-964a-455f-9e82-a6610531f7331817348548.jpeg?resize=525%2C300&ssl=1 1.5x, https:\/\/i0.wp.com\/mexicocodigorojo.com.mx\/wp-content\/uploads\/2018\/12\/0a6c8ebd-964a-455f-9e82-a6610531f7331817348548.jpeg?resize=700%2C400&ssl=1 2x, https:\/\/i0.wp.com\/mexicocodigorojo.com.mx\/wp-content\/uploads\/2018\/12\/0a6c8ebd-964a-455f-9e82-a6610531f7331817348548.jpeg?resize=1050%2C600&ssl=1 3x"},"classes":[]},{"id":12279,"url":"https:\/\/mexicocodigorojo.com.mx\/?p=12279","url_meta":{"origin":55993,"position":3},"title":"\u201cLa S\u00e1nchez Controla\u201d con esta AR-15 atacaron a polic\u00eda,esposa e hijos en Tijuana Baja California","author":"Staff","date":"enero 16, 2019","format":false,"excerpt":"\u201cLa S\u00e1nchez Controla\u201d con esta AR-15 atacaron a polic\u00eda,esposa e hijos en TijuanaBaja California \"Una de las dos armas homicidas\" El rifle AR-15 con el que fue ejecutado el hijo de una Polic\u00eda Municipal de Tijuana y herido otro elemento de la misma corporaci\u00f3n junto a su esposa, tiene la\u2026","rel":"","context":"En \u00abBaja California\u00bb","block_context":{"text":"Baja California","link":"https:\/\/mexicocodigorojo.com.mx\/?cat=130"},"img":{"alt_text":"","src":"https:\/\/i0.wp.com\/mexicocodigorojo.com.mx\/wp-content\/uploads\/2019\/01\/whatsapp-image-2019-01-14-at-11-1148122576.jpeg?resize=350%2C200&ssl=1","width":350,"height":200,"srcset":"https:\/\/i0.wp.com\/mexicocodigorojo.com.mx\/wp-content\/uploads\/2019\/01\/whatsapp-image-2019-01-14-at-11-1148122576.jpeg?resize=350%2C200&ssl=1 1x, https:\/\/i0.wp.com\/mexicocodigorojo.com.mx\/wp-content\/uploads\/2019\/01\/whatsapp-image-2019-01-14-at-11-1148122576.jpeg?resize=525%2C300&ssl=1 1.5x, https:\/\/i0.wp.com\/mexicocodigorojo.com.mx\/wp-content\/uploads\/2019\/01\/whatsapp-image-2019-01-14-at-11-1148122576.jpeg?resize=700%2C400&ssl=1 2x, https:\/\/i0.wp.com\/mexicocodigorojo.com.mx\/wp-content\/uploads\/2019\/01\/whatsapp-image-2019-01-14-at-11-1148122576.jpeg?resize=1050%2C600&ssl=1 3x"},"classes":[]},{"id":14255,"url":"https:\/\/mexicocodigorojo.com.mx\/?p=14255","url_meta":{"origin":55993,"position":4},"title":"\u00abLOS BENJAMINES\u00bb LA DESCENDENCIA DE \u00abLOS ARETES\u00bb (CAF) EN TIJUANA BAJA CALIFORNIA","author":"Staff","date":"febrero 17, 2019","format":false,"excerpt":"\"LOS BENJAMINES\" LA DESCENDENCIA DE \"LOS ARETES\" (CAF) EN TIJUANA BAJA CALIFORNIA Aunque se cre\u00eda que los Arellano F\u00e9lix hab\u00edan sido casi exterminados tras el abatimiento de sus principales l\u00edderes, no fue as\u00ed, pues los criminales tuvieron descendencia y, a la manera de sus parientes, buscan recuperar el dominio que\u2026","rel":"","context":"En \u00abBaja California\u00bb","block_context":{"text":"Baja California","link":"https:\/\/mexicocodigorojo.com.mx\/?cat=130"},"img":{"alt_text":"","src":"https:\/\/i0.wp.com\/mexicocodigorojo.com.mx\/wp-content\/uploads\/2019\/02\/img_20190217_030756_460-90253739.jpg?resize=350%2C200&ssl=1","width":350,"height":200},"classes":[]},{"id":33485,"url":"https:\/\/mexicocodigorojo.com.mx\/?p=33485","url_meta":{"origin":55993,"position":5},"title":"Asesin\u00f3, viol\u00f3 a Marbella y fue a su funeral","author":"Staff","date":"febrero 25, 2020","format":false,"excerpt":"Juan le llevaba regalos y comida al trabajo. La segu\u00eda a todas partes. Se aparec\u00eda en los lugares donde Marbella se reun\u00eda con sus amistades TIJUANA, BAJA CALIFORNIA.- La Fiscal\u00eda General del Estado (FGE) de Baja California inform\u00f3 que la tarde del pasado 21 de febrero, fue detenido Juan \u2018N\u2019\u2026","rel":"","context":"En \u00abBaja California\u00bb","block_context":{"text":"Baja California","link":"https:\/\/mexicocodigorojo.com.mx\/?cat=130"},"img":{"alt_text":"","src":"https:\/\/i0.wp.com\/mexicocodigorojo.com.mx\/wp-content\/uploads\/2020\/02\/asesinomarbella.jpg?fit=1200%2C798&ssl=1&resize=350%2C200","width":350,"height":200,"srcset":"https:\/\/i0.wp.com\/mexicocodigorojo.com.mx\/wp-content\/uploads\/2020\/02\/asesinomarbella.jpg?fit=1200%2C798&ssl=1&resize=350%2C200 1x, https:\/\/i0.wp.com\/mexicocodigorojo.com.mx\/wp-content\/uploads\/2020\/02\/asesinomarbella.jpg?fit=1200%2C798&ssl=1&resize=525%2C300 1.5x, https:\/\/i0.wp.com\/mexicocodigorojo.com.mx\/wp-content\/uploads\/2020\/02\/asesinomarbella.jpg?fit=1200%2C798&ssl=1&resize=700%2C400 2x, https:\/\/i0.wp.com\/mexicocodigorojo.com.mx\/wp-content\/uploads\/2020\/02\/asesinomarbella.jpg?fit=1200%2C798&ssl=1&resize=1050%2C600 3x"},"classes":[]}],"jetpack_sharing_enabled":true,"jetpack_likes_enabled":true,"jetpack_shortlink":"https:\/\/wp.me\/p9TedA-ez7","_links":{"self":[{"href":"https:\/\/mexicocodigorojo.com.mx\/index.php?rest_route=\/wp\/v2\/posts\/55993","targetHints":{"allow":["GET"]}}],"collection":[{"href":"https:\/\/mexicocodigorojo.com.mx\/index.php?rest_route=\/wp\/v2\/posts"}],"about":[{"href":"https:\/\/mexicocodigorojo.com.mx\/index.php?rest_route=\/wp\/v2\/types\/post"}],"author":[{"embeddable":true,"href":"https:\/\/mexicocodigorojo.com.mx\/index.php?rest_route=\/wp\/v2\/users\/5"}],"replies":[{"embeddable":true,"href":"https:\/\/mexicocodigorojo.com.mx\/index.php?rest_route=%2Fwp%2Fv2%2Fcomments&post=55993"}],"version-history":[{"count":1,"href":"https:\/\/mexicocodigorojo.com.mx\/index.php?rest_route=\/wp\/v2\/posts\/55993\/revisions"}],"predecessor-version":[{"id":55995,"href":"https:\/\/mexicocodigorojo.com.mx\/index.php?rest_route=\/wp\/v2\/posts\/55993\/revisions\/55995"}],"wp:featuredmedia":[{"embeddable":true,"href":"https:\/\/mexicocodigorojo.com.mx\/index.php?rest_route=\/wp\/v2\/media\/55994"}],"wp:attachment":[{"href":"https:\/\/mexicocodigorojo.com.mx\/index.php?rest_route=%2Fwp%2Fv2%2Fmedia&parent=55993"}],"wp:term":[{"taxonomy":"category","embeddable":true,"href":"https:\/\/mexicocodigorojo.com.mx\/index.php?rest_route=%2Fwp%2Fv2%2Fcategories&post=55993"},{"taxonomy":"post_tag","embeddable":true,"href":"https:\/\/mexicocodigorojo.com.mx\/index.php?rest_route=%2Fwp%2Fv2%2Ftags&post=55993"}],"curies":[{"name":"wp","href":"https:\/\/api.w.org\/{rel}","templated":true}]}}