{"id":55816,"date":"2023-04-11T10:45:12","date_gmt":"2023-04-11T16:45:12","guid":{"rendered":"https:\/\/mexicocodigorojo.com.mx\/?p=55816"},"modified":"2023-04-11T10:45:12","modified_gmt":"2023-04-11T16:45:12","slug":"en-2021-en-mexico-murieron-21-personas-por-consumo-de-fentanilo-lopez-gatell","status":"publish","type":"post","link":"https:\/\/mexicocodigorojo.com.mx\/?p=55816","title":{"rendered":"En 2021, en M\u00e9xico murieron 21 personas por consumo de fentanilo: L\u00f3pez-Gatell"},"content":{"rendered":"<p>El subsecretario de Salud, Hugo L\u00f3pez-Gatell, alert\u00f3 que en el a\u00f1o 2021 en M\u00e9xico murieron 21 personas por consumo de fentanilo, mientras comparativamente en ese mismo periodo, en Estados Unidos fallecieron 80 mil 411 personas.<\/p>\n<p>El funcionario de la SSA asegur\u00f3 que, aunque en M\u00e9xico pueda haber un subregistro con las cifras, \u201cpensemos de 10 veces m\u00e1s\u201d, no se compara con enorme problema de salud p\u00fablica que tiene Estados Unidos por la epidemia de este opioide.<\/p>\n<p>En la conferencia del presidente Andr\u00e9s Manuel L\u00f3pez Obrador, L\u00f3pez-Gatell advirti\u00f3 que esta sustancia es una de las m\u00e1s peligrosas por potencial de adicci\u00f3n y efectos graves sobre la salud, porque a\u00fan en peque\u00f1as dosis puede causar la muerte.<\/p>\n<p>Uso del fentanilo como analg\u00e9sico<\/p>\n<p>Explic\u00f3 que el fentanilo tiene una en nombre potencia para reducir el dolor, se ha estimado que es hasta 100 veces m\u00e1s efectiva que la morfina o 50 veces m\u00e1s que la hero\u00edna.<\/p>\n<p>Se\u00f1al\u00f3 que Estados Unidos desde los a\u00f1os 50 empez\u00f3 a tener un uso muy libre de medicamentos opioides en el tratamiento m\u00e9dico del dolor y eso contribuy\u00f3 a la generaci\u00f3n de dependencia y de adicci\u00f3n.<\/p>\n<p>L\u00f3pez Gatell dijo que el fentanilo no se produce en la Rep\u00fablica Mexicana, sino en otros pa\u00edses incluido Estados Unidos porque hay rutas de fentanilo, del vecino pa\u00eds del norte, a M\u00e9xico.<\/p>\n<p>\u201cNosotros no queremos que nos pase, por eso queremos tener una anticipaci\u00f3n intensa en la prevenci\u00f3n, por eso estamos haciendo prevenci\u00f3n, a\u00fan cuando hoy por hoy no es un problema grande de salud p\u00fablica\u201d, manifest\u00f3 el funcionario.<\/p>\n<p>\u201cLo segundo es de cooperaci\u00f3n queremos cooperar con Estados Unidos que tiene un enorme problema de adicci\u00f3n, producci\u00f3n de importaci\u00f3n de fentanilo desde otras regiones, particularmente de Asia, queremos ayudar tambi\u00e9n como buenos vecinos en lo que toca a la salud p\u00fablica\u201d.<\/p>\n","protected":false},"excerpt":{"rendered":"<p>El subsecretario de Salud, Hugo L\u00f3pez-Gatell, alert\u00f3 que en el a\u00f1o 2021 en M\u00e9xico murieron 21 personas por consumo de fentanilo, mientras comparativamente en ese mismo periodo, en Estados Unidos fallecieron 80 mil 411 personas. El funcionario de la SSA asegur\u00f3 que, aunque en M\u00e9xico pueda haber un subregistro con las cifras, \u201cpensemos de 10 [&hellip;]<\/p>\n","protected":false},"author":21,"featured_media":55817,"comment_status":"closed","ping_status":"closed","sticky":false,"template":"","format":"standard","meta":{"_uf_show_specific_survey":0,"_uf_disable_surveys":false,"advanced_seo_description":"","jetpack_seo_html_title":"","jetpack_seo_noindex":false,"jetpack_seo_schema_type":"","_jetpack_newsletter_access":"","_jetpack_dont_email_post_to_subs":false,"_jetpack_newsletter_tier_id":0,"_jetpack_memberships_contains_paywalled_content":false,"_jetpack_feature_clip_id":0,"_jetpack_memberships_contains_paid_content":false,"footnotes":"","jetpack_publicize_message":"En 2021, en #M\u00e9xico murieron 21 personas por consumo de fentanilo: L\u00f3pez-Gatell","jetpack_publicize_feature_enabled":true,"jetpack_social_post_already_shared":true,"jetpack_social_options":{"image_generator_settings":{"template":"highway","default_image_id":0,"font":"","enabled":false},"version":2},"jetpack_post_was_ever_published":false},"categories":[1724],"tags":[],"class_list":["post-55816","post","type-post","status-publish","format-standard","has-post-thumbnail","category-featured"],"jetpack_publicize_connections":[],"jetpack-related-posts":[{"id":34966,"url":"https:\/\/mexicocodigorojo.com.mx\/?p=34966","url_meta":{"origin":55816,"position":0},"title":"Epidemia de COVID-19 en M\u00e9xico durar\u00e1 al menos 12 semanas: L\u00f3pez-Gatell","author":"Staff","date":"marzo 17, 2020","format":false,"excerpt":"El subsecretario de Salud advirti\u00f3 que no ser\u00e1 corta la epidemia de COVID-19 en M\u00e9xico; pide mantener la calma y reforzar medidas de prevenci\u00f3n Las autoridades del sector\u00a0Salud\u00a0en M\u00e9xico proyectan que la\u00a0pandemia\u00a0del\u00a0coronavirus\u00a0(COVID-19)\u00a0durar\u00e1\u00a0por lo menos\u00a012 semanas, como ocurri\u00f3 en\u00a0China. Durante la conferencia matutina del presidente Andr\u00e9s Manuel L\u00f3pez Obrador, el subsecretario\u2026","rel":"","context":"En \u00abCiudad de M\u00e9xico\u00bb","block_context":{"text":"Ciudad de M\u00e9xico","link":"https:\/\/mexicocodigorojo.com.mx\/?cat=101"},"img":{"alt_text":"","src":"https:\/\/i0.wp.com\/mexicocodigorojo.com.mx\/wp-content\/uploads\/2020\/03\/covid19-coronavirus-sars-cov-2.jpg?fit=980%2C550&ssl=1&resize=350%2C200","width":350,"height":200,"srcset":"https:\/\/i0.wp.com\/mexicocodigorojo.com.mx\/wp-content\/uploads\/2020\/03\/covid19-coronavirus-sars-cov-2.jpg?fit=980%2C550&ssl=1&resize=350%2C200 1x, https:\/\/i0.wp.com\/mexicocodigorojo.com.mx\/wp-content\/uploads\/2020\/03\/covid19-coronavirus-sars-cov-2.jpg?fit=980%2C550&ssl=1&resize=525%2C300 1.5x, https:\/\/i0.wp.com\/mexicocodigorojo.com.mx\/wp-content\/uploads\/2020\/03\/covid19-coronavirus-sars-cov-2.jpg?fit=980%2C550&ssl=1&resize=700%2C400 2x"},"classes":[]},{"id":36415,"url":"https:\/\/mexicocodigorojo.com.mx\/?p=36415","url_meta":{"origin":55816,"position":1},"title":"L\u00f3pez-Gatell tiene un mensaje para ti: No hay vacaciones de Semana Santa","author":"Staff","date":"abril 7, 2020","format":false,"excerpt":"El subsecretario de Salud recalc\u00f3 que 'si no nos movemos, el virus no se mueve y no hay contagios, qu\u00e9date en casa, no salgas de vacaciones'. El subsecretario de Prevenci\u00f3n y Promoci\u00f3n de la Salud, Hugo L\u00f3pez-Gatell, reiter\u00f3 este viernes que \"no hay vacaciones\", ya que existe una disposici\u00f3n general\u2026","rel":"","context":"En \u00abCiudad de M\u00e9xico\u00bb","block_context":{"text":"Ciudad de M\u00e9xico","link":"https:\/\/mexicocodigorojo.com.mx\/?cat=101"},"img":{"alt_text":"","src":"https:\/\/i0.wp.com\/mexicocodigorojo.com.mx\/wp-content\/uploads\/2020\/04\/unnamed.jpg?fit=512%2C281&ssl=1&resize=350%2C200","width":350,"height":200},"classes":[]},{"id":59807,"url":"https:\/\/mexicocodigorojo.com.mx\/?p=59807","url_meta":{"origin":55816,"position":2},"title":"M\u00e9xico aument\u00f3 un 29.1% en el consumo de Fentanilo","author":"MCR","date":"abril 17, 2024","format":false,"excerpt":"Ciudad de M\u00e9xico.- Especialistas de la Conasama: Comisi\u00f3n Nacional de Salud Mental y Adicciones\u00a0 de la Secretar\u00eda de Salud presentaron el Informe de la orden y demanda de fentanilo en M\u00e9xico, as\u00ed como sus generalidades, su situaci\u00f3n actual y\u00a0 extern\u00f3 el trabajo y esfuerzo interinstitucional y con organizaciones de la\u2026","rel":"","context":"En \u00abCiudad de M\u00e9xico\u00bb","block_context":{"text":"Ciudad de M\u00e9xico","link":"https:\/\/mexicocodigorojo.com.mx\/?cat=101"},"img":{"alt_text":"","src":"https:\/\/i0.wp.com\/mexicocodigorojo.com.mx\/wp-content\/uploads\/2024\/04\/image-3-1-750x556-1.jpg?fit=750%2C556&ssl=1&resize=350%2C200","width":350,"height":200,"srcset":"https:\/\/i0.wp.com\/mexicocodigorojo.com.mx\/wp-content\/uploads\/2024\/04\/image-3-1-750x556-1.jpg?fit=750%2C556&ssl=1&resize=350%2C200 1x, https:\/\/i0.wp.com\/mexicocodigorojo.com.mx\/wp-content\/uploads\/2024\/04\/image-3-1-750x556-1.jpg?fit=750%2C556&ssl=1&resize=525%2C300 1.5x, https:\/\/i0.wp.com\/mexicocodigorojo.com.mx\/wp-content\/uploads\/2024\/04\/image-3-1-750x556-1.jpg?fit=750%2C556&ssl=1&resize=700%2C400 2x"},"classes":[]},{"id":36640,"url":"https:\/\/mexicocodigorojo.com.mx\/?p=36640","url_meta":{"origin":55816,"position":3},"title":"Estamos pr\u00f3ximos a entrar en la Fase 3, advierte L\u00f3pez-Gatell","author":"Staff","date":"abril 10, 2020","format":false,"excerpt":"Hasta este jueves se registran 3 mil 441 personas infectadas de coronavirus y 194 muertes en M\u00e9xico El subsecretario de Salud,\u00a0Hugo L\u00f3pez-Gatell, advirti\u00f3 durante la conferencia de este jueves sobre el\u00a0COVID-19 en M\u00e9xico\u00a0que el pa\u00eds est\u00e1 pr\u00f3ximo a entrar en la\u00a0Fase 3\u00a0de la\u00a0pandemia. Quiero que se vayan preparando. Estamos pr\u00f3ximos\u2026","rel":"","context":"En \u00abCiudad de M\u00e9xico\u00bb","block_context":{"text":"Ciudad de M\u00e9xico","link":"https:\/\/mexicocodigorojo.com.mx\/?cat=101"},"img":{"alt_text":"","src":"https:\/\/i0.wp.com\/mexicocodigorojo.com.mx\/wp-content\/uploads\/2020\/04\/mex-fase-3-2.jpg?fit=980%2C550&ssl=1&resize=350%2C200","width":350,"height":200,"srcset":"https:\/\/i0.wp.com\/mexicocodigorojo.com.mx\/wp-content\/uploads\/2020\/04\/mex-fase-3-2.jpg?fit=980%2C550&ssl=1&resize=350%2C200 1x, https:\/\/i0.wp.com\/mexicocodigorojo.com.mx\/wp-content\/uploads\/2020\/04\/mex-fase-3-2.jpg?fit=980%2C550&ssl=1&resize=525%2C300 1.5x, https:\/\/i0.wp.com\/mexicocodigorojo.com.mx\/wp-content\/uploads\/2020\/04\/mex-fase-3-2.jpg?fit=980%2C550&ssl=1&resize=700%2C400 2x"},"classes":[]},{"id":57492,"url":"https:\/\/mexicocodigorojo.com.mx\/?p=57492","url_meta":{"origin":55816,"position":4},"title":"EUA Exige a M\u00e9xico Capturar m\u00e1s Narcos y Destruir Laboratorios de Producci\u00f3n del Fentanilo","author":"Staff","date":"octubre 3, 2023","format":false,"excerpt":"Estados Unidos de Am\u00e9rica\u00a0(EUA) se\u00f1al\u00f3 este lunes 2 de octubre de 2023 que quiere ver m\u00e1s\u00a0capturas de narcotraficantes\u00a0y m\u00e1s\u00a0laboratorios de fentanilo\u00a0desmantelados por parte de M\u00e9xico, como prueba de que la\u00a0colaboraci\u00f3n en contra del tr\u00e1fico de drogas\u00a0est\u00e1 funcionando. En su rueda de prensa diaria, el portavoz del Departamento de Estado,\u00a0Matthew Miller,\u00a0admiti\u00f3\u2026","rel":"","context":"En \u00abCiudad de M\u00e9xico\u00bb","block_context":{"text":"Ciudad de M\u00e9xico","link":"https:\/\/mexicocodigorojo.com.mx\/?cat=101"},"img":{"alt_text":"","src":"https:\/\/i0.wp.com\/mexicocodigorojo.com.mx\/wp-content\/uploads\/2023\/10\/laboratorio-fentanilo-eua.webp?fit=734%2C413&ssl=1&resize=350%2C200","width":350,"height":200,"srcset":"https:\/\/i0.wp.com\/mexicocodigorojo.com.mx\/wp-content\/uploads\/2023\/10\/laboratorio-fentanilo-eua.webp?fit=734%2C413&ssl=1&resize=350%2C200 1x, https:\/\/i0.wp.com\/mexicocodigorojo.com.mx\/wp-content\/uploads\/2023\/10\/laboratorio-fentanilo-eua.webp?fit=734%2C413&ssl=1&resize=525%2C300 1.5x, https:\/\/i0.wp.com\/mexicocodigorojo.com.mx\/wp-content\/uploads\/2023\/10\/laboratorio-fentanilo-eua.webp?fit=734%2C413&ssl=1&resize=700%2C400 2x"},"classes":[]},{"id":41192,"url":"https:\/\/mexicocodigorojo.com.mx\/?p=41192","url_meta":{"origin":55816,"position":5},"title":"Diez gobernadores exigen la renuncia de Hugo L\u00f3pez-Gatell","author":"Staff","date":"agosto 1, 2020","format":false,"excerpt":"Los gobernadores exigieron la renuncia inmediata de Hugo L\u00f3pez-Gatell y la llegada de un nuevo experto para atender la pandemia La\u00a0Alianza Federalista\u00a0de\u00a0gobernadores\u00a0dio a conocer un\u00a0posicionamiento\u00a0frente a la estrategia implementada por el\u00a0Gobierno Federal por la pandemia de COVID-19. Los gobernadores, de extracci\u00f3n partidista de oposici\u00f3n, exigieron la renuncia inmediata del subsecretario\u2026","rel":"","context":"En \u00abCiudad de M\u00e9xico\u00bb","block_context":{"text":"Ciudad de M\u00e9xico","link":"https:\/\/mexicocodigorojo.com.mx\/?cat=101"},"img":{"alt_text":"","src":"https:\/\/i0.wp.com\/mexicocodigorojo.com.mx\/wp-content\/uploads\/2020\/08\/hugo-lopez-gatell-1.jpg?fit=980%2C550&ssl=1&resize=350%2C200","width":350,"height":200,"srcset":"https:\/\/i0.wp.com\/mexicocodigorojo.com.mx\/wp-content\/uploads\/2020\/08\/hugo-lopez-gatell-1.jpg?fit=980%2C550&ssl=1&resize=350%2C200 1x, https:\/\/i0.wp.com\/mexicocodigorojo.com.mx\/wp-content\/uploads\/2020\/08\/hugo-lopez-gatell-1.jpg?fit=980%2C550&ssl=1&resize=525%2C300 1.5x, https:\/\/i0.wp.com\/mexicocodigorojo.com.mx\/wp-content\/uploads\/2020\/08\/hugo-lopez-gatell-1.jpg?fit=980%2C550&ssl=1&resize=700%2C400 2x"},"classes":[]}],"jetpack_sharing_enabled":true,"jetpack_likes_enabled":true,"jetpack_shortlink":"https:\/\/wp.me\/p9TedA-ewg","jetpack_featured_media_url":"https:\/\/i0.wp.com\/mexicocodigorojo.com.mx\/wp-content\/uploads\/2023\/04\/2932900.jpg?fit=800%2C600&ssl=1","_links":{"self":[{"href":"https:\/\/mexicocodigorojo.com.mx\/index.php?rest_route=\/wp\/v2\/posts\/55816","targetHints":{"allow":["GET"]}}],"collection":[{"href":"https:\/\/mexicocodigorojo.com.mx\/index.php?rest_route=\/wp\/v2\/posts"}],"about":[{"href":"https:\/\/mexicocodigorojo.com.mx\/index.php?rest_route=\/wp\/v2\/types\/post"}],"author":[{"embeddable":true,"href":"https:\/\/mexicocodigorojo.com.mx\/index.php?rest_route=\/wp\/v2\/users\/21"}],"replies":[{"embeddable":true,"href":"https:\/\/mexicocodigorojo.com.mx\/index.php?rest_route=%2Fwp%2Fv2%2Fcomments&post=55816"}],"version-history":[{"count":1,"href":"https:\/\/mexicocodigorojo.com.mx\/index.php?rest_route=\/wp\/v2\/posts\/55816\/revisions"}],"predecessor-version":[{"id":55818,"href":"https:\/\/mexicocodigorojo.com.mx\/index.php?rest_route=\/wp\/v2\/posts\/55816\/revisions\/55818"}],"wp:featuredmedia":[{"embeddable":true,"href":"https:\/\/mexicocodigorojo.com.mx\/index.php?rest_route=\/wp\/v2\/media\/55817"}],"wp:attachment":[{"href":"https:\/\/mexicocodigorojo.com.mx\/index.php?rest_route=%2Fwp%2Fv2%2Fmedia&parent=55816"}],"wp:term":[{"taxonomy":"category","embeddable":true,"href":"https:\/\/mexicocodigorojo.com.mx\/index.php?rest_route=%2Fwp%2Fv2%2Fcategories&post=55816"},{"taxonomy":"post_tag","embeddable":true,"href":"https:\/\/mexicocodigorojo.com.mx\/index.php?rest_route=%2Fwp%2Fv2%2Ftags&post=55816"}],"curies":[{"name":"wp","href":"https:\/\/api.w.org\/{rel}","templated":true}]}}