{"id":55739,"date":"2023-03-27T08:47:33","date_gmt":"2023-03-27T14:47:33","guid":{"rendered":"https:\/\/mexicocodigorojo.com.mx\/?p=55739"},"modified":"2023-03-27T09:05:57","modified_gmt":"2023-03-27T15:05:57","slug":"inutil-velazquez-tiscareno-hace-berrinche-y-colapsa-el-aicm","status":"publish","type":"post","link":"https:\/\/mexicocodigorojo.com.mx\/?p=55739","title":{"rendered":"In\u00fatil Vel\u00e1zquez Tiscare\u00f1o; hace berrinche y colapsa el AICM"},"content":{"rendered":"<p>Los pasajeros del Aeropuerto Internacional de la Ciudad de M\u00e9xico (AICM) fueron desorientados ayer por la imposici\u00f3n del administrador Carlos Vel\u00e1zquez Tiscare\u00f1o en las pantallas de la terminal a\u00e9rea de los horarios que las autoridades asignan a las aerol\u00edneas.<\/p>\n<p>El actual administrador del AICM ordeno que se dejaran de mostrar los horarios que las aerol\u00edneas notifican y venden a sus clientes, por lo que, en los hechos, las pantallas se volvieron inoperantes.<\/p>\n<p>Las autoridades del AICM colocaron en las 415 pantallas los horarios autorizados a las l\u00edneas a\u00e9reas, pero durante la jornada la mayor\u00eda apareci\u00f3 como \u00abDemorado\u00bb.<\/p>\n<p>Los pasajeros, que usan las pantallas al llegar al aeropuerto para orientarse y verificar su horario, tuvieron que ser remitidos con el personal de las aerol\u00edneas o a sus apps.<\/p>\n<p>Las compa\u00f1\u00edas van ajustando sus vuelos por condiciones meteorol\u00f3gicas, seguridad operacional, sistemas de navegaci\u00f3n, presentaci\u00f3n tard\u00eda de tripulaciones, permisos, limpieza de aviones, suministro de combustible, entre otros. Al cambiar un vuelo, el resto se va ajustando.<\/p>\n<p>Fernando G\u00f3mez, analista del sector a\u00e9reo, dijo que este tipo de acciones afectan la imagen del AICM y que se debi\u00f3 hacer una campa\u00f1a previa de difusi\u00f3n.<\/p>\n<p>A\u00f1adi\u00f3 que no fue el momento id\u00f3neo para realizar la imposici\u00f3n, pues es temporada alta.<\/p>\n<p>No obstante, G\u00f3mez se\u00f1al\u00f3 que la medida adoptada por el AICM es buena, ya que busca establecer un orden en las operaciones.<\/p>\n<p>\u00abEs bueno que ahora buscan que (el horario autorizado) se apegue lo m\u00e1s posible al horario comercial, pero no se puede lograr de la noche a la ma\u00f1ana\u00bb, se\u00f1al\u00f3.<\/p>\n<p>Carlos Torres, especialista en aviaci\u00f3n y turismo, consider\u00f3 que la medida obligar\u00e1 a las l\u00edneas a planear sus itinerarios y ajustarse a los horarios que tienen asignados; sin embargo, advirti\u00f3 que esto podr\u00eda provocar una ola de cancelaciones y demoras.<\/p>\n<p>\u00abEn los pr\u00f3ximos d\u00edas se podr\u00edan ver cancelaciones anticipadas de vuelos y demoras. En ese sentido las aerol\u00edneas tendr\u00e1n que ajustarse a los horarios que s\u00ed tienen asignados\u00bb, consider\u00f3.<\/p>\n<p><strong>&#8216;No tenemos hora estimada de salida&#8217;<\/strong><\/p>\n<p>A las 13:44 horas de ayer, una pareja que viajar\u00eda con Volaris rumbo a Mazatl\u00e1n se asom\u00f3 a una de las pantallas donde se anuncian los horarios de salida en el Aeropuerto Internacional de la Ciudad de M\u00e9xico (AICM) y se percat\u00f3 que su vuelo estaba demorado.<\/p>\n<p>\u00abNo tiene ni hora estimada de salida\u00bb, dijo molesto el hombre, quien asegur\u00f3 que desconoc\u00eda la nueva disposici\u00f3n sobre la exhibici\u00f3n de los horarios de vuelo.<\/p>\n<p>\u00abNo sab\u00edamos hasta ahora, pero esto es confuso. Si t\u00fa tienes una hora y el aeropuerto pone otra hora, eso es confuso. Adem\u00e1s te programas para cierto horario y la Ciudad es muy grande, hay mucho tr\u00e1fico y tienes que anticipar muchas cosas\u00bb, agreg\u00f3 el joven.<\/p>\n<p>En la Terminal 2, otro usuario, quien se dirig\u00eda a Monterrey por Aerom\u00e9xico, tambi\u00e9n not\u00f3 las diferencias de horario entre lo que le indicaba la aerol\u00ednea, v\u00eda su aplicaci\u00f3n, y lo que le mostraba la pantalla del aeropuerto.<\/p>\n<p>\u00abHay un peque\u00f1o retraso. S\u00ed sab\u00eda del cambio. Hay que ver c\u00f3mo nos va\u00bb, se\u00f1al\u00f3.<\/p>\n<p>En pr\u00e1cticamente todas las 226 pantallas de la Terminal 1 y las 189 de la Terminal 2 se observ\u00f3 que los vuelos se encontraban demorados.<\/p>\n<p>\u00abS\u00ed genera preocupaci\u00f3n ver que en las pantallas se anuncian vuelos demorados\u00bb, dijo otro viajero.<\/p>\n<p>Ante las dudas, las aerol\u00edneas informaron en sus redes sociales que los horarios en las pantallas del AICM no eran precisos, por lo que recomendaron revisar sus aplicaciones digitales.<\/p>\n<p>\u00abLas pantallas de las salidas de vuelos del aeropuerto de la Ciudad de M\u00e9xico no estar\u00e1n sincronizadas con el horario real de salida\u00bb, inform\u00f3, por ejemplo, Volaris.<\/p>\n","protected":false},"excerpt":{"rendered":"<p>Los pasajeros del Aeropuerto Internacional de la Ciudad de M\u00e9xico (AICM) fueron desorientados ayer por la imposici\u00f3n del administrador Carlos Vel\u00e1zquez Tiscare\u00f1o en las pantallas de la terminal a\u00e9rea de los horarios que las autoridades asignan a las aerol\u00edneas. El actual administrador del AICM ordeno que se dejaran de mostrar los horarios que las aerol\u00edneas [&hellip;]<\/p>\n","protected":false},"author":21,"featured_media":55740,"comment_status":"closed","ping_status":"closed","sticky":false,"template":"","format":"standard","meta":{"_uf_show_specific_survey":0,"_uf_disable_surveys":false,"advanced_seo_description":"","jetpack_seo_html_title":"","jetpack_seo_noindex":false,"jetpack_post_was_ever_published":false,"_jetpack_newsletter_access":"","_jetpack_dont_email_post_to_subs":false,"_jetpack_newsletter_tier_id":0,"_jetpack_memberships_contains_paywalled_content":false,"_jetpack_memberships_contains_paid_content":false,"footnotes":"","jetpack_publicize_message":"#CDMX In\u00fatil Vel\u00e1zquez Tiscare\u00f1o; hace berrinche y colapsa el #AICM","jetpack_publicize_feature_enabled":true,"jetpack_social_post_already_shared":true,"jetpack_social_options":{"image_generator_settings":{"template":"highway","default_image_id":0,"font":"","enabled":false},"version":2}},"categories":[1724],"tags":[],"class_list":{"0":"post-55739","1":"post","2":"type-post","3":"status-publish","4":"format-standard","5":"has-post-thumbnail","7":"category-featured"},"jetpack_publicize_connections":[],"jetpack_featured_media_url":"https:\/\/i0.wp.com\/mexicocodigorojo.com.mx\/wp-content\/uploads\/2023\/03\/AICM.jpg?fit=960%2C640&ssl=1","jetpack-related-posts":[{"id":26150,"url":"https:\/\/mexicocodigorojo.com.mx\/?p=26150","url_meta":{"origin":55739,"position":0},"title":"Dudan aerol\u00edneas de operatividad simult\u00e1nea entre AICM y Santa Luc\u00eda","author":"Staff","date":"octubre 29, 2019","format":false,"excerpt":"AMLO asegura que se tendr\u00e1n que ir acostumbrando, pues ahora prevalece el inter\u00e9s nacional sobre los particulares Algunas de las principales aerol\u00edneas de Am\u00e9rica Latina dudan sobre la operatividad simult\u00e1nea del aeropuerto internacional de Santa Luc\u00eda y el Benito Ju\u00e1rez. En un panel de directivos de empresa organizado por la\u2026","rel":"","context":"En \u00abFeatured\u00bb","block_context":{"text":"Featured","link":"https:\/\/mexicocodigorojo.com.mx\/?cat=1724"},"img":{"alt_text":"","src":"https:\/\/i0.wp.com\/mexicocodigorojo.com.mx\/wp-content\/uploads\/2019\/10\/Pantalla_Santa_Lucia_Fotor-696x464.jpg?fit=696%2C464&ssl=1&resize=350%2C200","width":350,"height":200,"srcset":"https:\/\/i0.wp.com\/mexicocodigorojo.com.mx\/wp-content\/uploads\/2019\/10\/Pantalla_Santa_Lucia_Fotor-696x464.jpg?fit=696%2C464&ssl=1&resize=350%2C200 1x, https:\/\/i0.wp.com\/mexicocodigorojo.com.mx\/wp-content\/uploads\/2019\/10\/Pantalla_Santa_Lucia_Fotor-696x464.jpg?fit=696%2C464&ssl=1&resize=525%2C300 1.5x"},"classes":[]},{"id":49293,"url":"https:\/\/mexicocodigorojo.com.mx\/?p=49293","url_meta":{"origin":55739,"position":1},"title":"Ponen en jaque a Santa Luc\u00eda","author":"MexicoRojoCvmx","date":"mayo 26, 2021","format":false,"excerpt":"Cd. de M\u00e9xico (26 mayo 2021).- Los pasajeros y las aerol\u00edneas mexicanas ser\u00e1n los afectados por la degradaci\u00f3n de la categor\u00eda a\u00e9rea a M\u00e9xico y el da\u00f1o podr\u00eda alcanzar al aeropuerto de Santa Luc\u00eda si no se recupera el nivel antes de marzo de 2022. Ayer, la Administraci\u00f3n Federal de\u2026","rel":"","context":"En \u00abCiudad de M\u00e9xico\u00bb","block_context":{"text":"Ciudad de M\u00e9xico","link":"https:\/\/mexicocodigorojo.com.mx\/?cat=101"},"img":{"alt_text":"","src":"https:\/\/i0.wp.com\/mexicocodigorojo.com.mx\/wp-content\/uploads\/2021\/05\/WhatsApp-Image-2021-02-18-at-22.37.24-1.jpeg?fit=1024%2C768&ssl=1&resize=350%2C200","width":350,"height":200,"srcset":"https:\/\/i0.wp.com\/mexicocodigorojo.com.mx\/wp-content\/uploads\/2021\/05\/WhatsApp-Image-2021-02-18-at-22.37.24-1.jpeg?fit=1024%2C768&ssl=1&resize=350%2C200 1x, https:\/\/i0.wp.com\/mexicocodigorojo.com.mx\/wp-content\/uploads\/2021\/05\/WhatsApp-Image-2021-02-18-at-22.37.24-1.jpeg?fit=1024%2C768&ssl=1&resize=525%2C300 1.5x, https:\/\/i0.wp.com\/mexicocodigorojo.com.mx\/wp-content\/uploads\/2021\/05\/WhatsApp-Image-2021-02-18-at-22.37.24-1.jpeg?fit=1024%2C768&ssl=1&resize=700%2C400 2x"},"classes":[]},{"id":53289,"url":"https:\/\/mexicocodigorojo.com.mx\/?p=53289","url_meta":{"origin":55739,"position":2},"title":"Controla Marina el AICM","author":"Staff","date":"julio 7, 2022","format":false,"excerpt":"En medio de la crisis por las fallas en seguridad a\u00e9rea y el desorden en la operaci\u00f3n del Aeropuerto Internacional de la Ciudad de M\u00e9xico (AICM), el Gobierno federal design\u00f3 al vicealmirante piloto aviador Carlos Ignacio Vel\u00e1zquez Tiscare\u00f1o como director general. Esto en sustituci\u00f3n de Carlos Mor\u00e1n. A partir de\u2026","rel":"","context":"En \u00abCiudad de M\u00e9xico\u00bb","block_context":{"text":"Ciudad de M\u00e9xico","link":"https:\/\/mexicocodigorojo.com.mx\/?cat=101"},"img":{"alt_text":"","src":"https:\/\/i0.wp.com\/mexicocodigorojo.com.mx\/wp-content\/uploads\/2022\/07\/5289835.jpg?fit=960%2C640&ssl=1&resize=350%2C200","width":350,"height":200,"srcset":"https:\/\/i0.wp.com\/mexicocodigorojo.com.mx\/wp-content\/uploads\/2022\/07\/5289835.jpg?fit=960%2C640&ssl=1&resize=350%2C200 1x, https:\/\/i0.wp.com\/mexicocodigorojo.com.mx\/wp-content\/uploads\/2022\/07\/5289835.jpg?fit=960%2C640&ssl=1&resize=525%2C300 1.5x, https:\/\/i0.wp.com\/mexicocodigorojo.com.mx\/wp-content\/uploads\/2022\/07\/5289835.jpg?fit=960%2C640&ssl=1&resize=700%2C400 2x"},"classes":[]},{"id":58666,"url":"https:\/\/mexicocodigorojo.com.mx\/?p=58666","url_meta":{"origin":55739,"position":3},"title":"El Vicealmirante Retirado Tiscare\u00f1o, Director del AICM, una demostraci\u00f3n m\u00e1s de poder en exceso y beneficios a personas","author":"Staff","date":"diciembre 21, 2023","format":false,"excerpt":"El Aeropuerto Internacional Benito Ju\u00e1rez sufre una decadencia que viene de lejos. Este siglo no ha sido el suyo. Ni con la Terminal 2, de tiempos foxistas, inici\u00f3 una recuperaci\u00f3n. Mas a la cr\u00f3nica de sus carencias ahora hay que agregar la abierta prepotencia y abuso de sus directivos. El\u2026","rel":"","context":"En \u00abCiudad de M\u00e9xico\u00bb","block_context":{"text":"Ciudad de M\u00e9xico","link":"https:\/\/mexicocodigorojo.com.mx\/?cat=101"},"img":{"alt_text":"","src":"https:\/\/i0.wp.com\/mexicocodigorojo.com.mx\/wp-content\/uploads\/2023\/12\/img_4268-1.jpg?fit=500%2C329&ssl=1&resize=350%2C200","width":350,"height":200},"classes":[]},{"id":27293,"url":"https:\/\/mexicocodigorojo.com.mx\/?p=27293","url_meta":{"origin":55739,"position":4},"title":"Asegura GN 10 kilos de coca\u00edna a venezolano en el AICM","author":"Staff","date":"noviembre 18, 2019","format":false,"excerpt":"EN EL AICM, GUARDIA NACIONAL DETIENE A CIUDADANO VENEZOLANO QUE VIAJABA CON 10 KILOS DE APARENTE COCA\u00cdNA Integrantes de la Guardia Nacional al efectuar sus funciones de inspecci\u00f3n, seguridad, vigilancia y prevenci\u00f3n del delito en el Aeropuerto Internacional de la Ciudad de M\u00e9xico, detuvieron a una persona de nacionalidad venezolana\u2026","rel":"","context":"En \u00abCiudad de M\u00e9xico\u00bb","block_context":{"text":"Ciudad de M\u00e9xico","link":"https:\/\/mexicocodigorojo.com.mx\/?cat=101"},"img":{"alt_text":"","src":"","width":0,"height":0},"classes":[]},{"id":53269,"url":"https:\/\/mexicocodigorojo.com.mx\/?p=53269","url_meta":{"origin":55739,"position":5},"title":"Megatransa en limpieza del AICM","author":"Staff","date":"julio 7, 2022","format":false,"excerpt":"CIUDAD DE M\u00c9XICO.- Un millonario contrato para prestar servicios de limpieza en el\u00a0Aeropuerto Internacional de la Ciudad de M\u00e9xico\u00a0(AICM) fue suspendido tras comprobarse sobrecostos y anomal\u00edas en su adjudicaci\u00f3n. Pero mientras estuvo vigente, el AICM pag\u00f3 un promedio de 21.6 millones de pesos mensuales por el servicio en ambas terminales,\u2026","rel":"","context":"En \u00abCiudad de M\u00e9xico\u00bb","block_context":{"text":"Ciudad de M\u00e9xico","link":"https:\/\/mexicocodigorojo.com.mx\/?cat=101"},"img":{"alt_text":"","src":"https:\/\/i0.wp.com\/mexicocodigorojo.com.mx\/wp-content\/uploads\/2022\/07\/5173684.jpg?fit=960%2C640&ssl=1&resize=350%2C200","width":350,"height":200,"srcset":"https:\/\/i0.wp.com\/mexicocodigorojo.com.mx\/wp-content\/uploads\/2022\/07\/5173684.jpg?fit=960%2C640&ssl=1&resize=350%2C200 1x, https:\/\/i0.wp.com\/mexicocodigorojo.com.mx\/wp-content\/uploads\/2022\/07\/5173684.jpg?fit=960%2C640&ssl=1&resize=525%2C300 1.5x, https:\/\/i0.wp.com\/mexicocodigorojo.com.mx\/wp-content\/uploads\/2022\/07\/5173684.jpg?fit=960%2C640&ssl=1&resize=700%2C400 2x"},"classes":[]}],"jetpack_sharing_enabled":true,"jetpack_likes_enabled":true,"jetpack_shortlink":"https:\/\/wp.me\/p9TedA-ev1","_links":{"self":[{"href":"https:\/\/mexicocodigorojo.com.mx\/index.php?rest_route=\/wp\/v2\/posts\/55739","targetHints":{"allow":["GET"]}}],"collection":[{"href":"https:\/\/mexicocodigorojo.com.mx\/index.php?rest_route=\/wp\/v2\/posts"}],"about":[{"href":"https:\/\/mexicocodigorojo.com.mx\/index.php?rest_route=\/wp\/v2\/types\/post"}],"author":[{"embeddable":true,"href":"https:\/\/mexicocodigorojo.com.mx\/index.php?rest_route=\/wp\/v2\/users\/21"}],"replies":[{"embeddable":true,"href":"https:\/\/mexicocodigorojo.com.mx\/index.php?rest_route=%2Fwp%2Fv2%2Fcomments&post=55739"}],"version-history":[{"count":1,"href":"https:\/\/mexicocodigorojo.com.mx\/index.php?rest_route=\/wp\/v2\/posts\/55739\/revisions"}],"predecessor-version":[{"id":55741,"href":"https:\/\/mexicocodigorojo.com.mx\/index.php?rest_route=\/wp\/v2\/posts\/55739\/revisions\/55741"}],"wp:featuredmedia":[{"embeddable":true,"href":"https:\/\/mexicocodigorojo.com.mx\/index.php?rest_route=\/wp\/v2\/media\/55740"}],"wp:attachment":[{"href":"https:\/\/mexicocodigorojo.com.mx\/index.php?rest_route=%2Fwp%2Fv2%2Fmedia&parent=55739"}],"wp:term":[{"taxonomy":"category","embeddable":true,"href":"https:\/\/mexicocodigorojo.com.mx\/index.php?rest_route=%2Fwp%2Fv2%2Fcategories&post=55739"},{"taxonomy":"post_tag","embeddable":true,"href":"https:\/\/mexicocodigorojo.com.mx\/index.php?rest_route=%2Fwp%2Fv2%2Ftags&post=55739"}],"curies":[{"name":"wp","href":"https:\/\/api.w.org\/{rel}","templated":true}]}}