{"id":55598,"date":"2023-03-09T15:06:30","date_gmt":"2023-03-09T21:06:30","guid":{"rendered":"https:\/\/mexicocodigorojo.com.mx\/?p=55598"},"modified":"2023-03-09T15:06:30","modified_gmt":"2023-03-09T21:06:30","slug":"ejecutan-a-dos-elementos-de-la-gn-en-san-miguel-de-allende","status":"publish","type":"post","link":"https:\/\/mexicocodigorojo.com.mx\/?p=55598","title":{"rendered":"Ejecutan a dos elementos de la GN en San Miguel de Allende"},"content":{"rendered":"<p>San Miguel de Allende, Guanajuato. &#8211; Dos elementos de la Guardia Nacional adscritos a Comonfort fueron asesinados. Uno de ellos estaba en la cajuela de un kia blanco, adem\u00e1s, hay un tercer elemento desaparecido.<\/p>\n<p>Al hospital general de San Miguel de Allende fue trasladado un hombre al que le dispararon, pero desafortunadamente lleg\u00f3 sin vida. Se trata de Marcos de Jes\u00fas \u00abN\u00bb de 20 a\u00f1os, el cual hab\u00eda sido lesionado en La Huerta.<\/p>\n<p>Tras el reporte al Sistema de Emergencias, elementos de polic\u00eda fueron hasta el lugar de la agresi\u00f3n y localizaron un veh\u00edculo KIA Forte, color blanco, modelo 2021.<\/p>\n<p>En la cajuela estaba un hombre sin vida con vestimentas parecidas al uniforme de la Guardia Nacional y cubierto con cal. Este fue identificado como Efra\u00edn \u00abN\u00bb de 23 a\u00f1os, elemento activo de dicha corporaci\u00f3n. En el lugar hallaron casquillos calibre .223 mm.<\/p>\n<p>El destacamento de Comonfort de la Guardia Nacional inform\u00f3 que se encuentra desaparecido el elemento Pablo \u00abN\u00bb de 24 a\u00f1os de edad.<\/p>\n<p>No hay informaci\u00f3n sobre c\u00f3mo ocurri\u00f3 la agresi\u00f3n o si hay pista de los culpables. El caso ya lo atrajo la Fiscal\u00eda General del Estado.<\/p>\n<blockquote class=\"twitter-tweet\" data-width=\"550\" data-dnt=\"true\">\n<p lang=\"es\" dir=\"ltr\">Fotos|\ud83d\udcf7 \u26a0\ufe0fSensibles<\/p>\n<p>\u2b55\ufe0fLocalizan a elemento de <a href=\"https:\/\/twitter.com\/GN_MEXICO_?ref_src=twsrc%5Etfw\">@GN_MEXICO_<\/a> ejecutado dentro de cajuela de un auto; Otro elemento sigue desaparecido.<\/p>\n<p>Com. La Huerta, de San Miguel de Allende, Gto.<\/p>\n<p>Personal m\u00e9dico del Hospital General  inform\u00f3 a Sgd. P\u00fab. Mpal., el arribo de tres masculinos,\u2026 <a href=\"https:\/\/t.co\/lcdtmAXlbQ\">https:\/\/t.co\/lcdtmAXlbQ<\/a> <a href=\"https:\/\/t.co\/sUhKf47e48\">pic.twitter.com\/sUhKf47e48<\/a><\/p>\n<p>&mdash; C\u00d3DIGO MX (@CODIGO_NEGROMX) <a href=\"https:\/\/twitter.com\/CODIGO_NEGROMX\/status\/1633096763744681988?ref_src=twsrc%5Etfw\">March 7, 2023<\/a><\/p><\/blockquote>\n<p><script async src=\"https:\/\/platform.twitter.com\/widgets.js\" charset=\"utf-8\"><\/script><\/p>\n","protected":false},"excerpt":{"rendered":"<p>San Miguel de Allende, Guanajuato. &#8211; Dos elementos de la Guardia Nacional adscritos a Comonfort fueron asesinados. Uno de ellos estaba en la cajuela de un kia blanco, adem\u00e1s, hay un tercer elemento desaparecido. Al hospital general de San Miguel de Allende fue trasladado un hombre al que le dispararon, pero desafortunadamente lleg\u00f3 sin vida. [&hellip;]<\/p>\n","protected":false},"author":5,"featured_media":55600,"comment_status":"closed","ping_status":"closed","sticky":false,"template":"","format":"standard","meta":{"_uf_show_specific_survey":0,"_uf_disable_surveys":false,"advanced_seo_description":"","jetpack_seo_html_title":"","jetpack_seo_noindex":false,"jetpack_post_was_ever_published":false,"_jetpack_newsletter_access":"","_jetpack_dont_email_post_to_subs":false,"_jetpack_newsletter_tier_id":0,"_jetpack_memberships_contains_paywalled_content":false,"_jetpack_memberships_contains_paid_content":false,"footnotes":"","jetpack_publicize_message":"#Guanajuato | Localizan a elemento de Guardia Nacional ejecutado dentro de cajuela de un auto, otro muri\u00f3 en hospital y un tercero sigue desaparecido","jetpack_publicize_feature_enabled":true,"jetpack_social_post_already_shared":true,"jetpack_social_options":{"image_generator_settings":{"template":"highway","default_image_id":0,"font":"","enabled":false},"version":2}},"categories":[1724,18],"tags":[2173],"class_list":{"0":"post-55598","1":"post","2":"type-post","3":"status-publish","4":"format-standard","5":"has-post-thumbnail","7":"category-featured","8":"category-guanajuato","9":"tag-narcotrafico-2"},"jetpack_publicize_connections":[],"jetpack_featured_media_url":"https:\/\/i0.wp.com\/mexicocodigorojo.com.mx\/wp-content\/uploads\/2023\/03\/468412.jpg?fit=1096%2C655&ssl=1","jetpack-related-posts":[{"id":24779,"url":"https:\/\/mexicocodigorojo.com.mx\/?p=24779","url_meta":{"origin":55598,"position":0},"title":"En cortejo f\u00fanebre en San Miguel de Allende asesinan a dos personas","author":"Staff","date":"octubre 4, 2019","format":false,"excerpt":"Los sicarios no respetaron el cortejo f\u00fanebre y realizaron una masacre dejando como saldo dos muertos y varios heridos en San Miguel Allende Guanajuato.- Los asesinos no respetaron un cortejo f\u00fanebre durante la tarde del jueves, el sepelio termin\u00f3 en una masacre dejando como saldo dos muertos y cinco heridos\u2026","rel":"","context":"En \u00abGuanajuato\u00bb","block_context":{"text":"Guanajuato","link":"https:\/\/mexicocodigorojo.com.mx\/?cat=18"},"img":{"alt_text":"","src":"https:\/\/i0.wp.com\/mexicocodigorojo.com.mx\/wp-content\/uploads\/2019\/10\/en_cortejo_fxnebre_en_san_miguel_de_allendex_matan_a_dos_personas_crop1570202050453.jpg_219914347.jpg?fit=960%2C540&ssl=1&resize=350%2C200","width":350,"height":200,"srcset":"https:\/\/i0.wp.com\/mexicocodigorojo.com.mx\/wp-content\/uploads\/2019\/10\/en_cortejo_fxnebre_en_san_miguel_de_allendex_matan_a_dos_personas_crop1570202050453.jpg_219914347.jpg?fit=960%2C540&ssl=1&resize=350%2C200 1x, https:\/\/i0.wp.com\/mexicocodigorojo.com.mx\/wp-content\/uploads\/2019\/10\/en_cortejo_fxnebre_en_san_miguel_de_allendex_matan_a_dos_personas_crop1570202050453.jpg_219914347.jpg?fit=960%2C540&ssl=1&resize=525%2C300 1.5x, https:\/\/i0.wp.com\/mexicocodigorojo.com.mx\/wp-content\/uploads\/2019\/10\/en_cortejo_fxnebre_en_san_miguel_de_allendex_matan_a_dos_personas_crop1570202050453.jpg_219914347.jpg?fit=960%2C540&ssl=1&resize=700%2C400 2x"},"classes":[]},{"id":56019,"url":"https:\/\/mexicocodigorojo.com.mx\/?p=56019","url_meta":{"origin":55598,"position":1},"title":"Beb\u00e9 muere durante ataque armado en San Miguel de Allende","author":"Staff","date":"mayo 5, 2023","format":false,"excerpt":"En\u00a0San Miguel de Allende,\u00a0Guanajuato, una beb\u00e9 de un a\u00f1o muri\u00f3 v\u00edctima de un ataque armado en el que su pap\u00e1 result\u00f3 lesionado. El ataque a balazos contra la beb\u00e9 y su pap\u00e1 ocurri\u00f3 minutos antes de la medianoche de este mi\u00e9rcoles 3 de mayo, en la colonia San Antonio de\u2026","rel":"","context":"En \u00abFeatured\u00bb","block_context":{"text":"Featured","link":"https:\/\/mexicocodigorojo.com.mx\/?cat=1724"},"img":{"alt_text":"","src":"https:\/\/i0.wp.com\/mexicocodigorojo.com.mx\/wp-content\/uploads\/2023\/05\/Captura-de-pantalla-2023-05-05-a-las-08.36.16.jpg?fit=1200%2C663&ssl=1&resize=350%2C200","width":350,"height":200,"srcset":"https:\/\/i0.wp.com\/mexicocodigorojo.com.mx\/wp-content\/uploads\/2023\/05\/Captura-de-pantalla-2023-05-05-a-las-08.36.16.jpg?fit=1200%2C663&ssl=1&resize=350%2C200 1x, https:\/\/i0.wp.com\/mexicocodigorojo.com.mx\/wp-content\/uploads\/2023\/05\/Captura-de-pantalla-2023-05-05-a-las-08.36.16.jpg?fit=1200%2C663&ssl=1&resize=525%2C300 1.5x, https:\/\/i0.wp.com\/mexicocodigorojo.com.mx\/wp-content\/uploads\/2023\/05\/Captura-de-pantalla-2023-05-05-a-las-08.36.16.jpg?fit=1200%2C663&ssl=1&resize=700%2C400 2x, https:\/\/i0.wp.com\/mexicocodigorojo.com.mx\/wp-content\/uploads\/2023\/05\/Captura-de-pantalla-2023-05-05-a-las-08.36.16.jpg?fit=1200%2C663&ssl=1&resize=1050%2C600 3x"},"classes":[]},{"id":36424,"url":"https:\/\/mexicocodigorojo.com.mx\/?p=36424","url_meta":{"origin":55598,"position":2},"title":"Cae una pareja de homicidas en San Miguel de Allende","author":"Staff","date":"abril 7, 2020","format":false,"excerpt":"Ambos criminales llegaron al domicilio de su v\u00edctima, motivados por diferencias personales y ah\u00ed lo acribillaron con m\u00faltiples disparos de arma de fuego Sara\u00a0y\u00a0Juan, una pareja de criminales han sido sentenciados a pasar\u00a028 a\u00f1os\u00a0tras las rejas. Luego de ser encontrados culpables por el asesinato de un\u00a0Agente de Investigaci\u00f3n Criminal\u00a0de la\u2026","rel":"","context":"En \u00abGuanajuato\u00bb","block_context":{"text":"Guanajuato","link":"https:\/\/mexicocodigorojo.com.mx\/?cat=18"},"img":{"alt_text":"","src":"https:\/\/i0.wp.com\/mexicocodigorojo.com.mx\/wp-content\/uploads\/2020\/04\/escenac20200402t155502.871-focus-0-0-983-557.jpg?fit=983%2C557&ssl=1&resize=350%2C200","width":350,"height":200,"srcset":"https:\/\/i0.wp.com\/mexicocodigorojo.com.mx\/wp-content\/uploads\/2020\/04\/escenac20200402t155502.871-focus-0-0-983-557.jpg?fit=983%2C557&ssl=1&resize=350%2C200 1x, https:\/\/i0.wp.com\/mexicocodigorojo.com.mx\/wp-content\/uploads\/2020\/04\/escenac20200402t155502.871-focus-0-0-983-557.jpg?fit=983%2C557&ssl=1&resize=525%2C300 1.5x, https:\/\/i0.wp.com\/mexicocodigorojo.com.mx\/wp-content\/uploads\/2020\/04\/escenac20200402t155502.871-focus-0-0-983-557.jpg?fit=983%2C557&ssl=1&resize=700%2C400 2x"},"classes":[]},{"id":2977,"url":"https:\/\/mexicocodigorojo.com.mx\/?p=2977","url_meta":{"origin":55598,"position":3},"title":"LA \u00abRAPI\u00d1A\u00bb DE UN ACCIDENTE EN SAN MIGUEL DE ALLENDE GUANAJUATO \u00abQUE NOS GRABEN, PO\u2019S QU\u00c9 M\u00c1S\u201d","author":"Staff","date":"septiembre 15, 2018","format":false,"excerpt":"CELAYA, GTO., 14 septiembre 2018.- La rapi\u00f1a de habitantes de colonias ubicadas al costado de la autopista, se hizo presente este medio d\u00eda al robar la carga de papel sanitario que transportaba un trailer con doble remolque. https:\/\/youtu.be\/0ihU0meWSQ0 El cami\u00f3n qued\u00f3 recostado en medio de ambos carriles, poco despu\u00e9s de\u2026","rel":"","context":"En \u00abGuanajuato\u00bb","block_context":{"text":"Guanajuato","link":"https:\/\/mexicocodigorojo.com.mx\/?cat=18"},"img":{"alt_text":"","src":"https:\/\/i0.wp.com\/mexicocodigorojo.com.mx\/wp-content\/uploads\/2018\/09\/IMG_20180914_175758.jpg?resize=350%2C200&ssl=1","width":350,"height":200},"classes":[]},{"id":64606,"url":"https:\/\/mexicocodigorojo.com.mx\/?p=64606","url_meta":{"origin":55598,"position":4},"title":"Masacre en celebraci\u00f3n religiosa en San Miguel de Allende deja dos muertos y 17 heridos","author":"MexicoRojoCvmx","date":"agosto 19, 2025","format":false,"excerpt":"SAN MIGUEL DE ALLENDE, GUANAJUATO.\u2013 La noche del domingo 17 de agosto se ti\u00f1\u00f3 de violencia en la colonia Infonavit Malanquin, cuando dos hombres armados irrumpieron en plena celebraci\u00f3n dedicada a la Virgen de San Juan. El ataque, perpetrado en el atrio de la iglesia, dej\u00f3 un saldo de dos\u2026","rel":"","context":"En \u00abFeatured\u00bb","block_context":{"text":"Featured","link":"https:\/\/mexicocodigorojo.com.mx\/?cat=1724"},"img":{"alt_text":"","src":"https:\/\/i0.wp.com\/mexicocodigorojo.com.mx\/wp-content\/uploads\/2025\/08\/Gyo01KXWYAAbvgb.jpg?fit=720%2C527&ssl=1&resize=350%2C200","width":350,"height":200,"srcset":"https:\/\/i0.wp.com\/mexicocodigorojo.com.mx\/wp-content\/uploads\/2025\/08\/Gyo01KXWYAAbvgb.jpg?fit=720%2C527&ssl=1&resize=350%2C200 1x, https:\/\/i0.wp.com\/mexicocodigorojo.com.mx\/wp-content\/uploads\/2025\/08\/Gyo01KXWYAAbvgb.jpg?fit=720%2C527&ssl=1&resize=525%2C300 1.5x, https:\/\/i0.wp.com\/mexicocodigorojo.com.mx\/wp-content\/uploads\/2025\/08\/Gyo01KXWYAAbvgb.jpg?fit=720%2C527&ssl=1&resize=700%2C400 2x"},"classes":[]},{"id":20552,"url":"https:\/\/mexicocodigorojo.com.mx\/?p=20552","url_meta":{"origin":55598,"position":5},"title":"DETIENEN A LOS RESPONSABLES DE EJECUTAR A POLIC\u00cdAS EN SAN MIGUEL DE ALLENDE","author":"Staff","date":"julio 25, 2019","format":false,"excerpt":"Un d\u00eda despu\u00e9s de que dos polic\u00edas municipales fueron asesinados en el municipio de San Miguel de Allende por dos criminales que fueron posteriormente detenidos, el secretario de Gobierno de Guanajuato, Luis Ernesto Ayala Torres, y el alcalde Luis Alberto Villarreal Garc\u00eda, encabezaron una reuni\u00f3n de trabajo en las instalaciones\u2026","rel":"","context":"En \u00abGuanajuato\u00bb","block_context":{"text":"Guanajuato","link":"https:\/\/mexicocodigorojo.com.mx\/?cat=18"},"img":{"alt_text":"","src":"https:\/\/i0.wp.com\/mexicocodigorojo.com.mx\/wp-content\/uploads\/2019\/07\/img-20190724-wa01032739868452521118378.jpg?resize=350%2C200&ssl=1","width":350,"height":200,"srcset":"https:\/\/i0.wp.com\/mexicocodigorojo.com.mx\/wp-content\/uploads\/2019\/07\/img-20190724-wa01032739868452521118378.jpg?resize=350%2C200&ssl=1 1x, https:\/\/i0.wp.com\/mexicocodigorojo.com.mx\/wp-content\/uploads\/2019\/07\/img-20190724-wa01032739868452521118378.jpg?resize=525%2C300&ssl=1 1.5x"},"classes":[]}],"jetpack_sharing_enabled":true,"jetpack_likes_enabled":true,"jetpack_shortlink":"https:\/\/wp.me\/p9TedA-esK","_links":{"self":[{"href":"https:\/\/mexicocodigorojo.com.mx\/index.php?rest_route=\/wp\/v2\/posts\/55598","targetHints":{"allow":["GET"]}}],"collection":[{"href":"https:\/\/mexicocodigorojo.com.mx\/index.php?rest_route=\/wp\/v2\/posts"}],"about":[{"href":"https:\/\/mexicocodigorojo.com.mx\/index.php?rest_route=\/wp\/v2\/types\/post"}],"author":[{"embeddable":true,"href":"https:\/\/mexicocodigorojo.com.mx\/index.php?rest_route=\/wp\/v2\/users\/5"}],"replies":[{"embeddable":true,"href":"https:\/\/mexicocodigorojo.com.mx\/index.php?rest_route=%2Fwp%2Fv2%2Fcomments&post=55598"}],"version-history":[{"count":1,"href":"https:\/\/mexicocodigorojo.com.mx\/index.php?rest_route=\/wp\/v2\/posts\/55598\/revisions"}],"predecessor-version":[{"id":55601,"href":"https:\/\/mexicocodigorojo.com.mx\/index.php?rest_route=\/wp\/v2\/posts\/55598\/revisions\/55601"}],"wp:featuredmedia":[{"embeddable":true,"href":"https:\/\/mexicocodigorojo.com.mx\/index.php?rest_route=\/wp\/v2\/media\/55600"}],"wp:attachment":[{"href":"https:\/\/mexicocodigorojo.com.mx\/index.php?rest_route=%2Fwp%2Fv2%2Fmedia&parent=55598"}],"wp:term":[{"taxonomy":"category","embeddable":true,"href":"https:\/\/mexicocodigorojo.com.mx\/index.php?rest_route=%2Fwp%2Fv2%2Fcategories&post=55598"},{"taxonomy":"post_tag","embeddable":true,"href":"https:\/\/mexicocodigorojo.com.mx\/index.php?rest_route=%2Fwp%2Fv2%2Ftags&post=55598"}],"curies":[{"name":"wp","href":"https:\/\/api.w.org\/{rel}","templated":true}]}}