{"id":55542,"date":"2023-02-22T18:04:49","date_gmt":"2023-02-23T00:04:49","guid":{"rendered":"https:\/\/mexicocodigorojo.com.mx\/?p=55542"},"modified":"2023-02-22T18:04:49","modified_gmt":"2023-02-23T00:04:49","slug":"asesinan-a-un-nino-cuando-pastaba-a-sus-chivos-van-tres-menores-asesinados-en-24-horas","status":"publish","type":"post","link":"https:\/\/mexicocodigorojo.com.mx\/?p=55542","title":{"rendered":"Asesinan a un ni\u00f1o cuando pastaba a sus chivos, van tres menores asesinados en 24 horas"},"content":{"rendered":"<p>Este martes se dio a conocer la tr\u00e1gica muerte de un menor de edad, quien presuntamente fue asesinado mientras realizaba actividades de pastoreo en la comunidad de San Francisco Telixtlahuaca, Oaxaca. Este hecho sucede a dos d\u00edas del terrible hallazgo de los cuerpos sin vida de dos hermanos de 9 y 10 a\u00f1os de edad quienes vend\u00edan golosinas en Juchit\u00e1n de Zaragoza, en el Istmo de Tehuantepec.<\/p>\n<p>De acuerdo con los primeros reportes, el cuerpo del ni\u00f1o de apenas 13 a\u00f1os fue encontrado a la altura del paraje \u00abEl Ocotal\u00bb en Ojo de Agua, el menor de edad ten\u00eda una lesi\u00f3n en la cabeza, la cual pudo haber sido causada por un fuerte golpe. El peque\u00f1o estaba pastoreando con uno de sus familiares, un hombre de 26 a\u00f1os de edad quien de acuerdo con medios locales, padec\u00eda una enfermedad mental.<\/p>\n<h2>El infanticidio del peque\u00f1o ni\u00f1o en\u00a0San Francisco Telixtlahuaca<\/h2>\n<p>Fue el pasado viernes 17 de febrero cuando tuvo lugar el\u00a0<strong>atroz infanticidio<\/strong>, pero se dio a conocer tras el hallazgo del\u00a0<strong>cad\u00e1ver\u00a0<\/strong>del menor de edad, as\u00ed como la detenci\u00f3n del presunto responsable de la muerte del peque\u00f1o. El sujeto caminaba sobre la<strong>\u00a0Carretera Federal 135<\/strong>, a la altura de Las Sedas cuando fue detenido, versiones period\u00edsticas refieren que presentaba manchas de sangre en su ropa, as\u00ed como\u00a0<strong>contusiones\u00a0<\/strong>en algunas partes de su cuerpo.<\/p>\n<p><img data-recalc-dims=\"1\" decoding=\"async\" src=\"https:\/\/i0.wp.com\/heraldodemexico.com.mx\/u\/fotografias\/m\/2023\/2\/21\/f768x1-677243_677370_31.jpeg?w=696&#038;ssl=1\" \/><\/p>\n<p>Algunos medios locales se\u00f1alaron que el ni\u00f1o fue encontrado\u00a0<strong>descuartizado<\/strong>, sin embargo, esta versi\u00f3n no ha podido ser confirmada. Luego de lo ocurrido, el agente del Ministerio P\u00fablico tom\u00f3 conocimiento de lo ocurrido e inici\u00f3 una carpeta de investigaci\u00f3n por el delito de\u00a0<strong>homicidio<\/strong>. El hombre, quien presuntamente es primo del menor fue ingresado al\u00a0CERESO de\u00a0<strong>Tanivet<\/strong>,\u00a0<strong>Tlacolula\u00a0<\/strong>por el asesinato del menor de edad cuando sac\u00f3 a pastar a sus\u00a0<strong>chivos<\/strong>.<\/p>\n<blockquote class=\"twitter-tweet\" data-width=\"550\" data-dnt=\"true\">\n<p lang=\"es\" dir=\"ltr\">La <a href=\"https:\/\/twitter.com\/FISCALIA_GobOax?ref_src=twsrc%5Etfw\">@FISCALIA_GobOax<\/a> realiza los trabajos jur\u00eddicos en el proceso penal por homicidio calificado cometido contra un adolescente de 12 a\u00f1os de edad en San Francisco Telixtlahuaca, motivo por el cual una persona fue aprehendida y actualmente se encuentra en Tanivet.<a href=\"https:\/\/twitter.com\/FiscalOaxaca?ref_src=twsrc%5Etfw\">@FiscalOaxaca<\/a> <a href=\"https:\/\/t.co\/0g86dWurS3\">pic.twitter.com\/0g86dWurS3<\/a><\/p>\n<p>&mdash; Fiscal\u00eda General (@FISCALIA_GobOax) <a href=\"https:\/\/twitter.com\/FISCALIA_GobOax\/status\/1628149944719667204?ref_src=twsrc%5Etfw\">February 21, 2023<\/a><\/p><\/blockquote>\n<p><script async src=\"https:\/\/platform.twitter.com\/widgets.js\" charset=\"utf-8\"><\/script><\/p>\n<div class=\"content-banner\">\n<h2>Encuentran a un par de hermanitos sin vida en el Istmo de Tehuantepec<\/h2>\n<p>Fue el 18 de febrero, un d\u00eda despu\u00e9s del asesinato del menor en<strong>\u00a0San Francisco Telixtlahuaca<\/strong>\u00a0cuando se realiz\u00f3 el hallazgo de los cuerpos de una<strong>\u00a0menor de edad\u00a0<\/strong>y su\u00a0<strong>hermano<\/strong>, igual un peque\u00f1o ni\u00f1o, en el municipio de<strong>\u00a0El Espinal<\/strong>, en jurisdicci\u00f3n del Istmo de Tehuantepec, de acuerdo con la Fiscal\u00eda General del Estado de Oaxaca (<strong>FGEO<\/strong>).<\/p>\n<p>Los peque\u00f1os se dedicaban a la<strong>\u00a0venta de<\/strong>\u00a0<strong>golosinas en la<\/strong>\u00a0<strong>v\u00eda p\u00fablica<\/strong>\u00a0y tras diversos actos de revisi\u00f3n y an\u00e1lisis de las bases de datos de la instituci\u00f3n, se tuvo la certeza de que\u00a0<strong>no exist\u00eda reporte de no localizaci\u00f3n<\/strong>\u00a0de ambos menores de edad, por que se estableci\u00f3 que su desaparici\u00f3n y posterior\u00a0<strong>fallecimiento\u00a0<\/strong>se dio entre la tarde-noche del viernes y las primeras horas del s\u00e1bado.<\/p>\n<p><img data-recalc-dims=\"1\" decoding=\"async\" src=\"https:\/\/i0.wp.com\/heraldodemexico.com.mx\/u\/fotografias\/m\/2023\/2\/21\/f768x1-677237_677364_31.jpg?w=696&#038;ssl=1\" \/><\/p>\n<p>El Instituto de Servicios Periciales realiz\u00f3\u00a0<strong>estudios cient\u00edficos\u00a0<\/strong>que permitieron establecer que la<strong>\u00a0causa de muerte\u00a0<\/strong>de los menores fue por asfixia adem\u00e1s, de que ten\u00edan entre<strong>\u00a0dos y cuatro horas de haber fallecido\u00a0<\/strong>a partir de la hora en que se realiz\u00f3 el hallazgo, es decir, el s\u00e1bado pasado alrededor de las\u00a0<strong>07:05 horas<\/strong>.<\/p>\n<blockquote class=\"twitter-tweet\" data-width=\"550\" data-dnt=\"true\">\n<p lang=\"es\" dir=\"ltr\"><a href=\"https:\/\/twitter.com\/hashtag\/Comunicado?src=hash&amp;ref_src=twsrc%5Etfw\">#Comunicado<\/a> Contin\u00faa Fiscal\u00eda de Oaxaca con diligencias legales, tras hallazgo de cuerpos de una ni\u00f1a y un ni\u00f1o sin vida en el Istmo de Tehuantepec <a href=\"https:\/\/t.co\/JvLndhLQnF\">pic.twitter.com\/JvLndhLQnF<\/a><\/p>\n<p>&mdash; Fiscal\u00eda General (@FISCALIA_GobOax) <a href=\"https:\/\/twitter.com\/FISCALIA_GobOax\/status\/1627527107700981760?ref_src=twsrc%5Etfw\">February 20, 2023<\/a><\/p><\/blockquote>\n<p><script async src=\"https:\/\/platform.twitter.com\/widgets.js\" charset=\"utf-8\"><\/script><\/p>\n<p>Hasta el momento, la FGEO cuenta con\u00a0<strong>dos l\u00edneas de investigaci\u00f3n<\/strong>\u00a0para esclarecer el lamentable hecho, las cuales se dio a conocer que se est\u00e1n agotando de forma diligente y oportuna, ya que se investiga<strong>\u00a0el entorno inmediato\u00a0<\/strong>de las v\u00edctimas y sus posibles trayectorias el d\u00eda de su\u00a0<strong>desaparici\u00f3n\u00a0<\/strong>y asesinato.<\/p>\n<div class=\"image-align-center\"><\/div>\n<\/div>\n","protected":false},"excerpt":{"rendered":"<p>Este martes se dio a conocer la tr\u00e1gica muerte de un menor de edad, quien presuntamente fue asesinado mientras realizaba actividades de pastoreo en la comunidad de San Francisco Telixtlahuaca, Oaxaca. Este hecho sucede a dos d\u00edas del terrible hallazgo de los cuerpos sin vida de dos hermanos de 9 y 10 a\u00f1os de edad [&hellip;]<\/p>\n","protected":false},"author":5,"featured_media":55543,"comment_status":"closed","ping_status":"closed","sticky":false,"template":"","format":"standard","meta":{"_uf_show_specific_survey":0,"_uf_disable_surveys":false,"advanced_seo_description":"","jetpack_seo_html_title":"","jetpack_seo_noindex":false,"jetpack_post_was_ever_published":false,"_jetpack_newsletter_access":"","_jetpack_dont_email_post_to_subs":false,"_jetpack_newsletter_tier_id":0,"_jetpack_memberships_contains_paywalled_content":false,"_jetpack_memberships_contains_paid_content":false,"footnotes":"","jetpack_publicize_message":"","jetpack_publicize_feature_enabled":true,"jetpack_social_post_already_shared":false,"jetpack_social_options":{"image_generator_settings":{"template":"highway","default_image_id":0,"font":"","enabled":false},"version":2}},"categories":[1724,36],"tags":[858],"class_list":{"0":"post-55542","1":"post","2":"type-post","3":"status-publish","4":"format-standard","5":"has-post-thumbnail","7":"category-featured","8":"category-oaxaca","9":"tag-homicidio"},"jetpack_publicize_connections":[],"jetpack_featured_media_url":"https:\/\/i0.wp.com\/mexicocodigorojo.com.mx\/wp-content\/uploads\/2023\/02\/f960x540-677245_751320_13.jpg?fit=960%2C540&ssl=1","jetpack-related-posts":[{"id":9591,"url":"https:\/\/mexicocodigorojo.com.mx\/?p=9591","url_meta":{"origin":55542,"position":0},"title":"HALLAN EL CUERPO DECAPITADO DE UN NI\u00d1O DE 11 A\u00d1OS DE EDAD EN CHIAPAS","author":"Staff","date":"noviembre 28, 2018","format":false,"excerpt":"HALLAN EL CUERPO DECAPITADO DE UN NI\u00d1O DE 11 A\u00d1OS DE EDAD EN CHIAPAS Con huellas de violencia y decapitado, el cuerpo de un menor de aproximadamente 11 a\u00f1os fue localizado en un paraje en el municipio de San Juan Cancuc de Chiapas. Los familiares del menor identificaron el cuerpo\u2026","rel":"","context":"En \u00abChiapas\u00bb","block_context":{"text":"Chiapas","link":"https:\/\/mexicocodigorojo.com.mx\/?cat=75"},"img":{"alt_text":"","src":"https:\/\/i0.wp.com\/mexicocodigorojo.com.mx\/wp-content\/uploads\/2018\/11\/fb_img_154344744773427103615.jpg?resize=350%2C200&ssl=1","width":350,"height":200},"classes":[]},{"id":23754,"url":"https:\/\/mexicocodigorojo.com.mx\/?p=23754","url_meta":{"origin":55542,"position":1},"title":"Ni\u00f1o de cinco a\u00f1os encuentra pistola en su casa y mata a su hermano menor","author":"Staff","date":"septiembre 17, 2019","format":false,"excerpt":"Un ni\u00f1o de cinco a\u00f1os de edad le dispar\u00f3 a su hermano menor, de tan solo cuatro a\u00f1os, mientras su mam\u00e1 dorm\u00eda, en Texas Un\u00a0ni\u00f1o\u00a0de cinco a\u00f1os de edad\u00a0asesin\u00f3\u00a0a su\u00a0hermano\u00a0menor luego de que hallara una pistola dentro de su casa mientras su mam\u00e1 dorm\u00eda, en\u00a0Texas. Poco despu\u00e9s del mediod\u00eda del\u2026","rel":"","context":"En \u00abInternacional\u00bb","block_context":{"text":"Internacional","link":"https:\/\/mexicocodigorojo.com.mx\/?cat=14"},"img":{"alt_text":"","src":"https:\/\/i0.wp.com\/mexicocodigorojo.com.mx\/wp-content\/uploads\/2019\/09\/policia-en-casa-donde-nino-de-cuatro-anos-fue-asesinado-por-su-hermano-mayor.jpg?fit=980%2C550&ssl=1&resize=350%2C200","width":350,"height":200,"srcset":"https:\/\/i0.wp.com\/mexicocodigorojo.com.mx\/wp-content\/uploads\/2019\/09\/policia-en-casa-donde-nino-de-cuatro-anos-fue-asesinado-por-su-hermano-mayor.jpg?fit=980%2C550&ssl=1&resize=350%2C200 1x, https:\/\/i0.wp.com\/mexicocodigorojo.com.mx\/wp-content\/uploads\/2019\/09\/policia-en-casa-donde-nino-de-cuatro-anos-fue-asesinado-por-su-hermano-mayor.jpg?fit=980%2C550&ssl=1&resize=525%2C300 1.5x, https:\/\/i0.wp.com\/mexicocodigorojo.com.mx\/wp-content\/uploads\/2019\/09\/policia-en-casa-donde-nino-de-cuatro-anos-fue-asesinado-por-su-hermano-mayor.jpg?fit=980%2C550&ssl=1&resize=700%2C400 2x"},"classes":[]},{"id":4919,"url":"https:\/\/mexicocodigorojo.com.mx\/?p=4919","url_meta":{"origin":55542,"position":2},"title":"REFLEXI\u00d3N; ni\u00f1o de 6 a\u00f1os estuvo al interior de un trailer refrigerante por falta de recursos para sepultarlo.","author":"Staff","date":"octubre 3, 2018","format":false,"excerpt":"El cuerpo de un ni\u00f1o de aproximadamente 6 a\u00f1os de edad, vag\u00f3 durante semanas en el trailer refrigerante, el motivo falta de recursos de sus familiares, para su entierro. Una nota publicada por el Diario Milenio,da cuenta de la insensibilidad del gobierno actual ante la tragedia de la muerte que\u2026","rel":"","context":"En \u00abJalisco\u00bb","block_context":{"text":"Jalisco","link":"https:\/\/mexicocodigorojo.com.mx\/?cat=8"},"img":{"alt_text":"","src":"","width":0,"height":0},"classes":[]},{"id":52473,"url":"https:\/\/mexicocodigorojo.com.mx\/?p=52473","url_meta":{"origin":55542,"position":3},"title":"Oaxaca registra 11 muertos como saldo de cinco ataques","author":"Staff","date":"marzo 2, 2022","format":false,"excerpt":"Oaxaca cerr\u00f3 el fin de semana con un ataque armado que dej\u00f3 cinco muertos, entre ellos, el excomisario de bienes comunales de Santa Mar\u00eda Colotepec, Benedicto Robles. En las \u00faltimas horas se han registrado cinco ataques armados en diferentes regiones del estado que dejaron 11 muertos, entre ellos, tres feminicidios.\u2026","rel":"","context":"En \u00abFeatured\u00bb","block_context":{"text":"Featured","link":"https:\/\/mexicocodigorojo.com.mx\/?cat=1724"},"img":{"alt_text":"","src":"https:\/\/i0.wp.com\/mexicocodigorojo.com.mx\/wp-content\/uploads\/2022\/03\/f800x450-151059_202505_5050.jpg?fit=800%2C450&ssl=1&resize=350%2C200","width":350,"height":200,"srcset":"https:\/\/i0.wp.com\/mexicocodigorojo.com.mx\/wp-content\/uploads\/2022\/03\/f800x450-151059_202505_5050.jpg?fit=800%2C450&ssl=1&resize=350%2C200 1x, https:\/\/i0.wp.com\/mexicocodigorojo.com.mx\/wp-content\/uploads\/2022\/03\/f800x450-151059_202505_5050.jpg?fit=800%2C450&ssl=1&resize=525%2C300 1.5x, https:\/\/i0.wp.com\/mexicocodigorojo.com.mx\/wp-content\/uploads\/2022\/03\/f800x450-151059_202505_5050.jpg?fit=800%2C450&ssl=1&resize=700%2C400 2x"},"classes":[]},{"id":13095,"url":"https:\/\/mexicocodigorojo.com.mx\/?p=13095","url_meta":{"origin":55542,"position":4},"title":"Violencia Desbordada En Oaxaca dejo 4 Muertos Y 7 Heridos En Veracruz las Balaceras No Paran","author":"Staff","date":"enero 26, 2019","format":false,"excerpt":"Violencia Desbordada En Oaxaca dejo 4 Muertos Y 7 Heridos En Veracruz las Balaceras No Paran M\u00e9xico.- Violencia desbordada: En Oaxaca cuatro muertos, tres de ellos ejecutados a plena luz del d\u00eda y dejan un narcomensaje; en Veracruz se registraron siete heridos de gravedad derivado de ataques armados y accidentes\u2026","rel":"","context":"En \u00abOaxaca\u00bb","block_context":{"text":"Oaxaca","link":"https:\/\/mexicocodigorojo.com.mx\/?cat=36"},"img":{"alt_text":"","src":"","width":0,"height":0},"classes":[]},{"id":31492,"url":"https:\/\/mexicocodigorojo.com.mx\/?p=31492","url_meta":{"origin":55542,"position":5},"title":"Asesinan a 29 personas en Guanajuato durante el fin de semana","author":"Staff","date":"enero 27, 2020","format":false,"excerpt":"Una mujer, un menor de edad y un polic\u00eda figuran entre las 29 v\u00edctimas que dejaron diversos ataques en el estado de Guanajuato El estado de\u00a0Guanajuato\u00a0vivi\u00f3 un fin de semana violento que dej\u00f3 29\u00a0personas asesinadas. Pasadas las 19:00 h del viernes 24 de enero, un comando dispar\u00f3 contra una casa\u2026","rel":"","context":"En \u00abGuanajuato\u00bb","block_context":{"text":"Guanajuato","link":"https:\/\/mexicocodigorojo.com.mx\/?cat=18"},"img":{"alt_text":"","src":"https:\/\/i0.wp.com\/mexicocodigorojo.com.mx\/wp-content\/uploads\/2020\/01\/asesinato-de-7-personas-en-puesto-de-tacos-de-la-colonia-tres-guerras-celaya.jpg?fit=980%2C550&ssl=1&resize=350%2C200","width":350,"height":200,"srcset":"https:\/\/i0.wp.com\/mexicocodigorojo.com.mx\/wp-content\/uploads\/2020\/01\/asesinato-de-7-personas-en-puesto-de-tacos-de-la-colonia-tres-guerras-celaya.jpg?fit=980%2C550&ssl=1&resize=350%2C200 1x, https:\/\/i0.wp.com\/mexicocodigorojo.com.mx\/wp-content\/uploads\/2020\/01\/asesinato-de-7-personas-en-puesto-de-tacos-de-la-colonia-tres-guerras-celaya.jpg?fit=980%2C550&ssl=1&resize=525%2C300 1.5x, https:\/\/i0.wp.com\/mexicocodigorojo.com.mx\/wp-content\/uploads\/2020\/01\/asesinato-de-7-personas-en-puesto-de-tacos-de-la-colonia-tres-guerras-celaya.jpg?fit=980%2C550&ssl=1&resize=700%2C400 2x"},"classes":[]}],"jetpack_sharing_enabled":true,"jetpack_likes_enabled":true,"jetpack_shortlink":"https:\/\/wp.me\/p9TedA-erQ","_links":{"self":[{"href":"https:\/\/mexicocodigorojo.com.mx\/index.php?rest_route=\/wp\/v2\/posts\/55542","targetHints":{"allow":["GET"]}}],"collection":[{"href":"https:\/\/mexicocodigorojo.com.mx\/index.php?rest_route=\/wp\/v2\/posts"}],"about":[{"href":"https:\/\/mexicocodigorojo.com.mx\/index.php?rest_route=\/wp\/v2\/types\/post"}],"author":[{"embeddable":true,"href":"https:\/\/mexicocodigorojo.com.mx\/index.php?rest_route=\/wp\/v2\/users\/5"}],"replies":[{"embeddable":true,"href":"https:\/\/mexicocodigorojo.com.mx\/index.php?rest_route=%2Fwp%2Fv2%2Fcomments&post=55542"}],"version-history":[{"count":1,"href":"https:\/\/mexicocodigorojo.com.mx\/index.php?rest_route=\/wp\/v2\/posts\/55542\/revisions"}],"predecessor-version":[{"id":55544,"href":"https:\/\/mexicocodigorojo.com.mx\/index.php?rest_route=\/wp\/v2\/posts\/55542\/revisions\/55544"}],"wp:featuredmedia":[{"embeddable":true,"href":"https:\/\/mexicocodigorojo.com.mx\/index.php?rest_route=\/wp\/v2\/media\/55543"}],"wp:attachment":[{"href":"https:\/\/mexicocodigorojo.com.mx\/index.php?rest_route=%2Fwp%2Fv2%2Fmedia&parent=55542"}],"wp:term":[{"taxonomy":"category","embeddable":true,"href":"https:\/\/mexicocodigorojo.com.mx\/index.php?rest_route=%2Fwp%2Fv2%2Fcategories&post=55542"},{"taxonomy":"post_tag","embeddable":true,"href":"https:\/\/mexicocodigorojo.com.mx\/index.php?rest_route=%2Fwp%2Fv2%2Ftags&post=55542"}],"curies":[{"name":"wp","href":"https:\/\/api.w.org\/{rel}","templated":true}]}}