{"id":54279,"date":"2022-10-07T13:08:35","date_gmt":"2022-10-07T18:08:35","guid":{"rendered":"https:\/\/mexicocodigorojo.com.mx\/?p=54279"},"modified":"2022-10-07T13:08:35","modified_gmt":"2022-10-07T18:08:35","slug":"ejecutan-a-empleada-de-pemex-cerca-de-refineria-en-oaxaca","status":"publish","type":"post","link":"https:\/\/mexicocodigorojo.com.mx\/?p=54279","title":{"rendered":"Ejecutan a empleada de Pemex cerca de refiner\u00eda en Oaxaca"},"content":{"rendered":"<p>Una\u00a0<strong>mujer\u00a0<\/strong>identificada como Adriana M.G de 50 a\u00f1os de edad fue\u00a0<strong>asesinada<\/strong>\u00a0la ma\u00f1ana de este mi\u00e9rcoles cuando circulaba en su veh\u00edculo en las inmediaciones de la\u00a0refiner\u00eda del Pemex, Antonio Doval\u00ed Jaime, en Salina Cruz, Oaxaca.<\/p>\n<p><span class=\"marker\">La v\u00edctima\u00a0era encargada de una pensi\u00f3n de pipas de la\u00a0refiner\u00eda en donde era responsable de la distribuci\u00f3n y rutas de los veh\u00edculos.\u00a0<\/span><\/p>\n<div class=\"content-banner\">\n<p>De acuerdo con las primeras versiones, quienes la atacaron con arma de fuego viajaban en una camioneta blanca de modelo reciente. Los hechos ocurrieron alrededor de las 09:00 horas en la colonia conocida como C\u00e9sar Lint\u00f3n.<\/p>\n<div class=\"content-banner\">\n<p>Al lugar llegaron elementos de la Agencia Estatal de Investigaciones (AEI) quienes mantienen acordinada el \u00e1rea y realizan el levantamiento de evidencias.<\/p>\n<div class=\"content-banner\"><\/div>\n<p>Fotograf\u00edas circuladas en el medio regional Comunica Medios, muestran la camioneta tipo Ford color guinda en la que viajaba la v\u00edctima, asimismo se observan elementos de la Guardia Nacional en apoyo.<\/p>\n<p>La paraestatal no\u00a0ha emitido ning\u00fan comunicado referente al letal ataque a la trabajadora en Salina Cruz, Oaxaca.<\/p>\n<p><span class=\"marker\">Con \u00e9ste\u00a0<strong>asesinato\u00a0<\/strong>suman cinco en lo que va de octubre, tres hombres y dos\u00a0<strong>mujeres<\/strong>. El pasado lunes fue la empresaria transportista Mar\u00eda del Carmen Gallegos Candiani\u00a0<\/span>a quien ejecutaron en la capital de Oaxaca cuando circulaba en su veh\u00edculo sobre la Carretera Federal 190 a la altura de la agencia municipal de Santa Rosa Panzacola.<\/p>\n<p>Apenas la noche del domingo tres personas originarias de Veracruz fueron ejecutadas en la colonia Reforma. En este a\u00f1o los homicidios dolosos en Oaxaca han ido al alza. De enero a agosto sumaron mil 210 personas\u00a0<strong>asesinadas<\/strong>\u00a0en la entidad, siendo agosto el mes m\u00e1s violento con 193 homicidios.<\/p>\n<blockquote class=\"twitter-tweet\" data-width=\"550\" data-dnt=\"true\">\n<p lang=\"es\" dir=\"ltr\"><a href=\"https:\/\/twitter.com\/hashtag\/SalinaCruz?src=hash&amp;ref_src=twsrc%5Etfw\">#SalinaCruz<\/a> <a href=\"https:\/\/twitter.com\/hashtag\/Oaxaca?src=hash&amp;ref_src=twsrc%5Etfw\">#Oaxaca<\/a> <\/p>\n<p>\ud83c\udfa5<\/p>\n<p>Adriana G. M. de 51 a\u00f1os de edad, encargada del \u00e1rea de pipas de Pemex en la regi\u00f3n del Istmo fue ejecutada a balazos. <\/p>\n<p>Calzada a la Refiner\u00eda, cerca de la entrada a la Refiner\u00eda Antonio Doval\u00ed Jaime. <a href=\"https:\/\/t.co\/YnsVRa7htx\">pic.twitter.com\/YnsVRa7htx<\/a><\/p>\n<p>&mdash; LaMasakr3 (@Calvarie_Locus) <a href=\"https:\/\/twitter.com\/Calvarie_Locus\/status\/1578303357948608512?ref_src=twsrc%5Etfw\">October 7, 2022<\/a><\/p><\/blockquote>\n<p><script async src=\"https:\/\/platform.twitter.com\/widgets.js\" charset=\"utf-8\"><\/script><\/p>\n<h2>Feminicidios en Oaxaca<\/h2>\n<p>De acuerdo con el Grupo de Estudios Sobre la Mujer \u201cRosarios Castellanos\u201d A.C. (GESMujer)\u00a0<span class=\"marker\">la regi\u00f3n del\u00a0Istmo de Tehuantepec\u00a0se ha posicionado como la zona con mayor n\u00famero de asesinatos de mujeres<\/span>, seguida de la\u00a0regi\u00f3n Costa y Valles Centrales.\u00a0En total, en la entidad han asesinadas este 2022, 114 mujeres entre enero y hasta el 5 de octubre.<\/p>\n<p>Adriana es la mujer n\u00famero 33 que ha sido asesinada en la regi\u00f3n del Istmo de Tehuantepec en lo que va del a\u00f1o.<\/p>\n<p>En lo que va del sexenio del gobernador Alejandro Murat\u00a0<span class=\"marker\">en la entidad han sido asesinadas 696 mujeres.<\/span><\/p>\n<p>Con informaci\u00f3n de La Silla Rota<\/p>\n<\/div>\n<\/div>\n","protected":false},"excerpt":{"rendered":"<p>Una\u00a0mujer\u00a0identificada como Adriana M.G de 50 a\u00f1os de edad fue\u00a0asesinada\u00a0la ma\u00f1ana de este mi\u00e9rcoles cuando circulaba en su veh\u00edculo en las inmediaciones de la\u00a0refiner\u00eda del Pemex, Antonio Doval\u00ed Jaime, en Salina Cruz, Oaxaca. La v\u00edctima\u00a0era encargada de una pensi\u00f3n de pipas de la\u00a0refiner\u00eda en donde era responsable de la distribuci\u00f3n y rutas de los veh\u00edculos.\u00a0 [&hellip;]<\/p>\n","protected":false},"author":5,"featured_media":54280,"comment_status":"closed","ping_status":"closed","sticky":false,"template":"","format":"standard","meta":{"_uf_show_specific_survey":0,"_uf_disable_surveys":false,"advanced_seo_description":"","jetpack_seo_html_title":"","jetpack_seo_noindex":false,"jetpack_post_was_ever_published":false,"_jetpack_newsletter_access":"","_jetpack_dont_email_post_to_subs":false,"_jetpack_newsletter_tier_id":0,"_jetpack_memberships_contains_paywalled_content":false,"_jetpack_memberships_contains_paid_content":false,"footnotes":"","jetpack_publicize_message":"#Oaxaca | La v\u00edctima era encargada de una pensi\u00f3n de pipas de la refiner\u00eda en donde era responsable de la distribuci\u00f3n y rutas de los veh\u00edculos","jetpack_publicize_feature_enabled":true,"jetpack_social_post_already_shared":true,"jetpack_social_options":{"image_generator_settings":{"template":"highway","default_image_id":0,"font":"","enabled":false},"version":2}},"categories":[1724,36],"tags":[858],"class_list":{"0":"post-54279","1":"post","2":"type-post","3":"status-publish","4":"format-standard","5":"has-post-thumbnail","7":"category-featured","8":"category-oaxaca","9":"tag-homicidio"},"jetpack_publicize_connections":[],"jetpack_featured_media_url":"https:\/\/i0.wp.com\/mexicocodigorojo.com.mx\/wp-content\/uploads\/2022\/10\/f1280x720-355874_487549_5050.jpg?fit=1280%2C720&ssl=1","jetpack-related-posts":[{"id":60265,"url":"https:\/\/mexicocodigorojo.com.mx\/?p=60265","url_meta":{"origin":54279,"position":0},"title":"Pemex omite 2 mil mdd en el costo de la refiner\u00eda Dos Bocas","author":"MCR","date":"mayo 4, 2024","format":false,"excerpt":"Segun la informacion que la propia compa\u00f1ia present\u00f3 de los 16 mil 816 millones de d\u00f3lares es falsa, esto fue comunicado hace unos d\u00edas en Estados Unidos. El director general de Petr\u00f3leos Mexicanos (Pemex), Octavio Romero Oropeza, dio a conocer este viernes que la refiner\u00eda Olmeca en Dos Bocas, en\u2026","rel":"","context":"En \u00abCiudad de M\u00e9xico\u00bb","block_context":{"text":"Ciudad de M\u00e9xico","link":"https:\/\/mexicocodigorojo.com.mx\/?cat=101"},"img":{"alt_text":"","src":"https:\/\/i0.wp.com\/mexicocodigorojo.com.mx\/wp-content\/uploads\/2024\/05\/cuartoscuro-781818-digital_1-8887811_20240504140517.jpg?fit=1152%2C648&ssl=1&resize=350%2C200","width":350,"height":200,"srcset":"https:\/\/i0.wp.com\/mexicocodigorojo.com.mx\/wp-content\/uploads\/2024\/05\/cuartoscuro-781818-digital_1-8887811_20240504140517.jpg?fit=1152%2C648&ssl=1&resize=350%2C200 1x, https:\/\/i0.wp.com\/mexicocodigorojo.com.mx\/wp-content\/uploads\/2024\/05\/cuartoscuro-781818-digital_1-8887811_20240504140517.jpg?fit=1152%2C648&ssl=1&resize=525%2C300 1.5x, https:\/\/i0.wp.com\/mexicocodigorojo.com.mx\/wp-content\/uploads\/2024\/05\/cuartoscuro-781818-digital_1-8887811_20240504140517.jpg?fit=1152%2C648&ssl=1&resize=700%2C400 2x, https:\/\/i0.wp.com\/mexicocodigorojo.com.mx\/wp-content\/uploads\/2024\/05\/cuartoscuro-781818-digital_1-8887811_20240504140517.jpg?fit=1152%2C648&ssl=1&resize=1050%2C600 3x"},"classes":[]},{"id":13415,"url":"https:\/\/mexicocodigorojo.com.mx\/?p=13415","url_meta":{"origin":54279,"position":1},"title":"Amenazan con explosivo y mantas operaci\u00f3n de refiner\u00eda de Salamanca; exigen a AMLO detener operativos","author":"Staff","date":"enero 31, 2019","format":false,"excerpt":"SALAMANCA, Gto. (apro).- Una camioneta fue abandonada la ma\u00f1ana del jueves frente a la puerta 4 de la refiner\u00eda \u201cIng. Antonio M. Amor\u201d (RIAMA) y cerca de la Terminal de Abastecimiento y Distribuci\u00f3n de Pemex y en su interior se encontr\u00f3 un artefacto explosivo. Leer SICARIOS DE \u201cEL MARRO\u201d RESPONDEN\u2026","rel":"","context":"En \u00abGuanajuato\u00bb","block_context":{"text":"Guanajuato","link":"https:\/\/mexicocodigorojo.com.mx\/?cat=18"},"img":{"alt_text":"","src":"https:\/\/i0.wp.com\/mexicocodigorojo.com.mx\/wp-content\/uploads\/2019\/01\/img_20190131_0826131651347348337061181.jpg?resize=350%2C200&ssl=1","width":350,"height":200,"srcset":"https:\/\/i0.wp.com\/mexicocodigorojo.com.mx\/wp-content\/uploads\/2019\/01\/img_20190131_0826131651347348337061181.jpg?resize=350%2C200&ssl=1 1x, https:\/\/i0.wp.com\/mexicocodigorojo.com.mx\/wp-content\/uploads\/2019\/01\/img_20190131_0826131651347348337061181.jpg?resize=525%2C300&ssl=1 1.5x, https:\/\/i0.wp.com\/mexicocodigorojo.com.mx\/wp-content\/uploads\/2019\/01\/img_20190131_0826131651347348337061181.jpg?resize=700%2C400&ssl=1 2x, https:\/\/i0.wp.com\/mexicocodigorojo.com.mx\/wp-content\/uploads\/2019\/01\/img_20190131_0826131651347348337061181.jpg?resize=1050%2C600&ssl=1 3x, https:\/\/i0.wp.com\/mexicocodigorojo.com.mx\/wp-content\/uploads\/2019\/01\/img_20190131_0826131651347348337061181.jpg?resize=1400%2C800&ssl=1 4x"},"classes":[]},{"id":11910,"url":"https:\/\/mexicocodigorojo.com.mx\/?p=11910","url_meta":{"origin":54279,"position":2},"title":"Ej\u00e9rcito resguarda refiner\u00eda de Tamaulipas","author":"Staff","date":"enero 8, 2019","format":false,"excerpt":"CIUDAD MADERO.- Elementos de la Secretar\u00eda de Marina Armada de M\u00e9xico comenzaron, a partir de las 5:00 de la ma\u00f1ana de este lunes, el resguardo de la refiner\u00eda Francisco I. Madero en Tamaulipas. Lo anterior como parte del plan para reforzar la seguridad de las 58 instalaciones estrat\u00e9gicas de Pemex\u2026","rel":"","context":"En \u00abTamaulipas\u00bb","block_context":{"text":"Tamaulipas","link":"https:\/\/mexicocodigorojo.com.mx\/?cat=2"},"img":{"alt_text":"","src":"","width":0,"height":0},"classes":[]},{"id":40281,"url":"https:\/\/mexicocodigorojo.com.mx\/?p=40281","url_meta":{"origin":54279,"position":3},"title":"Confirma Sedena intento de agresi\u00f3n en refiner\u00eda de Salamanca","author":"Staff","date":"junio 25, 2020","format":false,"excerpt":"Luis Cresencio Sandoval, titular de Sedena, detall\u00f3 que en la refiner\u00eda de Salamanca fue asegurado un veh\u00edculo cargado con 12 explosivos Luis Cresencio Sandoval, secretario de la Defensa Nacional (Sedena), confirm\u00f3 que ayer 25 de junio ocurri\u00f3 un\u00a0intento de agresi\u00f3n\u00a0en la\u00a0refiner\u00eda \u201cAntonio M. Amor\u201d\u00a0de\u00a0Salamanca, en\u00a0Guanajuato. En la conferencia matutina de\u2026","rel":"","context":"En \u00abGuanajuato\u00bb","block_context":{"text":"Guanajuato","link":"https:\/\/mexicocodigorojo.com.mx\/?cat=18"},"img":{"alt_text":"","src":"https:\/\/i0.wp.com\/mexicocodigorojo.com.mx\/wp-content\/uploads\/2020\/06\/refineria-salamanca-guanajuato-militares.jpg?fit=980%2C550&ssl=1&resize=350%2C200","width":350,"height":200,"srcset":"https:\/\/i0.wp.com\/mexicocodigorojo.com.mx\/wp-content\/uploads\/2020\/06\/refineria-salamanca-guanajuato-militares.jpg?fit=980%2C550&ssl=1&resize=350%2C200 1x, https:\/\/i0.wp.com\/mexicocodigorojo.com.mx\/wp-content\/uploads\/2020\/06\/refineria-salamanca-guanajuato-militares.jpg?fit=980%2C550&ssl=1&resize=525%2C300 1.5x, https:\/\/i0.wp.com\/mexicocodigorojo.com.mx\/wp-content\/uploads\/2020\/06\/refineria-salamanca-guanajuato-militares.jpg?fit=980%2C550&ssl=1&resize=700%2C400 2x"},"classes":[]},{"id":64374,"url":"https:\/\/mexicocodigorojo.com.mx\/?p=64374","url_meta":{"origin":54279,"position":4},"title":"Golpe hist\u00f3rico al huachicol: Ej\u00e9rcito y Marina aseguran 129 carrotanques y desmantelan mini refiner\u00eda en dos estados","author":"MexicoRojoCvmx","date":"julio 7, 2025","format":false,"excerpt":"En una de las acciones m\u00e1s contundentes contra el mercado il\u00edcito de combustibles en la administraci\u00f3n actual, fuerzas federales y estatales aseguraron en Coahuila 129 carrotanques con m\u00e1s de 15 millones 480 mil litros de hidrocarburo, mientras que en Veracruz fue desmantelada una mini refiner\u00eda clandestina que operaba desde hace\u2026","rel":"","context":"En \u00abCiudad de M\u00e9xico\u00bb","block_context":{"text":"Ciudad de M\u00e9xico","link":"https:\/\/mexicocodigorojo.com.mx\/?cat=101"},"img":{"alt_text":"","src":"https:\/\/i0.wp.com\/mexicocodigorojo.com.mx\/wp-content\/uploads\/2025\/07\/Captura-de-pantalla-2025-07-07-135120.jpg?fit=1200%2C656&ssl=1&resize=350%2C200","width":350,"height":200,"srcset":"https:\/\/i0.wp.com\/mexicocodigorojo.com.mx\/wp-content\/uploads\/2025\/07\/Captura-de-pantalla-2025-07-07-135120.jpg?fit=1200%2C656&ssl=1&resize=350%2C200 1x, https:\/\/i0.wp.com\/mexicocodigorojo.com.mx\/wp-content\/uploads\/2025\/07\/Captura-de-pantalla-2025-07-07-135120.jpg?fit=1200%2C656&ssl=1&resize=525%2C300 1.5x, https:\/\/i0.wp.com\/mexicocodigorojo.com.mx\/wp-content\/uploads\/2025\/07\/Captura-de-pantalla-2025-07-07-135120.jpg?fit=1200%2C656&ssl=1&resize=700%2C400 2x, https:\/\/i0.wp.com\/mexicocodigorojo.com.mx\/wp-content\/uploads\/2025\/07\/Captura-de-pantalla-2025-07-07-135120.jpg?fit=1200%2C656&ssl=1&resize=1050%2C600 3x"},"classes":[]},{"id":27376,"url":"https:\/\/mexicocodigorojo.com.mx\/?p=27376","url_meta":{"origin":54279,"position":5},"title":"Denuncian a Carlos Romero Deschamps por desaparecer aportaciones para damnificados de terremotos","author":"Staff","date":"noviembre 20, 2019","format":false,"excerpt":"El exl\u00edder petrolero Carlos Romero Deschamps fue acusado ante la Fiscal\u00eda General de la Rep\u00fablica (FGR) porque durante su gesti\u00f3n desaparecieron casi 50 millones de pesos de donaciones que los trabajadores de Pemex hicieron para los damnificados de los terremotos de septiembre de 2017. Uno de los denunciantes es Edgar\u2026","rel":"","context":"En \u00abFeatured\u00bb","block_context":{"text":"Featured","link":"https:\/\/mexicocodigorojo.com.mx\/?cat=1724"},"img":{"alt_text":"","src":"https:\/\/i0.wp.com\/mexicocodigorojo.com.mx\/wp-content\/uploads\/2019\/11\/Romero_Deschamps_sen_Fotor-696x464.jpg?fit=696%2C464&ssl=1&resize=350%2C200","width":350,"height":200,"srcset":"https:\/\/i0.wp.com\/mexicocodigorojo.com.mx\/wp-content\/uploads\/2019\/11\/Romero_Deschamps_sen_Fotor-696x464.jpg?fit=696%2C464&ssl=1&resize=350%2C200 1x, https:\/\/i0.wp.com\/mexicocodigorojo.com.mx\/wp-content\/uploads\/2019\/11\/Romero_Deschamps_sen_Fotor-696x464.jpg?fit=696%2C464&ssl=1&resize=525%2C300 1.5x"},"classes":[]}],"jetpack_sharing_enabled":true,"jetpack_likes_enabled":true,"jetpack_shortlink":"https:\/\/wp.me\/p9TedA-e7t","_links":{"self":[{"href":"https:\/\/mexicocodigorojo.com.mx\/index.php?rest_route=\/wp\/v2\/posts\/54279","targetHints":{"allow":["GET"]}}],"collection":[{"href":"https:\/\/mexicocodigorojo.com.mx\/index.php?rest_route=\/wp\/v2\/posts"}],"about":[{"href":"https:\/\/mexicocodigorojo.com.mx\/index.php?rest_route=\/wp\/v2\/types\/post"}],"author":[{"embeddable":true,"href":"https:\/\/mexicocodigorojo.com.mx\/index.php?rest_route=\/wp\/v2\/users\/5"}],"replies":[{"embeddable":true,"href":"https:\/\/mexicocodigorojo.com.mx\/index.php?rest_route=%2Fwp%2Fv2%2Fcomments&post=54279"}],"version-history":[{"count":1,"href":"https:\/\/mexicocodigorojo.com.mx\/index.php?rest_route=\/wp\/v2\/posts\/54279\/revisions"}],"predecessor-version":[{"id":54281,"href":"https:\/\/mexicocodigorojo.com.mx\/index.php?rest_route=\/wp\/v2\/posts\/54279\/revisions\/54281"}],"wp:featuredmedia":[{"embeddable":true,"href":"https:\/\/mexicocodigorojo.com.mx\/index.php?rest_route=\/wp\/v2\/media\/54280"}],"wp:attachment":[{"href":"https:\/\/mexicocodigorojo.com.mx\/index.php?rest_route=%2Fwp%2Fv2%2Fmedia&parent=54279"}],"wp:term":[{"taxonomy":"category","embeddable":true,"href":"https:\/\/mexicocodigorojo.com.mx\/index.php?rest_route=%2Fwp%2Fv2%2Fcategories&post=54279"},{"taxonomy":"post_tag","embeddable":true,"href":"https:\/\/mexicocodigorojo.com.mx\/index.php?rest_route=%2Fwp%2Fv2%2Ftags&post=54279"}],"curies":[{"name":"wp","href":"https:\/\/api.w.org\/{rel}","templated":true}]}}