{"id":54133,"date":"2022-09-23T15:21:59","date_gmt":"2022-09-23T20:21:59","guid":{"rendered":"https:\/\/mexicocodigorojo.com.mx\/?p=54133"},"modified":"2022-09-23T15:21:59","modified_gmt":"2022-09-23T20:21:59","slug":"cae-en-veracruz-la-changa-por-homicidio-de-gerente-de-mamitas-beach-club","status":"publish","type":"post","link":"https:\/\/mexicocodigorojo.com.mx\/?p=54133","title":{"rendered":"Cae en Veracruz \u00abLa Changa\u00bb por homicidio de gerente de Mamita&#8217;s Beach Club"},"content":{"rendered":"<p>Veracruz, Ver.- Bajo un fuerte dispositivo de seguridad coordinado entre autoridades navales y ministeriales, fue detenido en el puerto de Veracruz Gustavo \u201cN\u201d alias \u201cLa Changa\u201d, uno de los presuntos asesinos del empresario Federico Mazzoni , gerente del bar \u201cMamita\u2019s Beach Club\u201d de Quintana Roo.<\/p>\n<p>Inmediatamente el sujeto fue trasladado a las instalaciones de la polic\u00eda ministerial veracruzana y se espera que en las pr\u00f3ximas horas sea entregado a las autoridades quintanarroenses.<\/p>\n<p>La aprehensi\u00f3n ocurri\u00f3 anoche en la colonia Valente D\u00edaz.<\/p>\n<p>El hombre de 23 a\u00f1os de edad habr\u00eda huido a Veracruz tras cometer el crimen. En la ciudad porte\u00f1a laboraba como guardia de seguridad, seg\u00fan la informaci\u00f3n que publica la agencia de noticias \u201cVeracruz en Alerta\u201d.<\/p>\n<p>\u201cLa Changa\u201d ser\u00eda parte de la organizaci\u00f3n delictiva que habr\u00eda ordenado el homicidio del empresario argentino Federico Mazzoni. El crimen ocurri\u00f3 en enero pasado al interior del mencionado bar localizado en Playa del Carmen, al parecer por una presunta venganza.<\/p>\n<blockquote class=\"twitter-tweet\" data-width=\"550\" data-dnt=\"true\">\n<p lang=\"zxx\" dir=\"ltr\"><a href=\"https:\/\/t.co\/HtMGHkqnpv\">pic.twitter.com\/HtMGHkqnpv<\/a><\/p>\n<p>&mdash; ElGuzman (@FuriaNegra77) <a href=\"https:\/\/twitter.com\/FuriaNegra77\/status\/1573354168026365955?ref_src=twsrc%5Etfw\">September 23, 2022<\/a><\/p><\/blockquote>\n<p><script async src=\"https:\/\/platform.twitter.com\/widgets.js\" charset=\"utf-8\"><\/script><\/p>\n","protected":false},"excerpt":{"rendered":"<p>Veracruz, Ver.- Bajo un fuerte dispositivo de seguridad coordinado entre autoridades navales y ministeriales, fue detenido en el puerto de Veracruz Gustavo \u201cN\u201d alias \u201cLa Changa\u201d, uno de los presuntos asesinos del empresario Federico Mazzoni , gerente del bar \u201cMamita\u2019s Beach Club\u201d de Quintana Roo. Inmediatamente el sujeto fue trasladado a las instalaciones de la [&hellip;]<\/p>\n","protected":false},"author":5,"featured_media":54134,"comment_status":"closed","ping_status":"closed","sticky":false,"template":"","format":"standard","meta":{"_uf_show_specific_survey":0,"_uf_disable_surveys":false,"advanced_seo_description":"","jetpack_seo_html_title":"","jetpack_seo_noindex":false,"jetpack_post_was_ever_published":false,"_jetpack_newsletter_access":"","_jetpack_dont_email_post_to_subs":false,"_jetpack_newsletter_tier_id":0,"_jetpack_memberships_contains_paywalled_content":false,"_jetpack_memberships_contains_paid_content":false,"footnotes":"","jetpack_publicize_message":"#Veracruz | Detenido el pasado jueves 22 de septiembre por polic\u00edas ministeriales adscritos a la Fiscal\u00eda General del Estado (FGE) y polic\u00edas navales que realizaron un operativo en la localidad de Valente D\u00edaz","jetpack_publicize_feature_enabled":true,"jetpack_social_post_already_shared":true,"jetpack_social_options":{"image_generator_settings":{"template":"highway","default_image_id":0,"font":"","enabled":false},"version":2}},"categories":[1724,22],"tags":[906],"class_list":{"0":"post-54133","1":"post","2":"type-post","3":"status-publish","4":"format-standard","5":"has-post-thumbnail","7":"category-featured","8":"category-veracruz","9":"tag-crimenorganizado"},"jetpack_publicize_connections":[],"jetpack_featured_media_url":"https:\/\/i0.wp.com\/mexicocodigorojo.com.mx\/wp-content\/uploads\/2022\/09\/mamitas20.jpeg?fit=940%2C946&ssl=1","jetpack-related-posts":[{"id":14731,"url":"https:\/\/mexicocodigorojo.com.mx\/?p=14731","url_meta":{"origin":54133,"position":0},"title":"Hallan en la cajuela de un auto el cad\u00e1ver de un empresario petrolero secuestrado en Veracruz","author":"Staff","date":"febrero 26, 2019","format":false,"excerpt":"XALAPA, Ver.- Luciano Mezquida Arrambide, directivo de la compa\u00f1\u00eda petrolera \u201cGrupo Industrial Pitsa\u201d fue hallado sin vida en el interior de la cajuela de un auto Attitude color blanco abandonado en un colonia popular del municipio de Poza Rica, al norte de Veracruz. De la unidad escurr\u00eda sangre y el\u2026","rel":"","context":"En \u00abVeracruz\u00bb","block_context":{"text":"Veracruz","link":"https:\/\/mexicocodigorojo.com.mx\/?cat=22"},"img":{"alt_text":"","src":"https:\/\/i0.wp.com\/mexicocodigorojo.com.mx\/wp-content\/uploads\/2019\/02\/Nuevo-Proyecto-1-6-1078x750.jpg?fit=1078%2C750&ssl=1&resize=350%2C200","width":350,"height":200,"srcset":"https:\/\/i0.wp.com\/mexicocodigorojo.com.mx\/wp-content\/uploads\/2019\/02\/Nuevo-Proyecto-1-6-1078x750.jpg?fit=1078%2C750&ssl=1&resize=350%2C200 1x, https:\/\/i0.wp.com\/mexicocodigorojo.com.mx\/wp-content\/uploads\/2019\/02\/Nuevo-Proyecto-1-6-1078x750.jpg?fit=1078%2C750&ssl=1&resize=525%2C300 1.5x, https:\/\/i0.wp.com\/mexicocodigorojo.com.mx\/wp-content\/uploads\/2019\/02\/Nuevo-Proyecto-1-6-1078x750.jpg?fit=1078%2C750&ssl=1&resize=700%2C400 2x, https:\/\/i0.wp.com\/mexicocodigorojo.com.mx\/wp-content\/uploads\/2019\/02\/Nuevo-Proyecto-1-6-1078x750.jpg?fit=1078%2C750&ssl=1&resize=1050%2C600 3x"},"classes":[]},{"id":49061,"url":"https:\/\/mexicocodigorojo.com.mx\/?p=49061","url_meta":{"origin":54133,"position":1},"title":"DETIENEN A &#8216;EL CHUKY&#8217; EN VERACRUZ","author":"Staff","date":"mayo 10, 2021","format":false,"excerpt":"Detienen a presunto jefe de plaza del grupo delictivo \u201cLos Zetas\u201d, en Veracruz\u00a0 Trascendi\u00f3 que este domingo, en un operativo conjunto, elementos de la Fuerza Civil y de la Secretar\u00eda de Marina (SEMAR) detuvieron a Alberto \u201cN\u201d, conocido como \"El Chuky, Choky, Choker, Fantasma y Z45 \", presunto jefe de\u2026","rel":"","context":"En \u00abFeatured\u00bb","block_context":{"text":"Featured","link":"https:\/\/mexicocodigorojo.com.mx\/?cat=1724"},"img":{"alt_text":"","src":"","width":0,"height":0},"classes":[]},{"id":24500,"url":"https:\/\/mexicocodigorojo.com.mx\/?p=24500","url_meta":{"origin":54133,"position":2},"title":"Descuartizan a estudiante en Veracruz","author":"Staff","date":"octubre 1, 2019","format":false,"excerpt":"Izamar fue secuestrada al salir del Telebachillerato en Cosoleacaque, Veracruz; familiares y compa\u00f1eros exigen justicia VERACRUZ Izamar M\u00e9ndez M\u00e9ndez fue secuestrada al salir del\u00a0Telebachillerato\u00a0Patria Libre a las 7 de la noche el pasado viernes, en la colonia Patria Libre en\u00a0Cosoleacaque, Veracruz. El domingo por la madrugada la\u00a0joven de 16 a\u00f1os\u00a0apareci\u00f3\u00a0descuartizada\u2026","rel":"","context":"En \u00abVeracruz\u00bb","block_context":{"text":"Veracruz","link":"https:\/\/mexicocodigorojo.com.mx\/?cat=22"},"img":{"alt_text":"","src":"https:\/\/i0.wp.com\/mexicocodigorojo.com.mx\/wp-content\/uploads\/2019\/10\/2228148.jpg?fit=664%2C498&ssl=1&resize=350%2C200","width":350,"height":200,"srcset":"https:\/\/i0.wp.com\/mexicocodigorojo.com.mx\/wp-content\/uploads\/2019\/10\/2228148.jpg?fit=664%2C498&ssl=1&resize=350%2C200 1x, https:\/\/i0.wp.com\/mexicocodigorojo.com.mx\/wp-content\/uploads\/2019\/10\/2228148.jpg?fit=664%2C498&ssl=1&resize=525%2C300 1.5x"},"classes":[]},{"id":43510,"url":"https:\/\/mexicocodigorojo.com.mx\/?p=43510","url_meta":{"origin":54133,"position":3},"title":"Atropellan a ocho durante \u2018Baby Shower\u2019 en Coatzacoalcos, Veracruz","author":"Staff","date":"septiembre 30, 2020","format":false,"excerpt":"Ocho personas resultaron heridas tras ser atropelladas en celebraci\u00f3n de 'Baby Shower' en el municipio de Coatzacoalcos, Veracruz. Un saldo de\u00a0ocho personas resultaron heridas\u00a0tras ser\u00a0atropelladas\u00a0durante una celebraci\u00f3n de un\u00a0\u2018Baby Shower\u2019\u00a0en el municipio de\u00a0Coatzacoalcos,\u00a0Veracruz. Foto de Alor Noticias Coatzacoalcos. De acuerdo con el reporte de autoridades de seguridad locales, el accidente\u2026","rel":"","context":"En \u00abFeatured\u00bb","block_context":{"text":"Featured","link":"https:\/\/mexicocodigorojo.com.mx\/?cat=1724"},"img":{"alt_text":"","src":"https:\/\/i0.wp.com\/mexicocodigorojo.com.mx\/wp-content\/uploads\/2020\/09\/baby-shower-coatzacoalcos.jpeg?fit=980%2C550&ssl=1&resize=350%2C200","width":350,"height":200,"srcset":"https:\/\/i0.wp.com\/mexicocodigorojo.com.mx\/wp-content\/uploads\/2020\/09\/baby-shower-coatzacoalcos.jpeg?fit=980%2C550&ssl=1&resize=350%2C200 1x, https:\/\/i0.wp.com\/mexicocodigorojo.com.mx\/wp-content\/uploads\/2020\/09\/baby-shower-coatzacoalcos.jpeg?fit=980%2C550&ssl=1&resize=525%2C300 1.5x, https:\/\/i0.wp.com\/mexicocodigorojo.com.mx\/wp-content\/uploads\/2020\/09\/baby-shower-coatzacoalcos.jpeg?fit=980%2C550&ssl=1&resize=700%2C400 2x"},"classes":[]},{"id":17324,"url":"https:\/\/mexicocodigorojo.com.mx\/?p=17324","url_meta":{"origin":54133,"position":4},"title":"Ejecutan a comandante de la polic\u00eda de Tezonapa, Veracruz","author":"Staff","date":"mayo 16, 2019","format":false,"excerpt":"XALAPA, Ver. -Aurelio R\u00edos Avenda\u00f1o, Palma, comandante de la Polic\u00eda Municipal de Tezonapa y exdelegado de la Secretar\u00eda de Seguridad P\u00fablica en Fort\u00edn de las Flores fue privado de la libertad anoche por sujetos armado y hoy apareci\u00f3 sin vida en un camino de terracer\u00eda cerca de la carretera Olmeaca-Tezonapa,\u2026","rel":"","context":"En \u00abVeracruz\u00bb","block_context":{"text":"Veracruz","link":"https:\/\/mexicocodigorojo.com.mx\/?cat=22"},"img":{"alt_text":"","src":"https:\/\/i0.wp.com\/mexicocodigorojo.com.mx\/wp-content\/uploads\/2019\/05\/Sin-t%C3%ADtulo-3.jpg?fit=709%2C439&ssl=1&resize=350%2C200","width":350,"height":200,"srcset":"https:\/\/i0.wp.com\/mexicocodigorojo.com.mx\/wp-content\/uploads\/2019\/05\/Sin-t%C3%ADtulo-3.jpg?fit=709%2C439&ssl=1&resize=350%2C200 1x, https:\/\/i0.wp.com\/mexicocodigorojo.com.mx\/wp-content\/uploads\/2019\/05\/Sin-t%C3%ADtulo-3.jpg?fit=709%2C439&ssl=1&resize=525%2C300 1.5x, https:\/\/i0.wp.com\/mexicocodigorojo.com.mx\/wp-content\/uploads\/2019\/05\/Sin-t%C3%ADtulo-3.jpg?fit=709%2C439&ssl=1&resize=700%2C400 2x"},"classes":[]},{"id":32335,"url":"https:\/\/mexicocodigorojo.com.mx\/?p=32335","url_meta":{"origin":54133,"position":5},"title":"Rescatan a 19 migrantes en Veracruz","author":"Staff","date":"febrero 7, 2020","format":false,"excerpt":"La Polic\u00eda Estatal de Veracruz rescat\u00f3 a 19 migrantes en la carretera Costera del Golfo 185, tramo carretero J\u00e1ltipan-Acayucan Personal de la Polic\u00eda Estatal de Veracruz rescat\u00f3 a\u00a019 migrantes\u00a0en la carretera Costera del Golfo 185, tramo carretero J\u00e1ltipan-Acayucan, a la altura del kil\u00f3metro 48, y fue detenido el chofer de\u2026","rel":"","context":"En \u00abVeracruz\u00bb","block_context":{"text":"Veracruz","link":"https:\/\/mexicocodigorojo.com.mx\/?cat=22"},"img":{"alt_text":"","src":"https:\/\/i0.wp.com\/mexicocodigorojo.com.mx\/wp-content\/uploads\/2020\/02\/rescatan-a-19-migrantes-centroamericanos-en-veracruz.jpg?fit=980%2C550&ssl=1&resize=350%2C200","width":350,"height":200,"srcset":"https:\/\/i0.wp.com\/mexicocodigorojo.com.mx\/wp-content\/uploads\/2020\/02\/rescatan-a-19-migrantes-centroamericanos-en-veracruz.jpg?fit=980%2C550&ssl=1&resize=350%2C200 1x, https:\/\/i0.wp.com\/mexicocodigorojo.com.mx\/wp-content\/uploads\/2020\/02\/rescatan-a-19-migrantes-centroamericanos-en-veracruz.jpg?fit=980%2C550&ssl=1&resize=525%2C300 1.5x, https:\/\/i0.wp.com\/mexicocodigorojo.com.mx\/wp-content\/uploads\/2020\/02\/rescatan-a-19-migrantes-centroamericanos-en-veracruz.jpg?fit=980%2C550&ssl=1&resize=700%2C400 2x"},"classes":[]}],"jetpack_sharing_enabled":true,"jetpack_likes_enabled":true,"jetpack_shortlink":"https:\/\/wp.me\/p9TedA-e57","_links":{"self":[{"href":"https:\/\/mexicocodigorojo.com.mx\/index.php?rest_route=\/wp\/v2\/posts\/54133","targetHints":{"allow":["GET"]}}],"collection":[{"href":"https:\/\/mexicocodigorojo.com.mx\/index.php?rest_route=\/wp\/v2\/posts"}],"about":[{"href":"https:\/\/mexicocodigorojo.com.mx\/index.php?rest_route=\/wp\/v2\/types\/post"}],"author":[{"embeddable":true,"href":"https:\/\/mexicocodigorojo.com.mx\/index.php?rest_route=\/wp\/v2\/users\/5"}],"replies":[{"embeddable":true,"href":"https:\/\/mexicocodigorojo.com.mx\/index.php?rest_route=%2Fwp%2Fv2%2Fcomments&post=54133"}],"version-history":[{"count":1,"href":"https:\/\/mexicocodigorojo.com.mx\/index.php?rest_route=\/wp\/v2\/posts\/54133\/revisions"}],"predecessor-version":[{"id":54135,"href":"https:\/\/mexicocodigorojo.com.mx\/index.php?rest_route=\/wp\/v2\/posts\/54133\/revisions\/54135"}],"wp:featuredmedia":[{"embeddable":true,"href":"https:\/\/mexicocodigorojo.com.mx\/index.php?rest_route=\/wp\/v2\/media\/54134"}],"wp:attachment":[{"href":"https:\/\/mexicocodigorojo.com.mx\/index.php?rest_route=%2Fwp%2Fv2%2Fmedia&parent=54133"}],"wp:term":[{"taxonomy":"category","embeddable":true,"href":"https:\/\/mexicocodigorojo.com.mx\/index.php?rest_route=%2Fwp%2Fv2%2Fcategories&post=54133"},{"taxonomy":"post_tag","embeddable":true,"href":"https:\/\/mexicocodigorojo.com.mx\/index.php?rest_route=%2Fwp%2Fv2%2Ftags&post=54133"}],"curies":[{"name":"wp","href":"https:\/\/api.w.org\/{rel}","templated":true}]}}