{"id":54129,"date":"2022-09-23T06:58:36","date_gmt":"2022-09-23T11:58:36","guid":{"rendered":"https:\/\/mexicocodigorojo.com.mx\/?p=54129"},"modified":"2022-09-23T07:03:06","modified_gmt":"2022-09-23T12:03:06","slug":"detienen-en-garcia-a-alfredo-aleman-narvaez-el-comandante-aleman","status":"publish","type":"post","link":"https:\/\/mexicocodigorojo.com.mx\/?p=54129","title":{"rendered":"Detienen en Garc\u00eda a Alfredo Alem\u00e1n Narvaez \u201cEl Comandante Alem\u00e1n\u201d"},"content":{"rendered":"\n<p>Durante la noche de este jueves 22 de septiembre del 2022, en el marco de la Estrategia Integral del Estado Mexicano en contra del Narcotr\u00e1fico y Delincuencia Organizada y como resultado de actividades de inteligencia militar, personal del Ej\u00e9rcito Mexicano y la Guardia Nacional en coordinaci\u00f3n con la Fiscal\u00eda General de la Republica del estado de Nuevo Le\u00f3n, en el Mpio. de Garc\u00eda, N.L., realizaron la detenci\u00f3n del Alfredo Alem\u00e1n Narv\u00e1ez, alias \u201cEl Comandante Alem\u00e1n\u201d, presunto responsable de las actividades delictivas en el estado de San Luis Potos\u00ed para el grupo criminal \u201cLos Zetas\u201d.<\/p>\n\n\n\n<p>Este resultado fue producto de los trabajos de an\u00e1lisis y seguimiento de las organizaciones de narcotr\u00e1fico y en espec\u00edfico de dicho grupo delincuencial, lo que permiti\u00f3 preparar y conducir la Operaci\u00f3n sorpresivamente.<\/p>\n\n\n\n<p>Con estas acciones la Secretar\u00eda de la Defensa Nacional y autoridades del estado de Nuevo Le\u00f3n reafirman la indeclinable decisi\u00f3n del Gobierno Federal por continuar realizando actividades frontales en el marco de la ley y en contra de todas las organizaciones criminales en beneficio de la poblaci\u00f3n civil.<\/p>\n\n\n\n<figure class=\"wp-block-embed is-type-rich is-provider-twitter wp-block-embed-twitter\"><div class=\"wp-block-embed__wrapper\">\n<blockquote class=\"twitter-tweet\" data-width=\"550\" data-dnt=\"true\"><p lang=\"es\" dir=\"ltr\">Antecedente: El Ej\u00e9rcito mexicano captur\u00f3 en 2011 en Fresnillo, Zacatecas a Alfredo Alem\u00e1n Narv\u00e1ez, alias &quot;El comandante Alem\u00e1n&quot;, supuesto jefe de la organizaci\u00f3n criminal de Los Zetas en el central estado de San Luis Potos\u00ed, generador de violencia en <a href=\"https:\/\/twitter.com\/hashtag\/SLP?src=hash&amp;ref_src=twsrc%5Etfw\">#SLP<\/a>. <a href=\"https:\/\/t.co\/dXAMipffUX\">pic.twitter.com\/dXAMipffUX<\/a><\/p>&mdash; ElGuzman (@FuriaNegra77) <a href=\"https:\/\/twitter.com\/FuriaNegra77\/status\/1573277690735517696?ref_src=twsrc%5Etfw\">September 23, 2022<\/a><\/blockquote><script async src=\"https:\/\/platform.twitter.com\/widgets.js\" charset=\"utf-8\"><\/script>\n<\/div><\/figure>\n\n\n\n<figure class=\"wp-block-embed is-type-rich is-provider-twitter wp-block-embed-twitter\"><div class=\"wp-block-embed__wrapper\">\n<blockquote class=\"twitter-tweet\" data-width=\"550\" data-dnt=\"true\"><p lang=\"es\" dir=\"ltr\">En San Luis Potos\u00ed (<a href=\"https:\/\/twitter.com\/hashtag\/SLP?src=hash&amp;ref_src=twsrc%5Etfw\">#SLP<\/a>) capital, donde dejaron 3 civiles ejecutados por puente de la Av. Salk, la Operativa B\u00e9lica (O.B.) del <a href=\"https:\/\/twitter.com\/hashtag\/CJNG?src=hash&amp;ref_src=twsrc%5Etfw\">#CJNG<\/a> adjudica mediante narco &#8211; manta, la probable ejecuci\u00f3n de Daniel Narv\u00e1ez, quien ser\u00eda hermano de Alfredo Alem\u00e1n a.k.a. &quot;El Comandante Alem\u00e1n&quot;. <a href=\"https:\/\/t.co\/KMixZaZ2w9\">pic.twitter.com\/KMixZaZ2w9<\/a><\/p>&mdash; BALAM. (@OfficialBalam) <a href=\"https:\/\/twitter.com\/OfficialBalam\/status\/1504938333360689154?ref_src=twsrc%5Etfw\">March 18, 2022<\/a><\/blockquote><script async src=\"https:\/\/platform.twitter.com\/widgets.js\" charset=\"utf-8\"><\/script>\n<\/div><\/figure>\n\n\n\n<figure class=\"wp-block-embed is-type-rich is-provider-twitter wp-block-embed-twitter\"><div class=\"wp-block-embed__wrapper\">\n<blockquote class=\"twitter-tweet\" data-width=\"550\" data-dnt=\"true\"><p lang=\"es\" dir=\"ltr\"><a href=\"https:\/\/twitter.com\/hashtag\/OJO?src=hash&amp;ref_src=twsrc%5Etfw\">#OJO<\/a> <a href=\"https:\/\/twitter.com\/hashtag\/M%C3%A9xico?src=hash&amp;ref_src=twsrc%5Etfw\">#M\u00e9xico<\/a><br><br>A principios de este a\u00f1o al &quot;Cicl\u00f3n 19&quot; se le ubic\u00f3 en san luis potos\u00ed donde reagrupo las huestes del Vaquero (detenido) y opera en alianza con Alfredo Alem\u00e1n Narvaez  &quot; Alem\u00e1n &quot; l\u00edder de la c\u00e9lula C\u00e1rtel De Los Alem\u00e1nes.<br><br>cc <a href=\"https:\/\/twitter.com\/hashtag\/SLP?src=hash&amp;ref_src=twsrc%5Etfw\">#SLP<\/a> <a href=\"https:\/\/t.co\/7nOa3M2DeS\">pic.twitter.com\/7nOa3M2DeS<\/a><\/p>&mdash; La Voz Del Pueblo ( Oficial ) (@LPueblo2) <a href=\"https:\/\/twitter.com\/LPueblo2\/status\/1544909952397070336?ref_src=twsrc%5Etfw\">July 7, 2022<\/a><\/blockquote><script async src=\"https:\/\/platform.twitter.com\/widgets.js\" charset=\"utf-8\"><\/script>\n<\/div><\/figure>\n\n\n\n<figure class=\"wp-block-embed is-type-rich is-provider-twitter wp-block-embed-twitter\"><div class=\"wp-block-embed__wrapper\">\n<blockquote class=\"twitter-tweet\" data-width=\"550\" data-dnt=\"true\"><p lang=\"es\" dir=\"ltr\">Alfredo Aleman Narvaez alias <a href=\"https:\/\/twitter.com\/hashtag\/ComandanteAleman?src=hash&amp;ref_src=twsrc%5Etfw\">#ComandanteAleman<\/a> Ex-<a href=\"https:\/\/twitter.com\/hashtag\/Zeta?src=hash&amp;ref_src=twsrc%5Etfw\">#Zeta<\/a> Jefe de Plaza del C\u00e1rtel de <a href=\"https:\/\/twitter.com\/hashtag\/Matamoros?src=hash&amp;ref_src=twsrc%5Etfw\">#Matamoros<\/a> en <a href=\"https:\/\/twitter.com\/hashtag\/SanLuisPotosi?src=hash&amp;ref_src=twsrc%5Etfw\">#SanLuisPotosi<\/a> bajo las ordenes de Jos\u00e9 Alberto Garcia Villano <a href=\"https:\/\/twitter.com\/hashtag\/LaKena?src=hash&amp;ref_src=twsrc%5Etfw\">#LaKena<\/a> y la Familia <a href=\"https:\/\/twitter.com\/hashtag\/CardenasGuillen?src=hash&amp;ref_src=twsrc%5Etfw\">#CardenasGuillen<\/a>. Principal generador de violencia en la entidad y objetivo prioritario <a href=\"https:\/\/twitter.com\/RGC_Mx?ref_src=twsrc%5Etfw\">@RGC_Mx<\/a> <a href=\"https:\/\/t.co\/ZGxH3jk9sW\">pic.twitter.com\/ZGxH3jk9sW<\/a><\/p>&mdash; NarcoGuerraMX Oficial (@narcoguerramx) <a href=\"https:\/\/twitter.com\/narcoguerramx\/status\/1548817781768224769?ref_src=twsrc%5Etfw\">July 17, 2022<\/a><\/blockquote><script async src=\"https:\/\/platform.twitter.com\/widgets.js\" charset=\"utf-8\"><\/script>\n<\/div><\/figure>\n\n\n\n<figure class=\"wp-block-embed is-type-rich is-provider-twitter wp-block-embed-twitter\"><div class=\"wp-block-embed__wrapper\">\n<blockquote class=\"twitter-tweet\" data-width=\"550\" data-dnt=\"true\"><p lang=\"es\" dir=\"ltr\"><a href=\"https:\/\/twitter.com\/hashtag\/Ahora?src=hash&amp;ref_src=twsrc%5Etfw\">#Ahora<\/a> Tras operativo, Ej\u00e9rcito Mexicano, <a href=\"https:\/\/twitter.com\/GN_MEXICO_?ref_src=twsrc%5Etfw\">@GN_MEXICO_<\/a> y <a href=\"https:\/\/twitter.com\/FGRMexico?ref_src=twsrc%5Etfw\">@FGRMexico<\/a> logran detenci\u00f3n de Alfredo Alem\u00e1n Narv\u00e1ez alias \u201cEl Comandante Alem\u00e1n\u201d en <a href=\"https:\/\/twitter.com\/hashtag\/Garc%C3%ADa?src=hash&amp;ref_src=twsrc%5Etfw\">#Garc\u00eda<\/a> NL, es se\u00f1alado por actividades delictivas en SLP para un grupo criminal <a href=\"https:\/\/twitter.com\/Cicmty?ref_src=twsrc%5Etfw\">@Cicmty<\/a> <a href=\"https:\/\/twitter.com\/nmasmonterrey?ref_src=twsrc%5Etfw\">@nmasmonterrey<\/a> <a href=\"https:\/\/twitter.com\/joluisgarcia?ref_src=twsrc%5Etfw\">@joluisgarcia<\/a> <a href=\"https:\/\/twitter.com\/MtyFollow?ref_src=twsrc%5Etfw\">@MtyFollow<\/a> <a href=\"https:\/\/twitter.com\/postamx?ref_src=twsrc%5Etfw\">@postamx<\/a> <a href=\"https:\/\/t.co\/cn5J2ofqe8\">pic.twitter.com\/cn5J2ofqe8<\/a><\/p>&mdash; Ray Elizalde (@rayelizalder) <a href=\"https:\/\/twitter.com\/rayelizalder\/status\/1573174019767009282?ref_src=twsrc%5Etfw\">September 23, 2022<\/a><\/blockquote><script async src=\"https:\/\/platform.twitter.com\/widgets.js\" charset=\"utf-8\"><\/script>\n<\/div><\/figure>\n","protected":false},"excerpt":{"rendered":"<p>Durante la noche de este jueves 22 de septiembre del 2022, en el marco de la Estrategia Integral del Estado Mexicano en contra del Narcotr\u00e1fico y Delincuencia Organizada y como resultado de actividades de inteligencia militar, personal del Ej\u00e9rcito Mexicano y la Guardia Nacional en coordinaci\u00f3n con la Fiscal\u00eda General de la Republica del estado [&hellip;]<\/p>\n","protected":false},"author":5,"featured_media":0,"comment_status":"closed","ping_status":"","sticky":false,"template":"","format":"standard","meta":{"_uf_show_specific_survey":0,"_uf_disable_surveys":false,"advanced_seo_description":"","jetpack_seo_html_title":"","jetpack_seo_noindex":false,"jetpack_post_was_ever_published":false,"_jetpack_newsletter_access":"","_jetpack_dont_email_post_to_subs":false,"_jetpack_newsletter_tier_id":0,"_jetpack_memberships_contains_paywalled_content":false,"_jetpack_memberships_contains_paid_content":false,"footnotes":"","jetpack_publicize_message":"#SLP | El comandante Alem\u00e1n l\u00edder del C\u00e1rtel de Los Zetas Vieja Escuela operaba en San Luis Potos\u00ed en alianza con el C\u00e1rtel del Golfo grupo Ciclones apoyado por \u201cEl Vaquero\u201d y \u201cLa Kena\u201d. ","jetpack_publicize_feature_enabled":true,"jetpack_social_post_already_shared":true,"jetpack_social_options":{"image_generator_settings":{"template":"highway","default_image_id":0,"font":"","enabled":false},"version":2}},"categories":[1724,24],"tags":[225],"class_list":{"0":"post-54129","1":"post","2":"type-post","3":"status-publish","4":"format-standard","6":"category-featured","7":"category-san-luis-potosi","8":"tag-narcotrafico"},"jetpack_publicize_connections":[],"jetpack_featured_media_url":"","jetpack-related-posts":[{"id":55851,"url":"https:\/\/mexicocodigorojo.com.mx\/?p=55851","url_meta":{"origin":54129,"position":0},"title":"La guerra de Los Alemanes por el estado de San Luis Potos\u00ed","author":"Staff","date":"abril 11, 2023","format":false,"excerpt":"Alfredo Alem\u00e1n Narv\u00e1ez, \"Comandante Alem\u00e1n\", y su familia tienen una c\u00e9lula delictiva conocida como Los Alemanes, la cual opera principalmente en la\u00a0Zona Metropolitana de San Luis Potos\u00ed. EL L\u00cdDER Para el Gobierno federal, el \u201cComandante Alem\u00e1n\u201d era\u00a0uno de los principales generadores de violencia en San Luis Potos\u00ed. Alem\u00e1n era un\u2026","rel":"","context":"En \u00abFeatured\u00bb","block_context":{"text":"Featured","link":"https:\/\/mexicocodigorojo.com.mx\/?cat=1724"},"img":{"alt_text":"","src":"https:\/\/i0.wp.com\/mexicocodigorojo.com.mx\/wp-content\/uploads\/2023\/04\/CJNG-22llegamos-para-quedarnos22-exhibe-a-politicos-y-policias-por-nexos-con-Cartel-del-Golfo-en-video.webp?fit=1200%2C800&ssl=1&resize=350%2C200","width":350,"height":200,"srcset":"https:\/\/i0.wp.com\/mexicocodigorojo.com.mx\/wp-content\/uploads\/2023\/04\/CJNG-22llegamos-para-quedarnos22-exhibe-a-politicos-y-policias-por-nexos-con-Cartel-del-Golfo-en-video.webp?fit=1200%2C800&ssl=1&resize=350%2C200 1x, https:\/\/i0.wp.com\/mexicocodigorojo.com.mx\/wp-content\/uploads\/2023\/04\/CJNG-22llegamos-para-quedarnos22-exhibe-a-politicos-y-policias-por-nexos-con-Cartel-del-Golfo-en-video.webp?fit=1200%2C800&ssl=1&resize=525%2C300 1.5x, https:\/\/i0.wp.com\/mexicocodigorojo.com.mx\/wp-content\/uploads\/2023\/04\/CJNG-22llegamos-para-quedarnos22-exhibe-a-politicos-y-policias-por-nexos-con-Cartel-del-Golfo-en-video.webp?fit=1200%2C800&ssl=1&resize=700%2C400 2x, https:\/\/i0.wp.com\/mexicocodigorojo.com.mx\/wp-content\/uploads\/2023\/04\/CJNG-22llegamos-para-quedarnos22-exhibe-a-politicos-y-policias-por-nexos-con-Cartel-del-Golfo-en-video.webp?fit=1200%2C800&ssl=1&resize=1050%2C600 3x"},"classes":[]},{"id":47016,"url":"https:\/\/mexicocodigorojo.com.mx\/?p=47016","url_meta":{"origin":54129,"position":1},"title":"Grupo Independientes Unidos ofrece hasta medio mill\u00f3n de pesos por cabecillas del C\u00e1rtel del Golfo","author":"Staff","date":"febrero 16, 2021","format":false,"excerpt":"Dos personas muertas y cuatro lesionadas\u00a0fue el saldo que dej\u00f3 un enfrentamiento\u00a0armado\u00a0en la capital de la entidad federativa de San Luis Potos\u00ed: se registr\u00f3 durante la noche de este lunes en la\u00a0colonia Juli\u00e1n Carrillo. Adem\u00e1s, se report\u00f3 la colocaci\u00f3n de\u00a0narcomantas\u00a0en las principales avenidas de la ciudad. Diversos\u00a0puentes peatonales de la\u2026","rel":"","context":"En \u00abFeatured\u00bb","block_context":{"text":"Featured","link":"https:\/\/mexicocodigorojo.com.mx\/?cat=1724"},"img":{"alt_text":"","src":"https:\/\/i0.wp.com\/mexicocodigorojo.com.mx\/wp-content\/uploads\/2021\/02\/XJQ2RRAHQNBUZGS2WK4YJLOWYQ.jpg?fit=992%2C558&ssl=1&resize=350%2C200","width":350,"height":200,"srcset":"https:\/\/i0.wp.com\/mexicocodigorojo.com.mx\/wp-content\/uploads\/2021\/02\/XJQ2RRAHQNBUZGS2WK4YJLOWYQ.jpg?fit=992%2C558&ssl=1&resize=350%2C200 1x, https:\/\/i0.wp.com\/mexicocodigorojo.com.mx\/wp-content\/uploads\/2021\/02\/XJQ2RRAHQNBUZGS2WK4YJLOWYQ.jpg?fit=992%2C558&ssl=1&resize=525%2C300 1.5x, https:\/\/i0.wp.com\/mexicocodigorojo.com.mx\/wp-content\/uploads\/2021\/02\/XJQ2RRAHQNBUZGS2WK4YJLOWYQ.jpg?fit=992%2C558&ssl=1&resize=700%2C400 2x"},"classes":[]},{"id":45018,"url":"https:\/\/mexicocodigorojo.com.mx\/?p=45018","url_meta":{"origin":54129,"position":2},"title":"C\u00e1rtel del Golfo amenaz\u00f3 a mando del Ej\u00e9rcito en San Luis Potos\u00ed","author":"Staff","date":"noviembre 9, 2020","format":false,"excerpt":"Reportes de la Secretar\u00eda de Marina refieren que la facci\u00f3n delictiva domina 19 municipios del estado, cuyo territorio cuenta con cuenta con mil 320 kil\u00f3metros de carreteras federales, propicias para el trasiego de drogas y migrantes. Advierten que llegaron a la Huasteca Potosina y lanzaron amenazas al gobernador Juan Manuel\u2026","rel":"","context":"En \u00abFeatured\u00bb","block_context":{"text":"Featured","link":"https:\/\/mexicocodigorojo.com.mx\/?cat=1724"},"img":{"alt_text":"","src":"https:\/\/i0.wp.com\/mexicocodigorojo.com.mx\/wp-content\/uploads\/2020\/11\/image_large.png?fit=1024%2C684&ssl=1&resize=350%2C200","width":350,"height":200,"srcset":"https:\/\/i0.wp.com\/mexicocodigorojo.com.mx\/wp-content\/uploads\/2020\/11\/image_large.png?fit=1024%2C684&ssl=1&resize=350%2C200 1x, https:\/\/i0.wp.com\/mexicocodigorojo.com.mx\/wp-content\/uploads\/2020\/11\/image_large.png?fit=1024%2C684&ssl=1&resize=525%2C300 1.5x, https:\/\/i0.wp.com\/mexicocodigorojo.com.mx\/wp-content\/uploads\/2020\/11\/image_large.png?fit=1024%2C684&ssl=1&resize=700%2C400 2x"},"classes":[]},{"id":48964,"url":"https:\/\/mexicocodigorojo.com.mx\/?p=48964","url_meta":{"origin":54129,"position":3},"title":"Detuvieron a presunto autor intelectual del asesinato de l\u00edder de la Coparmex","author":"Staff","date":"mayo 4, 2021","format":false,"excerpt":"Ra\u00fal \u201cN\u201d, presunto\u00a0autor intelectual del asesinato de Julio C\u00e9sar Galindo P\u00e9rez, l\u00edder de la Confederaci\u00f3n Patronal de la Rep\u00fablica Mexicana (Coparmex) en San Luis Potos\u00ed, fue\u00a0detenido por agentes ministeriales en Nuevo Le\u00f3n. Reportes de la Fiscal\u00eda neolonesa indicaron que\u00a0Ra\u00fal \u201cN\u201d habr\u00eda ordenado la ejecuci\u00f3n por diferencias en negocios, pues \u00e9l\u2026","rel":"","context":"En \u00abFeatured\u00bb","block_context":{"text":"Featured","link":"https:\/\/mexicocodigorojo.com.mx\/?cat=1724"},"img":{"alt_text":"","src":"https:\/\/i0.wp.com\/mexicocodigorojo.com.mx\/wp-content\/uploads\/2021\/05\/C62DOIX6JJFRNE25ITFNBEWENY.jpg?fit=992%2C558&ssl=1&resize=350%2C200","width":350,"height":200,"srcset":"https:\/\/i0.wp.com\/mexicocodigorojo.com.mx\/wp-content\/uploads\/2021\/05\/C62DOIX6JJFRNE25ITFNBEWENY.jpg?fit=992%2C558&ssl=1&resize=350%2C200 1x, https:\/\/i0.wp.com\/mexicocodigorojo.com.mx\/wp-content\/uploads\/2021\/05\/C62DOIX6JJFRNE25ITFNBEWENY.jpg?fit=992%2C558&ssl=1&resize=525%2C300 1.5x, https:\/\/i0.wp.com\/mexicocodigorojo.com.mx\/wp-content\/uploads\/2021\/05\/C62DOIX6JJFRNE25ITFNBEWENY.jpg?fit=992%2C558&ssl=1&resize=700%2C400 2x"},"classes":[]},{"id":29843,"url":"https:\/\/mexicocodigorojo.com.mx\/?p=29843","url_meta":{"origin":54129,"position":4},"title":"Video; Sicarios del \u201cCJNG\u201d con m\u00e1scaras de payaso en San Luis Potos\u00ed","author":"Staff","date":"enero 9, 2020","format":false,"excerpt":"Un grupo de sicarios del c\u00e1rtel de las cuatro letras, mejor conocidos por el \"CJNG\" C\u00e1rtel de Jalisco Nueva Generaci\u00f3n, se grabaron al interior de una camioneta con armamento de uso exclusivo del ej\u00e9rcito, en el video se puede observar el uso de pasamonta\u00f1as y uno lleva una m\u00e1scara de\u2026","rel":"","context":"En \u00abSan Luis Potos\u00ed\u00bb","block_context":{"text":"San Luis Potos\u00ed","link":"https:\/\/mexicocodigorojo.com.mx\/?cat=24"},"img":{"alt_text":"","src":"","width":0,"height":0},"classes":[]},{"id":45071,"url":"https:\/\/mexicocodigorojo.com.mx\/?p=45071","url_meta":{"origin":54129,"position":5},"title":"MILITARES ASEGURAN METANFETAMINA EN SAN LUIS POTOS\u00cd","author":"Staff","date":"noviembre 11, 2020","format":false,"excerpt":"El Ej\u00e9rcito Mexicano asegura 27 litros de posible metanfetamina en el estado de San Luis Potos\u00ed Lomas de Sotelo, Ciudad de M\u00e9xico, a 9 de noviembre de 2020.- La Secretar\u00eda de la Defensa Nacional, informa que en el marco del\u00a0 Plan Nacional de Paz y Seguridad 2018-2024, y para contribuir\u2026","rel":"","context":"En \u00abFeatured\u00bb","block_context":{"text":"Featured","link":"https:\/\/mexicocodigorojo.com.mx\/?cat=1724"},"img":{"alt_text":"","src":"https:\/\/i0.wp.com\/mexicocodigorojo.com.mx\/wp-content\/uploads\/2020\/11\/124164903_162144432256065_801957016236997132_n.jpg?fit=456%2C325&ssl=1&resize=350%2C200","width":350,"height":200},"classes":[]}],"jetpack_sharing_enabled":true,"jetpack_likes_enabled":true,"jetpack_shortlink":"https:\/\/wp.me\/p9TedA-e53","_links":{"self":[{"href":"https:\/\/mexicocodigorojo.com.mx\/index.php?rest_route=\/wp\/v2\/posts\/54129","targetHints":{"allow":["GET"]}}],"collection":[{"href":"https:\/\/mexicocodigorojo.com.mx\/index.php?rest_route=\/wp\/v2\/posts"}],"about":[{"href":"https:\/\/mexicocodigorojo.com.mx\/index.php?rest_route=\/wp\/v2\/types\/post"}],"author":[{"embeddable":true,"href":"https:\/\/mexicocodigorojo.com.mx\/index.php?rest_route=\/wp\/v2\/users\/5"}],"replies":[{"embeddable":true,"href":"https:\/\/mexicocodigorojo.com.mx\/index.php?rest_route=%2Fwp%2Fv2%2Fcomments&post=54129"}],"version-history":[{"count":2,"href":"https:\/\/mexicocodigorojo.com.mx\/index.php?rest_route=\/wp\/v2\/posts\/54129\/revisions"}],"predecessor-version":[{"id":54131,"href":"https:\/\/mexicocodigorojo.com.mx\/index.php?rest_route=\/wp\/v2\/posts\/54129\/revisions\/54131"}],"wp:attachment":[{"href":"https:\/\/mexicocodigorojo.com.mx\/index.php?rest_route=%2Fwp%2Fv2%2Fmedia&parent=54129"}],"wp:term":[{"taxonomy":"category","embeddable":true,"href":"https:\/\/mexicocodigorojo.com.mx\/index.php?rest_route=%2Fwp%2Fv2%2Fcategories&post=54129"},{"taxonomy":"post_tag","embeddable":true,"href":"https:\/\/mexicocodigorojo.com.mx\/index.php?rest_route=%2Fwp%2Fv2%2Ftags&post=54129"}],"curies":[{"name":"wp","href":"https:\/\/api.w.org\/{rel}","templated":true}]}}