{"id":54031,"date":"2022-09-13T15:34:08","date_gmt":"2022-09-13T20:34:08","guid":{"rendered":"https:\/\/mexicocodigorojo.com.mx\/?p=54031"},"modified":"2022-09-13T22:20:03","modified_gmt":"2022-09-14T03:20:03","slug":"video-nos-vamos-a-entregar-sicarios-grabaron-en-vivo-durante-balacera-en-orizaba","status":"publish","type":"post","link":"https:\/\/mexicocodigorojo.com.mx\/?p=54031","title":{"rendered":"Video: \u00abNos vamos a entregar\u00bb, sicarios grabaron en vivo durante balacera en Orizaba"},"content":{"rendered":"<p>La tarde del lunes 12 de septiembre, pobladores de Orizaba y Fort\u00edn de las Flores vivieron balaceras e incendios de veh\u00edculos por el enfrentamiento de un grupo armado y polic\u00edas estatales de Veracruz.<\/p>\n<p>Un presunto l\u00edder delincuencial asesinado y tres detenidos dej\u00f3 una intensa jornada de violencia en el Pueblo M\u00e1gico de Orizaba, en la zona monta\u00f1osa central de Veracruz.<\/p>\n<p>Una persecuci\u00f3n policial deriv\u00f3 en un intenso enfrentamiento armado en una casa de seguridad ubicada en la cabecera municipal de Orizaba, donde docenas de personas videograbaron los tiroteos.<\/p>\n<p>En la ciudad hubo escenas de p\u00e1nico, con personas tiradas al suelo resguard\u00e1ndose de las balas y escuelas desalojando a cientos de estudiantes.<\/p>\n<p>El gobernador Cuitl\u00e1huac Garc\u00eda Jim\u00e9nez inform\u00f3 que todo parece indicar que el presunto delincuente abatido era un l\u00edder delincuencial, ello por la intensa movilizaci\u00f3n de delincuentes que se gener\u00f3 en el lugar.<\/p>\n<p><strong>Sicarios se entregan a estatales<\/strong><\/p>\n<p>Sin embargo, en redes sociales circularon videos no s\u00f3lo de las balaceras sino tambi\u00e9n de los presuntos sicarios, quienes grabaron videos en vivo mientras ocurr\u00edan los hechos armados.<\/p>\n<p>En un video grabado por los mismos hombres armados, se escucha que se rinden. \u00abMe voy a entregar pero los polic\u00edas estatales son los que me van a matar\u00bb, dicen los sujetos.<\/p>\n<p>Seg\u00fan los supuestos sicarios se encontraban en la calle 15 de Orizaba. \u00abLos estatales son los que est\u00e1n detonando s\u00f3lo le estoy pidiendo que se bajen, yo me voy a entregar\u00bb, dijeron en un video.<\/p>\n<p>En otro video, cuando est\u00e1n siendo detenidos, un hombre le pregunta a los uniformados si lo van a golpear. \u00abPero nosotros dijimos que nos \u00edbamos a entregar, yo tengo palabra y mataron a mi camarada\u00bb, comenta.<\/p>\n<blockquote class=\"twitter-tweet\" data-width=\"550\" data-dnt=\"true\">\n<p lang=\"es\" dir=\"ltr\">En <a href=\"https:\/\/twitter.com\/hashtag\/Orizaba?src=hash&amp;ref_src=twsrc%5Etfw\">#Orizaba<\/a> un sujeto graba a polic\u00edas mientras asegura que se va a entregar; \u201cme voy a poner a disposici\u00f3n\u201d, les dice, en hechos presuntamente relacionados con la balacera de este lunes. Les pide que no lo golpeen y recrimina que \u201cmataron a mi camarada\u201d. <br \/>Abrazos no balazos\u2026 <a href=\"https:\/\/t.co\/6c7lKi2o1X\">pic.twitter.com\/6c7lKi2o1X<\/a><\/p>\n<p>&mdash; Gildo Garza (@GildoGarzaMx) <a href=\"https:\/\/twitter.com\/GildoGarzaMx\/status\/1569527877498195969?ref_src=twsrc%5Etfw\">September 13, 2022<\/a><\/p><\/blockquote>\n<p><script async src=\"https:\/\/platform.twitter.com\/widgets.js\" charset=\"utf-8\"><\/script><\/p>\n","protected":false},"excerpt":{"rendered":"<p>La tarde del lunes 12 de septiembre, pobladores de Orizaba y Fort\u00edn de las Flores vivieron balaceras e incendios de veh\u00edculos por el enfrentamiento de un grupo armado y polic\u00edas estatales de Veracruz. Un presunto l\u00edder delincuencial asesinado y tres detenidos dej\u00f3 una intensa jornada de violencia en el Pueblo M\u00e1gico de Orizaba, en la [&hellip;]<\/p>\n","protected":false},"author":21,"featured_media":54032,"comment_status":"closed","ping_status":"closed","sticky":false,"template":"","format":"standard","meta":{"_uf_show_specific_survey":0,"_uf_disable_surveys":false,"advanced_seo_description":"","jetpack_seo_html_title":"","jetpack_seo_noindex":false,"jetpack_post_was_ever_published":false,"_jetpack_newsletter_access":"","_jetpack_dont_email_post_to_subs":false,"_jetpack_newsletter_tier_id":0,"_jetpack_memberships_contains_paywalled_content":false,"_jetpack_memberships_contains_paid_content":false,"footnotes":"","jetpack_publicize_message":"Video: \"Nos vamos a entregar\", sicarios grabaron en vivo durante balacera en #Orizaba","jetpack_publicize_feature_enabled":true,"jetpack_social_post_already_shared":true,"jetpack_social_options":{"image_generator_settings":{"template":"highway","default_image_id":0,"font":"","enabled":false},"version":2}},"categories":[1724],"tags":[],"class_list":{"0":"post-54031","1":"post","2":"type-post","3":"status-publish","4":"format-standard","5":"has-post-thumbnail","7":"category-featured"},"jetpack_publicize_connections":[],"jetpack_featured_media_url":"https:\/\/i0.wp.com\/mexicocodigorojo.com.mx\/wp-content\/uploads\/2022\/09\/Captura-de-pantalla-2022-09-13-153311.jpg?fit=1165%2C714&ssl=1","jetpack-related-posts":[{"id":41596,"url":"https:\/\/mexicocodigorojo.com.mx\/?p=41596","url_meta":{"origin":54031,"position":0},"title":"VIDEO GRABAN CONVOY DE GA EN ORIZABA VERACRUZ","author":"MexicoRojo","date":"agosto 11, 2020","format":false,"excerpt":"Circula en redes sociales imagenes en video donde se mira patrullando una caravana de gente armada en Orizaba Veracruz. El video alparecer fue grabado por un elemento de la polic\u00eda que estaba en un reten que estaba ala entrada,lo que llama mucho la atenci\u00f3n es que los elementos que estaban\u2026","rel":"","context":"En \u00abFeatured\u00bb","block_context":{"text":"Featured","link":"https:\/\/mexicocodigorojo.com.mx\/?cat=1724"},"img":{"alt_text":"","src":"","width":0,"height":0},"classes":[]},{"id":5215,"url":"https:\/\/mexicocodigorojo.com.mx\/?p=5215","url_meta":{"origin":54031,"position":1},"title":"LOS ZETAS EJECUTAN A UNA PERSONA Y DEJAN NARCOMANTA EN ORIZABA VERACRUZ","author":"Staff","date":"octubre 5, 2018","format":false,"excerpt":"La ma\u00f1ana de hoy fue localizado el cuerpo de una persona sin vida en el kil\u00f3metro 274+000 de la carretera (150D) Puebla-Cordoba, a la altura del Puente de Jalapilla del municipio de Rafael Delgado, Veracruz. \u00a0 El cuerpo sin vida se encontraba atado de pies y manos, el cual fue\u2026","rel":"","context":"En \u00abVeracruz\u00bb","block_context":{"text":"Veracruz","link":"https:\/\/mexicocodigorojo.com.mx\/?cat=22"},"img":{"alt_text":"","src":"https:\/\/i0.wp.com\/mexicocodigorojo.com.mx\/wp-content\/uploads\/2018\/10\/5934709B-573D-4225-B608-4F8DBBB5073D-300x177.jpeg?resize=350%2C200&ssl=1","width":350,"height":200},"classes":[]},{"id":44725,"url":"https:\/\/mexicocodigorojo.com.mx\/?p=44725","url_meta":{"origin":54031,"position":2},"title":"Con la exigencia de justicia, despiden a abogada linchada","author":"Staff","date":"octubre 29, 2020","format":false,"excerpt":"Los hijos, hermanos y compa\u00f1eros de Edmunda \"N\" rodearon la tumba en la que iba a ser sepultado el f\u00e9retro. VERACRUZ.-\u00a0Impotencia, coraje y dolor es lo que familiares y amigos expresan, en medio de un adi\u00f3s ba\u00f1ado en sangre y tragedia por la muerte de la abogada orizabe\u00f1a Edmunda \"N\u2026","rel":"","context":"En \u00abFeatured\u00bb","block_context":{"text":"Featured","link":"https:\/\/mexicocodigorojo.com.mx\/?cat=1724"},"img":{"alt_text":"","src":"https:\/\/i0.wp.com\/mexicocodigorojo.com.mx\/wp-content\/uploads\/2020\/10\/sepelio_0.jpg?fit=620%2C387&ssl=1&resize=350%2C200","width":350,"height":200,"srcset":"https:\/\/i0.wp.com\/mexicocodigorojo.com.mx\/wp-content\/uploads\/2020\/10\/sepelio_0.jpg?fit=620%2C387&ssl=1&resize=350%2C200 1x, https:\/\/i0.wp.com\/mexicocodigorojo.com.mx\/wp-content\/uploads\/2020\/10\/sepelio_0.jpg?fit=620%2C387&ssl=1&resize=525%2C300 1.5x"},"classes":[]},{"id":63072,"url":"https:\/\/mexicocodigorojo.com.mx\/?p=63072","url_meta":{"origin":54031,"position":3},"title":"Asesinan a mujer en Orizaba","author":"Staff","date":"octubre 16, 2024","format":false,"excerpt":"Una mujer fue asesinada y desmembrada dentro de una vivienda en el fraccionamiento San Alejandro, en Orizaba. Fueron vecinos quienes denunciaron a las autoridades de olores f\u00e9tidos que emanaban de la vivienda, ubicada en la calle Sexta Privada esquina Calle De La Laguna. De acuerdo con los primeros datos, la\u2026","rel":"","context":"En \u00abFeatured\u00bb","block_context":{"text":"Featured","link":"https:\/\/mexicocodigorojo.com.mx\/?cat=1724"},"img":{"alt_text":"","src":"https:\/\/i0.wp.com\/mexicocodigorojo.com.mx\/wp-content\/uploads\/2024\/10\/7acbd100-a479-4a2b-809c-0623b79d02bd-1.jpg?fit=700%2C434&ssl=1&resize=350%2C200","width":350,"height":200,"srcset":"https:\/\/i0.wp.com\/mexicocodigorojo.com.mx\/wp-content\/uploads\/2024\/10\/7acbd100-a479-4a2b-809c-0623b79d02bd-1.jpg?fit=700%2C434&ssl=1&resize=350%2C200 1x, https:\/\/i0.wp.com\/mexicocodigorojo.com.mx\/wp-content\/uploads\/2024\/10\/7acbd100-a479-4a2b-809c-0623b79d02bd-1.jpg?fit=700%2C434&ssl=1&resize=525%2C300 1.5x, https:\/\/i0.wp.com\/mexicocodigorojo.com.mx\/wp-content\/uploads\/2024\/10\/7acbd100-a479-4a2b-809c-0623b79d02bd-1.jpg?fit=700%2C434&ssl=1&resize=700%2C400 2x"},"classes":[]},{"id":38432,"url":"https:\/\/mexicocodigorojo.com.mx\/?p=38432","url_meta":{"origin":54031,"position":4},"title":"Hallan bolsas con cuerpos desmembrados en carretera de Veracruz","author":"Staff","date":"mayo 24, 2020","format":false,"excerpt":"Los restos de dos personas fueron encontrados a la altura de la congregaci\u00f3n de Aguachinola, perteneciente a Acultzingo, Veracruz Los\u00a0restos\u00a0de dos\u00a0personas\u00a0fueron\u00a0hallados\u00a0este s\u00e1bado en\u00a0cuatro bolsas\u00a0que se encontraban en la orilla de la\u00a0carretera federal Tehuac\u00e1n-Orizaba, a la altura de la congregaci\u00f3n de\u00a0Aguachinola, perteneciente al municipio de\u00a0Acultzingo, en\u00a0Veracruz. La presencia de las bolsas\u2026","rel":"","context":"En \u00abVeracruz\u00bb","block_context":{"text":"Veracruz","link":"https:\/\/mexicocodigorojo.com.mx\/?cat=22"},"img":{"alt_text":"","src":"https:\/\/i0.wp.com\/mexicocodigorojo.com.mx\/wp-content\/uploads\/2020\/05\/4igsg4h9.jpeg?fit=680%2C454&ssl=1&resize=350%2C200","width":350,"height":200,"srcset":"https:\/\/i0.wp.com\/mexicocodigorojo.com.mx\/wp-content\/uploads\/2020\/05\/4igsg4h9.jpeg?fit=680%2C454&ssl=1&resize=350%2C200 1x, https:\/\/i0.wp.com\/mexicocodigorojo.com.mx\/wp-content\/uploads\/2020\/05\/4igsg4h9.jpeg?fit=680%2C454&ssl=1&resize=525%2C300 1.5x"},"classes":[]},{"id":54028,"url":"https:\/\/mexicocodigorojo.com.mx\/?p=54028","url_meta":{"origin":54031,"position":5},"title":"Minimiza AMLO violencia en Orizaba; ve amarillismo","author":"MexicoRojoCvmx","date":"septiembre 13, 2022","format":false,"excerpt":"El Presidente Andr\u00e9s Manuel L\u00f3pez Obrador minimiz\u00f3 la violencia en Orizaba, Veracruz, al afirmar que no fue \"tan grave\". En la conferencia ma\u00f1anera, el Mandatario acus\u00f3 que la difusi\u00f3n del enfrentamiento en la Colonia Centro de la ciudad veracruzana fue un acto amarillista con el que se dan \"gusto\" sus\u2026","rel":"","context":"En \u00abFeatured\u00bb","block_context":{"text":"Featured","link":"https:\/\/mexicocodigorojo.com.mx\/?cat=1724"},"img":{"alt_text":"","src":"https:\/\/i0.wp.com\/mexicocodigorojo.com.mx\/wp-content\/uploads\/2022\/09\/balacera-orizaba.jpeg?fit=1200%2C900&ssl=1&resize=350%2C200","width":350,"height":200,"srcset":"https:\/\/i0.wp.com\/mexicocodigorojo.com.mx\/wp-content\/uploads\/2022\/09\/balacera-orizaba.jpeg?fit=1200%2C900&ssl=1&resize=350%2C200 1x, https:\/\/i0.wp.com\/mexicocodigorojo.com.mx\/wp-content\/uploads\/2022\/09\/balacera-orizaba.jpeg?fit=1200%2C900&ssl=1&resize=525%2C300 1.5x, https:\/\/i0.wp.com\/mexicocodigorojo.com.mx\/wp-content\/uploads\/2022\/09\/balacera-orizaba.jpeg?fit=1200%2C900&ssl=1&resize=700%2C400 2x, https:\/\/i0.wp.com\/mexicocodigorojo.com.mx\/wp-content\/uploads\/2022\/09\/balacera-orizaba.jpeg?fit=1200%2C900&ssl=1&resize=1050%2C600 3x"},"classes":[]}],"jetpack_sharing_enabled":true,"jetpack_likes_enabled":true,"jetpack_shortlink":"https:\/\/wp.me\/p9TedA-e3t","_links":{"self":[{"href":"https:\/\/mexicocodigorojo.com.mx\/index.php?rest_route=\/wp\/v2\/posts\/54031","targetHints":{"allow":["GET"]}}],"collection":[{"href":"https:\/\/mexicocodigorojo.com.mx\/index.php?rest_route=\/wp\/v2\/posts"}],"about":[{"href":"https:\/\/mexicocodigorojo.com.mx\/index.php?rest_route=\/wp\/v2\/types\/post"}],"author":[{"embeddable":true,"href":"https:\/\/mexicocodigorojo.com.mx\/index.php?rest_route=\/wp\/v2\/users\/21"}],"replies":[{"embeddable":true,"href":"https:\/\/mexicocodigorojo.com.mx\/index.php?rest_route=%2Fwp%2Fv2%2Fcomments&post=54031"}],"version-history":[{"count":1,"href":"https:\/\/mexicocodigorojo.com.mx\/index.php?rest_route=\/wp\/v2\/posts\/54031\/revisions"}],"predecessor-version":[{"id":54033,"href":"https:\/\/mexicocodigorojo.com.mx\/index.php?rest_route=\/wp\/v2\/posts\/54031\/revisions\/54033"}],"wp:featuredmedia":[{"embeddable":true,"href":"https:\/\/mexicocodigorojo.com.mx\/index.php?rest_route=\/wp\/v2\/media\/54032"}],"wp:attachment":[{"href":"https:\/\/mexicocodigorojo.com.mx\/index.php?rest_route=%2Fwp%2Fv2%2Fmedia&parent=54031"}],"wp:term":[{"taxonomy":"category","embeddable":true,"href":"https:\/\/mexicocodigorojo.com.mx\/index.php?rest_route=%2Fwp%2Fv2%2Fcategories&post=54031"},{"taxonomy":"post_tag","embeddable":true,"href":"https:\/\/mexicocodigorojo.com.mx\/index.php?rest_route=%2Fwp%2Fv2%2Ftags&post=54031"}],"curies":[{"name":"wp","href":"https:\/\/api.w.org\/{rel}","templated":true}]}}