{"id":54028,"date":"2022-09-13T15:29:57","date_gmt":"2022-09-13T20:29:57","guid":{"rendered":"https:\/\/mexicocodigorojo.com.mx\/?p=54028"},"modified":"2022-09-13T15:29:57","modified_gmt":"2022-09-13T20:29:57","slug":"minimiza-amlo-violencia-en-orizaba-ve-amarillismo","status":"publish","type":"post","link":"https:\/\/mexicocodigorojo.com.mx\/?p=54028","title":{"rendered":"Minimiza AMLO violencia en Orizaba; ve amarillismo"},"content":{"rendered":"<p>El Presidente Andr\u00e9s Manuel L\u00f3pez Obrador minimiz\u00f3 la violencia en Orizaba, Veracruz, al afirmar que no fue \u00abtan grave\u00bb.<\/p>\n<p>En la conferencia ma\u00f1anera, el Mandatario acus\u00f3 que la difusi\u00f3n del enfrentamiento en la Colonia Centro de la ciudad veracruzana fue un acto amarillista con el que se dan \u00abgusto\u00bb sus adversarios.<\/p>\n<p>\u00abSe tiene que aplicar la ley, puede ser ruidoso, escandaloso, sensacionalista, amarillista, pero pues se act\u00faa, afortunadamente no fue tan grave, desde luego deseamos que esto no pase\u00bb, sostuvo.<\/p>\n<p>\u00abFue m\u00e1s un asunto de propaganda y en redes, porque fue una transmisi\u00f3n en vivo y nuestros adversarios, pues ya saben \u00bfno?, se dan gusto, se dan gusto\u00bb.<\/p>\n<p>Una balacera de m\u00e1s de una hora oblig\u00f3 este lunes a pobladores de Orizaba a protegerse pecho tierra, detr\u00e1s de paredes y a correr para resguardarse al interior de negocios.<\/p>\n<p>El enfrentamiento se registr\u00f3 a las 16:00 horas en la Colonia Centro de la ciudad tur\u00edstica, enclavada en la regi\u00f3n central monta\u00f1osa del Estado.<\/p>\n<p>La refriega, que dej\u00f3 un saldo de un civil armado abatido, dur\u00f3 unos 60 minutos y dej\u00f3 en alerta a los pobladores ante las movilizaciones de fuerzas de seguridad.<\/p>\n<p>\u00abEstaban en una casa dos, tres personas, lleg\u00f3 la Polic\u00eda, dispararon, alguien amenaz\u00f3 con una bomba, una granada, y se entreg\u00f3 el se\u00f1or de la granada, hubo un muerto\u00bb, explic\u00f3 el Presidente.<\/p>\n<p>\u00abLuego quemaron un tr\u00e1iler o intentaron quemarse porque no se quem\u00f3 todo afortunadamente como parte de la protesta y se detuvo a uno de los que particip\u00f3 en estas protestas\u00bb.<\/p>\n<p>L\u00f3pez Obrador reiter\u00f3 que, cuando se detiene a l\u00edderes de bandas, integrantes de las mismas \u00abhacen propaganda\u00bb para tratar de impedir la acci\u00f3n de las corporaciones.<\/p>\n<p>\u00abEn este caso hasta transmitieron en vivo y lo de los camiones que les prenden fuego tiene ese mismo prop\u00f3sito\u00bb, abund\u00f3.<\/p>\n<p>-\u00bfNo va a ser necesario reforzar la seguridad en la zona?, se le pregunt\u00f3 en Palacio Nacional.<\/p>\n<p>\u00abYa se est\u00e1 trabajando, en todos lados la Guardia Nacional est\u00e1 actuando. Por eso son estas respuestas tambi\u00e9n, porque se est\u00e1 actuando y no hay impunidad, cero corrupci\u00f3n y cero impunidad\u00bb, respondi\u00f3.<\/p>\n<p>El Jefe del Ejecutivo aprovech\u00f3 el tema para abogar por la permanencia en las calles de las Fuerzas Armadas para tareas de seguridad p\u00fablica.<\/p>\n<p>\u00abOjal\u00e1 y ahora que se van a reunir los diputados se apruebe el que se siga apoyando a la Guardia Nacional en la Secretar\u00eda de Marina y en la Secretar\u00eda de la Defensa\u00bb, expres\u00f3.<\/p>\n<p>\u00abY vamos a seguir con el debate, porque no es militarizaci\u00f3n, vamos a seguir con el debate y vamos a seguir probando de que no se violan derechos humanos y que se cuida a la gente, y que no hay masacres\u00bb.<\/p>\n<p>El tabasque\u00f1o insisti\u00f3 en que ya no actos de tortura ni \u00abmontajes\u00bb.<\/p>\n<p>\u00abEso ya se acab\u00f3. Y no se protege a nadie, no hay impunidad. Entonces, lo que queremos es proteger a la gente, proteger a los ciudadanos\u00bb, agreg\u00f3.<\/p>\n<blockquote class=\"twitter-tweet\" data-width=\"550\" data-dnt=\"true\">\n<p lang=\"es\" dir=\"ltr\">En <a href=\"https:\/\/twitter.com\/hashtag\/Orizaba?src=hash&amp;ref_src=twsrc%5Etfw\">#Orizaba<\/a> un sujeto graba a polic\u00edas mientras asegura que se va a entregar; \u201cme voy a poner a disposici\u00f3n\u201d, les dice, en hechos presuntamente relacionados con la balacera de este lunes. Les pide que no lo golpeen y recrimina que \u201cmataron a mi camarada\u201d. <br \/>Abrazos no balazos\u2026 <a href=\"https:\/\/t.co\/6c7lKi2o1X\">pic.twitter.com\/6c7lKi2o1X<\/a><\/p>\n<p>&mdash; Gildo Garza (@GildoGarzaMx) <a href=\"https:\/\/twitter.com\/GildoGarzaMx\/status\/1569527877498195969?ref_src=twsrc%5Etfw\">September 13, 2022<\/a><\/p><\/blockquote>\n<p><script async src=\"https:\/\/platform.twitter.com\/widgets.js\" charset=\"utf-8\"><\/script><\/p>\n","protected":false},"excerpt":{"rendered":"<p>El Presidente Andr\u00e9s Manuel L\u00f3pez Obrador minimiz\u00f3 la violencia en Orizaba, Veracruz, al afirmar que no fue \u00abtan grave\u00bb. En la conferencia ma\u00f1anera, el Mandatario acus\u00f3 que la difusi\u00f3n del enfrentamiento en la Colonia Centro de la ciudad veracruzana fue un acto amarillista con el que se dan \u00abgusto\u00bb sus adversarios. \u00abSe tiene que aplicar [&hellip;]<\/p>\n","protected":false},"author":21,"featured_media":54029,"comment_status":"closed","ping_status":"closed","sticky":false,"template":"","format":"standard","meta":{"_uf_show_specific_survey":0,"_uf_disable_surveys":false,"advanced_seo_description":"","jetpack_seo_html_title":"","jetpack_seo_noindex":false,"jetpack_post_was_ever_published":false,"_jetpack_newsletter_access":"","_jetpack_dont_email_post_to_subs":false,"_jetpack_newsletter_tier_id":0,"_jetpack_memberships_contains_paywalled_content":false,"_jetpack_memberships_contains_paid_content":false,"footnotes":"","jetpack_publicize_message":"#M\u00e9xico Minimiza AMLO violencia en #Orizaba; ve amarillismo #Veracruz","jetpack_publicize_feature_enabled":true,"jetpack_social_post_already_shared":true,"jetpack_social_options":{"image_generator_settings":{"template":"highway","default_image_id":0,"font":"","enabled":false},"version":2}},"categories":[1724],"tags":[],"class_list":{"0":"post-54028","1":"post","2":"type-post","3":"status-publish","4":"format-standard","5":"has-post-thumbnail","7":"category-featured"},"jetpack_publicize_connections":[],"jetpack_featured_media_url":"https:\/\/i0.wp.com\/mexicocodigorojo.com.mx\/wp-content\/uploads\/2022\/09\/balacera-orizaba.jpeg?fit=1707%2C1280&ssl=1","jetpack-related-posts":[{"id":5215,"url":"https:\/\/mexicocodigorojo.com.mx\/?p=5215","url_meta":{"origin":54028,"position":0},"title":"LOS ZETAS EJECUTAN A UNA PERSONA Y DEJAN NARCOMANTA EN ORIZABA VERACRUZ","author":"Staff","date":"octubre 5, 2018","format":false,"excerpt":"La ma\u00f1ana de hoy fue localizado el cuerpo de una persona sin vida en el kil\u00f3metro 274+000 de la carretera (150D) Puebla-Cordoba, a la altura del Puente de Jalapilla del municipio de Rafael Delgado, Veracruz. \u00a0 El cuerpo sin vida se encontraba atado de pies y manos, el cual fue\u2026","rel":"","context":"En \u00abVeracruz\u00bb","block_context":{"text":"Veracruz","link":"https:\/\/mexicocodigorojo.com.mx\/?cat=22"},"img":{"alt_text":"","src":"https:\/\/i0.wp.com\/mexicocodigorojo.com.mx\/wp-content\/uploads\/2018\/10\/5934709B-573D-4225-B608-4F8DBBB5073D-300x177.jpeg?resize=350%2C200&ssl=1","width":350,"height":200},"classes":[]},{"id":44725,"url":"https:\/\/mexicocodigorojo.com.mx\/?p=44725","url_meta":{"origin":54028,"position":1},"title":"Con la exigencia de justicia, despiden a abogada linchada","author":"Staff","date":"octubre 29, 2020","format":false,"excerpt":"Los hijos, hermanos y compa\u00f1eros de Edmunda \"N\" rodearon la tumba en la que iba a ser sepultado el f\u00e9retro. VERACRUZ.-\u00a0Impotencia, coraje y dolor es lo que familiares y amigos expresan, en medio de un adi\u00f3s ba\u00f1ado en sangre y tragedia por la muerte de la abogada orizabe\u00f1a Edmunda \"N\u2026","rel":"","context":"En \u00abFeatured\u00bb","block_context":{"text":"Featured","link":"https:\/\/mexicocodigorojo.com.mx\/?cat=1724"},"img":{"alt_text":"","src":"https:\/\/i0.wp.com\/mexicocodigorojo.com.mx\/wp-content\/uploads\/2020\/10\/sepelio_0.jpg?fit=620%2C387&ssl=1&resize=350%2C200","width":350,"height":200,"srcset":"https:\/\/i0.wp.com\/mexicocodigorojo.com.mx\/wp-content\/uploads\/2020\/10\/sepelio_0.jpg?fit=620%2C387&ssl=1&resize=350%2C200 1x, https:\/\/i0.wp.com\/mexicocodigorojo.com.mx\/wp-content\/uploads\/2020\/10\/sepelio_0.jpg?fit=620%2C387&ssl=1&resize=525%2C300 1.5x"},"classes":[]},{"id":41596,"url":"https:\/\/mexicocodigorojo.com.mx\/?p=41596","url_meta":{"origin":54028,"position":2},"title":"VIDEO GRABAN CONVOY DE GA EN ORIZABA VERACRUZ","author":"MexicoRojo","date":"agosto 11, 2020","format":false,"excerpt":"Circula en redes sociales imagenes en video donde se mira patrullando una caravana de gente armada en Orizaba Veracruz. El video alparecer fue grabado por un elemento de la polic\u00eda que estaba en un reten que estaba ala entrada,lo que llama mucho la atenci\u00f3n es que los elementos que estaban\u2026","rel":"","context":"En \u00abFeatured\u00bb","block_context":{"text":"Featured","link":"https:\/\/mexicocodigorojo.com.mx\/?cat=1724"},"img":{"alt_text":"","src":"","width":0,"height":0},"classes":[]},{"id":63072,"url":"https:\/\/mexicocodigorojo.com.mx\/?p=63072","url_meta":{"origin":54028,"position":3},"title":"Asesinan a mujer en Orizaba","author":"Staff","date":"octubre 16, 2024","format":false,"excerpt":"Una mujer fue asesinada y desmembrada dentro de una vivienda en el fraccionamiento San Alejandro, en Orizaba. Fueron vecinos quienes denunciaron a las autoridades de olores f\u00e9tidos que emanaban de la vivienda, ubicada en la calle Sexta Privada esquina Calle De La Laguna. De acuerdo con los primeros datos, la\u2026","rel":"","context":"En \u00abFeatured\u00bb","block_context":{"text":"Featured","link":"https:\/\/mexicocodigorojo.com.mx\/?cat=1724"},"img":{"alt_text":"","src":"https:\/\/i0.wp.com\/mexicocodigorojo.com.mx\/wp-content\/uploads\/2024\/10\/7acbd100-a479-4a2b-809c-0623b79d02bd-1.jpg?fit=700%2C434&ssl=1&resize=350%2C200","width":350,"height":200,"srcset":"https:\/\/i0.wp.com\/mexicocodigorojo.com.mx\/wp-content\/uploads\/2024\/10\/7acbd100-a479-4a2b-809c-0623b79d02bd-1.jpg?fit=700%2C434&ssl=1&resize=350%2C200 1x, https:\/\/i0.wp.com\/mexicocodigorojo.com.mx\/wp-content\/uploads\/2024\/10\/7acbd100-a479-4a2b-809c-0623b79d02bd-1.jpg?fit=700%2C434&ssl=1&resize=525%2C300 1.5x, https:\/\/i0.wp.com\/mexicocodigorojo.com.mx\/wp-content\/uploads\/2024\/10\/7acbd100-a479-4a2b-809c-0623b79d02bd-1.jpg?fit=700%2C434&ssl=1&resize=700%2C400 2x"},"classes":[]},{"id":54031,"url":"https:\/\/mexicocodigorojo.com.mx\/?p=54031","url_meta":{"origin":54028,"position":4},"title":"Video: \u00abNos vamos a entregar\u00bb, sicarios grabaron en vivo durante balacera en Orizaba","author":"MexicoRojoCvmx","date":"septiembre 13, 2022","format":false,"excerpt":"La tarde del lunes 12 de septiembre, pobladores de Orizaba y Fort\u00edn de las Flores vivieron balaceras e incendios de veh\u00edculos por el enfrentamiento de un grupo armado y polic\u00edas estatales de Veracruz. Un presunto l\u00edder delincuencial asesinado y tres detenidos dej\u00f3 una intensa jornada de violencia en el Pueblo\u2026","rel":"","context":"En \u00abFeatured\u00bb","block_context":{"text":"Featured","link":"https:\/\/mexicocodigorojo.com.mx\/?cat=1724"},"img":{"alt_text":"","src":"https:\/\/i0.wp.com\/mexicocodigorojo.com.mx\/wp-content\/uploads\/2022\/09\/Captura-de-pantalla-2022-09-13-153311.jpg?fit=1165%2C714&ssl=1&resize=350%2C200","width":350,"height":200,"srcset":"https:\/\/i0.wp.com\/mexicocodigorojo.com.mx\/wp-content\/uploads\/2022\/09\/Captura-de-pantalla-2022-09-13-153311.jpg?fit=1165%2C714&ssl=1&resize=350%2C200 1x, https:\/\/i0.wp.com\/mexicocodigorojo.com.mx\/wp-content\/uploads\/2022\/09\/Captura-de-pantalla-2022-09-13-153311.jpg?fit=1165%2C714&ssl=1&resize=525%2C300 1.5x, https:\/\/i0.wp.com\/mexicocodigorojo.com.mx\/wp-content\/uploads\/2022\/09\/Captura-de-pantalla-2022-09-13-153311.jpg?fit=1165%2C714&ssl=1&resize=700%2C400 2x, https:\/\/i0.wp.com\/mexicocodigorojo.com.mx\/wp-content\/uploads\/2022\/09\/Captura-de-pantalla-2022-09-13-153311.jpg?fit=1165%2C714&ssl=1&resize=1050%2C600 3x"},"classes":[]},{"id":7658,"url":"https:\/\/mexicocodigorojo.com.mx\/?p=7658","url_meta":{"origin":54028,"position":5},"title":"Se desata balacera en Tecamachalco Polic\u00edas recuperan tractocami\u00f3n robado","author":"Staff","date":"octubre 30, 2018","format":false,"excerpt":"TECAMACHALCO, Pue.- Una balacera entre polic\u00edas y presuntos delincuentes se registr\u00f3 en el trascurso de la noche, tras el robo de un tractocami\u00f3n mismo fue recuperado luego del enfrentamiento. Los hechos violentos ocurrieron cuando elementos de la Polic\u00eda Municipal fueron notificados sobre el robo de un cami\u00f3n de carga con\u2026","rel":"","context":"En \u00abPuebla\u00bb","block_context":{"text":"Puebla","link":"https:\/\/mexicocodigorojo.com.mx\/?cat=46"},"img":{"alt_text":"","src":"","width":0,"height":0},"classes":[]}],"jetpack_sharing_enabled":true,"jetpack_likes_enabled":true,"jetpack_shortlink":"https:\/\/wp.me\/p9TedA-e3q","_links":{"self":[{"href":"https:\/\/mexicocodigorojo.com.mx\/index.php?rest_route=\/wp\/v2\/posts\/54028","targetHints":{"allow":["GET"]}}],"collection":[{"href":"https:\/\/mexicocodigorojo.com.mx\/index.php?rest_route=\/wp\/v2\/posts"}],"about":[{"href":"https:\/\/mexicocodigorojo.com.mx\/index.php?rest_route=\/wp\/v2\/types\/post"}],"author":[{"embeddable":true,"href":"https:\/\/mexicocodigorojo.com.mx\/index.php?rest_route=\/wp\/v2\/users\/21"}],"replies":[{"embeddable":true,"href":"https:\/\/mexicocodigorojo.com.mx\/index.php?rest_route=%2Fwp%2Fv2%2Fcomments&post=54028"}],"version-history":[{"count":1,"href":"https:\/\/mexicocodigorojo.com.mx\/index.php?rest_route=\/wp\/v2\/posts\/54028\/revisions"}],"predecessor-version":[{"id":54030,"href":"https:\/\/mexicocodigorojo.com.mx\/index.php?rest_route=\/wp\/v2\/posts\/54028\/revisions\/54030"}],"wp:featuredmedia":[{"embeddable":true,"href":"https:\/\/mexicocodigorojo.com.mx\/index.php?rest_route=\/wp\/v2\/media\/54029"}],"wp:attachment":[{"href":"https:\/\/mexicocodigorojo.com.mx\/index.php?rest_route=%2Fwp%2Fv2%2Fmedia&parent=54028"}],"wp:term":[{"taxonomy":"category","embeddable":true,"href":"https:\/\/mexicocodigorojo.com.mx\/index.php?rest_route=%2Fwp%2Fv2%2Fcategories&post=54028"},{"taxonomy":"post_tag","embeddable":true,"href":"https:\/\/mexicocodigorojo.com.mx\/index.php?rest_route=%2Fwp%2Fv2%2Ftags&post=54028"}],"curies":[{"name":"wp","href":"https:\/\/api.w.org\/{rel}","templated":true}]}}