{"id":54020,"date":"2022-09-13T10:19:28","date_gmt":"2022-09-13T15:19:28","guid":{"rendered":"https:\/\/mexicocodigorojo.com.mx\/?p=54020"},"modified":"2022-09-13T10:19:28","modified_gmt":"2022-09-13T15:19:28","slug":"pri-agrega-reserva-para-que-el-ejercito-se-mantenga-en-las-calles-por-10-anos","status":"publish","type":"post","link":"https:\/\/mexicocodigorojo.com.mx\/?p=54020","title":{"rendered":"PRI agrega reserva para que el Ej\u00e9rcito se mantenga en las calles por 10 a\u00f1os"},"content":{"rendered":"<p>A nombre del grupo parlamentario del PRI, la diputada Cristina Ruiz propuso ante la Comisi\u00f3n de Puntos Constitucionales de la C\u00e1mara de Diputados, una reserva a la iniciativa que busca ampliar la presencia del ej\u00e9rcito en las calles de 2024 a 2028, para que en su lugar, dicho plazo sea hasta 2029.<\/p>\n<p>\u201cM\u00e9xico necesita recuperar la calma de las familias mexicanas, no son los tiempos de se\u00f1alar culpables, son los tiempos de apoyarnos y hacer las cosas bien por las y los mexicanos, no son tiempos de se\u00f1alamientos de estrategias fallidas, son los tiempos de las acciones, de las soluciones, y de las respuestas a las familias mexicanas.<\/p>\n<p>La legisladora agreg\u00f3 que su bancada \u201cno dar\u00e1 un paso atr\u00e1s\u201d en su pretensi\u00f3n de ampliar la presencia del ej\u00e9rcito en las calles, y sostuvo que dar un plazo de 10 a\u00f1os para que los militares est\u00e9n hasta 2029, es por motivos humanitarios.<\/p>\n","protected":false},"excerpt":{"rendered":"<p>A nombre del grupo parlamentario del PRI, la diputada Cristina Ruiz propuso ante la Comisi\u00f3n de Puntos Constitucionales de la C\u00e1mara de Diputados, una reserva a la iniciativa que busca ampliar la presencia del ej\u00e9rcito en las calles de 2024 a 2028, para que en su lugar, dicho plazo sea hasta 2029. \u201cM\u00e9xico necesita recuperar [&hellip;]<\/p>\n","protected":false},"author":21,"featured_media":54021,"comment_status":"closed","ping_status":"closed","sticky":false,"template":"","format":"standard","meta":{"_uf_show_specific_survey":0,"_uf_disable_surveys":false,"advanced_seo_description":"","jetpack_seo_html_title":"","jetpack_seo_noindex":false,"jetpack_post_was_ever_published":false,"_jetpack_newsletter_access":"","_jetpack_dont_email_post_to_subs":false,"_jetpack_newsletter_tier_id":0,"_jetpack_memberships_contains_paywalled_content":false,"_jetpack_memberships_contains_paid_content":false,"footnotes":"","jetpack_publicize_message":"#M\u00e9xico PRI agrega reserva para que el Ej\u00e9rcito se mantenga en las calles por 10 a\u00f1os","jetpack_publicize_feature_enabled":true,"jetpack_social_post_already_shared":true,"jetpack_social_options":{"image_generator_settings":{"template":"highway","default_image_id":0,"font":"","enabled":false},"version":2}},"categories":[1724],"tags":[],"class_list":{"0":"post-54020","1":"post","2":"type-post","3":"status-publish","4":"format-standard","5":"has-post-thumbnail","7":"category-featured"},"jetpack_publicize_connections":[],"jetpack_featured_media_url":"https:\/\/i0.wp.com\/mexicocodigorojo.com.mx\/wp-content\/uploads\/2022\/09\/Captura-de-pantalla-2022-09-09-082418.jpg?fit=1133%2C719&ssl=1","jetpack-related-posts":[{"id":52896,"url":"https:\/\/mexicocodigorojo.com.mx\/?p=52896","url_meta":{"origin":54020,"position":0},"title":"Los agujeros negros de M\u00e9xico: cada rinc\u00f3n tomado por el narco","author":"Staff","date":"mayo 8, 2022","format":false,"excerpt":"La militarizaci\u00f3n impuesta por L\u00f3pez Obrador no consigue frenar el poder del crimen organizado, atomizado en al menos 150 bandas con tent\u00e1culos en todo el pa\u00eds No hay un rinc\u00f3n de M\u00e9xico donde el narco no tenga presencia. Como una enfermedad degenerativa, su poder se ha ido extendiendo por cada\u2026","rel":"","context":"En \u00abFeatured\u00bb","block_context":{"text":"Featured","link":"https:\/\/mexicocodigorojo.com.mx\/?cat=1724"},"img":{"alt_text":"","src":"https:\/\/i0.wp.com\/mexicocodigorojo.com.mx\/wp-content\/uploads\/2022\/05\/4GLYY6NXHFBVVPPLS22BGOLBJA.jpeg?fit=828%2C552&ssl=1&resize=350%2C200","width":350,"height":200,"srcset":"https:\/\/i0.wp.com\/mexicocodigorojo.com.mx\/wp-content\/uploads\/2022\/05\/4GLYY6NXHFBVVPPLS22BGOLBJA.jpeg?fit=828%2C552&ssl=1&resize=350%2C200 1x, https:\/\/i0.wp.com\/mexicocodigorojo.com.mx\/wp-content\/uploads\/2022\/05\/4GLYY6NXHFBVVPPLS22BGOLBJA.jpeg?fit=828%2C552&ssl=1&resize=525%2C300 1.5x, https:\/\/i0.wp.com\/mexicocodigorojo.com.mx\/wp-content\/uploads\/2022\/05\/4GLYY6NXHFBVVPPLS22BGOLBJA.jpeg?fit=828%2C552&ssl=1&resize=700%2C400 2x"},"classes":[]},{"id":12581,"url":"https:\/\/mexicocodigorojo.com.mx\/?p=12581","url_meta":{"origin":54020,"position":1},"title":"Demasiados interrogantes en Tlahuelilpan","author":"Staff","date":"enero 21, 2019","format":false,"excerpt":"No se puede aceptar que la actuaci\u00f3n del Ej\u00e9rcito fue \"correcta y oportuna\" sin que el Gobierno aclare antes todas las dudas. La tragedia que se abati\u00f3 el viernes por la noche al incendiarse un ducto de combustible en Tlahuelilpan, en el Estado mexicano de Hidalgo, ofrece por desgracia un\u2026","rel":"","context":"En \u00abHidalgo\u00bb","block_context":{"text":"Hidalgo","link":"https:\/\/mexicocodigorojo.com.mx\/?cat=145"},"img":{"alt_text":"Militares","src":"https:\/\/i0.wp.com\/mexicocodigorojo.com.mx\/wp-content\/uploads\/2019\/01\/1548035412_200971_1548035606_noticia_normal_recorte1.jpg?fit=1200%2C744&ssl=1&resize=350%2C200","width":350,"height":200,"srcset":"https:\/\/i0.wp.com\/mexicocodigorojo.com.mx\/wp-content\/uploads\/2019\/01\/1548035412_200971_1548035606_noticia_normal_recorte1.jpg?fit=1200%2C744&ssl=1&resize=350%2C200 1x, https:\/\/i0.wp.com\/mexicocodigorojo.com.mx\/wp-content\/uploads\/2019\/01\/1548035412_200971_1548035606_noticia_normal_recorte1.jpg?fit=1200%2C744&ssl=1&resize=525%2C300 1.5x, https:\/\/i0.wp.com\/mexicocodigorojo.com.mx\/wp-content\/uploads\/2019\/01\/1548035412_200971_1548035606_noticia_normal_recorte1.jpg?fit=1200%2C744&ssl=1&resize=700%2C400 2x, https:\/\/i0.wp.com\/mexicocodigorojo.com.mx\/wp-content\/uploads\/2019\/01\/1548035412_200971_1548035606_noticia_normal_recorte1.jpg?fit=1200%2C744&ssl=1&resize=1050%2C600 3x"},"classes":[]},{"id":12929,"url":"https:\/\/mexicocodigorojo.com.mx\/?p=12929","url_meta":{"origin":54020,"position":2},"title":"la artiller\u00eda belica del CDN para los \u00abtopones\u00bb contra el Ej\u00e9rcito Mexicano,Barrett Cal. 50,AK-47 y AR-15","author":"Staff","date":"enero 25, 2019","format":false,"excerpt":"la artiller\u00eda belica del CDN para los \"topones\" contra el Ej\u00e9rcito Mexicano,Barrett Cal. 50,AK-47 y AR-15 El jueves pasado en Nuevo Laredo, Tamaulipas, se registr\u00f3 un enfrentamiento entre sicarios del C\u00e1rtel del Noreste y el Ej\u00e9rcito; lo que sorprendi\u00f3 fue el decomiso de armas de grueso calibre, destacando los fusiles\u2026","rel":"","context":"En \u00abTamaulipas\u00bb","block_context":{"text":"Tamaulipas","link":"https:\/\/mexicocodigorojo.com.mx\/?cat=2"},"img":{"alt_text":"","src":"https:\/\/i0.wp.com\/mexicocodigorojo.com.mx\/wp-content\/uploads\/2019\/01\/DxoLKHTVsAAfSNw.jpg?resize=350%2C200&ssl=1","width":350,"height":200},"classes":[]},{"id":9041,"url":"https:\/\/mexicocodigorojo.com.mx\/?p=9041","url_meta":{"origin":54020,"position":3},"title":"En cercan\u00eda con el Ej\u00e9rcito, L\u00f3pez Obrador supera a Calder\u00f3n y a Pe\u00f1a","author":"Staff","date":"noviembre 16, 2018","format":false,"excerpt":"CIUDAD DE M\u00c9XICO .- A pesar de su ret\u00f3rica antimilitarista de campa\u00f1a, el presidente electo Andr\u00e9s Manuel L\u00f3pez Obrador result\u00f3 m\u00e1s h\u00e1bil que sus antecesores inmediatos para hacerse del apoyo de las Fuerzas Armadas. \u00a0 Ni las pretensiones de Felipe Calder\u00f3n de comandar directamente su guerra contra el narcotr\u00e1fico ni\u2026","rel":"","context":"En \u00abCiudad de M\u00e9xico\u00bb","block_context":{"text":"Ciudad de M\u00e9xico","link":"https:\/\/mexicocodigorojo.com.mx\/?cat=101"},"img":{"alt_text":"","src":"https:\/\/i0.wp.com\/mexicocodigorojo.com.mx\/wp-content\/uploads\/2018\/11\/tt-1078x723-1.jpg?fit=1078%2C723&ssl=1&resize=350%2C200","width":350,"height":200,"srcset":"https:\/\/i0.wp.com\/mexicocodigorojo.com.mx\/wp-content\/uploads\/2018\/11\/tt-1078x723-1.jpg?fit=1078%2C723&ssl=1&resize=350%2C200 1x, https:\/\/i0.wp.com\/mexicocodigorojo.com.mx\/wp-content\/uploads\/2018\/11\/tt-1078x723-1.jpg?fit=1078%2C723&ssl=1&resize=525%2C300 1.5x, https:\/\/i0.wp.com\/mexicocodigorojo.com.mx\/wp-content\/uploads\/2018\/11\/tt-1078x723-1.jpg?fit=1078%2C723&ssl=1&resize=700%2C400 2x, https:\/\/i0.wp.com\/mexicocodigorojo.com.mx\/wp-content\/uploads\/2018\/11\/tt-1078x723-1.jpg?fit=1078%2C723&ssl=1&resize=1050%2C600 3x"},"classes":[]},{"id":51960,"url":"https:\/\/mexicocodigorojo.com.mx\/?p=51960","url_meta":{"origin":54020,"position":4},"title":"Baja aseguramiento de narcolaboratorios en M\u00e9xico con gobierno de L\u00f3pez","author":"MexicoRojoCvmx","date":"enero 2, 2022","format":false,"excerpt":"Cd. de M\u00e9xico (02 enero 2022).- Aunque Estados Unidos ha advertido sobre un aumento en la producci\u00f3n y tr\u00e1fico ilegal de drogas sint\u00e9ticas desde M\u00e9xico, el n\u00famero de narcolaboratorios asegurados en nuestro Pa\u00eds ha bajado 29.2 por ciento durante la presente Administraci\u00f3n, en comparaci\u00f3n con el sexenio pasado. Mientras que\u2026","rel":"","context":"En \u00abFeatured\u00bb","block_context":{"text":"Featured","link":"https:\/\/mexicocodigorojo.com.mx\/?cat=1724"},"img":{"alt_text":"","src":"https:\/\/i0.wp.com\/mexicocodigorojo.com.mx\/wp-content\/uploads\/2022\/01\/esp_narcolaboratorios_Drupal-Main-Image.var_1445148748.jpg?fit=984%2C654&ssl=1&resize=350%2C200","width":350,"height":200,"srcset":"https:\/\/i0.wp.com\/mexicocodigorojo.com.mx\/wp-content\/uploads\/2022\/01\/esp_narcolaboratorios_Drupal-Main-Image.var_1445148748.jpg?fit=984%2C654&ssl=1&resize=350%2C200 1x, https:\/\/i0.wp.com\/mexicocodigorojo.com.mx\/wp-content\/uploads\/2022\/01\/esp_narcolaboratorios_Drupal-Main-Image.var_1445148748.jpg?fit=984%2C654&ssl=1&resize=525%2C300 1.5x, https:\/\/i0.wp.com\/mexicocodigorojo.com.mx\/wp-content\/uploads\/2022\/01\/esp_narcolaboratorios_Drupal-Main-Image.var_1445148748.jpg?fit=984%2C654&ssl=1&resize=700%2C400 2x"},"classes":[]},{"id":32812,"url":"https:\/\/mexicocodigorojo.com.mx\/?p=32812","url_meta":{"origin":54020,"position":5},"title":"Ser\u00e1 largo el proceso de extradici\u00f3n de Lozoya: embajador","author":"Staff","date":"febrero 13, 2020","format":false,"excerpt":"El embajador de Espa\u00f1a en M\u00e9xico, Juan L\u00f3pez-D\u00f3riga P\u00e9rez, precis\u00f3 que primero se tiene que desahogar un plazo de 45 d\u00edas para que las autoridades mexicanas realicen todos los tr\u00e1mites El proceso de extradici\u00f3n del exdirector de Pemex,\u00a0Emilio Lozoya, ser\u00e1 largo debido a la complejidad el caso, manifest\u00f3 el\u00a0embajador de\u2026","rel":"","context":"En \u00abInternacional\u00bb","block_context":{"text":"Internacional","link":"https:\/\/mexicocodigorojo.com.mx\/?cat=14"},"img":{"alt_text":"","src":"https:\/\/i0.wp.com\/mexicocodigorojo.com.mx\/wp-content\/uploads\/2020\/02\/2305715.jpg?fit=664%2C498&ssl=1&resize=350%2C200","width":350,"height":200,"srcset":"https:\/\/i0.wp.com\/mexicocodigorojo.com.mx\/wp-content\/uploads\/2020\/02\/2305715.jpg?fit=664%2C498&ssl=1&resize=350%2C200 1x, https:\/\/i0.wp.com\/mexicocodigorojo.com.mx\/wp-content\/uploads\/2020\/02\/2305715.jpg?fit=664%2C498&ssl=1&resize=525%2C300 1.5x"},"classes":[]}],"jetpack_sharing_enabled":true,"jetpack_likes_enabled":true,"jetpack_shortlink":"https:\/\/wp.me\/p9TedA-e3i","_links":{"self":[{"href":"https:\/\/mexicocodigorojo.com.mx\/index.php?rest_route=\/wp\/v2\/posts\/54020","targetHints":{"allow":["GET"]}}],"collection":[{"href":"https:\/\/mexicocodigorojo.com.mx\/index.php?rest_route=\/wp\/v2\/posts"}],"about":[{"href":"https:\/\/mexicocodigorojo.com.mx\/index.php?rest_route=\/wp\/v2\/types\/post"}],"author":[{"embeddable":true,"href":"https:\/\/mexicocodigorojo.com.mx\/index.php?rest_route=\/wp\/v2\/users\/21"}],"replies":[{"embeddable":true,"href":"https:\/\/mexicocodigorojo.com.mx\/index.php?rest_route=%2Fwp%2Fv2%2Fcomments&post=54020"}],"version-history":[{"count":1,"href":"https:\/\/mexicocodigorojo.com.mx\/index.php?rest_route=\/wp\/v2\/posts\/54020\/revisions"}],"predecessor-version":[{"id":54022,"href":"https:\/\/mexicocodigorojo.com.mx\/index.php?rest_route=\/wp\/v2\/posts\/54020\/revisions\/54022"}],"wp:featuredmedia":[{"embeddable":true,"href":"https:\/\/mexicocodigorojo.com.mx\/index.php?rest_route=\/wp\/v2\/media\/54021"}],"wp:attachment":[{"href":"https:\/\/mexicocodigorojo.com.mx\/index.php?rest_route=%2Fwp%2Fv2%2Fmedia&parent=54020"}],"wp:term":[{"taxonomy":"category","embeddable":true,"href":"https:\/\/mexicocodigorojo.com.mx\/index.php?rest_route=%2Fwp%2Fv2%2Fcategories&post=54020"},{"taxonomy":"post_tag","embeddable":true,"href":"https:\/\/mexicocodigorojo.com.mx\/index.php?rest_route=%2Fwp%2Fv2%2Ftags&post=54020"}],"curies":[{"name":"wp","href":"https:\/\/api.w.org\/{rel}","templated":true}]}}