{"id":54016,"date":"2022-09-12T16:49:51","date_gmt":"2022-09-12T21:49:51","guid":{"rendered":"https:\/\/mexicocodigorojo.com.mx\/?p=54016"},"modified":"2022-09-12T16:49:51","modified_gmt":"2022-09-12T21:49:51","slug":"corren-a-militares-de-arcelia","status":"publish","type":"post","link":"https:\/\/mexicocodigorojo.com.mx\/?p=54016","title":{"rendered":"Corren a militares de Arcelia"},"content":{"rendered":"<p>Transportistas, que bloquearon hasta la ma\u00f1ana de este domingo el acceso a la localidad de Arcelia,\u00a0<strong>corrieron a\u00a0elementos del\u00a0<\/strong><strong>Ej\u00e9rcito, quienes ten\u00edan un campamento en esta zona.<\/strong><\/p>\n<div id=\"Bloque_IN_SegundoTexto\">\n<p><strong>\u00abV\u00e1monos, ya, ya tuvieron muchas vacaciones, v\u00e1monos ya\u00bb,<\/strong>\u00a0le gritan unos individuos a los militares que van a bordo en tres camionetas, seg\u00fan consta en un video.<\/p>\n<p><strong>\u00abYa mucho que robaron en Arcelia, j\u00e1lenle para otro lado\u00bb<\/strong>, dijo otro de los transportistas.<\/p>\n<\/div>\n<div><\/div>\n<div>De acuerdo con fuentes en Arcelia, los militares habr\u00edan sido expulsados por presuntamente golpear a dos j\u00f3venes.<\/div>\n<div><\/div>\n<div>\n<p>Desde hace semanas,\u00a0<strong>efectivos del Ej\u00e9rcito instalaron un\u00a0<\/strong><strong>campamento en la entrada de Arcelia,<\/strong>\u00a0en las cercan\u00edas de las instalaciones del sistema de agua potable.\u00a0Este s\u00e1bado,\u00a0<strong>los transportistas se organizaron para cerrar el\u00a0<\/strong><strong>acceso a Arcelia.\u00a0<\/strong>Posteriormente se dirigieron hasta donde est\u00e1 el campamento de los militares y les exigieron que abandonaran la comunidad.<\/p>\n<p>Para no caer en una confrontaci\u00f3n, los militares decidieron recoger sus pertenencias personales y salieron de la comunidad entre gritos e insultos.<\/p>\n<p>Arcelia, en la regi\u00f3n de la Tierra Caliente, es uno de los municipios en\u00a0<strong>donde operan los hermanos Jhonny y Jos\u00e9 Alfredo Hurtado Oloscuaga,\u00a0<\/strong><strong>\u00abEl Pez\u00bb y \u00abLa Fresa\u00bb,\u00a0<\/strong>respectivamente.<\/p>\n<p>Aqu\u00ed, dicen los habitantes de Arcelia, nada se mueve si no es con la autorizaci\u00f3n de los dos hermanos quienes son dirigentes del grupo delictivo de la Familia Michoacana.<\/p>\n<\/div>\n<blockquote class=\"twitter-tweet\" data-width=\"550\" data-dnt=\"true\">\n<p lang=\"es\" dir=\"ltr\"><a href=\"https:\/\/twitter.com\/hashtag\/Arcelia?src=hash&amp;ref_src=twsrc%5Etfw\">#Arcelia<\/a> <a href=\"https:\/\/twitter.com\/hashtag\/Guerrero?src=hash&amp;ref_src=twsrc%5Etfw\">#Guerrero<\/a> La ciudadan\u00eda corri\u00f3 a militares, los se\u00f1alan que est\u00e1n coludidos con el crimen organizado <a href=\"https:\/\/t.co\/HCwzuYDQKa\">pic.twitter.com\/HCwzuYDQKa<\/a><\/p>\n<p>&mdash; M\u00e9xico C\u00f3digo Rojo (@MexicoRojo1) <a href=\"https:\/\/twitter.com\/MexicoRojo1\/status\/1569398440420941825?ref_src=twsrc%5Etfw\">September 12, 2022<\/a><\/p><\/blockquote>\n<p><script async src=\"https:\/\/platform.twitter.com\/widgets.js\" charset=\"utf-8\"><\/script><\/p>\n","protected":false},"excerpt":{"rendered":"<p>Transportistas, que bloquearon hasta la ma\u00f1ana de este domingo el acceso a la localidad de Arcelia,\u00a0corrieron a\u00a0elementos del\u00a0Ej\u00e9rcito, quienes ten\u00edan un campamento en esta zona. \u00abV\u00e1monos, ya, ya tuvieron muchas vacaciones, v\u00e1monos ya\u00bb,\u00a0le gritan unos individuos a los militares que van a bordo en tres camionetas, seg\u00fan consta en un video. \u00abYa mucho que robaron [&hellip;]<\/p>\n","protected":false},"author":5,"featured_media":54017,"comment_status":"closed","ping_status":"closed","sticky":false,"template":"","format":"standard","meta":{"_uf_show_specific_survey":0,"_uf_disable_surveys":false,"advanced_seo_description":"","jetpack_seo_html_title":"","jetpack_seo_noindex":false,"jetpack_post_was_ever_published":false,"_jetpack_newsletter_access":"","_jetpack_dont_email_post_to_subs":false,"_jetpack_newsletter_tier_id":0,"_jetpack_memberships_contains_paywalled_content":false,"_jetpack_memberships_contains_paid_content":false,"footnotes":"","jetpack_publicize_message":"#Guerrero | \"V\u00e1monos, ya, ya tuvieron muchas vacaciones, v\u00e1monos ya\",\u00a0le gritan unos individuos a los militares.\r\n\r\n#MexicoRojo #CdMx #reynosafollow #mtyfollow #saltillo #guadalajara #slp #verfollow #cdvictoria #EdoMex","jetpack_publicize_feature_enabled":true,"jetpack_social_post_already_shared":true,"jetpack_social_options":{"image_generator_settings":{"template":"highway","default_image_id":0,"font":"","enabled":false},"version":2}},"categories":[1724,26],"tags":[2173],"class_list":{"0":"post-54016","1":"post","2":"type-post","3":"status-publish","4":"format-standard","5":"has-post-thumbnail","7":"category-featured","8":"category-guerrero","9":"tag-narcotrafico-2"},"jetpack_publicize_connections":[],"jetpack_featured_media_url":"https:\/\/i0.wp.com\/mexicocodigorojo.com.mx\/wp-content\/uploads\/2022\/09\/MYbpv9Tn6M5S0laS.jpg?fit=424%2C232&ssl=1","jetpack-related-posts":[{"id":57280,"url":"https:\/\/mexicocodigorojo.com.mx\/?p=57280","url_meta":{"origin":54016,"position":0},"title":"Acorralan al Ej\u00e9rcito en Guerrero y destruyen instalaciones del MP","author":"Staff","date":"septiembre 20, 2023","format":false,"excerpt":"Elementos del\u00a0Ej\u00e9rcito\u00a0realizaron disparos al aire y al suelo para ahuyentar a un grupo de ciudadanos que los manten\u00edan retenidos en una calle del centro de\u00a0Arcelia, en\u00a0Tierra Caliente, Guerrero, luego que un joven muri\u00f3 tras ser atropellado por una patrulla militar. \"L\u00e1rguense\", \"no se acerquen\", grit\u00f3 un militar cuando varios hombres\u2026","rel":"","context":"En \u00abFeatured\u00bb","block_context":{"text":"Featured","link":"https:\/\/mexicocodigorojo.com.mx\/?cat=1724"},"img":{"alt_text":"","src":"https:\/\/i0.wp.com\/mexicocodigorojo.com.mx\/wp-content\/uploads\/2023\/09\/soldados-arcelia-guerrero-1.webp?fit=1200%2C800&ssl=1&resize=350%2C200","width":350,"height":200,"srcset":"https:\/\/i0.wp.com\/mexicocodigorojo.com.mx\/wp-content\/uploads\/2023\/09\/soldados-arcelia-guerrero-1.webp?fit=1200%2C800&ssl=1&resize=350%2C200 1x, https:\/\/i0.wp.com\/mexicocodigorojo.com.mx\/wp-content\/uploads\/2023\/09\/soldados-arcelia-guerrero-1.webp?fit=1200%2C800&ssl=1&resize=525%2C300 1.5x, https:\/\/i0.wp.com\/mexicocodigorojo.com.mx\/wp-content\/uploads\/2023\/09\/soldados-arcelia-guerrero-1.webp?fit=1200%2C800&ssl=1&resize=700%2C400 2x, https:\/\/i0.wp.com\/mexicocodigorojo.com.mx\/wp-content\/uploads\/2023\/09\/soldados-arcelia-guerrero-1.webp?fit=1200%2C800&ssl=1&resize=1050%2C600 3x"},"classes":[]},{"id":42143,"url":"https:\/\/mexicocodigorojo.com.mx\/?p=42143","url_meta":{"origin":54016,"position":1},"title":"Asesinan a dirigente de Morena en Guerrero","author":"Staff","date":"agosto 23, 2020","format":false,"excerpt":"En Guerrero fue asesinado Her\u00f3n Sarabia Mendoza, dirigente de Morena en Arcelia y excandidato a la citada alcald\u00eda En el estado de\u00a0Guerrero, fue\u00a0asesinado\u00a0el dirigente de\u00a0Morena\u00a0en\u00a0Arcelia\u00a0y excandidato a alcalde,\u00a0Her\u00f3n Sarabia Mendoza. Este asesinato ocurri\u00f3 en el municipio de\u00a0Tlapehuala, en la regi\u00f3n\u00a0Tierra Caliente del estado. El secretario general de Morena en Guerrero,\u00a0Marcial\u2026","rel":"","context":"En \u00abFeatured\u00bb","block_context":{"text":"Featured","link":"https:\/\/mexicocodigorojo.com.mx\/?cat=1724"},"img":{"alt_text":"","src":"https:\/\/i0.wp.com\/mexicocodigorojo.com.mx\/wp-content\/uploads\/2020\/08\/heron-sarabia-morena.jpg?fit=980%2C550&ssl=1&resize=350%2C200","width":350,"height":200,"srcset":"https:\/\/i0.wp.com\/mexicocodigorojo.com.mx\/wp-content\/uploads\/2020\/08\/heron-sarabia-morena.jpg?fit=980%2C550&ssl=1&resize=350%2C200 1x, https:\/\/i0.wp.com\/mexicocodigorojo.com.mx\/wp-content\/uploads\/2020\/08\/heron-sarabia-morena.jpg?fit=980%2C550&ssl=1&resize=525%2C300 1.5x, https:\/\/i0.wp.com\/mexicocodigorojo.com.mx\/wp-content\/uploads\/2020\/08\/heron-sarabia-morena.jpg?fit=980%2C550&ssl=1&resize=700%2C400 2x"},"classes":[]},{"id":54024,"url":"https:\/\/mexicocodigorojo.com.mx\/?p=54024","url_meta":{"origin":54016,"position":2},"title":"Participan narcos en desfile en Zir\u00e1ndaro, Guerrero","author":"MexicoRojoCvmx","date":"septiembre 13, 2022","format":false,"excerpt":"Guerrero, M\u00e9xico(12 septiembre 2022).- Hombres con vestimenta militar, luciendo armas de alto poder y a bordo de lujosas camionetas, as\u00ed como tambi\u00e9n montando caballos, participaron el domingo pasado en un desfile que se realiz\u00f3 en el Municipio de Zir\u00e1ndaro, en los l\u00edmites de Guerrero con Michoac\u00e1n. En esa regi\u00f3n de\u2026","rel":"","context":"En \u00abFeatured\u00bb","block_context":{"text":"Featured","link":"https:\/\/mexicocodigorojo.com.mx\/?cat=1724"},"img":{"alt_text":"","src":"https:\/\/i0.wp.com\/mexicocodigorojo.com.mx\/wp-content\/uploads\/2022\/09\/5331679.jpg?fit=960%2C640&ssl=1&resize=350%2C200","width":350,"height":200,"srcset":"https:\/\/i0.wp.com\/mexicocodigorojo.com.mx\/wp-content\/uploads\/2022\/09\/5331679.jpg?fit=960%2C640&ssl=1&resize=350%2C200 1x, https:\/\/i0.wp.com\/mexicocodigorojo.com.mx\/wp-content\/uploads\/2022\/09\/5331679.jpg?fit=960%2C640&ssl=1&resize=525%2C300 1.5x, https:\/\/i0.wp.com\/mexicocodigorojo.com.mx\/wp-content\/uploads\/2022\/09\/5331679.jpg?fit=960%2C640&ssl=1&resize=700%2C400 2x"},"classes":[]},{"id":7559,"url":"https:\/\/mexicocodigorojo.com.mx\/?p=7559","url_meta":{"origin":54016,"position":3},"title":"GUERRA EN LA SIERRA DE GUERRERO FM VS GG","author":"Staff","date":"octubre 29, 2018","format":false,"excerpt":"Guerrero.- Integrantes del grupo delictivo \u201cLa Familia Michoacana\u201d de Arcelia anunciaron la irrupci\u00f3n en la sierra del municipio de Petatl\u00e1n para confrontar al l\u00edder de la banda denominada Guardia Guerrerense (GG), Oliver \u201cEl Ruso\u201d Coria, quien controla esta emblem\u00e1tica plaza de la geograf\u00eda del narcotr\u00e1fico en la entidad. Reportes del\u2026","rel":"","context":"En \u00abGuerrero\u00bb","block_context":{"text":"Guerrero","link":"https:\/\/mexicocodigorojo.com.mx\/?cat=26"},"img":{"alt_text":"","src":"https:\/\/i0.wp.com\/mexicocodigorojo.com.mx\/wp-content\/uploads\/2018\/10\/44743043_2003024413091357_4622704834334687232_n.jpg?fit=572%2C357&ssl=1&resize=350%2C200","width":350,"height":200,"srcset":"https:\/\/i0.wp.com\/mexicocodigorojo.com.mx\/wp-content\/uploads\/2018\/10\/44743043_2003024413091357_4622704834334687232_n.jpg?fit=572%2C357&ssl=1&resize=350%2C200 1x, https:\/\/i0.wp.com\/mexicocodigorojo.com.mx\/wp-content\/uploads\/2018\/10\/44743043_2003024413091357_4622704834334687232_n.jpg?fit=572%2C357&ssl=1&resize=525%2C300 1.5x"},"classes":[]},{"id":7772,"url":"https:\/\/mexicocodigorojo.com.mx\/?p=7772","url_meta":{"origin":54016,"position":4},"title":"Grupo armado embosca a federales y asesina a un oficial en Guerrero","author":"Staff","date":"noviembre 1, 2018","format":false,"excerpt":"CHILPANCINGO, Gro. (apro).- Un oficial de la Polic\u00eda Federal (PF), sector Caminos, fue asesinado durante una emboscada realizada esta madrugada en el municipio de Petatl\u00e1n, regi\u00f3n de la Costa Grande. El agente federal victimado fue identificado como Alfonso L\u00f3pez Delgado y al menos tres patrullas de la corporaci\u00f3n resultaron da\u00f1adas\u2026","rel":"","context":"En \u00abGuerrero\u00bb","block_context":{"text":"Guerrero","link":"https:\/\/mexicocodigorojo.com.mx\/?cat=26"},"img":{"alt_text":"","src":"https:\/\/i0.wp.com\/mexicocodigorojo.com.mx\/wp-content\/uploads\/2018\/11\/ybQGHb8M.jpg?fit=640%2C569&ssl=1&resize=350%2C200","width":350,"height":200,"srcset":"https:\/\/i0.wp.com\/mexicocodigorojo.com.mx\/wp-content\/uploads\/2018\/11\/ybQGHb8M.jpg?fit=640%2C569&ssl=1&resize=350%2C200 1x, https:\/\/i0.wp.com\/mexicocodigorojo.com.mx\/wp-content\/uploads\/2018\/11\/ybQGHb8M.jpg?fit=640%2C569&ssl=1&resize=525%2C300 1.5x"},"classes":[]},{"id":26061,"url":"https:\/\/mexicocodigorojo.com.mx\/?p=26061","url_meta":{"origin":54016,"position":5},"title":"La disputa por Guerrero, una bomba  de tiempo","author":"Staff","date":"octubre 28, 2019","format":false,"excerpt":"La matanza de Tepochica, Iguala, es la prueba m\u00e1s reciente de que el estado de Guerrero est\u00e1 caliente y puede empeorar. Las autoridades han detectado el surgimiento de 19 grupos de autodefensa y la pugna que 18 organizaciones criminales mantienen por el control de la zona amapolera del estado, la\u2026","rel":"","context":"En \u00abGuerrero\u00bb","block_context":{"text":"Guerrero","link":"https:\/\/mexicocodigorojo.com.mx\/?cat=26"},"img":{"alt_text":"","src":"https:\/\/i0.wp.com\/mexicocodigorojo.com.mx\/wp-content\/uploads\/2019\/10\/Tepochica.-Reguero-de-sangre.-Foto-Jos%C3%A9-Luis-de-la-Cruz-870x522.jpg?fit=870%2C522&ssl=1&resize=350%2C200","width":350,"height":200,"srcset":"https:\/\/i0.wp.com\/mexicocodigorojo.com.mx\/wp-content\/uploads\/2019\/10\/Tepochica.-Reguero-de-sangre.-Foto-Jos%C3%A9-Luis-de-la-Cruz-870x522.jpg?fit=870%2C522&ssl=1&resize=350%2C200 1x, https:\/\/i0.wp.com\/mexicocodigorojo.com.mx\/wp-content\/uploads\/2019\/10\/Tepochica.-Reguero-de-sangre.-Foto-Jos%C3%A9-Luis-de-la-Cruz-870x522.jpg?fit=870%2C522&ssl=1&resize=525%2C300 1.5x, https:\/\/i0.wp.com\/mexicocodigorojo.com.mx\/wp-content\/uploads\/2019\/10\/Tepochica.-Reguero-de-sangre.-Foto-Jos%C3%A9-Luis-de-la-Cruz-870x522.jpg?fit=870%2C522&ssl=1&resize=700%2C400 2x"},"classes":[]}],"jetpack_sharing_enabled":true,"jetpack_likes_enabled":true,"jetpack_shortlink":"https:\/\/wp.me\/p9TedA-e3e","_links":{"self":[{"href":"https:\/\/mexicocodigorojo.com.mx\/index.php?rest_route=\/wp\/v2\/posts\/54016","targetHints":{"allow":["GET"]}}],"collection":[{"href":"https:\/\/mexicocodigorojo.com.mx\/index.php?rest_route=\/wp\/v2\/posts"}],"about":[{"href":"https:\/\/mexicocodigorojo.com.mx\/index.php?rest_route=\/wp\/v2\/types\/post"}],"author":[{"embeddable":true,"href":"https:\/\/mexicocodigorojo.com.mx\/index.php?rest_route=\/wp\/v2\/users\/5"}],"replies":[{"embeddable":true,"href":"https:\/\/mexicocodigorojo.com.mx\/index.php?rest_route=%2Fwp%2Fv2%2Fcomments&post=54016"}],"version-history":[{"count":1,"href":"https:\/\/mexicocodigorojo.com.mx\/index.php?rest_route=\/wp\/v2\/posts\/54016\/revisions"}],"predecessor-version":[{"id":54018,"href":"https:\/\/mexicocodigorojo.com.mx\/index.php?rest_route=\/wp\/v2\/posts\/54016\/revisions\/54018"}],"wp:featuredmedia":[{"embeddable":true,"href":"https:\/\/mexicocodigorojo.com.mx\/index.php?rest_route=\/wp\/v2\/media\/54017"}],"wp:attachment":[{"href":"https:\/\/mexicocodigorojo.com.mx\/index.php?rest_route=%2Fwp%2Fv2%2Fmedia&parent=54016"}],"wp:term":[{"taxonomy":"category","embeddable":true,"href":"https:\/\/mexicocodigorojo.com.mx\/index.php?rest_route=%2Fwp%2Fv2%2Fcategories&post=54016"},{"taxonomy":"post_tag","embeddable":true,"href":"https:\/\/mexicocodigorojo.com.mx\/index.php?rest_route=%2Fwp%2Fv2%2Ftags&post=54016"}],"curies":[{"name":"wp","href":"https:\/\/api.w.org\/{rel}","templated":true}]}}