{"id":54012,"date":"2022-09-12T16:41:29","date_gmt":"2022-09-12T21:41:29","guid":{"rendered":"https:\/\/mexicocodigorojo.com.mx\/?p=54012"},"modified":"2022-09-12T16:41:29","modified_gmt":"2022-09-12T21:41:29","slug":"conceden-prision-domiciliaria-a-felix-gallardo","status":"publish","type":"post","link":"https:\/\/mexicocodigorojo.com.mx\/?p=54012","title":{"rendered":"Conceden prisi\u00f3n domiciliaria a F\u00e9lix Gallardo"},"content":{"rendered":"<p>Un juez de Distrito concedi\u00f3 la\u00a0<strong>prisi\u00f3n domiciliaria<\/strong>\u00a0a\u00a0<strong>Miguel \u00c1ngel Feliz Gallardo<\/strong>, fundador del C\u00e1rtel de Guadalajara.<\/p>\n<p>Se prev\u00e9 que sea este martes cuando el llamado \u2018<strong>Jefe de Jefes<\/strong>\u2018 salga del\u00a0<strong>penal de Puente Grande<\/strong>, Jalisco.<\/p>\n<p>En 2017 un juzgado en Jalisco sentenci\u00f3 a 37 a\u00f1os de c\u00e1rcel a F\u00e9lix Gallardo por el delito de\u00a0<strong>homicidio calificado<\/strong>\u00a0contra el agente de la DEA,\u00a0<strong>Enrique \u2018Kiki\u2019 Camarena<\/strong>.<\/p>\n<p>Lee tambi\u00e9n: <a href=\"https:\/\/mexicocodigorojo.com.mx\/?p=53515\" target=\"_blank\" rel=\"noopener\">Bartlett, Caro Quintero, F\u00e9lix Gallardo y militares en un cuarto de hotel<\/a><\/p>\n<p>Tambi\u00e9n se le orden\u00f3 pagar 20 millones 810 mil pesos a familiares de Camarena y del piloto Alfredo Zavala Avelar como reparaci\u00f3n del da\u00f1o por su asesinato.<\/p>\n<p>En\u00a0agosto de 2021\u00a0el presidente\u00a0<strong>Andr\u00e9s Manuel L\u00f3pez Obrador<\/strong>\u00a0asegur\u00f3 que si se justifica no se opondr\u00eda a una posible\u00a0<strong>amnist\u00eda<\/strong>\u00a0a\u00a0<strong>F\u00e9lix Gallardo<\/strong>\u00a0debido a su avanzada edad y a las enfermedades que padece.<\/p>\n<p>En\u00a0entrevista\u00a0para\u00a0<strong>Telemundo<\/strong>, F\u00e9lix Gallardo dijo estar pr\u00e1cticamente \u201csin pron\u00f3stico de vida\u201d ante diversos problemas de salud.<\/p>\n<p>\u201cMi salud es p\u00e9sima, mi familia est\u00e1 haciendo un hoyo para yo ser enterrado en un \u00e1rbol\u201d, asegur\u00f3 el \u2018Jefe de Jefes\u2019 desde la zona de m\u00e1xima seguridad del\u00a0<strong>penal de Puente Grande<\/strong>.<\/p>\n<p>El narcotraficante asegur\u00f3 estar ciego de un ojo, sordo, con neumon\u00eda y solamente puede ser trasladado por medio de una silla de ruedas, en la que tambi\u00e9n tiene que trasladar un tanque de ox\u00edgeno.<\/p>\n","protected":false},"excerpt":{"rendered":"<p>Un juez de Distrito concedi\u00f3 la\u00a0prisi\u00f3n domiciliaria\u00a0a\u00a0Miguel \u00c1ngel Feliz Gallardo, fundador del C\u00e1rtel de Guadalajara. Se prev\u00e9 que sea este martes cuando el llamado \u2018Jefe de Jefes\u2018 salga del\u00a0penal de Puente Grande, Jalisco. En 2017 un juzgado en Jalisco sentenci\u00f3 a 37 a\u00f1os de c\u00e1rcel a F\u00e9lix Gallardo por el delito de\u00a0homicidio calificado\u00a0contra el agente [&hellip;]<\/p>\n","protected":false},"author":5,"featured_media":54014,"comment_status":"closed","ping_status":"closed","sticky":false,"template":"","format":"standard","meta":{"_uf_show_specific_survey":0,"_uf_disable_surveys":false,"advanced_seo_description":"","jetpack_seo_html_title":"","jetpack_seo_noindex":false,"jetpack_post_was_ever_published":false,"_jetpack_newsletter_access":"","_jetpack_dont_email_post_to_subs":false,"_jetpack_newsletter_tier_id":0,"_jetpack_memberships_contains_paywalled_content":false,"_jetpack_memberships_contains_paid_content":false,"footnotes":"","jetpack_publicize_message":"Miguel \u00c1ngel F\u00e9lix Gallardo, fundador del C\u00e1rtel de Guadalajara, obtuvo la prisi\u00f3n domiciliaria, con lo que podr\u00e1 salir del penal de Puente Grande","jetpack_publicize_feature_enabled":true,"jetpack_social_post_already_shared":true,"jetpack_social_options":{"image_generator_settings":{"template":"highway","default_image_id":0,"font":"","enabled":false},"version":2}},"categories":[101,1724],"tags":[2173],"class_list":{"0":"post-54012","1":"post","2":"type-post","3":"status-publish","4":"format-standard","5":"has-post-thumbnail","7":"category-ciudad-de-mexico","8":"category-featured","9":"tag-narcotrafico-2"},"jetpack_publicize_connections":[],"jetpack_featured_media_url":"https:\/\/i0.wp.com\/mexicocodigorojo.com.mx\/wp-content\/uploads\/2022\/09\/felix-gallardo.webp?fit=891%2C519&ssl=1","jetpack-related-posts":[{"id":24187,"url":"https:\/\/mexicocodigorojo.com.mx\/?p=24187","url_meta":{"origin":54012,"position":0},"title":"Miguel \u00c1ngel F\u00e9lix Gallardo pide saber si cumplir\u00e1 condena en prisi\u00f3n","author":"Staff","date":"septiembre 25, 2019","format":false,"excerpt":"M\u00e1s de 28 a\u00f1os despu\u00e9s de haber sido detenido, Miguel \u00c1ngel F\u00e9lix Gallardo\u00a0fue condenado a 37 a\u00f1os de prisi\u00f3n en agosto de 2017; ahora un juez deber\u00e1 resolver un amparo pendiente con respecto a esa sentencia Guadalajara, Jalisco.-\u00a0Miguel \u00c1ngel F\u00e9lix Gallardo, exfundador\u00a0del extinto\u00a0C\u00e1rtel de Guadalajara, interno en el penal de\u00a0Puente\u2026","rel":"","context":"En \u00abJalisco\u00bb","block_context":{"text":"Jalisco","link":"https:\/\/mexicocodigorojo.com.mx\/?cat=8"},"img":{"alt_text":"","src":"https:\/\/i0.wp.com\/mexicocodigorojo.com.mx\/wp-content\/uploads\/2019\/09\/1_22-1.jpg_112278454-1.jpg?fit=1069%2C563&ssl=1&resize=350%2C200","width":350,"height":200,"srcset":"https:\/\/i0.wp.com\/mexicocodigorojo.com.mx\/wp-content\/uploads\/2019\/09\/1_22-1.jpg_112278454-1.jpg?fit=1069%2C563&ssl=1&resize=350%2C200 1x, https:\/\/i0.wp.com\/mexicocodigorojo.com.mx\/wp-content\/uploads\/2019\/09\/1_22-1.jpg_112278454-1.jpg?fit=1069%2C563&ssl=1&resize=525%2C300 1.5x, https:\/\/i0.wp.com\/mexicocodigorojo.com.mx\/wp-content\/uploads\/2019\/09\/1_22-1.jpg_112278454-1.jpg?fit=1069%2C563&ssl=1&resize=700%2C400 2x, https:\/\/i0.wp.com\/mexicocodigorojo.com.mx\/wp-content\/uploads\/2019\/09\/1_22-1.jpg_112278454-1.jpg?fit=1069%2C563&ssl=1&resize=1050%2C600 3x"},"classes":[]},{"id":20713,"url":"https:\/\/mexicocodigorojo.com.mx\/?p=20713","url_meta":{"origin":54012,"position":1},"title":"Caro Quintero, \u00abDon Neto\u00bb y F\u00e9lix Gallardo","author":"Staff","date":"julio 28, 2019","format":false,"excerpt":"Fueron socios fundadores del Cartel de Guadalajara y, adem\u00e1s de los negocios,\u00a0compart\u00edan muchas cosas Guadalajara, Jal.- En los 80, Rafael Caro Quintero, Ernesto Fonseca \u201cDon Neto\u201d y Miguel \u00c1ngel F\u00e9lix Gallardo ganaron notoriedad como socios fundadores de uno de los primeros carteles de la droga surgidos en M\u00e9xico, el de\u2026","rel":"","context":"En \u00abJalisco\u00bb","block_context":{"text":"Jalisco","link":"https:\/\/mexicocodigorojo.com.mx\/?cat=8"},"img":{"alt_text":"","src":"https:\/\/i0.wp.com\/mexicocodigorojo.com.mx\/wp-content\/uploads\/2019\/07\/el_unicamarena.jpg_219914347.jpg?fit=960%2C540&ssl=1&resize=350%2C200","width":350,"height":200,"srcset":"https:\/\/i0.wp.com\/mexicocodigorojo.com.mx\/wp-content\/uploads\/2019\/07\/el_unicamarena.jpg_219914347.jpg?fit=960%2C540&ssl=1&resize=350%2C200 1x, https:\/\/i0.wp.com\/mexicocodigorojo.com.mx\/wp-content\/uploads\/2019\/07\/el_unicamarena.jpg_219914347.jpg?fit=960%2C540&ssl=1&resize=525%2C300 1.5x, https:\/\/i0.wp.com\/mexicocodigorojo.com.mx\/wp-content\/uploads\/2019\/07\/el_unicamarena.jpg_219914347.jpg?fit=960%2C540&ssl=1&resize=700%2C400 2x"},"classes":[]},{"id":50471,"url":"https:\/\/mexicocodigorojo.com.mx\/?p=50471","url_meta":{"origin":54012,"position":2},"title":"Confidencial: AMLO planea liberar al capo Miguel F\u00e9lix, el Jefe de Jefes","author":"MexicoRojoCvmx","date":"julio 29, 2021","format":false,"excerpt":"M\u00e9xico.- Informaci\u00f3n preliminar revela que el decreto del Presidente Andr\u00e9s Manuel L\u00f3pez Obrador para liberar presos tiene como finalidad otorgar amnist\u00eda a Miguel \u00c1ngel F\u00e9lix Gallardo, l\u00edder y fundador del legendario C\u00e1rtel de Guadalajara, y a quien la DEA busca por el asesinato de su agente, Enrique Camarena Salazar. F\u00e9lix\u2026","rel":"","context":"En \u00abCiudad de M\u00e9xico\u00bb","block_context":{"text":"Ciudad de M\u00e9xico","link":"https:\/\/mexicocodigorojo.com.mx\/?cat=101"},"img":{"alt_text":"","src":"https:\/\/i0.wp.com\/mexicocodigorojo.com.mx\/wp-content\/uploads\/2021\/07\/Sentencian-a-Miguel-Angel-Gallardo.jpg?fit=960%2C599&ssl=1&resize=350%2C200","width":350,"height":200,"srcset":"https:\/\/i0.wp.com\/mexicocodigorojo.com.mx\/wp-content\/uploads\/2021\/07\/Sentencian-a-Miguel-Angel-Gallardo.jpg?fit=960%2C599&ssl=1&resize=350%2C200 1x, https:\/\/i0.wp.com\/mexicocodigorojo.com.mx\/wp-content\/uploads\/2021\/07\/Sentencian-a-Miguel-Angel-Gallardo.jpg?fit=960%2C599&ssl=1&resize=525%2C300 1.5x, https:\/\/i0.wp.com\/mexicocodigorojo.com.mx\/wp-content\/uploads\/2021\/07\/Sentencian-a-Miguel-Angel-Gallardo.jpg?fit=960%2C599&ssl=1&resize=700%2C400 2x"},"classes":[]},{"id":2453,"url":"https:\/\/mexicocodigorojo.com.mx\/?p=2453","url_meta":{"origin":54012,"position":3},"title":"El Jefe de Jefes: la historia de Miguel \u00c1ngel F\u00e9lix Gallardo, el zar de la coca\u00edna","author":"Staff","date":"septiembre 9, 2018","format":false,"excerpt":"La historia sobre los cabecillas del crimen organizado es muy extensa y en ocasiones algunos destacan m\u00e1s que otros por sus haza\u00f1as. Uno de los ejemplos que m\u00e1s llam\u00f3 la atenci\u00f3n es el del zar de la coca\u00edna, Miguel \u00c1ngel F\u00e9lix Gallardo. La historia de Miguel \u00c1ngel F\u00e9lix Gallardo, tambi\u00e9n\u2026","rel":"","context":"En \u00abFeatured\u00bb","block_context":{"text":"Featured","link":"https:\/\/mexicocodigorojo.com.mx\/?cat=1724"},"img":{"alt_text":"","src":"https:\/\/i0.wp.com\/mexicocodigorojo.com.mx\/wp-content\/uploads\/2018\/09\/a-31-400x224.jpg?resize=350%2C200&ssl=1","width":350,"height":200},"classes":[]},{"id":20679,"url":"https:\/\/mexicocodigorojo.com.mx\/?p=20679","url_meta":{"origin":54012,"position":4},"title":"As\u00ed fue la captura de Miguel \u00c1ngel F\u00e9lix Gallardo","author":"Staff","date":"julio 28, 2019","format":false,"excerpt":"Hasta el d\u00eda de hoy existen muchas dudas sobre la captura de Miguel \u00c1ngel F\u00e9lix Gallardo, quien fuera fundador del C\u00e1rtel de Guadalajara. Guillermo Gonz\u00e1lez Calderoni\u00a0quien fuera el encargado de perseguir y capturar a\u00a0Miguel \u00c1ngel F\u00e9lix Gallardo, mejor conocido como \"El jefe de jefes\", revel\u00f3 varios detalles que muchos desconoc\u00edamos\u2026","rel":"","context":"En \u00abJalisco\u00bb","block_context":{"text":"Jalisco","link":"https:\/\/mexicocodigorojo.com.mx\/?cat=8"},"img":{"alt_text":"","src":"https:\/\/i0.wp.com\/mexicocodigorojo.com.mx\/wp-content\/uploads\/2019\/07\/b3dbce2b-4934-486c-be1a-b3d6382cdf08.jpg?fit=623%2C345&ssl=1&resize=350%2C200","width":350,"height":200,"srcset":"https:\/\/i0.wp.com\/mexicocodigorojo.com.mx\/wp-content\/uploads\/2019\/07\/b3dbce2b-4934-486c-be1a-b3d6382cdf08.jpg?fit=623%2C345&ssl=1&resize=350%2C200 1x, https:\/\/i0.wp.com\/mexicocodigorojo.com.mx\/wp-content\/uploads\/2019\/07\/b3dbce2b-4934-486c-be1a-b3d6382cdf08.jpg?fit=623%2C345&ssl=1&resize=525%2C300 1.5x"},"classes":[]},{"id":7046,"url":"https:\/\/mexicocodigorojo.com.mx\/?p=7046","url_meta":{"origin":54012,"position":5},"title":"\u00abEL GUERO PALMA\u00bb CAPO NARCO QUE VENGO LA TRAGICA MUERTE DE SU FAMILIA","author":"Staff","date":"octubre 23, 2018","format":false,"excerpt":"\"EL GUERO PALMA\" CAPO NARCO QUE VENGO LA TRAGICA MUERTE DE SU FAMILIA Nacido en Noria de Abajo, en Mocorito, Sinaloa, H\u00e9ctor Luis Palma Salazar, mejor conocido como \"El G\u00fcero\" Palma, tuvo, como la mayor\u00eda de los capos del narcotr\u00e1fico, una infancia llena de pobreza. Con s\u00f3lo la educaci\u00f3n primaria\u2026","rel":"","context":"En \u00abInternacional\u00bb","block_context":{"text":"Internacional","link":"https:\/\/mexicocodigorojo.com.mx\/?cat=14"},"img":{"alt_text":"","src":"","width":0,"height":0},"classes":[]}],"jetpack_sharing_enabled":true,"jetpack_likes_enabled":true,"jetpack_shortlink":"https:\/\/wp.me\/p9TedA-e3a","_links":{"self":[{"href":"https:\/\/mexicocodigorojo.com.mx\/index.php?rest_route=\/wp\/v2\/posts\/54012","targetHints":{"allow":["GET"]}}],"collection":[{"href":"https:\/\/mexicocodigorojo.com.mx\/index.php?rest_route=\/wp\/v2\/posts"}],"about":[{"href":"https:\/\/mexicocodigorojo.com.mx\/index.php?rest_route=\/wp\/v2\/types\/post"}],"author":[{"embeddable":true,"href":"https:\/\/mexicocodigorojo.com.mx\/index.php?rest_route=\/wp\/v2\/users\/5"}],"replies":[{"embeddable":true,"href":"https:\/\/mexicocodigorojo.com.mx\/index.php?rest_route=%2Fwp%2Fv2%2Fcomments&post=54012"}],"version-history":[{"count":1,"href":"https:\/\/mexicocodigorojo.com.mx\/index.php?rest_route=\/wp\/v2\/posts\/54012\/revisions"}],"predecessor-version":[{"id":54015,"href":"https:\/\/mexicocodigorojo.com.mx\/index.php?rest_route=\/wp\/v2\/posts\/54012\/revisions\/54015"}],"wp:featuredmedia":[{"embeddable":true,"href":"https:\/\/mexicocodigorojo.com.mx\/index.php?rest_route=\/wp\/v2\/media\/54014"}],"wp:attachment":[{"href":"https:\/\/mexicocodigorojo.com.mx\/index.php?rest_route=%2Fwp%2Fv2%2Fmedia&parent=54012"}],"wp:term":[{"taxonomy":"category","embeddable":true,"href":"https:\/\/mexicocodigorojo.com.mx\/index.php?rest_route=%2Fwp%2Fv2%2Fcategories&post=54012"},{"taxonomy":"post_tag","embeddable":true,"href":"https:\/\/mexicocodigorojo.com.mx\/index.php?rest_route=%2Fwp%2Fv2%2Ftags&post=54012"}],"curies":[{"name":"wp","href":"https:\/\/api.w.org\/{rel}","templated":true}]}}