{"id":54009,"date":"2022-09-12T15:02:43","date_gmt":"2022-09-12T20:02:43","guid":{"rendered":"https:\/\/mexicocodigorojo.com.mx\/?p=54009"},"modified":"2022-09-12T15:02:43","modified_gmt":"2022-09-12T20:02:43","slug":"amlo-envia-a-marcelo-ebrard-a-funeral-de-la-reina-isabel-ii","status":"publish","type":"post","link":"https:\/\/mexicocodigorojo.com.mx\/?p=54009","title":{"rendered":"AMLO env\u00eda a Marcelo Ebrard a funeral de la reina Isabel II"},"content":{"rendered":"<p>El presidente\u00a0<strong>Andr\u00e9s Manuel L\u00f3pez Obrador\u00a0<\/strong>inform\u00f3 este lunes que no asistir\u00e1 a los funerales de la\u00a0<strong>reina Isabel II\u00a0<\/strong>y en su representaci\u00f3n acudir\u00e1\u00a0<strong>Marcelo Ebrard<\/strong>, titular de la Secretar\u00eda de Relaciones Exteriores (SRE).<\/p>\n<p>En su conferencia\u00a0<strong>ma\u00f1anera de este lunes<\/strong>\u00a0en Palacio Nacional, L\u00f3pez Obrador record\u00f3 que el pasado 8 de septiembre, cuando falleci\u00f3 la reina, envi\u00f3 sus condolencias a los pueblos del Reino Unido, a sus familiares y amigos.<\/p>\n<div id=\"taboola-mid-article-thumbnail\" class=\"trc_related_container trc_spotlight_widget trc_elastic trc_elastic_thumbnails-md1\" data-placement-name=\"Mid Article Thumbnail\">\n<div class=\"trc_rbox_container\">\n<div id=\"trc_wrapper_86673\" class=\"trc_rbox thumbnails-md1 trc-content-sponsored \">\n<div id=\"trc_header_86673\" class=\"trc_rbox_header trc_rbox_border_elm\">\n<div class=\"trc_header_ext\">\n<p>Se\u00f1al\u00f3 que en su momento enviar\u00e1 sus deseos de \u00e9xito al nuevo\u00a0<strong>rey Carlos III<\/strong>.<\/p>\n<p>\u201cVa a estar en la representaci\u00f3n del gobierno de M\u00e9xico el secretario de Relaciones Exteriores. Ya enviamos nuestro p\u00e9same y en su momento vamos a enviar, pues nuestra aceptaci\u00f3n y deseo de \u00e9xito al nuevo jefe de Estado, al rey, cuando corresponda, pero tengo entendido que primero son funerales y va a llevar tiempo el proceso para la coronaci\u00f3n.<\/p>\n<p>\u201cYa recibimos la invitaci\u00f3n para asistir a los funerales de la reina y he decidido que nos represente el secretario de Relaciones Exteriores, Marcelo Ebrard\u201d, indic\u00f3.<\/p>\n<div>\n<div id=\"dfp-ad-eluniversal_com_mx_responsive_box_interarticle_2-wrapper\" class=\"dfp-tag-wrapperNew\">\n<div id=\"div-gpt-ad-8896524-2\" class=\"dfp-tag-wrapperNew\" data-google-query-id=\"CPL61o2FkPoCFSKRAAAdxIEB4A\">\n<div id=\"google_ads_iframe_159310525\/eluniversal.com.mx\/Responsive_Box_Interarticle_2_0__container__\">\n<p>L\u00f3pez Obrador se\u00f1al\u00f3 que el canciller Marcelo Ebrard fue a la embajada del Reino Unido a firmar el libro de condolencias y que ahora viajar\u00e1 a ese pa\u00eds para representar a M\u00e9xico en los funerales de la monarca.<\/p>\n<p>\u201cEs muy probable que haya sido de las primeras condolencias; fue en Twitter y en Face (Facebook) y el secretario de Relaciones exterior fue a la embajada y firm\u00f3 el libro de condolencias y ahora va a representarnos\u201d, explic\u00f3.<\/p>\n<blockquote class=\"twitter-tweet\" data-width=\"550\" data-dnt=\"true\">\n<p lang=\"es\" dir=\"ltr\">Asist\u00ed a la Embajada de Reino Unido a expresar las condolencias de M\u00e9xico por el sensible deceso de Su Majestad la  Reina Isabel II . Record\u00e9 su visita de 1975 y desde luego ,su relevante presencia en el escenario internacional de las ultimas siete d\u00e9cadas . Descanse en paz . <a href=\"https:\/\/t.co\/SUsVUeZx3A\">pic.twitter.com\/SUsVUeZx3A<\/a><\/p>\n<p>&mdash; Marcelo Ebrard C. (@m_ebrard) <a href=\"https:\/\/twitter.com\/m_ebrard\/status\/1568753188819595265?ref_src=twsrc%5Etfw\">September 11, 2022<\/a><\/p><\/blockquote>\n<p><script async src=\"https:\/\/platform.twitter.com\/widgets.js\" charset=\"utf-8\"><\/script><\/p>\n<\/div>\n<\/div>\n<\/div>\n<\/div>\n<\/div>\n<\/div>\n<\/div>\n<\/div>\n<\/div>\n","protected":false},"excerpt":{"rendered":"<p>El presidente\u00a0Andr\u00e9s Manuel L\u00f3pez Obrador\u00a0inform\u00f3 este lunes que no asistir\u00e1 a los funerales de la\u00a0reina Isabel II\u00a0y en su representaci\u00f3n acudir\u00e1\u00a0Marcelo Ebrard, titular de la Secretar\u00eda de Relaciones Exteriores (SRE). En su conferencia\u00a0ma\u00f1anera de este lunes\u00a0en Palacio Nacional, L\u00f3pez Obrador record\u00f3 que el pasado 8 de septiembre, cuando falleci\u00f3 la reina, envi\u00f3 sus condolencias a [&hellip;]<\/p>\n","protected":false},"author":5,"featured_media":54010,"comment_status":"closed","ping_status":"closed","sticky":false,"template":"","format":"standard","meta":{"_uf_show_specific_survey":0,"_uf_disable_surveys":false,"advanced_seo_description":"","jetpack_seo_html_title":"","jetpack_seo_noindex":false,"jetpack_post_was_ever_published":false,"_jetpack_newsletter_access":"","_jetpack_dont_email_post_to_subs":false,"_jetpack_newsletter_tier_id":0,"_jetpack_memberships_contains_paywalled_content":false,"_jetpack_memberships_contains_paid_content":false,"footnotes":"","jetpack_publicize_message":"\"Ya enviamos nuestro p\u00e9same y en su momento vamos a enviar, pues nuestra aceptaci\u00f3n y deseo de \u00e9xito al nuevo jefe de Estado, al rey, cuando corresponda\", dijo L\u00f3pez Obrador","jetpack_publicize_feature_enabled":true,"jetpack_social_post_already_shared":true,"jetpack_social_options":{"image_generator_settings":{"template":"highway","default_image_id":0,"font":"","enabled":false},"version":2}},"categories":[101,1724],"tags":[2227],"class_list":{"0":"post-54009","1":"post","2":"type-post","3":"status-publish","4":"format-standard","5":"has-post-thumbnail","7":"category-ciudad-de-mexico","8":"category-featured","9":"tag-isabel-ii"},"jetpack_publicize_connections":[],"jetpack_featured_media_url":"https:\/\/i0.wp.com\/mexicocodigorojo.com.mx\/wp-content\/uploads\/2022\/09\/ebrard_reina_isabel.webp?fit=1201%2C740&ssl=1","jetpack-related-posts":[{"id":29131,"url":"https:\/\/mexicocodigorojo.com.mx\/?p=29131","url_meta":{"origin":54009,"position":0},"title":"Renuncia el Embajador Ricardo Valero","author":"Staff","date":"diciembre 23, 2019","format":false,"excerpt":"Andr\u00e9s Manuel L\u00f3pez Obrador afirm\u00f3 este lunes que \"es muy lamentable\" la renuncia de Ricardo Valero, Embajador de M\u00e9xico en Argentina El presidente\u00a0Andr\u00e9s Manuel L\u00f3pez Obrador\u00a0afirm\u00f3 que \u201ces muy lamentable\u201d\u00a0la renuncia de\u00a0Ricardo Valero, Embajador de M\u00e9xico en Argentina. \u201cEs muy lamentable este caso, y yo dir\u00eda que hasta doloroso.\u00a0Yo le\u2026","rel":"","context":"En \u00abFeatured\u00bb","block_context":{"text":"Featured","link":"https:\/\/mexicocodigorojo.com.mx\/?cat=1724"},"img":{"alt_text":"","src":"https:\/\/i0.wp.com\/mexicocodigorojo.com.mx\/wp-content\/uploads\/2019\/12\/embajador-argentina-valero.jpg?fit=980%2C550&ssl=1&resize=350%2C200","width":350,"height":200,"srcset":"https:\/\/i0.wp.com\/mexicocodigorojo.com.mx\/wp-content\/uploads\/2019\/12\/embajador-argentina-valero.jpg?fit=980%2C550&ssl=1&resize=350%2C200 1x, https:\/\/i0.wp.com\/mexicocodigorojo.com.mx\/wp-content\/uploads\/2019\/12\/embajador-argentina-valero.jpg?fit=980%2C550&ssl=1&resize=525%2C300 1.5x, https:\/\/i0.wp.com\/mexicocodigorojo.com.mx\/wp-content\/uploads\/2019\/12\/embajador-argentina-valero.jpg?fit=980%2C550&ssl=1&resize=700%2C400 2x"},"classes":[]},{"id":23327,"url":"https:\/\/mexicocodigorojo.com.mx\/?p=23327","url_meta":{"origin":54009,"position":1},"title":"M\u00e9xico no es ni aceptar\u00e1 ser tercer pa\u00eds seguro: Marcelo Ebrard","author":"Staff","date":"septiembre 9, 2019","format":false,"excerpt":"Marcelo Ebrard indic\u00f3 por medio de Twitter que a pesar de las presiones de EE.UU., \"M\u00e9xico no es ni aceptar\u00e1 ser tercer pa\u00eds seguro\" El secretario de Relaciones Exteriores,\u00a0Marcelo Ebrard, asegur\u00f3 que M\u00e9xico no aceptar\u00e1 ser un\u00a0tercer pa\u00eds seguro, en respuesta a las declaraciones de\u00a0Mark Morgan, comisionado interino de Aduanas\u2026","rel":"","context":"En \u00abCiudad de M\u00e9xico\u00bb","block_context":{"text":"Ciudad de M\u00e9xico","link":"https:\/\/mexicocodigorojo.com.mx\/?cat=101"},"img":{"alt_text":"","src":"https:\/\/i0.wp.com\/mexicocodigorojo.com.mx\/wp-content\/uploads\/2019\/09\/migrantes-afuera-de-estacion-siglo-xxi-de-chiapas.jpg?fit=980%2C550&ssl=1&resize=350%2C200","width":350,"height":200,"srcset":"https:\/\/i0.wp.com\/mexicocodigorojo.com.mx\/wp-content\/uploads\/2019\/09\/migrantes-afuera-de-estacion-siglo-xxi-de-chiapas.jpg?fit=980%2C550&ssl=1&resize=350%2C200 1x, https:\/\/i0.wp.com\/mexicocodigorojo.com.mx\/wp-content\/uploads\/2019\/09\/migrantes-afuera-de-estacion-siglo-xxi-de-chiapas.jpg?fit=980%2C550&ssl=1&resize=525%2C300 1.5x, https:\/\/i0.wp.com\/mexicocodigorojo.com.mx\/wp-content\/uploads\/2019\/09\/migrantes-afuera-de-estacion-siglo-xxi-de-chiapas.jpg?fit=980%2C550&ssl=1&resize=700%2C400 2x"},"classes":[]},{"id":6345,"url":"https:\/\/mexicocodigorojo.com.mx\/?p=6345","url_meta":{"origin":54009,"position":2},"title":"Pompeo se reunir\u00e1 en M\u00e9xico con Pe\u00f1a y Ebrard; seguridad y migraci\u00f3n ilegal, entre los temas","author":"Staff","date":"octubre 17, 2018","format":false,"excerpt":"WASHINGTON\u00a0 \u2013 Mike Pompeo, el secretario de Estado del gobierno de Donald Trump, estar\u00e1 este 19 de octubre en la capital mexicana para sostener una reuni\u00f3n con Marcelo Ebrard, pr\u00f3ximo secretario de Relaciones Exteriores en el sexenio de Andr\u00e9s Manuel L\u00f3pez Obrador, y con el saliente primer mandatario, Enrique Pe\u00f1a\u2026","rel":"","context":"En \u00abInternacional\u00bb","block_context":{"text":"Internacional","link":"https:\/\/mexicocodigorojo.com.mx\/?cat=14"},"img":{"alt_text":"","src":"https:\/\/i0.wp.com\/mexicocodigorojo.com.mx\/wp-content\/uploads\/2018\/10\/AP_18190509443104-1078x779.jpg?fit=1078%2C779&ssl=1&resize=350%2C200","width":350,"height":200,"srcset":"https:\/\/i0.wp.com\/mexicocodigorojo.com.mx\/wp-content\/uploads\/2018\/10\/AP_18190509443104-1078x779.jpg?fit=1078%2C779&ssl=1&resize=350%2C200 1x, https:\/\/i0.wp.com\/mexicocodigorojo.com.mx\/wp-content\/uploads\/2018\/10\/AP_18190509443104-1078x779.jpg?fit=1078%2C779&ssl=1&resize=525%2C300 1.5x, https:\/\/i0.wp.com\/mexicocodigorojo.com.mx\/wp-content\/uploads\/2018\/10\/AP_18190509443104-1078x779.jpg?fit=1078%2C779&ssl=1&resize=700%2C400 2x, https:\/\/i0.wp.com\/mexicocodigorojo.com.mx\/wp-content\/uploads\/2018\/10\/AP_18190509443104-1078x779.jpg?fit=1078%2C779&ssl=1&resize=1050%2C600 3x"},"classes":[]},{"id":26011,"url":"https:\/\/mexicocodigorojo.com.mx\/?p=26011","url_meta":{"origin":54009,"position":3},"title":"Mejor aportaci\u00f3n de EU a M\u00e9xico es frenar tr\u00e1fico de armas: Ebrard","author":"Staff","date":"octubre 25, 2019","format":false,"excerpt":"Marcelo Ebrard dijo que la contribuci\u00f3n m\u00e1s importante que el Gobierno de EE.UU. puede hacer en materia de combate al delito, es frenar el tr\u00e1fico de armas El secretario de Relaciones Exteriores,\u00a0Marcelo Ebrard, confirm\u00f3 la\u00a0reuni\u00f3n de alto nivel de este lunes con autoridades de Estados Unidos por el tema de\u00a0tr\u00e1fico\u2026","rel":"","context":"En \u00abCiudad de M\u00e9xico\u00bb","block_context":{"text":"Ciudad de M\u00e9xico","link":"https:\/\/mexicocodigorojo.com.mx\/?cat=101"},"img":{"alt_text":"","src":"https:\/\/i0.wp.com\/mexicocodigorojo.com.mx\/wp-content\/uploads\/2019\/10\/ebrard-confemigrantes.jpg?fit=980%2C550&ssl=1&resize=350%2C200","width":350,"height":200,"srcset":"https:\/\/i0.wp.com\/mexicocodigorojo.com.mx\/wp-content\/uploads\/2019\/10\/ebrard-confemigrantes.jpg?fit=980%2C550&ssl=1&resize=350%2C200 1x, https:\/\/i0.wp.com\/mexicocodigorojo.com.mx\/wp-content\/uploads\/2019\/10\/ebrard-confemigrantes.jpg?fit=980%2C550&ssl=1&resize=525%2C300 1.5x, https:\/\/i0.wp.com\/mexicocodigorojo.com.mx\/wp-content\/uploads\/2019\/10\/ebrard-confemigrantes.jpg?fit=980%2C550&ssl=1&resize=700%2C400 2x"},"classes":[]},{"id":35869,"url":"https:\/\/mexicocodigorojo.com.mx\/?p=35869","url_meta":{"origin":54009,"position":4},"title":"Gobierno declara, oficialmente, emergencia sanitaria en M\u00e9xico","author":"MexicoRojoCvmx","date":"marzo 30, 2020","format":false,"excerpt":"M\u00e9xico.- Durante la conferencia nocturna de este lunes, Marcelo Ebrard, secretario de Relaciones Exteriores, indic\u00f3 que el consejo de Salubridad tom\u00f3 la decisi\u00f3n de decretar emergencia sanitaria en M\u00e9xico, debido al coronavirus COVID-19. \u00abC\u00f3mo es de su conocimiento, hoy se estuvo sesi\u00f3n plenaria con Andr\u00e9s Manuel L\u00f3pez Obrador en el\u2026","rel":"","context":"En \u00abFeatured\u00bb","block_context":{"text":"Featured","link":"https:\/\/mexicocodigorojo.com.mx\/?cat=1724"},"img":{"alt_text":"","src":"https:\/\/i0.wp.com\/mexicocodigorojo.com.mx\/wp-content\/uploads\/2020\/03\/EUZspWfXgAAZzr3.jpeg?fit=1200%2C671&ssl=1&resize=350%2C200","width":350,"height":200,"srcset":"https:\/\/i0.wp.com\/mexicocodigorojo.com.mx\/wp-content\/uploads\/2020\/03\/EUZspWfXgAAZzr3.jpeg?fit=1200%2C671&ssl=1&resize=350%2C200 1x, https:\/\/i0.wp.com\/mexicocodigorojo.com.mx\/wp-content\/uploads\/2020\/03\/EUZspWfXgAAZzr3.jpeg?fit=1200%2C671&ssl=1&resize=525%2C300 1.5x, https:\/\/i0.wp.com\/mexicocodigorojo.com.mx\/wp-content\/uploads\/2020\/03\/EUZspWfXgAAZzr3.jpeg?fit=1200%2C671&ssl=1&resize=700%2C400 2x, https:\/\/i0.wp.com\/mexicocodigorojo.com.mx\/wp-content\/uploads\/2020\/03\/EUZspWfXgAAZzr3.jpeg?fit=1200%2C671&ssl=1&resize=1050%2C600 3x"},"classes":[]},{"id":20258,"url":"https:\/\/mexicocodigorojo.com.mx\/?p=20258","url_meta":{"origin":54009,"position":5},"title":"El domingo Ebrard y Pompeo; abordar\u00e1n crisis migratoria","author":"Staff","date":"julio 17, 2019","format":false,"excerpt":"El canciller Marcelo Ebrard confirm\u00f3 reuni\u00f3n en la Ciudad de M\u00e9xico con Mike Pompeo, titular del Departamento de Estado de Estados Unidos El secretario de Relaciones Exteriores,\u00a0Marcelo Ebrard, confirm\u00f3 que el pr\u00f3ximo domingo sostendr\u00e1 una reuni\u00f3n con el titular del Departamento de Estado de Estados Unidos (EE.UU.),\u00a0Mike Pompeo. A trav\u00e9s\u2026","rel":"","context":"En \u00abCiudad de M\u00e9xico\u00bb","block_context":{"text":"Ciudad de M\u00e9xico","link":"https:\/\/mexicocodigorojo.com.mx\/?cat=101"},"img":{"alt_text":"","src":"https:\/\/i0.wp.com\/mexicocodigorojo.com.mx\/wp-content\/uploads\/2019\/07\/marcelo-ebrard-4.jpg?fit=980%2C550&ssl=1&resize=350%2C200","width":350,"height":200,"srcset":"https:\/\/i0.wp.com\/mexicocodigorojo.com.mx\/wp-content\/uploads\/2019\/07\/marcelo-ebrard-4.jpg?fit=980%2C550&ssl=1&resize=350%2C200 1x, https:\/\/i0.wp.com\/mexicocodigorojo.com.mx\/wp-content\/uploads\/2019\/07\/marcelo-ebrard-4.jpg?fit=980%2C550&ssl=1&resize=525%2C300 1.5x, https:\/\/i0.wp.com\/mexicocodigorojo.com.mx\/wp-content\/uploads\/2019\/07\/marcelo-ebrard-4.jpg?fit=980%2C550&ssl=1&resize=700%2C400 2x"},"classes":[]}],"jetpack_sharing_enabled":true,"jetpack_likes_enabled":true,"jetpack_shortlink":"https:\/\/wp.me\/p9TedA-e37","_links":{"self":[{"href":"https:\/\/mexicocodigorojo.com.mx\/index.php?rest_route=\/wp\/v2\/posts\/54009","targetHints":{"allow":["GET"]}}],"collection":[{"href":"https:\/\/mexicocodigorojo.com.mx\/index.php?rest_route=\/wp\/v2\/posts"}],"about":[{"href":"https:\/\/mexicocodigorojo.com.mx\/index.php?rest_route=\/wp\/v2\/types\/post"}],"author":[{"embeddable":true,"href":"https:\/\/mexicocodigorojo.com.mx\/index.php?rest_route=\/wp\/v2\/users\/5"}],"replies":[{"embeddable":true,"href":"https:\/\/mexicocodigorojo.com.mx\/index.php?rest_route=%2Fwp%2Fv2%2Fcomments&post=54009"}],"version-history":[{"count":1,"href":"https:\/\/mexicocodigorojo.com.mx\/index.php?rest_route=\/wp\/v2\/posts\/54009\/revisions"}],"predecessor-version":[{"id":54011,"href":"https:\/\/mexicocodigorojo.com.mx\/index.php?rest_route=\/wp\/v2\/posts\/54009\/revisions\/54011"}],"wp:featuredmedia":[{"embeddable":true,"href":"https:\/\/mexicocodigorojo.com.mx\/index.php?rest_route=\/wp\/v2\/media\/54010"}],"wp:attachment":[{"href":"https:\/\/mexicocodigorojo.com.mx\/index.php?rest_route=%2Fwp%2Fv2%2Fmedia&parent=54009"}],"wp:term":[{"taxonomy":"category","embeddable":true,"href":"https:\/\/mexicocodigorojo.com.mx\/index.php?rest_route=%2Fwp%2Fv2%2Fcategories&post=54009"},{"taxonomy":"post_tag","embeddable":true,"href":"https:\/\/mexicocodigorojo.com.mx\/index.php?rest_route=%2Fwp%2Fv2%2Ftags&post=54009"}],"curies":[{"name":"wp","href":"https:\/\/api.w.org\/{rel}","templated":true}]}}