{"id":540,"date":"2018-06-13T17:00:29","date_gmt":"2018-06-13T17:00:29","guid":{"rendered":"https:\/\/mexicocodigorojo.com.mx\/?p=540"},"modified":"2018-06-13T17:00:29","modified_gmt":"2018-06-13T17:00:29","slug":"una-bala-perdida-mata-a-estudiante","status":"publish","type":"post","link":"https:\/\/mexicocodigorojo.com.mx\/?p=540","title":{"rendered":"Una bala perdida mata a estudiante"},"content":{"rendered":"<h4>La v\u00edctima jugaba en el patio de una secundaria t\u00e9cnica.<\/h4>\n<p>Reynosa, Tam.- Un estudiante de una\u00a0<strong>secundaria<\/strong>\u00a0t\u00e9cnica perdi\u00f3 la vida la tarde del lunes mientras jugaba, luego de que una bala perdida hizo blanco en su humanidad.<\/p>\n<p>Param\u00e9dicos lo declaran sin vida tras revisarlo.<\/p>\n<p>Fue a las 18:00 horas en la zona de las canchas de la Escuela\u00a0<strong>Secundaria<\/strong>\u00a0T\u00e9cnica 60, en la calle Oriente 3, de la colonia Las Fuentes secci\u00f3n Lomas.<\/p>\n<p>Cuerpos de rescate, autoridades investigadoras, as\u00ed como elementos de las polic\u00edas Federal y\u00a0<strong>Fuerza Tamaulipas<\/strong>, hicieron las primeras pesquisas.<\/p>\n<p>La identidad del menor no fue revelada, pero se trata de un estudiante de 15 a\u00f1os, quien cursaba el tercer grado, en el turno vespertino; presentaba una herida por proyectil de arma de fuego en la espalda.<\/p>\n<p>Versiones extraoficiales dieron a conocer que se empezaron a escuchar detonaciones de arma de fuego y al intentar correr el alumno entre la confusi\u00f3n cay\u00f3 en el \u00e1rea de las canchas.<\/p>\n<p>Los param\u00e9dicos informaron de inmediato a las autoridades.<\/p>\n<p>Peritos crimin\u00f3logos de la Procuradur\u00eda General de Justicia en el Estado guardaron las evidencias e hicieron fotos de la escena del crimen.<\/p>\n<p>Personal del\u00a0<strong>Servicio M\u00e9dico Forense<\/strong>\u00a0llev\u00f3 el cad\u00e1ver del menor al anfiteatro local para realizar la necropsia y determinar las causas del deceso.<\/p>\n<p>Una menor lesionada habr\u00eda sido trasladada en un veh\u00edculo particular a recibir atenci\u00f3n m\u00e9dica, pero esto no fue confirmado por las autoridades.<\/p>\n<p>&nbsp;<\/p>\n<pre>Con informaci\u00f3n de El Ma\u00f1ana<\/pre>\n","protected":false},"excerpt":{"rendered":"<p>La v\u00edctima jugaba en el patio de una secundaria t\u00e9cnica. Reynosa, Tam.- Un estudiante de una\u00a0secundaria\u00a0t\u00e9cnica perdi\u00f3 la vida la tarde del lunes mientras jugaba, luego de que una bala perdida hizo blanco en su humanidad. Param\u00e9dicos lo declaran sin vida tras revisarlo. Fue a las 18:00 horas en la zona de las canchas de [&hellip;]<\/p>\n","protected":false},"author":5,"featured_media":542,"comment_status":"open","ping_status":"open","sticky":false,"template":"","format":"standard","meta":{"_uf_show_specific_survey":0,"_uf_disable_surveys":false,"advanced_seo_description":"","jetpack_seo_html_title":"","jetpack_seo_noindex":false,"jetpack_post_was_ever_published":false,"_jetpack_newsletter_access":"","_jetpack_dont_email_post_to_subs":false,"_jetpack_newsletter_tier_id":0,"_jetpack_memberships_contains_paywalled_content":false,"_jetpack_memberships_contains_paid_content":false,"footnotes":"","jetpack_publicize_message":"","jetpack_publicize_feature_enabled":true,"jetpack_social_post_already_shared":false,"jetpack_social_options":{"image_generator_settings":{"template":"highway","default_image_id":0,"font":"","enabled":false},"version":2}},"categories":[2],"tags":[6,3,59,28],"class_list":{"0":"post-540","1":"post","2":"type-post","3":"status-publish","4":"format-standard","5":"has-post-thumbnail","7":"category-tamaulipas","8":"tag-baleados","9":"tag-policia","10":"tag-seguridad","11":"tag-sicarios"},"jetpack_publicize_connections":[],"jetpack_featured_media_url":"https:\/\/i0.wp.com\/mexicocodigorojo.com.mx\/wp-content\/uploads\/2018\/06\/B_7Loxt0.jpg?fit=600%2C314&ssl=1","jetpack-related-posts":[{"id":31648,"url":"https:\/\/mexicocodigorojo.com.mx\/?p=31648","url_meta":{"origin":540,"position":0},"title":"Subametralladora en mochila de estudiante de secundaria en Nuevo Le\u00f3n","author":"Staff","date":"enero 29, 2020","format":false,"excerpt":"Un estudiante de 13 a\u00f1os ingres\u00f3 a su secundaria con una subametralladora en la mochila, la cual, asegur\u00f3, se encontr\u00f3 tirada en la calle En una secundaria de\u00a0Nuevo L\u00e9on, se encontr\u00f3 un arma de fuego dentro de la mochila de un alumno. El hecho ocurri\u00f3 en la Escuela Secundaria T\u00e9cnica\u2026","rel":"","context":"En \u00abNuevo Le\u00f3n\u00bb","block_context":{"text":"Nuevo Le\u00f3n","link":"https:\/\/mexicocodigorojo.com.mx\/?cat=29"},"img":{"alt_text":"","src":"https:\/\/i0.wp.com\/mexicocodigorojo.com.mx\/wp-content\/uploads\/2020\/01\/subametralladora.jpg?fit=980%2C550&ssl=1&resize=350%2C200","width":350,"height":200,"srcset":"https:\/\/i0.wp.com\/mexicocodigorojo.com.mx\/wp-content\/uploads\/2020\/01\/subametralladora.jpg?fit=980%2C550&ssl=1&resize=350%2C200 1x, https:\/\/i0.wp.com\/mexicocodigorojo.com.mx\/wp-content\/uploads\/2020\/01\/subametralladora.jpg?fit=980%2C550&ssl=1&resize=525%2C300 1.5x, https:\/\/i0.wp.com\/mexicocodigorojo.com.mx\/wp-content\/uploads\/2020\/01\/subametralladora.jpg?fit=980%2C550&ssl=1&resize=700%2C400 2x"},"classes":[]},{"id":36427,"url":"https:\/\/mexicocodigorojo.com.mx\/?p=36427","url_meta":{"origin":540,"position":1},"title":"Andrea: la estudiante de Celaya que muri\u00f3 por una bala perdida","author":"Staff","date":"abril 7, 2020","format":false,"excerpt":"Ten\u00eda 18 a\u00f1os, era una chica que amaba la biolog\u00eda. Acababa de ingresar a la Universidad de Guanajuato. La bala le hiri\u00f3 el abdomen, muri\u00f3 el pasado 2 de abril Andrea S\u00e1mano Nieto\u00a0apag\u00f3 sus sue\u00f1os el\u00a0jueves 2 de abril. Ese d\u00eda, las heridas en su abdomen causadas por el\u00a0impacto de\u2026","rel":"","context":"En \u00abGuanajuato\u00bb","block_context":{"text":"Guanajuato","link":"https:\/\/mexicocodigorojo.com.mx\/?cat=18"},"img":{"alt_text":"","src":"https:\/\/i0.wp.com\/mexicocodigorojo.com.mx\/wp-content\/uploads\/2020\/04\/andreasamanonieto.jpg?fit=750%2C824&ssl=1&resize=350%2C200","width":350,"height":200,"srcset":"https:\/\/i0.wp.com\/mexicocodigorojo.com.mx\/wp-content\/uploads\/2020\/04\/andreasamanonieto.jpg?fit=750%2C824&ssl=1&resize=350%2C200 1x, https:\/\/i0.wp.com\/mexicocodigorojo.com.mx\/wp-content\/uploads\/2020\/04\/andreasamanonieto.jpg?fit=750%2C824&ssl=1&resize=525%2C300 1.5x, https:\/\/i0.wp.com\/mexicocodigorojo.com.mx\/wp-content\/uploads\/2020\/04\/andreasamanonieto.jpg?fit=750%2C824&ssl=1&resize=700%2C400 2x"},"classes":[]},{"id":61073,"url":"https:\/\/mexicocodigorojo.com.mx\/?p=61073","url_meta":{"origin":540,"position":2},"title":"Tamaulipas | Muere ni\u00f1o de 11 a\u00f1os por una bala perdida tras un enfrentamiento entre grupos antag\u00f3nicos en R\u00edo Bravo","author":"MexicoRojo","date":"mayo 25, 2024","format":false,"excerpt":"El menor recibi\u00f3 el impacto en la cabeza cuando se encontraba dormido en su recamara y fue llevado a un hospital, sin embargo, los doctores no pudieron hacer nada para salvarle la vida. \u00a0 \u00a0 R\u00edo Bravo, Tamaulipas. \u2013 Un menor de 11 a\u00f1os de edad perdi\u00f3 la vida tr\u00e1gicamente\u2026","rel":"","context":"En \u00abFeatured\u00bb","block_context":{"text":"Featured","link":"https:\/\/mexicocodigorojo.com.mx\/?cat=1724"},"img":{"alt_text":"","src":"https:\/\/i0.wp.com\/mexicocodigorojo.com.mx\/wp-content\/uploads\/2024\/05\/20240525_111152.jpg?fit=1080%2C982&ssl=1&resize=350%2C200","width":350,"height":200,"srcset":"https:\/\/i0.wp.com\/mexicocodigorojo.com.mx\/wp-content\/uploads\/2024\/05\/20240525_111152.jpg?fit=1080%2C982&ssl=1&resize=350%2C200 1x, https:\/\/i0.wp.com\/mexicocodigorojo.com.mx\/wp-content\/uploads\/2024\/05\/20240525_111152.jpg?fit=1080%2C982&ssl=1&resize=525%2C300 1.5x, https:\/\/i0.wp.com\/mexicocodigorojo.com.mx\/wp-content\/uploads\/2024\/05\/20240525_111152.jpg?fit=1080%2C982&ssl=1&resize=700%2C400 2x, https:\/\/i0.wp.com\/mexicocodigorojo.com.mx\/wp-content\/uploads\/2024\/05\/20240525_111152.jpg?fit=1080%2C982&ssl=1&resize=1050%2C600 3x"},"classes":[]},{"id":28256,"url":"https:\/\/mexicocodigorojo.com.mx\/?p=28256","url_meta":{"origin":540,"position":3},"title":"Localizan cad\u00e1ver decapitado afuera de secundaria en Morelia","author":"Staff","date":"diciembre 5, 2019","format":false,"excerpt":"Elementos de la Polic\u00eda de Morelia se vieron obligados a realizar una movilizaci\u00f3n policiaca, luego de que encontraran el cuerpo de un hombre decapitado en la calle Morelia, Michoac\u00e1n.-\u00a0La ma\u00f1ana de este jueves, el cuerpo\u00a0decapitado de un hombre desat\u00f3 el p\u00e1nico entre los habitantes. De acuerdo con los primeros informes\u2026","rel":"","context":"En \u00abMichoac\u00e1n\u00bb","block_context":{"text":"Michoac\u00e1n","link":"https:\/\/mexicocodigorojo.com.mx\/?cat=50"},"img":{"alt_text":"","src":"https:\/\/i0.wp.com\/mexicocodigorojo.com.mx\/wp-content\/uploads\/2019\/12\/decapitado.jpg_112278454.jpg?fit=1069%2C563&ssl=1&resize=350%2C200","width":350,"height":200,"srcset":"https:\/\/i0.wp.com\/mexicocodigorojo.com.mx\/wp-content\/uploads\/2019\/12\/decapitado.jpg_112278454.jpg?fit=1069%2C563&ssl=1&resize=350%2C200 1x, https:\/\/i0.wp.com\/mexicocodigorojo.com.mx\/wp-content\/uploads\/2019\/12\/decapitado.jpg_112278454.jpg?fit=1069%2C563&ssl=1&resize=525%2C300 1.5x, https:\/\/i0.wp.com\/mexicocodigorojo.com.mx\/wp-content\/uploads\/2019\/12\/decapitado.jpg_112278454.jpg?fit=1069%2C563&ssl=1&resize=700%2C400 2x, https:\/\/i0.wp.com\/mexicocodigorojo.com.mx\/wp-content\/uploads\/2019\/12\/decapitado.jpg_112278454.jpg?fit=1069%2C563&ssl=1&resize=1050%2C600 3x"},"classes":[]},{"id":31021,"url":"https:\/\/mexicocodigorojo.com.mx\/?p=31021","url_meta":{"origin":540,"position":4},"title":"Asesinan a estudiante en Celaya","author":"Staff","date":"enero 20, 2020","format":false,"excerpt":"Asesinan a estudiante en bar de Celaya Guanajuato Trabajaba como mesera cuando hombres armados ingresaron a La Shula y abrieron fuego, matando tambi\u00e9n a otro hombre e hiriendo a ocho La madrugada del domingo se registr\u00f3 un ataque armado dentro de un bar denominado La Shula, en donde un hombre\u2026","rel":"","context":"En \u00abGuanajuato\u00bb","block_context":{"text":"Guanajuato","link":"https:\/\/mexicocodigorojo.com.mx\/?cat=18"},"img":{"alt_text":"","src":"","width":0,"height":0},"classes":[]},{"id":3045,"url":"https:\/\/mexicocodigorojo.com.mx\/?p=3045","url_meta":{"origin":540,"position":5},"title":"CUELGAN NARCOMANTA PARA EL GOBERNADOR DE BCS EN LA SECUNDARIA NUMERO 1","author":"Staff","date":"septiembre 15, 2018","format":false,"excerpt":"La madrugada del dia de hoy en las calles de 5 de mayo e isabel la cat\u00f3lica colgaron una manta sobre los barandales de la escuela secundaria t\u00e9cnica n\u00famero uno en la capital del estado en La Paz Baja California Sur dirigida al Gobernador del estado Carlos Mendoza Davis donde\u2026","rel":"","context":"En \u00abBaja California Sur\u00bb","block_context":{"text":"Baja California Sur","link":"https:\/\/mexicocodigorojo.com.mx\/?cat=134"},"img":{"alt_text":"","src":"https:\/\/i0.wp.com\/mexicocodigorojo.com.mx\/wp-content\/uploads\/2018\/09\/IMG_20180915_110119_206.jpg?resize=350%2C200&ssl=1","width":350,"height":200},"classes":[]}],"jetpack_sharing_enabled":true,"jetpack_likes_enabled":true,"jetpack_shortlink":"https:\/\/wp.me\/p9TedA-8I","_links":{"self":[{"href":"https:\/\/mexicocodigorojo.com.mx\/index.php?rest_route=\/wp\/v2\/posts\/540","targetHints":{"allow":["GET"]}}],"collection":[{"href":"https:\/\/mexicocodigorojo.com.mx\/index.php?rest_route=\/wp\/v2\/posts"}],"about":[{"href":"https:\/\/mexicocodigorojo.com.mx\/index.php?rest_route=\/wp\/v2\/types\/post"}],"author":[{"embeddable":true,"href":"https:\/\/mexicocodigorojo.com.mx\/index.php?rest_route=\/wp\/v2\/users\/5"}],"replies":[{"embeddable":true,"href":"https:\/\/mexicocodigorojo.com.mx\/index.php?rest_route=%2Fwp%2Fv2%2Fcomments&post=540"}],"version-history":[{"count":0,"href":"https:\/\/mexicocodigorojo.com.mx\/index.php?rest_route=\/wp\/v2\/posts\/540\/revisions"}],"wp:featuredmedia":[{"embeddable":true,"href":"https:\/\/mexicocodigorojo.com.mx\/index.php?rest_route=\/wp\/v2\/media\/542"}],"wp:attachment":[{"href":"https:\/\/mexicocodigorojo.com.mx\/index.php?rest_route=%2Fwp%2Fv2%2Fmedia&parent=540"}],"wp:term":[{"taxonomy":"category","embeddable":true,"href":"https:\/\/mexicocodigorojo.com.mx\/index.php?rest_route=%2Fwp%2Fv2%2Fcategories&post=540"},{"taxonomy":"post_tag","embeddable":true,"href":"https:\/\/mexicocodigorojo.com.mx\/index.php?rest_route=%2Fwp%2Fv2%2Ftags&post=540"}],"curies":[{"name":"wp","href":"https:\/\/api.w.org\/{rel}","templated":true}]}}