{"id":53967,"date":"2022-09-08T10:31:36","date_gmt":"2022-09-08T15:31:36","guid":{"rendered":"https:\/\/mexicocodigorojo.com.mx\/?p=53967"},"modified":"2022-09-08T10:31:36","modified_gmt":"2022-09-08T15:31:36","slug":"reportan-accidente-en-la-autopista-mexico-queretaro-a-la-altura-de-el-marques","status":"publish","type":"post","link":"https:\/\/mexicocodigorojo.com.mx\/?p=53967","title":{"rendered":"Reportan accidente en la autopista M\u00e9xico-Quer\u00e9taro, a la altura de El Marqu\u00e9s"},"content":{"rendered":"<p>La ma\u00f1ana de este jueves, se registra un accidente en la autopista M\u00e9xico-Quer\u00e9taro, a la altura de La Piedad, en el municipio de El Marqu\u00e9s.<\/p>\n<p>De acuerdo con Protecci\u00f3n Civil, hay carga vial intensa, en el kil\u00f3metro 196, en direcci\u00f3n a Quer\u00e9taro, por lo que llaman a los automovilistas a tomar precauciones: <\/p>\n<p>\u00abCarga vial intensa sobre carretera federal 57, km 196, a la altura de La Piedad, direcci\u00f3n a Quer\u00e9taro, derivado de accidente vehicular\u00bb, public\u00f3 la dependencia en sus redes sociales.<\/p>\n<p>El siniestro ocasion\u00f3 una persona lesionada y 13 m\u00e1s son valorados en el lugar.<\/p>\n","protected":false},"excerpt":{"rendered":"<p>La ma\u00f1ana de este jueves, se registra un accidente en la autopista M\u00e9xico-Quer\u00e9taro, a la altura de La Piedad, en el municipio de El Marqu\u00e9s. De acuerdo con Protecci\u00f3n Civil, hay carga vial intensa, en el kil\u00f3metro 196, en direcci\u00f3n a Quer\u00e9taro, por lo que llaman a los automovilistas a tomar precauciones: \u00abCarga vial intensa [&hellip;]<\/p>\n","protected":false},"author":21,"featured_media":53968,"comment_status":"closed","ping_status":"closed","sticky":false,"template":"","format":"standard","meta":{"_uf_show_specific_survey":0,"_uf_disable_surveys":false,"advanced_seo_description":"","jetpack_seo_html_title":"","jetpack_seo_noindex":false,"jetpack_post_was_ever_published":false,"_jetpack_newsletter_access":"","_jetpack_dont_email_post_to_subs":false,"_jetpack_newsletter_tier_id":0,"_jetpack_memberships_contains_paywalled_content":false,"_jetpack_memberships_contains_paid_content":false,"footnotes":"","jetpack_publicize_message":"Reportan accidente en la autopista M\u00e9xico-#Quer\u00e9taro, a la altura de #ElMarqu\u00e9s","jetpack_publicize_feature_enabled":true,"jetpack_social_post_already_shared":true,"jetpack_social_options":{"image_generator_settings":{"template":"highway","default_image_id":0,"font":"","enabled":false},"version":2}},"categories":[1724],"tags":[],"class_list":{"0":"post-53967","1":"post","2":"type-post","3":"status-publish","4":"format-standard","5":"has-post-thumbnail","7":"category-featured"},"jetpack_publicize_connections":[],"jetpack_featured_media_url":"https:\/\/i0.wp.com\/mexicocodigorojo.com.mx\/wp-content\/uploads\/2022\/09\/Captura-de-pantalla-2022-09-08-102951.jpg?fit=1064%2C654&ssl=1","jetpack-related-posts":[{"id":35914,"url":"https:\/\/mexicocodigorojo.com.mx\/?p=35914","url_meta":{"origin":53967,"position":0},"title":"En Quer\u00e9taro, Guardia Nacional recupera 32 mil litros de combustible","author":"Staff","date":"marzo 31, 2020","format":false,"excerpt":"Sobre la carretera M\u00e9xico-Quer\u00e9taro, a la altura del kil\u00f3metro 186+300, municipio de Pedro Escobedo Integrantes de la Guardia Nacional que realizan funciones de seguridad para inhibir el robo de hidrocarburo en el estado de Quer\u00e9taro, detuvieron a una persona que transportaba alrededor de 32 mil litros de di\u00e9sel sin comprobar\u2026","rel":"","context":"En \u00abQuer\u00e9taro\u00bb","block_context":{"text":"Quer\u00e9taro","link":"https:\/\/mexicocodigorojo.com.mx\/?cat=109"},"img":{"alt_text":"","src":"https:\/\/i0.wp.com\/mexicocodigorojo.com.mx\/wp-content\/uploads\/2020\/03\/GN-Queretaro.jpg?fit=512%2C288&ssl=1&resize=350%2C200","width":350,"height":200},"classes":[]},{"id":27299,"url":"https:\/\/mexicocodigorojo.com.mx\/?p=27299","url_meta":{"origin":53967,"position":1},"title":"Sube a 13 cifra de muertos por accidente en la M\u00e9xico-Pachuca","author":"Staff","date":"noviembre 19, 2019","format":false,"excerpt":"El choque de autob\u00fas y cami\u00f3n de transporte p\u00fablico en el Km. 16 de la M\u00e9xico-Pachuca, dej\u00f3 como saldo 13 muertos La Fiscal\u00eda General de Justicia del Estado de M\u00e9xico inform\u00f3 que la cifra de muertos por el fuerte accidente entre dos autobuses en la autopista\u00a0M\u00e9xico-Pachuca ascendi\u00f3 a 13 personas\u2026","rel":"","context":"En \u00abEstado de M\u00e9xico\u00bb","block_context":{"text":"Estado de M\u00e9xico","link":"https:\/\/mexicocodigorojo.com.mx\/?cat=53"},"img":{"alt_text":"","src":"https:\/\/i0.wp.com\/mexicocodigorojo.com.mx\/wp-content\/uploads\/2019\/11\/accidente-mexico-pachuca.jpeg?fit=980%2C550&ssl=1&resize=350%2C200","width":350,"height":200,"srcset":"https:\/\/i0.wp.com\/mexicocodigorojo.com.mx\/wp-content\/uploads\/2019\/11\/accidente-mexico-pachuca.jpeg?fit=980%2C550&ssl=1&resize=350%2C200 1x, https:\/\/i0.wp.com\/mexicocodigorojo.com.mx\/wp-content\/uploads\/2019\/11\/accidente-mexico-pachuca.jpeg?fit=980%2C550&ssl=1&resize=525%2C300 1.5x, https:\/\/i0.wp.com\/mexicocodigorojo.com.mx\/wp-content\/uploads\/2019\/11\/accidente-mexico-pachuca.jpeg?fit=980%2C550&ssl=1&resize=700%2C400 2x"},"classes":[]},{"id":12426,"url":"https:\/\/mexicocodigorojo.com.mx\/?p=12426","url_meta":{"origin":53967,"position":2},"title":"FALLECE L\u00cdDER GRUPERO EN ACCIDENTE VIAL EN NUEVO LE\u00d3N","author":"Staff","date":"enero 18, 2019","format":false,"excerpt":"La direcci\u00f3n de Protecci\u00f3n Civil de Nuevo Le\u00f3n report\u00f3 la muerte del fundador del grupo Toppaz, Reynaldo Flores Tamez, de 57 a\u00f1os, tras un accidente en la camioneta que manejaba sobre la Carretera Nacional. \u00a0 La corporaci\u00f3n detall\u00f3 que el accidente ocurri\u00f3 en el kil\u00f3metro 220, a la altura de\u2026","rel":"","context":"En \u00abNuevo Le\u00f3n\u00bb","block_context":{"text":"Nuevo Le\u00f3n","link":"https:\/\/mexicocodigorojo.com.mx\/?cat=29"},"img":{"alt_text":"","src":"https:\/\/i0.wp.com\/mexicocodigorojo.com.mx\/wp-content\/uploads\/2019\/01\/DxNB2OdU8AEJtsD.jpg?fit=1024%2C683&ssl=1&resize=350%2C200","width":350,"height":200,"srcset":"https:\/\/i0.wp.com\/mexicocodigorojo.com.mx\/wp-content\/uploads\/2019\/01\/DxNB2OdU8AEJtsD.jpg?fit=1024%2C683&ssl=1&resize=350%2C200 1x, https:\/\/i0.wp.com\/mexicocodigorojo.com.mx\/wp-content\/uploads\/2019\/01\/DxNB2OdU8AEJtsD.jpg?fit=1024%2C683&ssl=1&resize=525%2C300 1.5x, https:\/\/i0.wp.com\/mexicocodigorojo.com.mx\/wp-content\/uploads\/2019\/01\/DxNB2OdU8AEJtsD.jpg?fit=1024%2C683&ssl=1&resize=700%2C400 2x"},"classes":[]},{"id":35212,"url":"https:\/\/mexicocodigorojo.com.mx\/?p=35212","url_meta":{"origin":53967,"position":3},"title":"VIDEO CARRERAS EN EL AUTODROMO DE QUER\u00c9TARO TERMINA EN TRAGEDIA","author":"MexicoRojo","date":"marzo 22, 2020","format":false,"excerpt":"El pasado 13 de marzo del presente a\u00f1o 2019 quedo marcado por el resto de sus vidas dos familiaz que perdieron a dos de sus familiares esto al acudir al aut\u00f3dromo de Queretaro. \u00a0 \u00a0 \u00a0 Lamentablemente una persona falleci\u00f3 despu\u00e9s de ser embestido por un auto que jugaba una\u2026","rel":"","context":"En \u00abQuer\u00e9taro\u00bb","block_context":{"text":"Quer\u00e9taro","link":"https:\/\/mexicocodigorojo.com.mx\/?cat=109"},"img":{"alt_text":"","src":"https:\/\/i0.wp.com\/mexicocodigorojo.com.mx\/wp-content\/uploads\/2020\/03\/FB_IMG_1584917792142-169x300.jpg?resize=350%2C200&ssl=1","width":350,"height":200},"classes":[]},{"id":25211,"url":"https:\/\/mexicocodigorojo.com.mx\/?p=25211","url_meta":{"origin":53967,"position":4},"title":"Tren embiste cami\u00f3n de pasajeros en Quer\u00e9taro; 8 muertos","author":"Staff","date":"octubre 11, 2019","format":false,"excerpt":"El cami\u00f3n intent\u00f3 ganarle el paso al tren, lo que provoc\u00f3 que la bestia de acero arrollara la unidad, cobrando la vida de ocho personas, entre ellos menores de edad, y siete heridos Quer\u00e9taro.- Esta ma\u00f1ana un tren embisti\u00f3 un cami\u00f3n de pasajeros, dejando un saldo de ocho personas sin\u2026","rel":"","context":"En \u00abQuer\u00e9taro\u00bb","block_context":{"text":"Quer\u00e9taro","link":"https:\/\/mexicocodigorojo.com.mx\/?cat=109"},"img":{"alt_text":"","src":"https:\/\/i0.wp.com\/mexicocodigorojo.com.mx\/wp-content\/uploads\/2019\/10\/tren_arrolla_a_camion_en_queretaro_crop1570814562394.jpg_219914347.jpg?fit=960%2C540&ssl=1&resize=350%2C200","width":350,"height":200,"srcset":"https:\/\/i0.wp.com\/mexicocodigorojo.com.mx\/wp-content\/uploads\/2019\/10\/tren_arrolla_a_camion_en_queretaro_crop1570814562394.jpg_219914347.jpg?fit=960%2C540&ssl=1&resize=350%2C200 1x, https:\/\/i0.wp.com\/mexicocodigorojo.com.mx\/wp-content\/uploads\/2019\/10\/tren_arrolla_a_camion_en_queretaro_crop1570814562394.jpg_219914347.jpg?fit=960%2C540&ssl=1&resize=525%2C300 1.5x, https:\/\/i0.wp.com\/mexicocodigorojo.com.mx\/wp-content\/uploads\/2019\/10\/tren_arrolla_a_camion_en_queretaro_crop1570814562394.jpg_219914347.jpg?fit=960%2C540&ssl=1&resize=700%2C400 2x"},"classes":[]},{"id":53239,"url":"https:\/\/mexicocodigorojo.com.mx\/?p=53239","url_meta":{"origin":53967,"position":5},"title":"EXPLOTA PIPA EN LA AUTOPISTA LA TINAJA-VERACRUZ","author":"Staff","date":"julio 6, 2022","format":false,"excerpt":"La Guardia Nacional Carreteras reporta un cierre tras la explosi\u00f3n de una pipa la noche de este martes sobre la autopista La Tinaja-Veracruz. Detalla que el incidente ocurrido caus\u00f3 cierre parcial de circulaci\u00f3n durante toda la noche por maniobras cerca del km 073+000 de la autopista (810) entronque La Tinaja-Veracruz\u2026","rel":"","context":"En \u00abFeatured\u00bb","block_context":{"text":"Featured","link":"https:\/\/mexicocodigorojo.com.mx\/?cat=1724"},"img":{"alt_text":"","src":"https:\/\/i0.wp.com\/mexicocodigorojo.com.mx\/wp-content\/uploads\/2022\/07\/fd1c27f7-19ff-4b3f-8dab-e536f292ff3c.jpg?fit=960%2C540&ssl=1&resize=350%2C200","width":350,"height":200,"srcset":"https:\/\/i0.wp.com\/mexicocodigorojo.com.mx\/wp-content\/uploads\/2022\/07\/fd1c27f7-19ff-4b3f-8dab-e536f292ff3c.jpg?fit=960%2C540&ssl=1&resize=350%2C200 1x, https:\/\/i0.wp.com\/mexicocodigorojo.com.mx\/wp-content\/uploads\/2022\/07\/fd1c27f7-19ff-4b3f-8dab-e536f292ff3c.jpg?fit=960%2C540&ssl=1&resize=525%2C300 1.5x, https:\/\/i0.wp.com\/mexicocodigorojo.com.mx\/wp-content\/uploads\/2022\/07\/fd1c27f7-19ff-4b3f-8dab-e536f292ff3c.jpg?fit=960%2C540&ssl=1&resize=700%2C400 2x"},"classes":[]}],"jetpack_sharing_enabled":true,"jetpack_likes_enabled":true,"jetpack_shortlink":"https:\/\/wp.me\/p9TedA-e2r","_links":{"self":[{"href":"https:\/\/mexicocodigorojo.com.mx\/index.php?rest_route=\/wp\/v2\/posts\/53967","targetHints":{"allow":["GET"]}}],"collection":[{"href":"https:\/\/mexicocodigorojo.com.mx\/index.php?rest_route=\/wp\/v2\/posts"}],"about":[{"href":"https:\/\/mexicocodigorojo.com.mx\/index.php?rest_route=\/wp\/v2\/types\/post"}],"author":[{"embeddable":true,"href":"https:\/\/mexicocodigorojo.com.mx\/index.php?rest_route=\/wp\/v2\/users\/21"}],"replies":[{"embeddable":true,"href":"https:\/\/mexicocodigorojo.com.mx\/index.php?rest_route=%2Fwp%2Fv2%2Fcomments&post=53967"}],"version-history":[{"count":1,"href":"https:\/\/mexicocodigorojo.com.mx\/index.php?rest_route=\/wp\/v2\/posts\/53967\/revisions"}],"predecessor-version":[{"id":53969,"href":"https:\/\/mexicocodigorojo.com.mx\/index.php?rest_route=\/wp\/v2\/posts\/53967\/revisions\/53969"}],"wp:featuredmedia":[{"embeddable":true,"href":"https:\/\/mexicocodigorojo.com.mx\/index.php?rest_route=\/wp\/v2\/media\/53968"}],"wp:attachment":[{"href":"https:\/\/mexicocodigorojo.com.mx\/index.php?rest_route=%2Fwp%2Fv2%2Fmedia&parent=53967"}],"wp:term":[{"taxonomy":"category","embeddable":true,"href":"https:\/\/mexicocodigorojo.com.mx\/index.php?rest_route=%2Fwp%2Fv2%2Fcategories&post=53967"},{"taxonomy":"post_tag","embeddable":true,"href":"https:\/\/mexicocodigorojo.com.mx\/index.php?rest_route=%2Fwp%2Fv2%2Ftags&post=53967"}],"curies":[{"name":"wp","href":"https:\/\/api.w.org\/{rel}","templated":true}]}}