{"id":53956,"date":"2022-09-07T15:56:23","date_gmt":"2022-09-07T20:56:23","guid":{"rendered":"https:\/\/mexicocodigorojo.com.mx\/?p=53956"},"modified":"2022-09-07T15:56:53","modified_gmt":"2022-09-07T20:56:53","slug":"sicarios-asesinan-a-dos-empleados-de-cfe-en-sonora-dos-hallados-con-vida","status":"publish","type":"post","link":"https:\/\/mexicocodigorojo.com.mx\/?p=53956","title":{"rendered":"Sicarios asesinan a dos empleados de CFE en Sonora, dos hallados con vida"},"content":{"rendered":"<p><strong>Dos trabajadores de la Comisi\u00f3n Federal de Electricidad\u00a0<\/strong>(CFE) asesinados y dos personas localizadas con vida fue el saldo que arroj\u00f3 una serie de hechos violentos que ocurrieron en la Zona Serrana del Municipio \u00d3navas,\u00a0<strong>Sonora.<\/strong><\/p>\n<p>La Secretar\u00eda de Seguridad P\u00fablica (SSP) del estado confirm\u00f3 que\u00a0<strong>dos hombres que trabajan para la CFE\u00a0<\/strong>fueron asesinados; en redes sociales se pueden ver en video a uno de ellos calcinado por fuera de una unidad que fue quemada, mientras que el segundo cad\u00e1ver est\u00e1 al interior de un veh\u00edculo con varias heridas sobre su cuerpo.<\/p>\n<div class=\"content-banner\">\n<p>Adem\u00e1s de las personas localizadas muertas, otros dos trabajadores de\u00a0<strong>CFE fueron reportados como desaparecidos.<\/strong><\/p>\n<div class=\"container\">\n<p>De acuerdo con la SSP,\u00a0<strong>recibieron el reporte de la agresi\u00f3n este martes cerca de las 09:00 horas\u00a0<\/strong>mediante el 911 y desplegaron un operativo de patrullaje a\u00e9reo y terrestre en la zona en busca de los extraviados.<\/p>\n<p>Las unidades de seguridad al internarse en la zona del monte en \u00d3navas logr\u00f3 localizar a salvo a una persona, minutos despu\u00e9s se inform\u00f3 de otro sujeto con vida; ambos\u00a0<strong>fueron resguardados y trasladados v\u00eda a\u00e9rea a Hermosillo<\/strong>.<\/p>\n<p>Derivado de las declaraciones de los dos trabajadores de la<strong>\u00a0CFE<\/strong>, ser\u00e1 la delegaci\u00f3n de la fiscal\u00eda general de la Rep\u00fablica (FGR) la instancia que haga las investigaciones correspondientes.<\/p>\n<p>Cabe destacar que la\u00a0<strong>SSP\u00a0<\/strong>continuar\u00e1 los operativos por los tres niveles de gobierno para\u00a0<strong>resguardar la tranquilidad de los habitantes de la regi\u00f3n.<\/strong><\/p>\n<blockquote class=\"twitter-tweet\" data-width=\"550\" data-dnt=\"true\">\n<p lang=\"es\" dir=\"ltr\">De acuerdo a las declaraciones de los trabajadores localizados la FGR iniciar\u00e1 las averiguaciones correspondientes. <\/p>\n<p>Recuerda reportar el delito a la l\u00ednea an\u00f3nima 089. 2\/2<\/p>\n<p>&mdash; Seguridad P\u00fablica Sonora (@SonoraSeguridad) <a href=\"https:\/\/twitter.com\/SonoraSeguridad\/status\/1567269286712061952?ref_src=twsrc%5Etfw\">September 6, 2022<\/a><\/p><\/blockquote>\n<p><script async src=\"https:\/\/platform.twitter.com\/widgets.js\" charset=\"utf-8\"><\/script><\/p>\n<blockquote class=\"twitter-tweet\" data-width=\"550\" data-dnt=\"true\">\n<p lang=\"es\" dir=\"ltr\">La Secretar\u00eda de Seguridad P\u00fablica de <a href=\"https:\/\/twitter.com\/hashtag\/Sonora?src=hash&amp;ref_src=twsrc%5Etfw\">#Sonora<\/a> confirma la muerte de dos hombres a manos del crimen organizado. El ataque ocurri\u00f3 en la regi\u00f3n de <a href=\"https:\/\/twitter.com\/hashtag\/%C3%93navas?src=hash&amp;ref_src=twsrc%5Etfw\">#\u00d3navas<\/a>. Eran trabajadores de la CFE. <a href=\"https:\/\/t.co\/lyYEgOFejx\">pic.twitter.com\/lyYEgOFejx<\/a><\/p>\n<p>&mdash; Alejandra Aguayo (@alejandraguayoa) <a href=\"https:\/\/twitter.com\/alejandraguayoa\/status\/1567284164851896321?ref_src=twsrc%5Etfw\">September 6, 2022<\/a><\/p><\/blockquote>\n<p><script async src=\"https:\/\/platform.twitter.com\/widgets.js\" charset=\"utf-8\"><\/script><\/p>\n<blockquote class=\"twitter-tweet\" data-width=\"550\" data-dnt=\"true\">\n<p lang=\"es\" dir=\"ltr\">TRABAJADOR DE CFE SOBREVIVIENTE DE ATAQUE ARMADO: &quot;VEN\u00cdAMOS DE URES, AND\u00c1BAMOS ATENDIENDO FALLAS EN LA L\u00cdNEA QUE VA PARA \u00d3NAVAS&quot;<a href=\"https:\/\/twitter.com\/hashtag\/DESPIERTASONORA?src=hash&amp;ref_src=twsrc%5Etfw\">#DESPIERTASONORA<\/a> <a href=\"https:\/\/t.co\/N7FYnDf4s3\">pic.twitter.com\/N7FYnDf4s3<\/a><\/p>\n<p>&mdash; DespiertaSonora (@DespiertaSonor1) <a href=\"https:\/\/twitter.com\/DespiertaSonor1\/status\/1567343859826577409?ref_src=twsrc%5Etfw\">September 7, 2022<\/a><\/p><\/blockquote>\n<p><script async src=\"https:\/\/platform.twitter.com\/widgets.js\" charset=\"utf-8\"><\/script><\/p>\n<blockquote class=\"twitter-tweet\" data-width=\"550\" data-dnt=\"true\">\n<p lang=\"zxx\" dir=\"ltr\"><a href=\"https:\/\/t.co\/NMPi79SxhL\">pic.twitter.com\/NMPi79SxhL<\/a><\/p>\n<p>&mdash; Juan Carlos Z\u00fa\u00f1iga (@juanczuniga) <a href=\"https:\/\/twitter.com\/juanczuniga\/status\/1567375187318050816?ref_src=twsrc%5Etfw\">September 7, 2022<\/a><\/p><\/blockquote>\n<p><script async src=\"https:\/\/platform.twitter.com\/widgets.js\" charset=\"utf-8\"><\/script><\/p>\n<blockquote class=\"twitter-tweet\" data-width=\"550\" data-dnt=\"true\">\n<p lang=\"es\" dir=\"ltr\">Por instrucci\u00f3n del Gobernador la SSP est\u00e1 a disposici\u00f3n de la Delegaci\u00f3n de la Fiscal\u00eda de la Rep\u00fablica para cooperar y coadyuvar para que el ataque ocurrido ayer contra trabajadores de CFE  no quede impune. <a href=\"https:\/\/t.co\/f7f6Ar5XAK\">https:\/\/t.co\/f7f6Ar5XAK<\/a><\/p>\n<p>&mdash; Seguridad P\u00fablica Sonora (@SonoraSeguridad) <a href=\"https:\/\/twitter.com\/SonoraSeguridad\/status\/1567587909363957760?ref_src=twsrc%5Etfw\">September 7, 2022<\/a><\/p><\/blockquote>\n<p><script async src=\"https:\/\/platform.twitter.com\/widgets.js\" charset=\"utf-8\"><\/script><\/p>\n<\/div>\n<\/div>\n","protected":false},"excerpt":{"rendered":"<p>Dos trabajadores de la Comisi\u00f3n Federal de Electricidad\u00a0(CFE) asesinados y dos personas localizadas con vida fue el saldo que arroj\u00f3 una serie de hechos violentos que ocurrieron en la Zona Serrana del Municipio \u00d3navas,\u00a0Sonora. La Secretar\u00eda de Seguridad P\u00fablica (SSP) del estado confirm\u00f3 que\u00a0dos hombres que trabajan para la CFE\u00a0fueron asesinados; en redes sociales se [&hellip;]<\/p>\n","protected":false},"author":5,"featured_media":53957,"comment_status":"closed","ping_status":"closed","sticky":false,"template":"","format":"standard","meta":{"_uf_show_specific_survey":0,"_uf_disable_surveys":false,"advanced_seo_description":"","jetpack_seo_html_title":"","jetpack_seo_noindex":false,"jetpack_post_was_ever_published":false,"_jetpack_newsletter_access":"","_jetpack_dont_email_post_to_subs":false,"_jetpack_newsletter_tier_id":0,"_jetpack_memberships_contains_paywalled_content":false,"_jetpack_memberships_contains_paid_content":false,"footnotes":"","jetpack_publicize_message":"#Sonora | 4 empleados de la CFE fueron atacados por sicarios en \u00d3navas, Sonora; los heridos fueron trasladados a Hermosillo para su atenci\u00f3n m\u00e9dica.\r\n\r\n#MexicoRojo #CdMx #reynosafollow #mtyfollow #saltillo #guadalajara #slp #verfollow #cdvictoria #EdoMex","jetpack_publicize_feature_enabled":true,"jetpack_social_post_already_shared":true,"jetpack_social_options":{"image_generator_settings":{"template":"highway","default_image_id":0,"font":"","enabled":false},"version":2}},"categories":[1724,115],"tags":[2173],"class_list":{"0":"post-53956","1":"post","2":"type-post","3":"status-publish","4":"format-standard","5":"has-post-thumbnail","7":"category-featured","8":"category-sonora","9":"tag-narcotrafico-2"},"jetpack_publicize_connections":[],"jetpack_featured_media_url":"https:\/\/i0.wp.com\/mexicocodigorojo.com.mx\/wp-content\/uploads\/2022\/09\/CFE-696x392-1.jpg?fit=696%2C392&ssl=1","jetpack-related-posts":[{"id":28633,"url":"https:\/\/mexicocodigorojo.com.mx\/?p=28633","url_meta":{"origin":53956,"position":0},"title":"CFE estudia instalar 4 reactores nucleares m\u00e1s","author":"Staff","date":"diciembre 12, 2019","format":false,"excerpt":"Dos reactores nucleares se instalar\u00edan en la central el\u00e9ctrica de Laguna Verde y dos m\u00e1s en la costa del Pac\u00edfico. La Comisi\u00f3n Federal de Electricidad (CFE) estudia la instalaci\u00f3n de cuatro reactores nucleares m\u00e1s en M\u00e9xico. \u201cConsideramos convenientes que se instalen dos unidades en la Central el\u00e9ctrica de Laguna Verde\u2026","rel":"","context":"En \u00abFeatured\u00bb","block_context":{"text":"Featured","link":"https:\/\/mexicocodigorojo.com.mx\/?cat=1724"},"img":{"alt_text":"","src":"https:\/\/i0.wp.com\/mexicocodigorojo.com.mx\/wp-content\/uploads\/2019\/12\/reactor-cfe-mexico.jpg?fit=640%2C360&ssl=1&resize=350%2C200","width":350,"height":200,"srcset":"https:\/\/i0.wp.com\/mexicocodigorojo.com.mx\/wp-content\/uploads\/2019\/12\/reactor-cfe-mexico.jpg?fit=640%2C360&ssl=1&resize=350%2C200 1x, https:\/\/i0.wp.com\/mexicocodigorojo.com.mx\/wp-content\/uploads\/2019\/12\/reactor-cfe-mexico.jpg?fit=640%2C360&ssl=1&resize=525%2C300 1.5x"},"classes":[]},{"id":36771,"url":"https:\/\/mexicocodigorojo.com.mx\/?p=36771","url_meta":{"origin":53956,"position":1},"title":"CFE no condonar\u00e1 pago de luz por contingencia de COVID-19","author":"Staff","date":"abril 12, 2020","format":false,"excerpt":"Manuel Bartlett indic\u00f3 que\u00a0no habr\u00e1 condonaci\u00f3n en el pago de energ\u00eda el\u00e9ctrica durante la actual contingencia sanitaria, pues la CFE tambi\u00e9n tiene gastos El director de la CFE,\u00a0Manuel Bartlett, indic\u00f3 que\u00a0no habr\u00e1 condonaci\u00f3n en el pago de energ\u00eda el\u00e9ctrica\u00a0durante la actual contingencia sanitaria,\u00a0ya\u00a0que\u00a0la Comisi\u00f3n\u00a0tambi\u00e9n tiene gastos y pagos a trabajadores\u2026","rel":"","context":"En \u00abCiudad de M\u00e9xico\u00bb","block_context":{"text":"Ciudad de M\u00e9xico","link":"https:\/\/mexicocodigorojo.com.mx\/?cat=101"},"img":{"alt_text":"","src":"https:\/\/i0.wp.com\/mexicocodigorojo.com.mx\/wp-content\/uploads\/2020\/04\/manuel-bartlett.jpg?fit=980%2C550&ssl=1&resize=350%2C200","width":350,"height":200,"srcset":"https:\/\/i0.wp.com\/mexicocodigorojo.com.mx\/wp-content\/uploads\/2020\/04\/manuel-bartlett.jpg?fit=980%2C550&ssl=1&resize=350%2C200 1x, https:\/\/i0.wp.com\/mexicocodigorojo.com.mx\/wp-content\/uploads\/2020\/04\/manuel-bartlett.jpg?fit=980%2C550&ssl=1&resize=525%2C300 1.5x, https:\/\/i0.wp.com\/mexicocodigorojo.com.mx\/wp-content\/uploads\/2020\/04\/manuel-bartlett.jpg?fit=980%2C550&ssl=1&resize=700%2C400 2x"},"classes":[]},{"id":49553,"url":"https:\/\/mexicocodigorojo.com.mx\/?p=49553","url_meta":{"origin":53956,"position":2},"title":"Militares que ubicaron a \u00abEl Mencho\u00bb fueron ejecutados","author":"MexicoRojoCvmx","date":"junio 10, 2021","format":false,"excerpt":"Guanajuato.- Cinco elementos del Ej\u00e9rcito mexicano adscritos a la zona militar de Sarabia, Guanajuato, fueron asesinados durante un enfrentamiento contra integrantes del C\u00e1rtel de Jalisco Nueva Generaci\u00f3n (CJNG). Tres tenientes y dos soldados pertenec\u00edan al Cuerpo de Fuerzas Especiales y estaban adscritos a la Unidad Especial de la Polic\u00eda Militar\u2026","rel":"","context":"En \u00abFeatured\u00bb","block_context":{"text":"Featured","link":"https:\/\/mexicocodigorojo.com.mx\/?cat=1724"},"img":{"alt_text":"","src":"https:\/\/i0.wp.com\/mexicocodigorojo.com.mx\/wp-content\/uploads\/2021\/06\/BB1ezDa8.jpg?fit=799%2C421&ssl=1&resize=350%2C200","width":350,"height":200,"srcset":"https:\/\/i0.wp.com\/mexicocodigorojo.com.mx\/wp-content\/uploads\/2021\/06\/BB1ezDa8.jpg?fit=799%2C421&ssl=1&resize=350%2C200 1x, https:\/\/i0.wp.com\/mexicocodigorojo.com.mx\/wp-content\/uploads\/2021\/06\/BB1ezDa8.jpg?fit=799%2C421&ssl=1&resize=525%2C300 1.5x, https:\/\/i0.wp.com\/mexicocodigorojo.com.mx\/wp-content\/uploads\/2021\/06\/BB1ezDa8.jpg?fit=799%2C421&ssl=1&resize=700%2C400 2x"},"classes":[]},{"id":19233,"url":"https:\/\/mexicocodigorojo.com.mx\/?p=19233","url_meta":{"origin":53956,"position":3},"title":"EMPRESA QUE DIRIGE RA\u00daL SALINAS OBTIENE LA MAYOR PARTE DE LICITACI\u00d3N MILLONARIA DE CFE","author":"Staff","date":"junio 27, 2019","format":false,"excerpt":"IUSA, empresa de Ra\u00fal Salinas se lleva la rebanada m\u00e1s grande del pastel en licitaci\u00f3n millonaria de medidores de la CFE La Comisi\u00f3n Federal de Electricidad (CFE) otorg\u00f3 este mi\u00e9rcoles a\u00a0IUSA, empresa de Ra\u00fal Salinas, la parte mayoritaria de un contrato con valor de 1 mil 349 millones de pesos\u2026","rel":"","context":"En \u00abCiudad de M\u00e9xico\u00bb","block_context":{"text":"Ciudad de M\u00e9xico","link":"https:\/\/mexicocodigorojo.com.mx\/?cat=101"},"img":{"alt_text":"","src":"https:\/\/i0.wp.com\/mexicocodigorojo.com.mx\/wp-content\/uploads\/2019\/06\/cfe_Raul-Salinas-1024x683.jpg?fit=1024%2C683&ssl=1&resize=350%2C200","width":350,"height":200,"srcset":"https:\/\/i0.wp.com\/mexicocodigorojo.com.mx\/wp-content\/uploads\/2019\/06\/cfe_Raul-Salinas-1024x683.jpg?fit=1024%2C683&ssl=1&resize=350%2C200 1x, https:\/\/i0.wp.com\/mexicocodigorojo.com.mx\/wp-content\/uploads\/2019\/06\/cfe_Raul-Salinas-1024x683.jpg?fit=1024%2C683&ssl=1&resize=525%2C300 1.5x, https:\/\/i0.wp.com\/mexicocodigorojo.com.mx\/wp-content\/uploads\/2019\/06\/cfe_Raul-Salinas-1024x683.jpg?fit=1024%2C683&ssl=1&resize=700%2C400 2x"},"classes":[]},{"id":29148,"url":"https:\/\/mexicocodigorojo.com.mx\/?p=29148","url_meta":{"origin":53956,"position":4},"title":"Sedena aplic\u00f3 Plan DN-III-E por incendio en subestaci\u00f3n de CFE","author":"Staff","date":"diciembre 23, 2019","format":false,"excerpt":"Efectivos de la Sedena se movilizaron el jueves a Santa Martha Acatitla para auxiliar a los servicios de emergencia capitalinos en la extinci\u00f3n del fuego La Secretar\u00eda de la Defensa Nacional (Sedena) aplic\u00f3 el\u00a0Plan DN-III-E\u00a0en la\u00a0colonia Santa Martha Acatitla\u00a0de la Ciudad de M\u00e9xico, por el\u00a0incendio\u00a0de una\u00a0subestaci\u00f3n\u00a0de la Comisi\u00f3n Federal de\u2026","rel":"","context":"En \u00abCiudad de M\u00e9xico\u00bb","block_context":{"text":"Ciudad de M\u00e9xico","link":"https:\/\/mexicocodigorojo.com.mx\/?cat=101"},"img":{"alt_text":"","src":"https:\/\/i0.wp.com\/mexicocodigorojo.com.mx\/wp-content\/uploads\/2019\/12\/plan-dn-iii-e-en-subestacion-electrica-de-la-cfe-en-iztpalapa.jpg?fit=980%2C550&ssl=1&resize=350%2C200","width":350,"height":200,"srcset":"https:\/\/i0.wp.com\/mexicocodigorojo.com.mx\/wp-content\/uploads\/2019\/12\/plan-dn-iii-e-en-subestacion-electrica-de-la-cfe-en-iztpalapa.jpg?fit=980%2C550&ssl=1&resize=350%2C200 1x, https:\/\/i0.wp.com\/mexicocodigorojo.com.mx\/wp-content\/uploads\/2019\/12\/plan-dn-iii-e-en-subestacion-electrica-de-la-cfe-en-iztpalapa.jpg?fit=980%2C550&ssl=1&resize=525%2C300 1.5x, https:\/\/i0.wp.com\/mexicocodigorojo.com.mx\/wp-content\/uploads\/2019\/12\/plan-dn-iii-e-en-subestacion-electrica-de-la-cfe-en-iztpalapa.jpg?fit=980%2C550&ssl=1&resize=700%2C400 2x"},"classes":[]},{"id":20837,"url":"https:\/\/mexicocodigorojo.com.mx\/?p=20837","url_meta":{"origin":53956,"position":5},"title":"VIDEO EJECUTAN A DOS PERSONAS EN LA COLONIA LOS NARANJOS EN HERMOSILLO SONORA","author":"Staff","date":"julio 29, 2019","format":false,"excerpt":"Dos hombres que fueron identificados con los alias de \u201cEl Money\u201d y \u201cEl Tatis\u201d, fueron asesinados por impactos de arma de fuego la tarde de este domingo en el exterior de un domicilio, ubicado en la colonia Los Naranjos. Lo anterior ocurri\u00f3 aproximadamente a las 14:30 horas, cuando los hoy\u2026","rel":"","context":"En \u00abSonora\u00bb","block_context":{"text":"Sonora","link":"https:\/\/mexicocodigorojo.com.mx\/?cat=115"},"img":{"alt_text":"","src":"","width":0,"height":0},"classes":[]}],"jetpack_sharing_enabled":true,"jetpack_likes_enabled":true,"jetpack_shortlink":"https:\/\/wp.me\/p9TedA-e2g","_links":{"self":[{"href":"https:\/\/mexicocodigorojo.com.mx\/index.php?rest_route=\/wp\/v2\/posts\/53956","targetHints":{"allow":["GET"]}}],"collection":[{"href":"https:\/\/mexicocodigorojo.com.mx\/index.php?rest_route=\/wp\/v2\/posts"}],"about":[{"href":"https:\/\/mexicocodigorojo.com.mx\/index.php?rest_route=\/wp\/v2\/types\/post"}],"author":[{"embeddable":true,"href":"https:\/\/mexicocodigorojo.com.mx\/index.php?rest_route=\/wp\/v2\/users\/5"}],"replies":[{"embeddable":true,"href":"https:\/\/mexicocodigorojo.com.mx\/index.php?rest_route=%2Fwp%2Fv2%2Fcomments&post=53956"}],"version-history":[{"count":2,"href":"https:\/\/mexicocodigorojo.com.mx\/index.php?rest_route=\/wp\/v2\/posts\/53956\/revisions"}],"predecessor-version":[{"id":53959,"href":"https:\/\/mexicocodigorojo.com.mx\/index.php?rest_route=\/wp\/v2\/posts\/53956\/revisions\/53959"}],"wp:featuredmedia":[{"embeddable":true,"href":"https:\/\/mexicocodigorojo.com.mx\/index.php?rest_route=\/wp\/v2\/media\/53957"}],"wp:attachment":[{"href":"https:\/\/mexicocodigorojo.com.mx\/index.php?rest_route=%2Fwp%2Fv2%2Fmedia&parent=53956"}],"wp:term":[{"taxonomy":"category","embeddable":true,"href":"https:\/\/mexicocodigorojo.com.mx\/index.php?rest_route=%2Fwp%2Fv2%2Fcategories&post=53956"},{"taxonomy":"post_tag","embeddable":true,"href":"https:\/\/mexicocodigorojo.com.mx\/index.php?rest_route=%2Fwp%2Fv2%2Ftags&post=53956"}],"curies":[{"name":"wp","href":"https:\/\/api.w.org\/{rel}","templated":true}]}}