{"id":53890,"date":"2022-08-29T15:43:53","date_gmt":"2022-08-29T20:43:53","guid":{"rendered":"https:\/\/mexicocodigorojo.com.mx\/?p=53890"},"modified":"2022-08-29T15:43:53","modified_gmt":"2022-08-29T20:43:53","slug":"disparan-a-3-personas-a-una-cuadra-de-la-ssp-y-la-fiscalia-de-colima","status":"publish","type":"post","link":"https:\/\/mexicocodigorojo.com.mx\/?p=53890","title":{"rendered":"Disparan a 3 personas a una cuadra de la SSP y la Fiscal\u00eda de Colima"},"content":{"rendered":"<p>A una cuadra del complejo de\u00a0<b>Seguridad<\/b>\u00a0de\u00a0<b>Colima<\/b>\u00a0<b>capital<\/b>\u00a0donde se ubica la\u00a0<b>Secretar\u00eda<\/b>\u00a0de\u00a0<b>Seguridad<\/b>\u00a0<b>P\u00fablica<\/b>\u00a0y la\u00a0<b>Fiscal\u00eda<\/b>\u00a0<b>General<\/b>\u00a0del\u00a0<b>Estado<\/b>\u00a0(<b>FGE<\/b>) fueron baleadas tres personas.<\/p>\n<p>La agresi\u00f3n con arma de fuego se registr\u00f3 en una bodega abandonada en la avenida\u00a0<b>Colima<\/b>\u00a0de la colonia\u00a0<b>De<\/b>\u00a0los\u00a0<b>Trabajadores<\/b>\u00a0en la\u00a0<b>capital<\/b>, ubicada cerca de las dependencias de\u00a0<b>seguridad<\/b>.<\/p>\n<p>Se tiene informaci\u00f3n que las\u00a0<b>personas<\/b>\u00a0<b>lesionadas<\/b>\u00a0fueron atendidas por param\u00e9dicos de la\u00a0<b>Cruz<\/b>\u00a0<b>Roja<\/b>\u00a0quienes los trasladaron a recibir atenci\u00f3n\u00a0<b>m\u00e9dica<\/b>\u00a0necesaria.<\/p>\n<p>En tanto elementos de\u00a0<b>seguridad<\/b>\u00a0y\u00a0<b>militares<\/b>\u00a0realizaron operativos en busca de quienes sean presuntos responsables de la\u00a0<b>agresi\u00f3n<\/b>.<\/p>\n<article class=\"content-continued-body clearfix \">\n<div id=\"content-body-5851641-8807509\">\n<p>Hasta el momento las\u00a0<b>autoridades<\/b>\u00a0no han emitido informaci\u00f3n al respecto ni si hay detenidos por el\u00a0<b>il\u00edcito<\/b>.<\/p>\n<p>Nota publicada originalmente en\u00a0<a href=\"https:\/\/www.eloccidental.com.mx\/policiaca\/de-burla-balean-a-4-personas-a-una-cuadra-de-secretaria-de-seguridad-publica-y-la-fiscalia-de-colima-8807450.html\" target=\"_blank\" rel=\"Follow noopener\">El Occidental<\/a><\/p>\n<\/div>\n<\/article>\n","protected":false},"excerpt":{"rendered":"<p>A una cuadra del complejo de\u00a0Seguridad\u00a0de\u00a0Colima\u00a0capital\u00a0donde se ubica la\u00a0Secretar\u00eda\u00a0de\u00a0Seguridad\u00a0P\u00fablica\u00a0y la\u00a0Fiscal\u00eda\u00a0General\u00a0del\u00a0Estado\u00a0(FGE) fueron baleadas tres personas. La agresi\u00f3n con arma de fuego se registr\u00f3 en una bodega abandonada en la avenida\u00a0Colima\u00a0de la colonia\u00a0De\u00a0los\u00a0Trabajadores\u00a0en la\u00a0capital, ubicada cerca de las dependencias de\u00a0seguridad. Se tiene informaci\u00f3n que las\u00a0personas\u00a0lesionadas\u00a0fueron atendidas por param\u00e9dicos de la\u00a0Cruz\u00a0Roja\u00a0quienes los trasladaron a recibir atenci\u00f3n\u00a0m\u00e9dica\u00a0necesaria. En tanto [&hellip;]<\/p>\n","protected":false},"author":5,"featured_media":53891,"comment_status":"closed","ping_status":"closed","sticky":false,"template":"","format":"standard","meta":{"_uf_show_specific_survey":0,"_uf_disable_surveys":false,"advanced_seo_description":"","jetpack_seo_html_title":"","jetpack_seo_noindex":false,"jetpack_post_was_ever_published":false,"_jetpack_newsletter_access":"","_jetpack_dont_email_post_to_subs":false,"_jetpack_newsletter_tier_id":0,"_jetpack_memberships_contains_paywalled_content":false,"_jetpack_memberships_contains_paid_content":false,"footnotes":"","jetpack_publicize_message":"#Colima | Se tiene informaci\u00f3n que las personas lesionadas fueron atendidas por param\u00e9dicos de la Cruz Roja\r\n\r\n#MexicoRojo #CdMx #reynosafollow #mtyfollow #saltillo #guadalajara #slp #verfollow #cdvictoria #EdoMex","jetpack_publicize_feature_enabled":true,"jetpack_social_post_already_shared":true,"jetpack_social_options":{"image_generator_settings":{"template":"highway","default_image_id":0,"font":"","enabled":false},"version":2}},"categories":[104,1724],"tags":[858],"class_list":{"0":"post-53890","1":"post","2":"type-post","3":"status-publish","4":"format-standard","5":"has-post-thumbnail","7":"category-colima","8":"category-featured","9":"tag-homicidio"},"jetpack_publicize_connections":[],"jetpack_featured_media_url":"https:\/\/i0.wp.com\/mexicocodigorojo.com.mx\/wp-content\/uploads\/2022\/08\/Asesinatos-en-Colima.jpg?fit=768%2C479&ssl=1","jetpack-related-posts":[{"id":22096,"url":"https:\/\/mexicocodigorojo.com.mx\/?p=22096","url_meta":{"origin":53890,"position":0},"title":"Asesinan a seis en centro de rehabilitaci\u00f3n de Manzanillo, Colima","author":"Staff","date":"agosto 15, 2019","format":false,"excerpt":"Hombres armados ingresaron al Centro de Rehabilitaci\u00f3n \u2018Grupo Nueva Vida\u2019 en\u00a0Manzanillo,\u00a0Colima, y asesinaron a seis personas que se encontraban internadas por problemas de alcohol y drogas. Seg\u00fan las investigaciones alrededor de las siete de la noche del pasado 14 de agosto, varios hombres armados entraron al lugar aprovechando que la\u2026","rel":"","context":"En \u00abColima\u00bb","block_context":{"text":"Colima","link":"https:\/\/mexicocodigorojo.com.mx\/?cat=104"},"img":{"alt_text":"","src":"https:\/\/i0.wp.com\/mexicocodigorojo.com.mx\/wp-content\/uploads\/2019\/08\/asesinan-a-seis-personas-en-manzanillo-colima.jpg?fit=675%2C470&ssl=1&resize=350%2C200","width":350,"height":200,"srcset":"https:\/\/i0.wp.com\/mexicocodigorojo.com.mx\/wp-content\/uploads\/2019\/08\/asesinan-a-seis-personas-en-manzanillo-colima.jpg?fit=675%2C470&ssl=1&resize=350%2C200 1x, https:\/\/i0.wp.com\/mexicocodigorojo.com.mx\/wp-content\/uploads\/2019\/08\/asesinan-a-seis-personas-en-manzanillo-colima.jpg?fit=675%2C470&ssl=1&resize=525%2C300 1.5x"},"classes":[]},{"id":55297,"url":"https:\/\/mexicocodigorojo.com.mx\/?p=55297","url_meta":{"origin":53890,"position":1},"title":"Asesinan a la titular de la Unidad de Combate al Secuestro en Colima","author":"Staff","date":"enero 11, 2023","format":false,"excerpt":"La Fiscal\u00eda General del Estado (FGE) de Colima inform\u00f3 que\u00a0Martha Esther Rodr\u00edguez Cerna, titular de la Unidad de Combate al\u00a0Secuestro\u00a0en la entidad, muri\u00f3 cuando recib\u00eda\u00a0atenci\u00f3n\u00a0m\u00e9dica\u00a0luego de un\u00a0ataque\u00a0armado\u00a0en su contra. A trav\u00e9s de un comunicado, las autoridades detallaron que la agresi\u00f3n contra la servidora p\u00fablica se registr\u00f3 la ma\u00f1ana de este\u2026","rel":"","context":"En \u00abColima\u00bb","block_context":{"text":"Colima","link":"https:\/\/mexicocodigorojo.com.mx\/?cat=104"},"img":{"alt_text":"","src":"https:\/\/i0.wp.com\/mexicocodigorojo.com.mx\/wp-content\/uploads\/2023\/01\/ghhg.jpg?fit=800%2C350&ssl=1&resize=350%2C200","width":350,"height":200,"srcset":"https:\/\/i0.wp.com\/mexicocodigorojo.com.mx\/wp-content\/uploads\/2023\/01\/ghhg.jpg?fit=800%2C350&ssl=1&resize=350%2C200 1x, https:\/\/i0.wp.com\/mexicocodigorojo.com.mx\/wp-content\/uploads\/2023\/01\/ghhg.jpg?fit=800%2C350&ssl=1&resize=525%2C300 1.5x, https:\/\/i0.wp.com\/mexicocodigorojo.com.mx\/wp-content\/uploads\/2023\/01\/ghhg.jpg?fit=800%2C350&ssl=1&resize=700%2C400 2x"},"classes":[]},{"id":38922,"url":"https:\/\/mexicocodigorojo.com.mx\/?p=38922","url_meta":{"origin":53890,"position":2},"title":"Libreran a tres de los siete polic\u00edas de Colima desaparecidos en Jalisco","author":"Staff","date":"junio 1, 2020","format":false,"excerpt":"La noche del s\u00e1bado aparecieron con vida tres de los siete agentes estatales de Colima y dos civiles que\u00a0hab\u00edan sido privados de su libertad el jueves pasado, luego de su incursi\u00f3n en el estado de Jalisco. Mediante un comunicado, la Secretar\u00eda de Seguridad P\u00fablica (SSP) de Colima inform\u00f3 que son\u2026","rel":"","context":"En \u00abJalisco\u00bb","block_context":{"text":"Jalisco","link":"https:\/\/mexicocodigorojo.com.mx\/?cat=8"},"img":{"alt_text":"","src":"https:\/\/i0.wp.com\/mexicocodigorojo.com.mx\/wp-content\/uploads\/2020\/06\/camionetas-colima-870x522-1.jpg?fit=870%2C522&ssl=1&resize=350%2C200","width":350,"height":200,"srcset":"https:\/\/i0.wp.com\/mexicocodigorojo.com.mx\/wp-content\/uploads\/2020\/06\/camionetas-colima-870x522-1.jpg?fit=870%2C522&ssl=1&resize=350%2C200 1x, https:\/\/i0.wp.com\/mexicocodigorojo.com.mx\/wp-content\/uploads\/2020\/06\/camionetas-colima-870x522-1.jpg?fit=870%2C522&ssl=1&resize=525%2C300 1.5x, https:\/\/i0.wp.com\/mexicocodigorojo.com.mx\/wp-content\/uploads\/2020\/06\/camionetas-colima-870x522-1.jpg?fit=870%2C522&ssl=1&resize=700%2C400 2x"},"classes":[]},{"id":63463,"url":"https:\/\/mexicocodigorojo.com.mx\/?p=63463","url_meta":{"origin":53890,"position":3},"title":"La Marina neutraliza al \u2018Chabelo\u2019, l\u00edder del C\u00e1rtel de Sinaloa en Manzanillo","author":"Staff","date":"diciembre 16, 2024","format":false,"excerpt":"Cuatro muertos fue el saldo de una balacera y una persecuci\u00f3n en el municipio de Manzanillo, la tarde de este domingo. La\u00a0Fiscal\u00eda General del Estado de Colima, confirm\u00f3 la muerte de Jos\u00e9 Isabel \u201cN\u201d, alias el \u2018Chabelo\u2019, quien se desempe\u00f1aba como l\u00edder del\u00a0C\u00e1rtel de Sinaloa\u00a0en el municipio de Manzanillo. Un\u2026","rel":"","context":"En \u00abColima\u00bb","block_context":{"text":"Colima","link":"https:\/\/mexicocodigorojo.com.mx\/?cat=104"},"img":{"alt_text":"","src":"https:\/\/i0.wp.com\/mexicocodigorojo.com.mx\/wp-content\/uploads\/2024\/12\/3229452-1.jpg?fit=1200%2C900&ssl=1&resize=350%2C200","width":350,"height":200,"srcset":"https:\/\/i0.wp.com\/mexicocodigorojo.com.mx\/wp-content\/uploads\/2024\/12\/3229452-1.jpg?fit=1200%2C900&ssl=1&resize=350%2C200 1x, https:\/\/i0.wp.com\/mexicocodigorojo.com.mx\/wp-content\/uploads\/2024\/12\/3229452-1.jpg?fit=1200%2C900&ssl=1&resize=525%2C300 1.5x, https:\/\/i0.wp.com\/mexicocodigorojo.com.mx\/wp-content\/uploads\/2024\/12\/3229452-1.jpg?fit=1200%2C900&ssl=1&resize=700%2C400 2x, https:\/\/i0.wp.com\/mexicocodigorojo.com.mx\/wp-content\/uploads\/2024\/12\/3229452-1.jpg?fit=1200%2C900&ssl=1&resize=1050%2C600 3x"},"classes":[]},{"id":24464,"url":"https:\/\/mexicocodigorojo.com.mx\/?p=24464","url_meta":{"origin":53890,"position":4},"title":"Macabro hallazgo de nueva fosa clandestina en Colima; van 3 cuerpos","author":"Staff","date":"septiembre 30, 2019","format":false,"excerpt":"La FGE exhort\u00f3 a la poblaci\u00f3n a realizar las denuncias an\u00f3nimas a la l\u00ednea 089 y el reporte de las emergencias al 911 en caso de\u00a0encontrar m\u00e1s cad\u00e1veres\u00a0o tener informaci\u00f3n de otros entierros ilegales Minatitl\u00e1n, Colima.-\u00a0\u00a0La\u00a0Fiscal\u00eda General del Estado de\u00a0Colima\u00a0(FGE) inform\u00f3\u00a0el hallazgo de una nueva\u00a0fosa clandestina\u00a0en\u00a0Minatitl\u00e1n, de donde se han\u00a0extra\u00eddo\u2026","rel":"","context":"En \u00abColima\u00bb","block_context":{"text":"Colima","link":"https:\/\/mexicocodigorojo.com.mx\/?cat=104"},"img":{"alt_text":"","src":"https:\/\/i0.wp.com\/mexicocodigorojo.com.mx\/wp-content\/uploads\/2019\/09\/1_10.jpg_112278454.jpg?fit=1069%2C563&ssl=1&resize=350%2C200","width":350,"height":200,"srcset":"https:\/\/i0.wp.com\/mexicocodigorojo.com.mx\/wp-content\/uploads\/2019\/09\/1_10.jpg_112278454.jpg?fit=1069%2C563&ssl=1&resize=350%2C200 1x, https:\/\/i0.wp.com\/mexicocodigorojo.com.mx\/wp-content\/uploads\/2019\/09\/1_10.jpg_112278454.jpg?fit=1069%2C563&ssl=1&resize=525%2C300 1.5x, https:\/\/i0.wp.com\/mexicocodigorojo.com.mx\/wp-content\/uploads\/2019\/09\/1_10.jpg_112278454.jpg?fit=1069%2C563&ssl=1&resize=700%2C400 2x, https:\/\/i0.wp.com\/mexicocodigorojo.com.mx\/wp-content\/uploads\/2019\/09\/1_10.jpg_112278454.jpg?fit=1069%2C563&ssl=1&resize=1050%2C600 3x"},"classes":[]},{"id":20861,"url":"https:\/\/mexicocodigorojo.com.mx\/?p=20861","url_meta":{"origin":53890,"position":5},"title":"Ejecutan a hombre en Central de Autobuses en Colima","author":"Staff","date":"julio 30, 2019","format":false,"excerpt":"En la escena del crimen las autoridades contabilizaron 11 casquillos percutidos; las identidades de las personas est\u00e1n desconocidas. Sujetos armados irrumpieron la Central de Autobuses For\u00e1nea de Colima, ubicado frente a la Fiscal\u00eda General del Estado, para disparar en contra de un hombre minutos antes de que abordara un autob\u00fas;\u2026","rel":"","context":"En \u00abColima\u00bb","block_context":{"text":"Colima","link":"https:\/\/mexicocodigorojo.com.mx\/?cat=104"},"img":{"alt_text":"","src":"https:\/\/i0.wp.com\/mexicocodigorojo.com.mx\/wp-content\/uploads\/2019\/07\/colima_hombre_muerto.jpg_793492074.jpg?fit=718%2C452&ssl=1&resize=350%2C200","width":350,"height":200,"srcset":"https:\/\/i0.wp.com\/mexicocodigorojo.com.mx\/wp-content\/uploads\/2019\/07\/colima_hombre_muerto.jpg_793492074.jpg?fit=718%2C452&ssl=1&resize=350%2C200 1x, https:\/\/i0.wp.com\/mexicocodigorojo.com.mx\/wp-content\/uploads\/2019\/07\/colima_hombre_muerto.jpg_793492074.jpg?fit=718%2C452&ssl=1&resize=525%2C300 1.5x, https:\/\/i0.wp.com\/mexicocodigorojo.com.mx\/wp-content\/uploads\/2019\/07\/colima_hombre_muerto.jpg_793492074.jpg?fit=718%2C452&ssl=1&resize=700%2C400 2x"},"classes":[]}],"jetpack_sharing_enabled":true,"jetpack_likes_enabled":true,"jetpack_shortlink":"https:\/\/wp.me\/p9TedA-e1c","_links":{"self":[{"href":"https:\/\/mexicocodigorojo.com.mx\/index.php?rest_route=\/wp\/v2\/posts\/53890","targetHints":{"allow":["GET"]}}],"collection":[{"href":"https:\/\/mexicocodigorojo.com.mx\/index.php?rest_route=\/wp\/v2\/posts"}],"about":[{"href":"https:\/\/mexicocodigorojo.com.mx\/index.php?rest_route=\/wp\/v2\/types\/post"}],"author":[{"embeddable":true,"href":"https:\/\/mexicocodigorojo.com.mx\/index.php?rest_route=\/wp\/v2\/users\/5"}],"replies":[{"embeddable":true,"href":"https:\/\/mexicocodigorojo.com.mx\/index.php?rest_route=%2Fwp%2Fv2%2Fcomments&post=53890"}],"version-history":[{"count":1,"href":"https:\/\/mexicocodigorojo.com.mx\/index.php?rest_route=\/wp\/v2\/posts\/53890\/revisions"}],"predecessor-version":[{"id":53892,"href":"https:\/\/mexicocodigorojo.com.mx\/index.php?rest_route=\/wp\/v2\/posts\/53890\/revisions\/53892"}],"wp:featuredmedia":[{"embeddable":true,"href":"https:\/\/mexicocodigorojo.com.mx\/index.php?rest_route=\/wp\/v2\/media\/53891"}],"wp:attachment":[{"href":"https:\/\/mexicocodigorojo.com.mx\/index.php?rest_route=%2Fwp%2Fv2%2Fmedia&parent=53890"}],"wp:term":[{"taxonomy":"category","embeddable":true,"href":"https:\/\/mexicocodigorojo.com.mx\/index.php?rest_route=%2Fwp%2Fv2%2Fcategories&post=53890"},{"taxonomy":"post_tag","embeddable":true,"href":"https:\/\/mexicocodigorojo.com.mx\/index.php?rest_route=%2Fwp%2Fv2%2Ftags&post=53890"}],"curies":[{"name":"wp","href":"https:\/\/api.w.org\/{rel}","templated":true}]}}