{"id":53814,"date":"2022-08-25T11:30:31","date_gmt":"2022-08-25T16:30:31","guid":{"rendered":"https:\/\/mexicocodigorojo.com.mx\/2022\/08\/cae-el-cabo-20-presunto-autor-intelectual-del-asesinato-del-fotoperiodista-margarito-martinez\/"},"modified":"2022-08-25T11:33:41","modified_gmt":"2022-08-25T16:33:41","slug":"cae-el-cabo-20-presunto-autor-intelectual-del-asesinato-del-fotoperiodista-margarito-martinez","status":"publish","type":"post","link":"https:\/\/mexicocodigorojo.com.mx\/?p=53814","title":{"rendered":"Cae \u2018El Cabo 20\u2019, presunto autor intelectual del asesinato del fotoperiodista Margarito Mart\u00ednez"},"content":{"rendered":"\n<p>La detenci\u00f3n se realiz\u00f3 en Nuevo Le\u00f3n, inform\u00f3 el fiscal de Baja California, Ricardo Carpio. De acuerdo con el funcionario, se trata del principal generador de violencia en el estado.<br \/>David \u201cN\u201d, conocido como \u2018El Cabo 20\u2019, fue detenido este mi\u00e9rcoles en un operativo en donde participaron autoridades de los tres niveles de gobierno.<\/p>\n\n\n\n<p>De acuerdo con el fiscal general de Baja California, Ricardo Iv\u00e1n Carpio, la detenci\u00f3n del capo tuvo lugar en Nuevo Le\u00f3n; sin embargo, fue mediante tareas de inteligencia conjunta entre las entidades y elementos federales que se tuvo conocimiento de su ubicaci\u00f3n y posterior detenci\u00f3n.<\/p>\n\n\n\n<p>En conferencia de prensa, el funcionario se\u00f1al\u00f3 que el capo es se\u00f1alado como el principal generador de violencia en la entidad, adem\u00e1s de que es acusado de ser el autor intelectual del asesinato del fotoperiodista Margarito Mart\u00ednez.<\/p>\n\n\n\n<p>El fotoperiodista Margarito Mart\u00ednez Esquivel fue asesinado el 17 de enero pasado en Tijuana, Baja California, al salir de su domicilio.<\/p>\n\n\n\n<p>La Fiscal\u00eda de Baja California inform\u00f3 en marzo pasado que el autor intelectual del asesinato habr\u00eda pagado 40 mil pesos para que le quitaran la vida.<\/p>\n\n\n\n<p>El fiscal Iv\u00e1n Ricardo Carpio asegur\u00f3 en conferencia de prensa que el homicidio se debi\u00f3 a que el delincuente consider\u00f3 que las publicaciones de Mart\u00ednez Esquivel \u201cestaban contribuyendo al desprestigio de su c\u00e9lula delictiva\u201d, por lo que el asesinato ocurri\u00f3 por su labor period\u00edstica.<\/p>\n\n\n\n<p>\u201cEl asesinato se debi\u00f3 a una serie de publicaciones en medios de comunicaci\u00f3n locales como el Semanario Zeta\u201d, dijo el fiscal.<\/p>\n\n\n\n<p>Hasta este 24 de agosto, en M\u00e9xico suman 15 periodistas asesinados.<\/p>\n","protected":false},"excerpt":{"rendered":"<p>La detenci\u00f3n se realiz\u00f3 en Nuevo Le\u00f3n, inform\u00f3 el fiscal de Baja California, Ricardo Carpio. De acuerdo con el funcionario, se trata del principal generador de violencia en el estado.David \u201cN\u201d, conocido como \u2018El Cabo 20\u2019, fue detenido este mi\u00e9rcoles en un operativo en donde participaron autoridades de los tres niveles de gobierno. De acuerdo [&hellip;]<\/p>\n","protected":false},"author":5,"featured_media":0,"comment_status":"closed","ping_status":"","sticky":false,"template":"","format":"standard","meta":{"_uf_show_specific_survey":0,"_uf_disable_surveys":false,"advanced_seo_description":"","jetpack_seo_html_title":"","jetpack_seo_noindex":false,"jetpack_post_was_ever_published":false,"_jetpack_newsletter_access":"","_jetpack_dont_email_post_to_subs":false,"_jetpack_newsletter_tier_id":0,"_jetpack_memberships_contains_paywalled_content":false,"_jetpack_memberships_contains_paid_content":false,"footnotes":"","jetpack_publicize_message":"#BajaCalifornia | El fotoperiodista Margarito Mart\u00ednez Esquivel fue asesinado el 17 de enero pasado en Tijuana, Baja California","jetpack_publicize_feature_enabled":true,"jetpack_social_post_already_shared":true,"jetpack_social_options":{"image_generator_settings":{"template":"highway","default_image_id":0,"font":"","enabled":false},"version":2}},"categories":[1724],"tags":[858,58,225],"class_list":{"0":"post-53814","1":"post","2":"type-post","3":"status-publish","4":"format-standard","6":"category-featured","7":"tag-homicidio","8":"tag-frontera","9":"tag-narcotrafico"},"jetpack_publicize_connections":[],"jetpack_featured_media_url":"","jetpack-related-posts":[{"id":63782,"url":"https:\/\/mexicocodigorojo.com.mx\/?p=63782","url_meta":{"origin":53814,"position":0},"title":"Amanecer de fuego en Nuevo Laredo: Capturan a l\u00edder del C\u00e1rtel del Noreste en operativo inter-agencial","author":"MexicoRojoCvmx","date":"febrero 3, 2025","format":false,"excerpt":"La calma del amanecer en Nuevo Laredo, Tamaulipas, fue abruptamente interrumpida este lunes 3 de febrero por el estruendo de una intensa balacera. La operaci\u00f3n, ejecutada por fuerzas combinadas de la SEDENA, la Secretar\u00eda de Marina y la Secretar\u00eda de Seguridad P\u00fablica bajo la direcci\u00f3n de Omar Garc\u00eda Harfuch, culmin\u00f3\u2026","rel":"","context":"En \u00abFeatured\u00bb","block_context":{"text":"Featured","link":"https:\/\/mexicocodigorojo.com.mx\/?cat=1724"},"img":{"alt_text":"","src":"https:\/\/i0.wp.com\/mexicocodigorojo.com.mx\/wp-content\/uploads\/2025\/02\/Captura-de-pantalla-2025-02-03-124124.png?fit=1200%2C703&ssl=1&resize=350%2C200","width":350,"height":200,"srcset":"https:\/\/i0.wp.com\/mexicocodigorojo.com.mx\/wp-content\/uploads\/2025\/02\/Captura-de-pantalla-2025-02-03-124124.png?fit=1200%2C703&ssl=1&resize=350%2C200 1x, https:\/\/i0.wp.com\/mexicocodigorojo.com.mx\/wp-content\/uploads\/2025\/02\/Captura-de-pantalla-2025-02-03-124124.png?fit=1200%2C703&ssl=1&resize=525%2C300 1.5x, https:\/\/i0.wp.com\/mexicocodigorojo.com.mx\/wp-content\/uploads\/2025\/02\/Captura-de-pantalla-2025-02-03-124124.png?fit=1200%2C703&ssl=1&resize=700%2C400 2x, https:\/\/i0.wp.com\/mexicocodigorojo.com.mx\/wp-content\/uploads\/2025\/02\/Captura-de-pantalla-2025-02-03-124124.png?fit=1200%2C703&ssl=1&resize=1050%2C600 3x"},"classes":[]},{"id":54141,"url":"https:\/\/mexicocodigorojo.com.mx\/?p=54141","url_meta":{"origin":53814,"position":1},"title":"Hallan narcomanta contra elementos de Mexicali tras emboscada","author":"Staff","date":"septiembre 23, 2022","format":false,"excerpt":"MEXICALI, BC.- A dos d\u00edas de la emboscada que integrantes del crimen organizado emprendieron contra agentes municipales de la ciudad de San Felipe y donde mataron al subdirector y a un comandante polic\u00edacos, este d\u00eda apareci\u00f3 una manta en contra de elementos de Mexicali. \u201cAndres Roberto Soto Games 85 Palomo\u2026","rel":"","context":"En \u00abBaja California\u00bb","block_context":{"text":"Baja California","link":"https:\/\/mexicocodigorojo.com.mx\/?cat=130"},"img":{"alt_text":"","src":"https:\/\/i0.wp.com\/mexicocodigorojo.com.mx\/wp-content\/uploads\/2022\/09\/f800x450-155520_206966_5050.jpg?fit=800%2C450&ssl=1&resize=350%2C200","width":350,"height":200,"srcset":"https:\/\/i0.wp.com\/mexicocodigorojo.com.mx\/wp-content\/uploads\/2022\/09\/f800x450-155520_206966_5050.jpg?fit=800%2C450&ssl=1&resize=350%2C200 1x, https:\/\/i0.wp.com\/mexicocodigorojo.com.mx\/wp-content\/uploads\/2022\/09\/f800x450-155520_206966_5050.jpg?fit=800%2C450&ssl=1&resize=525%2C300 1.5x, https:\/\/i0.wp.com\/mexicocodigorojo.com.mx\/wp-content\/uploads\/2022\/09\/f800x450-155520_206966_5050.jpg?fit=800%2C450&ssl=1&resize=700%2C400 2x"},"classes":[]},{"id":64442,"url":"https:\/\/mexicocodigorojo.com.mx\/?p=64442","url_meta":{"origin":53814,"position":2},"title":"Capturan en Cerralvo a \u201cEl Kalilla\u201d, presunto l\u00edder criminal del noreste","author":"MexicoRojoCvmx","date":"julio 24, 2025","format":false,"excerpt":"Cerralvo, Nuevo Le\u00f3n.\u2013 En una operaci\u00f3n de precisi\u00f3n, elementos de la Fuerza Civil lograron la detenci\u00f3n de Carlos Israel \u201cN\u201d, alias \u201cEl Kalilla\u201d, presunto l\u00edder de una c\u00e9lula criminal con operaci\u00f3n en el noreste del pa\u00eds. La captura se dio como resultado de trabajos de inteligencia coordinados entre corporaciones de\u2026","rel":"","context":"En \u00abFeatured\u00bb","block_context":{"text":"Featured","link":"https:\/\/mexicocodigorojo.com.mx\/?cat=1724"},"img":{"alt_text":"","src":"https:\/\/i0.wp.com\/mexicocodigorojo.com.mx\/wp-content\/uploads\/2025\/07\/521015189_122134169018859930_5491331249752594547_n.jpg?fit=1200%2C569&ssl=1&resize=350%2C200","width":350,"height":200,"srcset":"https:\/\/i0.wp.com\/mexicocodigorojo.com.mx\/wp-content\/uploads\/2025\/07\/521015189_122134169018859930_5491331249752594547_n.jpg?fit=1200%2C569&ssl=1&resize=350%2C200 1x, https:\/\/i0.wp.com\/mexicocodigorojo.com.mx\/wp-content\/uploads\/2025\/07\/521015189_122134169018859930_5491331249752594547_n.jpg?fit=1200%2C569&ssl=1&resize=525%2C300 1.5x, https:\/\/i0.wp.com\/mexicocodigorojo.com.mx\/wp-content\/uploads\/2025\/07\/521015189_122134169018859930_5491331249752594547_n.jpg?fit=1200%2C569&ssl=1&resize=700%2C400 2x, https:\/\/i0.wp.com\/mexicocodigorojo.com.mx\/wp-content\/uploads\/2025\/07\/521015189_122134169018859930_5491331249752594547_n.jpg?fit=1200%2C569&ssl=1&resize=1050%2C600 3x"},"classes":[]},{"id":57845,"url":"https:\/\/mexicocodigorojo.com.mx\/?p=57845","url_meta":{"origin":53814,"position":3},"title":"VIDEO Detienen al Diablo en Juarez Nuevo Leon Jefe Regional de grupo delictivo de Nuevo Laredo","author":"MexicoRojo","date":"octubre 26, 2023","format":false,"excerpt":"\"Tras una persecuci\u00f3n y un enfrentamiento que\u00a0Polic\u00edas de Ju\u00e1rez,\u00a0Nuevo Le\u00f3n\u00a0tuvieron el lunes con hombres armados fue detenido un sujeto apodado como El Comandante Diablo l\u00edder regional\u00a0del C\u00e1rtel del Noreste (CDN) generador de violencia en el estado. \u00a0 \u00a0 Fueron tres sujetos armados del CDN los que intercambiaron disparos con Polic\u00edas\u00a0Municipales\u2026","rel":"","context":"En \u00abFeatured\u00bb","block_context":{"text":"Featured","link":"https:\/\/mexicocodigorojo.com.mx\/?cat=1724"},"img":{"alt_text":"","src":"https:\/\/i0.wp.com\/mexicocodigorojo.com.mx\/wp-content\/uploads\/2023\/10\/20231026_113222.jpg?fit=1170%2C775&ssl=1&resize=350%2C200","width":350,"height":200,"srcset":"https:\/\/i0.wp.com\/mexicocodigorojo.com.mx\/wp-content\/uploads\/2023\/10\/20231026_113222.jpg?fit=1170%2C775&ssl=1&resize=350%2C200 1x, https:\/\/i0.wp.com\/mexicocodigorojo.com.mx\/wp-content\/uploads\/2023\/10\/20231026_113222.jpg?fit=1170%2C775&ssl=1&resize=525%2C300 1.5x, https:\/\/i0.wp.com\/mexicocodigorojo.com.mx\/wp-content\/uploads\/2023\/10\/20231026_113222.jpg?fit=1170%2C775&ssl=1&resize=700%2C400 2x, https:\/\/i0.wp.com\/mexicocodigorojo.com.mx\/wp-content\/uploads\/2023\/10\/20231026_113222.jpg?fit=1170%2C775&ssl=1&resize=1050%2C600 3x"},"classes":[]},{"id":7859,"url":"https:\/\/mexicocodigorojo.com.mx\/?p=7859","url_meta":{"origin":53814,"position":4},"title":"Detienen a implicado en el homicidio y desaparici\u00f3n de las 2 j\u00f3venes en San Jos\u00e9 del Cabo","author":"Staff","date":"noviembre 3, 2018","format":false,"excerpt":"El implicado fue localizado en otra entidad, mismo que ya fue capturado y regresado a Baja California Sur. La Paz, Baja California Sur (BCS). La Procuradur\u00eda General de Justicia del Estado (PGJE) dio a conocer, en una conferencia de prensa, que la detenci\u00f3n del supuesto autor material del homicidio de\u2026","rel":"","context":"En \u00abBaja California Sur\u00bb","block_context":{"text":"Baja California Sur","link":"https:\/\/mexicocodigorojo.com.mx\/?cat=134"},"img":{"alt_text":"","src":"https:\/\/i0.wp.com\/mexicocodigorojo.com.mx\/wp-content\/uploads\/2018\/11\/joselyn-jesenia-990x660.jpg?fit=990%2C660&ssl=1&resize=350%2C200","width":350,"height":200,"srcset":"https:\/\/i0.wp.com\/mexicocodigorojo.com.mx\/wp-content\/uploads\/2018\/11\/joselyn-jesenia-990x660.jpg?fit=990%2C660&ssl=1&resize=350%2C200 1x, https:\/\/i0.wp.com\/mexicocodigorojo.com.mx\/wp-content\/uploads\/2018\/11\/joselyn-jesenia-990x660.jpg?fit=990%2C660&ssl=1&resize=525%2C300 1.5x, https:\/\/i0.wp.com\/mexicocodigorojo.com.mx\/wp-content\/uploads\/2018\/11\/joselyn-jesenia-990x660.jpg?fit=990%2C660&ssl=1&resize=700%2C400 2x"},"classes":[]},{"id":20572,"url":"https:\/\/mexicocodigorojo.com.mx\/?p=20572","url_meta":{"origin":53814,"position":5},"title":"EL Z-42 SENTENCIADO A 18 A\u00d1OS DE C\u00c1RCEL","author":"Staff","date":"julio 25, 2019","format":false,"excerpt":"Un agente del Ministerio P\u00fablico Federal dict\u00f3 sentencia condenatoria por 18 a\u00f1os de prisi\u00f3n en contra de \u00d3scar Omar Trevi\u00f1o Morales, el Z-42, por operaci\u00f3n de recursos de procedencia il\u00edcita, inform\u00f3 la Fiscal\u00eda General de la Rep\u00fablica en un comunicado. El capo del C\u00e1rtel de los Zetas, quien fue detenido\u2026","rel":"","context":"En \u00abTamaulipas\u00bb","block_context":{"text":"Tamaulipas","link":"https:\/\/mexicocodigorojo.com.mx\/?cat=2"},"img":{"alt_text":"","src":"https:\/\/i0.wp.com\/mexicocodigorojo.com.mx\/wp-content\/uploads\/2019\/07\/67035763_849417768776668_6483030280343912448_n.jpg?fit=750%2C500&ssl=1&resize=350%2C200","width":350,"height":200,"srcset":"https:\/\/i0.wp.com\/mexicocodigorojo.com.mx\/wp-content\/uploads\/2019\/07\/67035763_849417768776668_6483030280343912448_n.jpg?fit=750%2C500&ssl=1&resize=350%2C200 1x, https:\/\/i0.wp.com\/mexicocodigorojo.com.mx\/wp-content\/uploads\/2019\/07\/67035763_849417768776668_6483030280343912448_n.jpg?fit=750%2C500&ssl=1&resize=525%2C300 1.5x, https:\/\/i0.wp.com\/mexicocodigorojo.com.mx\/wp-content\/uploads\/2019\/07\/67035763_849417768776668_6483030280343912448_n.jpg?fit=750%2C500&ssl=1&resize=700%2C400 2x"},"classes":[]}],"jetpack_sharing_enabled":true,"jetpack_likes_enabled":true,"jetpack_shortlink":"https:\/\/wp.me\/p9TedA-dZY","_links":{"self":[{"href":"https:\/\/mexicocodigorojo.com.mx\/index.php?rest_route=\/wp\/v2\/posts\/53814","targetHints":{"allow":["GET"]}}],"collection":[{"href":"https:\/\/mexicocodigorojo.com.mx\/index.php?rest_route=\/wp\/v2\/posts"}],"about":[{"href":"https:\/\/mexicocodigorojo.com.mx\/index.php?rest_route=\/wp\/v2\/types\/post"}],"author":[{"embeddable":true,"href":"https:\/\/mexicocodigorojo.com.mx\/index.php?rest_route=\/wp\/v2\/users\/5"}],"replies":[{"embeddable":true,"href":"https:\/\/mexicocodigorojo.com.mx\/index.php?rest_route=%2Fwp%2Fv2%2Fcomments&post=53814"}],"version-history":[{"count":1,"href":"https:\/\/mexicocodigorojo.com.mx\/index.php?rest_route=\/wp\/v2\/posts\/53814\/revisions"}],"predecessor-version":[{"id":53815,"href":"https:\/\/mexicocodigorojo.com.mx\/index.php?rest_route=\/wp\/v2\/posts\/53814\/revisions\/53815"}],"wp:attachment":[{"href":"https:\/\/mexicocodigorojo.com.mx\/index.php?rest_route=%2Fwp%2Fv2%2Fmedia&parent=53814"}],"wp:term":[{"taxonomy":"category","embeddable":true,"href":"https:\/\/mexicocodigorojo.com.mx\/index.php?rest_route=%2Fwp%2Fv2%2Fcategories&post=53814"},{"taxonomy":"post_tag","embeddable":true,"href":"https:\/\/mexicocodigorojo.com.mx\/index.php?rest_route=%2Fwp%2Fv2%2Ftags&post=53814"}],"curies":[{"name":"wp","href":"https:\/\/api.w.org\/{rel}","templated":true}]}}