{"id":53785,"date":"2022-08-22T21:07:20","date_gmt":"2022-08-23T02:07:20","guid":{"rendered":"https:\/\/mexicocodigorojo.com.mx\/?p=53785"},"modified":"2022-08-22T21:12:32","modified_gmt":"2022-08-23T02:12:32","slug":"dan-60-anos-de-prision-a-secuestradores-de-erick","status":"publish","type":"post","link":"https:\/\/mexicocodigorojo.com.mx\/?p=53785","title":{"rendered":"Dan 60 a\u00f1os de prisi\u00f3n a secuestradores de Erick"},"content":{"rendered":"<p>La Fiscal\u00eda General de Justicia del Estado de Tamaulipas informa que el Agente del Ministerio P\u00fablico, adscrito a la Unidad Especializada en Combate al Secuestro (UECS), realiz\u00f3 las acciones jur\u00eddicas necesarias para que fuera dictada condena de 60 a\u00f1os de prisi\u00f3n, en contra de Irvin Emmanuel \u00abP\u00bb y Eros Gabriel \u00abH\u00bb, por el delito de Secuestro Agravado.<\/p>\n<p>Un Tribunal de Enjuiciamiento emiti\u00f3 la condena, despu\u00e9s de que el Representante Social presentara elementos de prueba que acreditaron la responsabilidad de los hoy sentenciados en el citado delito, registrado el 06 de febrero de 2019, en el fraccionamiento Del Valle, de esta ciudad.<\/p>\n<p>Adem\u00e1s, la autoridad judicial estableci\u00f3 que Irvin Emmanuel \u00abP\u00bb y Eros Gabriel \u00abH\u00bb deber\u00e1n pagar la cantidad de 760 mil, 410 pesos como multa cada uno y un mill\u00f3n de pesos como reparaci\u00f3n integral del da\u00f1o; as\u00ed como amonestaci\u00f3n p\u00fablica y la privaci\u00f3n de sus derechos civiles y pol\u00edticos durante su confinamiento.<\/p>\n<p>Fue el mi\u00e9rcoles 6 de febrero del 2019 cuando ocurri\u00f3 la desaparici\u00f3n del joven Erick \u00b4N\u00b4 al circular por la avenida Del Valle a bordo de un veh\u00edculo Jeep Liberty; los plagiadores pedir\u00edan un rescate a cambio de la presentaci\u00f3n del secuestrado.<\/p>\n<p>Sin embargo al d\u00eda siguiente se localiz\u00f3 el cuerpo sin vida de un joven a la altura del 45 Ju\u00e1rez en una colonia al poniente de Ciudad Victoria, el cual posteriormente se confirm\u00f3 que se trataba del buscado; el viernes siguiente fueron detenidos por agentes antisecuestros \u00d3scar Joel \u00b4N\u00b4, Julieta Lizzeth \u00b4N\u00b4 y Marco Antonio \u00b4N\u00b4, quienes fueron presentados esta semana ante el juez.<\/p>\n<p>Trascendi\u00f3 que la v\u00edctima conoc\u00eda a quienes luego ser\u00edan sus ejecutores y que se habr\u00eda pagado rescate y a\u00fan as\u00ed lo mataron, presumiblemente para evitar los reconociera ante las autoridades.<\/p>\n<p>El secuestro y asesinato del joven deportista causo conmoci\u00f3n entre la sociedad victorease, quienes ped\u00edan que fueran esclarecidos los hechos de este crimen.<\/p>\n","protected":false},"excerpt":{"rendered":"<p>La Fiscal\u00eda General de Justicia del Estado de Tamaulipas informa que el Agente del Ministerio P\u00fablico, adscrito a la Unidad Especializada en Combate al Secuestro (UECS), realiz\u00f3 las acciones jur\u00eddicas necesarias para que fuera dictada condena de 60 a\u00f1os de prisi\u00f3n, en contra de Irvin Emmanuel \u00abP\u00bb y Eros Gabriel \u00abH\u00bb, por el delito de [&hellip;]<\/p>\n","protected":false},"author":21,"featured_media":53786,"comment_status":"closed","ping_status":"closed","sticky":false,"template":"","format":"standard","meta":{"_uf_show_specific_survey":0,"_uf_disable_surveys":false,"advanced_seo_description":"","jetpack_seo_html_title":"","jetpack_seo_noindex":false,"jetpack_post_was_ever_published":false,"_jetpack_newsletter_access":"","_jetpack_dont_email_post_to_subs":false,"_jetpack_newsletter_tier_id":0,"_jetpack_memberships_contains_paywalled_content":false,"_jetpack_memberships_contains_paid_content":false,"footnotes":"","jetpack_publicize_message":"Dan 60 a\u00f1os de prisi\u00f3n a secuestradores de Erick #Tamaulipas","jetpack_publicize_feature_enabled":true,"jetpack_social_post_already_shared":true,"jetpack_social_options":{"image_generator_settings":{"template":"highway","default_image_id":0,"font":"","enabled":false},"version":2}},"categories":[1724],"tags":[],"class_list":{"0":"post-53785","1":"post","2":"type-post","3":"status-publish","4":"format-standard","5":"has-post-thumbnail","7":"category-featured"},"jetpack_publicize_connections":[],"jetpack_featured_media_url":"https:\/\/i0.wp.com\/mexicocodigorojo.com.mx\/wp-content\/uploads\/2022\/08\/ajuste-374bd5c1-focus-min0.01-0.05-628-524.jpg?fit=628%2C524&ssl=1","jetpack-related-posts":[{"id":15818,"url":"https:\/\/mexicocodigorojo.com.mx\/?p=15818","url_meta":{"origin":53785,"position":0},"title":"Caen dos m\u00e1s por el secuestro de un joven asesinado en Ciudad Victoria","author":"Staff","date":"marzo 28, 2019","format":false,"excerpt":"Ciudad Victoria, Tamaulipas.- La Procuradur\u00eda General de Justicia de Tamaulipas informa que fue vinculado a proceso Irvin Emmanuel \u201cN\u201d y Eros Gabriel \u201cN\u201d por el delito de secuestro agravado. Un Juez de Control decret\u00f3 la vinculaci\u00f3n a proceso, despu\u00e9s de que el agente del Ministerio P\u00fablico presentara elementos suficientes que\u2026","rel":"","context":"En \u00abTamaulipas\u00bb","block_context":{"text":"Tamaulipas","link":"https:\/\/mexicocodigorojo.com.mx\/?cat=2"},"img":{"alt_text":"","src":"","width":0,"height":0},"classes":[]},{"id":31536,"url":"https:\/\/mexicocodigorojo.com.mx\/?p=31536","url_meta":{"origin":53785,"position":1},"title":"3 ministeriales de Tamaulipas reciben condena de 140 a\u00f1os por secuestro","author":"Staff","date":"enero 28, 2020","format":false,"excerpt":"Ciudad Victoria, Tamaulipas.- El Agente del Ministerio P\u00fablico de la Fiscal\u00eda General de Justicia del Estado de Tamaulipas (FGJET) logr\u00f3 que fuera dictada condena de 140 a\u00f1os de prisi\u00f3n en contra de Gerardo \u201cC\u201d, Natividad \u201cO\u201d y Leonardo Daniel \u201cS\u201d por el delito de secuestro agravado. Un Tribunal de Enjuiciamiento\u2026","rel":"","context":"En \u00abTamaulipas\u00bb","block_context":{"text":"Tamaulipas","link":"https:\/\/mexicocodigorojo.com.mx\/?cat=2"},"img":{"alt_text":"","src":"https:\/\/i0.wp.com\/secureservercdn.net\/166.62.108.22\/cg1.af3.myftpupload.com\/wp-content\/uploads\/2020\/01\/bbc90216-8f56-41f2-9e90-ef6eee74daee.jpg?resize=350%2C200&ssl=1","width":350,"height":200},"classes":[]},{"id":24567,"url":"https:\/\/mexicocodigorojo.com.mx\/?p=24567","url_meta":{"origin":53785,"position":2},"title":"Sentencia de 40 a\u00f1os de prisi\u00f3n a Edgar por secuestro en Reynosa","author":"Staff","date":"octubre 2, 2019","format":false,"excerpt":"Octubre 02 de 2019 PGJE-274-2019 Reynosa, Tamaulipas.- La Procuradur\u00eda General de Justicia de Tamaulipas informa que fue dictada sentencia de 40 a\u00f1os de prisi\u00f3n en contra de Edgar \u201cN\u201d por el delito de secuestro. El Agente del Ministerio P\u00fablico logro acreditar fehacientemente ante la autoridad judicial la responsabilidad del hoy\u2026","rel":"","context":"En \u00abTamaulipas\u00bb","block_context":{"text":"Tamaulipas","link":"https:\/\/mexicocodigorojo.com.mx\/?cat=2"},"img":{"alt_text":"","src":"","width":0,"height":0},"classes":[]},{"id":50311,"url":"https:\/\/mexicocodigorojo.com.mx\/?p=50311","url_meta":{"origin":53785,"position":3},"title":"Juez dicta condena de un siglo de prisi\u00f3n por secuestro","author":"Staff","date":"julio 19, 2021","format":false,"excerpt":"Tampico, Tamaulipas. - La Fiscal\u00eda General de Justicia del Estado de Tamaulipas informa que fue dictada condena de 100 a\u00f1os de prisi\u00f3n en contra de Bernab\u00e9 \u201cN\u201d, por el delito de Secuestro Agravado. Un Tribunal de Enjuiciamiento emiti\u00f3 la condena despu\u00e9s de que el Agente del Ministerio P\u00fablico present\u00f3 elementos\u2026","rel":"","context":"En \u00abFeatured\u00bb","block_context":{"text":"Featured","link":"https:\/\/mexicocodigorojo.com.mx\/?cat=1724"},"img":{"alt_text":"","src":"https:\/\/i0.wp.com\/mexicocodigorojo.com.mx\/wp-content\/uploads\/2021\/07\/IMG-20210719-WA0050.jpg?fit=421%2C569&ssl=1&resize=350%2C200","width":350,"height":200},"classes":[]},{"id":21104,"url":"https:\/\/mexicocodigorojo.com.mx\/?p=21104","url_meta":{"origin":53785,"position":4},"title":"LOGR\u00d3 MP SENTENCIA DE 90 A\u00d1OS DE PRISI\u00d3N POR EL DELITO DE SECUESTRO EN REYNOSA","author":"Staff","date":"agosto 3, 2019","format":false,"excerpt":"Reynosa, Tamaulipas. \u2013 La Procuradur\u00eda General de Justicia de Tamaulipas informa que el Agente del Ministerio P\u00fablico logr\u00f3 se dictara sentencia de 90 a\u00f1os de prisi\u00f3n en contra de Jorge Alberto \u201cN\u201d por el delito de secuestro agravado. Un Tribunal de Enjuiciamiento emiti\u00f3 la condena despu\u00e9s de que se demostrara\u2026","rel":"","context":"En \u00abTamaulipas\u00bb","block_context":{"text":"Tamaulipas","link":"https:\/\/mexicocodigorojo.com.mx\/?cat=2"},"img":{"alt_text":"","src":"https:\/\/i0.wp.com\/mexicocodigorojo.com.mx\/wp-content\/uploads\/2019\/08\/secuetro.jpg?fit=1200%2C600&ssl=1&resize=350%2C200","width":350,"height":200,"srcset":"https:\/\/i0.wp.com\/mexicocodigorojo.com.mx\/wp-content\/uploads\/2019\/08\/secuetro.jpg?fit=1200%2C600&ssl=1&resize=350%2C200 1x, https:\/\/i0.wp.com\/mexicocodigorojo.com.mx\/wp-content\/uploads\/2019\/08\/secuetro.jpg?fit=1200%2C600&ssl=1&resize=525%2C300 1.5x, https:\/\/i0.wp.com\/mexicocodigorojo.com.mx\/wp-content\/uploads\/2019\/08\/secuetro.jpg?fit=1200%2C600&ssl=1&resize=700%2C400 2x, https:\/\/i0.wp.com\/mexicocodigorojo.com.mx\/wp-content\/uploads\/2019\/08\/secuetro.jpg?fit=1200%2C600&ssl=1&resize=1050%2C600 3x"},"classes":[]},{"id":47200,"url":"https:\/\/mexicocodigorojo.com.mx\/?p=47200","url_meta":{"origin":53785,"position":5},"title":"Dictan sentencia de 50 a\u00f1os por secuestro a Margarito en Tamaulipas","author":"Staff","date":"febrero 22, 2021","format":false,"excerpt":"Ciudad Victoria, Tamaulipas.- El Representante Social de la Fiscal\u00eda General de Justicia del Estado de Tamaulipas logr\u00f3 que fuera dictada condena de 50 a\u00f1os de prisi\u00f3n en contra de Margarito \u201cJ\u201d por el delito de Secuestro. Un Tribunal de Enjuiciamiento emiti\u00f3 la condena, despu\u00e9s de que el Representante Social acreditara\u2026","rel":"","context":"En \u00abFeatured\u00bb","block_context":{"text":"Featured","link":"https:\/\/mexicocodigorojo.com.mx\/?cat=1724"},"img":{"alt_text":"","src":"","width":0,"height":0},"classes":[]}],"jetpack_sharing_enabled":true,"jetpack_likes_enabled":true,"jetpack_shortlink":"https:\/\/wp.me\/p9TedA-dZv","_links":{"self":[{"href":"https:\/\/mexicocodigorojo.com.mx\/index.php?rest_route=\/wp\/v2\/posts\/53785","targetHints":{"allow":["GET"]}}],"collection":[{"href":"https:\/\/mexicocodigorojo.com.mx\/index.php?rest_route=\/wp\/v2\/posts"}],"about":[{"href":"https:\/\/mexicocodigorojo.com.mx\/index.php?rest_route=\/wp\/v2\/types\/post"}],"author":[{"embeddable":true,"href":"https:\/\/mexicocodigorojo.com.mx\/index.php?rest_route=\/wp\/v2\/users\/21"}],"replies":[{"embeddable":true,"href":"https:\/\/mexicocodigorojo.com.mx\/index.php?rest_route=%2Fwp%2Fv2%2Fcomments&post=53785"}],"version-history":[{"count":1,"href":"https:\/\/mexicocodigorojo.com.mx\/index.php?rest_route=\/wp\/v2\/posts\/53785\/revisions"}],"predecessor-version":[{"id":53787,"href":"https:\/\/mexicocodigorojo.com.mx\/index.php?rest_route=\/wp\/v2\/posts\/53785\/revisions\/53787"}],"wp:featuredmedia":[{"embeddable":true,"href":"https:\/\/mexicocodigorojo.com.mx\/index.php?rest_route=\/wp\/v2\/media\/53786"}],"wp:attachment":[{"href":"https:\/\/mexicocodigorojo.com.mx\/index.php?rest_route=%2Fwp%2Fv2%2Fmedia&parent=53785"}],"wp:term":[{"taxonomy":"category","embeddable":true,"href":"https:\/\/mexicocodigorojo.com.mx\/index.php?rest_route=%2Fwp%2Fv2%2Fcategories&post=53785"},{"taxonomy":"post_tag","embeddable":true,"href":"https:\/\/mexicocodigorojo.com.mx\/index.php?rest_route=%2Fwp%2Fv2%2Ftags&post=53785"}],"curies":[{"name":"wp","href":"https:\/\/api.w.org\/{rel}","templated":true}]}}