{"id":53778,"date":"2022-08-22T20:49:34","date_gmt":"2022-08-23T01:49:34","guid":{"rendered":"https:\/\/mexicocodigorojo.com.mx\/?p=53778"},"modified":"2022-08-22T20:53:18","modified_gmt":"2022-08-23T01:53:18","slug":"identifican-como-sicario-de-una-celula-criminal-a-presunto-asesino-del-hijo-del-presidente-municipal-de-celaya","status":"publish","type":"post","link":"https:\/\/mexicocodigorojo.com.mx\/?p=53778","title":{"rendered":"Identifican como sicario de una c\u00e9lula criminal a presunto asesino del hijo del presidente municipal de Celaya"},"content":{"rendered":"<p>Celaya.- Juan Antonio, alias \u201cEl Tambor\u201d o \u201cEl Mares\u201d, identificado por la Fiscal\u00eda General del Estado (FGE) como sicario de una c\u00e9lula criminal, es el presunto asesino de Guillermo Mendoza Su\u00e1rez, hijo del alcalde de Celaya, Javier Mendoza M\u00e1rquez.<\/p>\n<p>La FGE se\u00f1al\u00f3 a Juan Antonio como el autor material del homicidio de Guillermo, a quien presuntamente sorprendi\u00f3 la tarde del pasado 17 de agosto afuera de la farmacia Guadalajara de la avenida 2 de Abril de la colonia Villa de los Reyes y le dispar\u00f3 a trav\u00e9s de las ventanillas de su camioneta.<\/p>\n<p>\u201cSe logr\u00f3 identificar y ubicar al autor material del atroz crimen, quien se encontraba con una c\u00e9lula criminal y manten\u00edan privada de la libertad a una joven\u201d, inform\u00f3 la fiscal\u00eda.<\/p>\n<p>En un operativo elementos de corporaciones de los tres niveles de Gobierno, detuvieron a cuatro hombres y a una mujer en flagrancia por tener privada de su libertad a una menor de edad, entre ellos a Juan Antonio.<\/p>\n<p>Los presuntos criminales son Lisandro \u201cN\u201d, \u201cEl Mariguas\u201d; Juan David \u201cEl Piwi\u201d; Jes\u00fas \u201cEl Chuy\u201d y Mar\u00eda del Carmen \u201cLa Mela\u201d y Juan Antonio.<\/p>\n<p>\u201cLos sicarios son investigados por su participaci\u00f3n en diversos delitos, la FGE cuenta con varias carpetas de investigaci\u00f3n abiertas, de lo cual en su momento se podr\u00e1 emitir informaci\u00f3n\u201d, se\u00f1al\u00f3 en un comunicado.<\/p>\n<p>Detall\u00f3 que los criminales fueron capturados en un trabajo de colaboraci\u00f3n entre la fiscal\u00eda, la Secretar\u00eda de Seguridad P\u00fablica del Estado, el Ej\u00e9rcito Mexicano y la Guardia Nacional.<\/p>\n<p>Los detenidos ser\u00e1n llevados ante un juez por el delito de privaci\u00f3n ilegal de la libertad en agravio de la adolescente y \u201csubsecuentemente se le imputar\u00e1n otros delitos\u201d.<\/p>\n<blockquote class=\"twitter-tweet\" data-width=\"550\" data-dnt=\"true\">\n<p lang=\"es\" dir=\"ltr\"><a href=\"https:\/\/twitter.com\/hashtag\/FGEInforma?src=hash&amp;ref_src=twsrc%5Etfw\">#FGEInforma<\/a> El autor material del homicidio de Guillermo \u201cN\u201d ha sido detenido.<\/p>\n<p>En un trabajo de colaboraci\u00f3n, la FGEG con <a href=\"https:\/\/twitter.com\/SeguridadGto?ref_src=twsrc%5Etfw\">@SeguridadGto<\/a>, <a href=\"https:\/\/twitter.com\/EJTO_FAM_GN?ref_src=twsrc%5Etfw\">@EJTO_FAM_GN<\/a> y <a href=\"https:\/\/twitter.com\/GN_MEXICO_?ref_src=twsrc%5Etfw\">@GN_MEXICO_<\/a> capturan a JUAN ANTONIO \u201cN\u201d.<\/p>\n<p>Adem\u00e1s se desarticul\u00f3 una c\u00e9lula delictiva y se detuvo al jefe criminal <a href=\"https:\/\/twitter.com\/hashtag\/Celaya?src=hash&amp;ref_src=twsrc%5Etfw\">#Celaya<\/a> \ud83e\uddf5 <a href=\"https:\/\/t.co\/W12Pl4DPlt\">pic.twitter.com\/W12Pl4DPlt<\/a><\/p>\n<p>&mdash; Fiscal\u00eda General del Estado de Guanajuato (@FGEGUANAJUATO) <a href=\"https:\/\/twitter.com\/FGEGUANAJUATO\/status\/1561821347621191681?ref_src=twsrc%5Etfw\">August 22, 2022<\/a><\/p><\/blockquote>\n<p><script async src=\"https:\/\/platform.twitter.com\/widgets.js\" charset=\"utf-8\"><\/script><\/p>\n","protected":false},"excerpt":{"rendered":"<p>Celaya.- Juan Antonio, alias \u201cEl Tambor\u201d o \u201cEl Mares\u201d, identificado por la Fiscal\u00eda General del Estado (FGE) como sicario de una c\u00e9lula criminal, es el presunto asesino de Guillermo Mendoza Su\u00e1rez, hijo del alcalde de Celaya, Javier Mendoza M\u00e1rquez. La FGE se\u00f1al\u00f3 a Juan Antonio como el autor material del homicidio de Guillermo, a quien [&hellip;]<\/p>\n","protected":false},"author":21,"featured_media":53780,"comment_status":"closed","ping_status":"closed","sticky":false,"template":"","format":"standard","meta":{"_uf_show_specific_survey":0,"_uf_disable_surveys":false,"advanced_seo_description":"","jetpack_seo_html_title":"","jetpack_seo_noindex":false,"jetpack_post_was_ever_published":false,"_jetpack_newsletter_access":"","_jetpack_dont_email_post_to_subs":false,"_jetpack_newsletter_tier_id":0,"_jetpack_memberships_contains_paywalled_content":false,"_jetpack_memberships_contains_paid_content":false,"footnotes":"","jetpack_publicize_message":"Identifican como sicario de una c\u00e9lula criminal a presunto asesino del hijo del presidente municipal de #Celaya #Guanajuato","jetpack_publicize_feature_enabled":true,"jetpack_social_post_already_shared":true,"jetpack_social_options":{"image_generator_settings":{"template":"highway","default_image_id":0,"font":"","enabled":false},"version":2}},"categories":[1724],"tags":[],"class_list":{"0":"post-53778","1":"post","2":"type-post","3":"status-publish","4":"format-standard","5":"has-post-thumbnail","7":"category-featured"},"jetpack_publicize_connections":[],"jetpack_featured_media_url":"https:\/\/i0.wp.com\/mexicocodigorojo.com.mx\/wp-content\/uploads\/2022\/08\/Captura-de-pantalla-2022-08-22-204733.jpg?fit=1182%2C726&ssl=1","jetpack-related-posts":[{"id":53742,"url":"https:\/\/mexicocodigorojo.com.mx\/?p=53742","url_meta":{"origin":53778,"position":0},"title":"Asesinan al hijo del alcalde de Celaya","author":"Staff","date":"agosto 17, 2022","format":false,"excerpt":"El hijo del alcalde de Celaya, Javier Mendoza, fue asesinado la tarde de este mi\u00e9rcoles mientras se encontraba en su camioneta en el estacionamiento de una farmacia. De acuerdo con medios locales, el ataque contra Guillermo Mendoza Su\u00e1rez ocurri\u00f3 afuera de la sucursal de la Farmacia Guadalajara ubicada en la\u2026","rel":"","context":"En \u00abFeatured\u00bb","block_context":{"text":"Featured","link":"https:\/\/mexicocodigorojo.com.mx\/?cat=1724"},"img":{"alt_text":"","src":"https:\/\/i0.wp.com\/mexicocodigorojo.com.mx\/wp-content\/uploads\/2022\/08\/img_9110-1.jpg?fit=900%2C622&ssl=1&resize=350%2C200","width":350,"height":200,"srcset":"https:\/\/i0.wp.com\/mexicocodigorojo.com.mx\/wp-content\/uploads\/2022\/08\/img_9110-1.jpg?fit=900%2C622&ssl=1&resize=350%2C200 1x, https:\/\/i0.wp.com\/mexicocodigorojo.com.mx\/wp-content\/uploads\/2022\/08\/img_9110-1.jpg?fit=900%2C622&ssl=1&resize=525%2C300 1.5x, https:\/\/i0.wp.com\/mexicocodigorojo.com.mx\/wp-content\/uploads\/2022\/08\/img_9110-1.jpg?fit=900%2C622&ssl=1&resize=700%2C400 2x"},"classes":[]},{"id":58071,"url":"https:\/\/mexicocodigorojo.com.mx\/?p=58071","url_meta":{"origin":53778,"position":1},"title":"Captura de primo de \u201cEl Marro\u201d desata enfrentamientos en Celaya","author":"Staff","date":"noviembre 7, 2023","format":false,"excerpt":"La Fiscal\u00eda de Guanajuato anunci\u00f3 la captura de un hombre identificado como Juan Esteban, presunto l\u00edder criminal quien es primo de Jos\u00e9 Antonio Y\u00e9pez, \u201cEl Marro\u201d, fundador y l\u00edder del C\u00e1rtel de Santa Rosa de Lima, acci\u00f3n que deriv\u00f3 en un enfrentamiento en el que se reportaron tres civiles abatidos.\u2026","rel":"","context":"En \u00abFeatured\u00bb","block_context":{"text":"Featured","link":"https:\/\/mexicocodigorojo.com.mx\/?cat=1724"},"img":{"alt_text":"","src":"https:\/\/i0.wp.com\/mexicocodigorojo.com.mx\/wp-content\/uploads\/2023\/11\/186228.jpg?fit=1200%2C701&ssl=1&resize=350%2C200","width":350,"height":200,"srcset":"https:\/\/i0.wp.com\/mexicocodigorojo.com.mx\/wp-content\/uploads\/2023\/11\/186228.jpg?fit=1200%2C701&ssl=1&resize=350%2C200 1x, https:\/\/i0.wp.com\/mexicocodigorojo.com.mx\/wp-content\/uploads\/2023\/11\/186228.jpg?fit=1200%2C701&ssl=1&resize=525%2C300 1.5x, https:\/\/i0.wp.com\/mexicocodigorojo.com.mx\/wp-content\/uploads\/2023\/11\/186228.jpg?fit=1200%2C701&ssl=1&resize=700%2C400 2x, https:\/\/i0.wp.com\/mexicocodigorojo.com.mx\/wp-content\/uploads\/2023\/11\/186228.jpg?fit=1200%2C701&ssl=1&resize=1050%2C600 3x"},"classes":[]},{"id":37082,"url":"https:\/\/mexicocodigorojo.com.mx\/?p=37082","url_meta":{"origin":53778,"position":2},"title":"Detienen a l\u00edder criminal en Reynosa","author":"Staff","date":"abril 17, 2020","format":false,"excerpt":"Ingres\u00f3 a las instalaciones del reclusorio varonil y\u00a0\u00a0fue detenido por la Guardia Nacional Hugo Adri\u00e1n Negrete S\u00e1nchez, presunto l\u00edder criminal\u00a0que fue detenido por personal de la\u00a0Guardia Nacional\u00a0en\u00a0Reynosa Tamaulipas, result\u00f3 ser el tercer implicado en el asesinato del empresario ganadero\u00a0Juan Manuel Villarreal Vald\u00e9s. El traslado de \u201cNegrete\u201d se efectu\u00f3 con fuertes\u2026","rel":"","context":"En \u00abTamaulipas\u00bb","block_context":{"text":"Tamaulipas","link":"https:\/\/mexicocodigorojo.com.mx\/?cat=2"},"img":{"alt_text":"","src":"https:\/\/i0.wp.com\/mexicocodigorojo.com.mx\/wp-content\/uploads\/2020\/04\/831348.jpg?fit=1200%2C900&ssl=1&resize=350%2C200","width":350,"height":200,"srcset":"https:\/\/i0.wp.com\/mexicocodigorojo.com.mx\/wp-content\/uploads\/2020\/04\/831348.jpg?fit=1200%2C900&ssl=1&resize=350%2C200 1x, https:\/\/i0.wp.com\/mexicocodigorojo.com.mx\/wp-content\/uploads\/2020\/04\/831348.jpg?fit=1200%2C900&ssl=1&resize=525%2C300 1.5x, https:\/\/i0.wp.com\/mexicocodigorojo.com.mx\/wp-content\/uploads\/2020\/04\/831348.jpg?fit=1200%2C900&ssl=1&resize=700%2C400 2x, https:\/\/i0.wp.com\/mexicocodigorojo.com.mx\/wp-content\/uploads\/2020\/04\/831348.jpg?fit=1200%2C900&ssl=1&resize=1050%2C600 3x"},"classes":[]},{"id":45947,"url":"https:\/\/mexicocodigorojo.com.mx\/?p=45947","url_meta":{"origin":53778,"position":3},"title":"Asesinan en Guanajuato a Juan Antonio Acosta Cano","author":"Staff","date":"enero 12, 2021","format":false,"excerpt":"El asesinato del diputado Juan Antonio Acosta Cano fue dado a conocer por el gobernador de Guanajuato,\u00a0Diego Sinhue Rodr\u00edguez La ma\u00f1ana de este martes fue\u00a0asesinado\u00a0en Guanajuato el diputado local\u00a0Juan Antonio Acosta Cano. El legislador por el PAN fue ejecutado a\u00a0balazos\u00a0en el municipio de\u00a0Juventino Rosas. El\u00a0asesinato\u00a0del diputado Acosta Cano fue dado\u2026","rel":"","context":"En \u00abFeatured\u00bb","block_context":{"text":"Featured","link":"https:\/\/mexicocodigorojo.com.mx\/?cat=1724"},"img":{"alt_text":"","src":"https:\/\/i0.wp.com\/mexicocodigorojo.com.mx\/wp-content\/uploads\/2021\/01\/diputado-juan-antonio-acosta-cano.jpg?fit=980%2C550&ssl=1&resize=350%2C200","width":350,"height":200,"srcset":"https:\/\/i0.wp.com\/mexicocodigorojo.com.mx\/wp-content\/uploads\/2021\/01\/diputado-juan-antonio-acosta-cano.jpg?fit=980%2C550&ssl=1&resize=350%2C200 1x, https:\/\/i0.wp.com\/mexicocodigorojo.com.mx\/wp-content\/uploads\/2021\/01\/diputado-juan-antonio-acosta-cano.jpg?fit=980%2C550&ssl=1&resize=525%2C300 1.5x, https:\/\/i0.wp.com\/mexicocodigorojo.com.mx\/wp-content\/uploads\/2021\/01\/diputado-juan-antonio-acosta-cano.jpg?fit=980%2C550&ssl=1&resize=700%2C400 2x"},"classes":[]},{"id":17397,"url":"https:\/\/mexicocodigorojo.com.mx\/?p=17397","url_meta":{"origin":53778,"position":4},"title":"Cae presunto cabecilla del C\u00e1rtel del Golfo en Celaya; le incautan armas, veh\u00edculos, joyas","author":"Staff","date":"mayo 20, 2019","format":false,"excerpt":"GUANAJUATO, Gto.- La Fiscal\u00eda general del estado dio a conocer la captura de Jos\u00e9 Francisco N, se\u00f1alado como supuesto cabecilla del C\u00e1rtel del Golfo, en un operativo efectuado en Celaya. El operativo tuvo lugar el viernes en el residencial \u00c1lamo Country Club, uno de los m\u00e1s exclusivos de la ciudad,\u2026","rel":"","context":"En \u00abGuanajuato\u00bb","block_context":{"text":"Guanajuato","link":"https:\/\/mexicocodigorojo.com.mx\/?cat=18"},"img":{"alt_text":"","src":"https:\/\/i0.wp.com\/mexicocodigorojo.com.mx\/wp-content\/uploads\/2019\/05\/cdg.jpg-1078x805.jpeg?fit=1078%2C805&ssl=1&resize=350%2C200","width":350,"height":200,"srcset":"https:\/\/i0.wp.com\/mexicocodigorojo.com.mx\/wp-content\/uploads\/2019\/05\/cdg.jpg-1078x805.jpeg?fit=1078%2C805&ssl=1&resize=350%2C200 1x, https:\/\/i0.wp.com\/mexicocodigorojo.com.mx\/wp-content\/uploads\/2019\/05\/cdg.jpg-1078x805.jpeg?fit=1078%2C805&ssl=1&resize=525%2C300 1.5x, https:\/\/i0.wp.com\/mexicocodigorojo.com.mx\/wp-content\/uploads\/2019\/05\/cdg.jpg-1078x805.jpeg?fit=1078%2C805&ssl=1&resize=700%2C400 2x, https:\/\/i0.wp.com\/mexicocodigorojo.com.mx\/wp-content\/uploads\/2019\/05\/cdg.jpg-1078x805.jpeg?fit=1078%2C805&ssl=1&resize=1050%2C600 3x"},"classes":[]},{"id":55669,"url":"https:\/\/mexicocodigorojo.com.mx\/?p=55669","url_meta":{"origin":53778,"position":5},"title":"Un mensaje de texto habr\u00eda costado la vida a las mujeres desaparecidas de Celaya","author":"Staff","date":"marzo 19, 2023","format":false,"excerpt":"Celaya, Guanajuato.-\u00a0Presuntamente, un mensaje de texto, el env\u00edo de su ubicaci\u00f3n y una llamada telef\u00f3nica habr\u00edan sido lo que desencaden\u00f3 el tr\u00e1gico desenlace para las seis mujeres que desaparecieron camino a\u00a0San Jos\u00e9 Guanajuato. De acuerdo con un reportaje especial de\u00a0El Universal, el pasado 7 de marzo las seis mujeres fueron\u2026","rel":"","context":"En \u00abFeatured\u00bb","block_context":{"text":"Featured","link":"https:\/\/mexicocodigorojo.com.mx\/?cat=1724"},"img":{"alt_text":"","src":"https:\/\/i0.wp.com\/mexicocodigorojo.com.mx\/wp-content\/uploads\/2023\/03\/mujeres-desaparecidas-de-celaya-4-263479081.webp?fit=1200%2C650&ssl=1&resize=350%2C200","width":350,"height":200,"srcset":"https:\/\/i0.wp.com\/mexicocodigorojo.com.mx\/wp-content\/uploads\/2023\/03\/mujeres-desaparecidas-de-celaya-4-263479081.webp?fit=1200%2C650&ssl=1&resize=350%2C200 1x, https:\/\/i0.wp.com\/mexicocodigorojo.com.mx\/wp-content\/uploads\/2023\/03\/mujeres-desaparecidas-de-celaya-4-263479081.webp?fit=1200%2C650&ssl=1&resize=525%2C300 1.5x, https:\/\/i0.wp.com\/mexicocodigorojo.com.mx\/wp-content\/uploads\/2023\/03\/mujeres-desaparecidas-de-celaya-4-263479081.webp?fit=1200%2C650&ssl=1&resize=700%2C400 2x, https:\/\/i0.wp.com\/mexicocodigorojo.com.mx\/wp-content\/uploads\/2023\/03\/mujeres-desaparecidas-de-celaya-4-263479081.webp?fit=1200%2C650&ssl=1&resize=1050%2C600 3x"},"classes":[]}],"jetpack_sharing_enabled":true,"jetpack_likes_enabled":true,"jetpack_shortlink":"https:\/\/wp.me\/p9TedA-dZo","_links":{"self":[{"href":"https:\/\/mexicocodigorojo.com.mx\/index.php?rest_route=\/wp\/v2\/posts\/53778","targetHints":{"allow":["GET"]}}],"collection":[{"href":"https:\/\/mexicocodigorojo.com.mx\/index.php?rest_route=\/wp\/v2\/posts"}],"about":[{"href":"https:\/\/mexicocodigorojo.com.mx\/index.php?rest_route=\/wp\/v2\/types\/post"}],"author":[{"embeddable":true,"href":"https:\/\/mexicocodigorojo.com.mx\/index.php?rest_route=\/wp\/v2\/users\/21"}],"replies":[{"embeddable":true,"href":"https:\/\/mexicocodigorojo.com.mx\/index.php?rest_route=%2Fwp%2Fv2%2Fcomments&post=53778"}],"version-history":[{"count":1,"href":"https:\/\/mexicocodigorojo.com.mx\/index.php?rest_route=\/wp\/v2\/posts\/53778\/revisions"}],"predecessor-version":[{"id":53779,"href":"https:\/\/mexicocodigorojo.com.mx\/index.php?rest_route=\/wp\/v2\/posts\/53778\/revisions\/53779"}],"wp:featuredmedia":[{"embeddable":true,"href":"https:\/\/mexicocodigorojo.com.mx\/index.php?rest_route=\/wp\/v2\/media\/53780"}],"wp:attachment":[{"href":"https:\/\/mexicocodigorojo.com.mx\/index.php?rest_route=%2Fwp%2Fv2%2Fmedia&parent=53778"}],"wp:term":[{"taxonomy":"category","embeddable":true,"href":"https:\/\/mexicocodigorojo.com.mx\/index.php?rest_route=%2Fwp%2Fv2%2Fcategories&post=53778"},{"taxonomy":"post_tag","embeddable":true,"href":"https:\/\/mexicocodigorojo.com.mx\/index.php?rest_route=%2Fwp%2Fv2%2Ftags&post=53778"}],"curies":[{"name":"wp","href":"https:\/\/api.w.org\/{rel}","templated":true}]}}