{"id":53665,"date":"2022-08-12T13:12:37","date_gmt":"2022-08-12T18:12:37","guid":{"rendered":"https:\/\/mexicocodigorojo.com.mx\/?p=53665"},"modified":"2022-08-12T13:12:37","modified_gmt":"2022-08-12T18:12:37","slug":"se-opone-a-levanton-y-lo-asesinan-frente-a-su-familia","status":"publish","type":"post","link":"https:\/\/mexicocodigorojo.com.mx\/?p=53665","title":{"rendered":"Se opone a levanton y lo asesinan frente a su familia"},"content":{"rendered":"<p>La tarde del lunes 8 de agosto, la v\u00edctima circulaba junto con su familia por la ciudad cuando fue bajada por la fuerza de un veh\u00edculo Mazda blanco.<\/p>\n<p>Su esposa comienza a grabar mientras sale del auto en el que se encuentran sus hijos en llanto.<\/p>\n<p>\u00ab\u00a1Dejen a mi esposo, d\u00e9jalo!\u00bb, grita desesperadamente.<\/p>\n<p>Al instante, se observa a los captores, uno de ellos alto, de piel morena y quien portaun arma larga, as\u00ed como un chaleco antibalas.<\/p>\n<p>La v\u00edctima, quien viste de rojo, opone resistencia al secuestro y un segundo despu\u00e9s cae acribillada.<\/p>\n<p>En tanto, los menores que viajaban en la parte trasera del veh\u00edculo observaban la escena. Al respecto, las autoridades del Estado no han emitido informaci\u00f3n oficial sobre el hecho.<\/p>\n<p>Este crimen forma parte de los 20 homicidios registrados entre el lunes y el mi\u00e9rcoles en Michoac\u00e1n, seg\u00fan cifras oficiales.<\/p>\n<blockquote class=\"twitter-tweet\" data-width=\"550\" data-dnt=\"true\">\n<p lang=\"es\" dir=\"ltr\">Un padre de familia fue bajado de su camioneta en <a href=\"https:\/\/twitter.com\/hashtag\/LazaroCardenas?src=hash&amp;ref_src=twsrc%5Etfw\">#LazaroCardenas<\/a> <a href=\"https:\/\/twitter.com\/hashtag\/Michoacan?src=hash&amp;ref_src=twsrc%5Etfw\">#Michoacan<\/a> en compa\u00f1\u00eda de sus dos ni\u00f1os y su esposa. Fue asesinado frente a ellos por <a href=\"https:\/\/twitter.com\/hashtag\/NarcoTerroristas?src=hash&amp;ref_src=twsrc%5Etfw\">#NarcoTerroristas<\/a>. Esperamos que el <a href=\"https:\/\/twitter.com\/hashtag\/NarcoGobierno?src=hash&amp;ref_src=twsrc%5Etfw\">#NarcoGobierno<\/a> atienda la seguridad de los ciudadanos y se pongan a trabajar. <a href=\"https:\/\/twitter.com\/hashtag\/MexicoRojo?src=hash&amp;ref_src=twsrc%5Etfw\">#MexicoRojo<\/a> <a href=\"https:\/\/t.co\/4cDY8Yuup6\">pic.twitter.com\/4cDY8Yuup6<\/a><\/p>\n<p>&mdash; M\u00e9xico C\u00f3digo Rojo (@MexicoRojo1) <a href=\"https:\/\/twitter.com\/MexicoRojo1\/status\/1557972227751940096?ref_src=twsrc%5Etfw\">August 12, 2022<\/a><\/p><\/blockquote>\n<p><script async src=\"https:\/\/platform.twitter.com\/widgets.js\" charset=\"utf-8\"><\/script><\/p>\n","protected":false},"excerpt":{"rendered":"<p>La tarde del lunes 8 de agosto, la v\u00edctima circulaba junto con su familia por la ciudad cuando fue bajada por la fuerza de un veh\u00edculo Mazda blanco. Su esposa comienza a grabar mientras sale del auto en el que se encuentran sus hijos en llanto. \u00ab\u00a1Dejen a mi esposo, d\u00e9jalo!\u00bb, grita desesperadamente. Al instante, [&hellip;]<\/p>\n","protected":false},"author":5,"featured_media":53666,"comment_status":"closed","ping_status":"closed","sticky":false,"template":"","format":"standard","meta":{"_uf_show_specific_survey":0,"_uf_disable_surveys":false,"advanced_seo_description":"","jetpack_seo_html_title":"","jetpack_seo_noindex":false,"jetpack_seo_schema_type":"","_jetpack_newsletter_access":"","_jetpack_dont_email_post_to_subs":false,"_jetpack_newsletter_tier_id":0,"_jetpack_memberships_contains_paywalled_content":false,"_jetpack_feature_clip_id":0,"_jetpack_memberships_contains_paid_content":false,"footnotes":"","jetpack_publicize_message":"#Michoacan | Un hombre fue asesinado frente a su esposa e hijos tras un intento de secuestro en L\u00e1zaro C\u00e1rdenas\r\n\r\n#MexicoRojo #CdMx #reynosafollow #mtyfollow #saltillo #guadalajara #slp #verfollow #cdvictoria #EdoMex","jetpack_publicize_feature_enabled":true,"jetpack_social_post_already_shared":true,"jetpack_social_options":{"image_generator_settings":{"template":"highway","default_image_id":0,"font":"","enabled":false},"version":2},"jetpack_post_was_ever_published":false},"categories":[1724,50],"tags":[858],"class_list":["post-53665","post","type-post","status-publish","format-standard","has-post-thumbnail","category-featured","category-michoacan","tag-homicidio"],"jetpack_publicize_connections":[],"jetpack-related-posts":[{"id":38514,"url":"https:\/\/mexicocodigorojo.com.mx\/?p=38514","url_meta":{"origin":53665,"position":0},"title":"TOPON ENTRE SICARIOS DEL CJNG &#038; LA FAMILIA MICHOACANA EN MICHOACAN","author":"MexicoRojo","date":"mayo 25, 2020","format":false,"excerpt":"Se enfrentan gatilleros del CJNG vs Carteles Unidos en Michoac\u00e1n la guerra no para tras matanzas y venganzas. \u00a0 Una serie de tiroteos entre grupos de civiles armados se registra sobre la carretera Los Reyes-Tocumbo, donde adem\u00e1s hay bloqueos carreteros por parte de los gatilleros. \u00a0 Dos grupos antag\u00f3nicos de\u2026","rel":"","context":"En \u00abMichoac\u00e1n\u00bb","block_context":{"text":"Michoac\u00e1n","link":"https:\/\/mexicocodigorojo.com.mx\/?cat=50"},"img":{"alt_text":"","src":"https:\/\/i0.wp.com\/mexicocodigorojo.com.mx\/wp-content\/uploads\/2020\/05\/20200525_202718.jpg?fit=720%2C431&ssl=1&resize=350%2C200","width":350,"height":200,"srcset":"https:\/\/i0.wp.com\/mexicocodigorojo.com.mx\/wp-content\/uploads\/2020\/05\/20200525_202718.jpg?fit=720%2C431&ssl=1&resize=350%2C200 1x, https:\/\/i0.wp.com\/mexicocodigorojo.com.mx\/wp-content\/uploads\/2020\/05\/20200525_202718.jpg?fit=720%2C431&ssl=1&resize=525%2C300 1.5x, https:\/\/i0.wp.com\/mexicocodigorojo.com.mx\/wp-content\/uploads\/2020\/05\/20200525_202718.jpg?fit=720%2C431&ssl=1&resize=700%2C400 2x"},"classes":[]},{"id":62008,"url":"https:\/\/mexicocodigorojo.com.mx\/?p=62008","url_meta":{"origin":53665,"position":1},"title":"Asesinan en Colima a hija de exl\u00edder de autodefensas Ceme\u00ed Verd\u00eda","author":"Staff","date":"julio 3, 2024","format":false,"excerpt":"La ma\u00f1ana de este lunes fue asesinada a balazos en esta ciudad Martha Laura Verd\u00eda Mart\u00ednez, hija de Ceme\u00ed Verd\u00eda Zepeda, quien fue l\u00edder de los grupos de autodefensas de la costa michoacana. De acuerdo con reportes preliminares, en el momento del ataque la joven de 19 a\u00f1os conduc\u00eda una\u2026","rel":"","context":"En \u00abColima\u00bb","block_context":{"text":"Colima","link":"https:\/\/mexicocodigorojo.com.mx\/?cat=104"},"img":{"alt_text":"","src":"https:\/\/i0.wp.com\/mexicocodigorojo.com.mx\/wp-content\/uploads\/2024\/07\/WhatsApp-Image-2024-07-02-at-2.21.28-PM-930x620-1.jpeg?fit=930%2C620&ssl=1&resize=350%2C200","width":350,"height":200,"srcset":"https:\/\/i0.wp.com\/mexicocodigorojo.com.mx\/wp-content\/uploads\/2024\/07\/WhatsApp-Image-2024-07-02-at-2.21.28-PM-930x620-1.jpeg?fit=930%2C620&ssl=1&resize=350%2C200 1x, https:\/\/i0.wp.com\/mexicocodigorojo.com.mx\/wp-content\/uploads\/2024\/07\/WhatsApp-Image-2024-07-02-at-2.21.28-PM-930x620-1.jpeg?fit=930%2C620&ssl=1&resize=525%2C300 1.5x, https:\/\/i0.wp.com\/mexicocodigorojo.com.mx\/wp-content\/uploads\/2024\/07\/WhatsApp-Image-2024-07-02-at-2.21.28-PM-930x620-1.jpeg?fit=930%2C620&ssl=1&resize=700%2C400 2x"},"classes":[]},{"id":56162,"url":"https:\/\/mexicocodigorojo.com.mx\/?p=56162","url_meta":{"origin":53665,"position":2},"title":"Matan a balazos al sacerdote cat\u00f3lico Javier Garc\u00eda Villafa\u00f1a","author":"Staff","date":"mayo 23, 2023","format":false,"excerpt":"Un mes despu\u00e9s de su asignaci\u00f3n a la parroquia de Capacho, en el municipio de Huandacareo, fue asesinado a balazos el sacerdote cat\u00f3lico Javier Garc\u00eda Villafa\u00f1a, cuando se trasladaba en su autom\u00f3vil, marca Nissan, en las inmediaciones de esa localidad. La noche del lunes 22, la Fiscal\u00eda General del Estado\u2026","rel":"","context":"En \u00abFeatured\u00bb","block_context":{"text":"Featured","link":"https:\/\/mexicocodigorojo.com.mx\/?cat=1724"},"img":{"alt_text":"","src":"https:\/\/i0.wp.com\/mexicocodigorojo.com.mx\/wp-content\/uploads\/2023\/05\/174146.jpg?fit=1200%2C675&ssl=1&resize=350%2C200","width":350,"height":200,"srcset":"https:\/\/i0.wp.com\/mexicocodigorojo.com.mx\/wp-content\/uploads\/2023\/05\/174146.jpg?fit=1200%2C675&ssl=1&resize=350%2C200 1x, https:\/\/i0.wp.com\/mexicocodigorojo.com.mx\/wp-content\/uploads\/2023\/05\/174146.jpg?fit=1200%2C675&ssl=1&resize=525%2C300 1.5x, https:\/\/i0.wp.com\/mexicocodigorojo.com.mx\/wp-content\/uploads\/2023\/05\/174146.jpg?fit=1200%2C675&ssl=1&resize=700%2C400 2x, https:\/\/i0.wp.com\/mexicocodigorojo.com.mx\/wp-content\/uploads\/2023\/05\/174146.jpg?fit=1200%2C675&ssl=1&resize=1050%2C600 3x"},"classes":[]},{"id":13764,"url":"https:\/\/mexicocodigorojo.com.mx\/?p=13764","url_meta":{"origin":53665,"position":3},"title":"LA VIEJA \u00abFAMILIA MICHOACANA\u00bb LEVANTO A 5 POLICIAS DE TUZANTLA MICHOACAN","author":"Staff","date":"febrero 7, 2019","format":false,"excerpt":"LA VIEJA \"FAMILIA MICHOACANA\" LEVANTO A 5 POLICIAS DE TUZANTLA MICHOACAN Por tierra y por aire despliegan operativo para hallar a los 5 polic\u00edas de Tuzantla que est\u00e1n desaparecidos Regi\u00f3n Oriente, Michoac\u00e1n.- Mi\u00e9rcoles 6 de febrero de 2019.- Por tierra y por aire la Polic\u00eda Michoac\u00e1n despleg\u00f3 un operativo en\u2026","rel":"","context":"En \u00abMichoac\u00e1n\u00bb","block_context":{"text":"Michoac\u00e1n","link":"https:\/\/mexicocodigorojo.com.mx\/?cat=50"},"img":{"alt_text":"","src":"https:\/\/i0.wp.com\/mexicocodigorojo.com.mx\/wp-content\/uploads\/2019\/02\/FB_IMG_1549515826273.jpg?resize=350%2C200&ssl=1","width":350,"height":200},"classes":[]},{"id":7052,"url":"https:\/\/mexicocodigorojo.com.mx\/?p=7052","url_meta":{"origin":53665,"position":4},"title":"Atropella a Sicario Zeta que lo quer\u00eda secuestrar en un Narcoreten en Tamaulipas","author":"Staff","date":"octubre 23, 2018","format":false,"excerpt":"Un hombre atropello a un sicario secuestrador luego de que lo intento detener sobre la carretera en El Ebano a 22 kil\u00f3metros de Ciudad Victoria donde estaba un reten falso que hab\u00edan colocado integrantes de los Zetas en ese tramo viajaba una familia con su esposa que al notar que\u2026","rel":"","context":"En \u00abTamaulipas\u00bb","block_context":{"text":"Tamaulipas","link":"https:\/\/mexicocodigorojo.com.mx\/?cat=2"},"img":{"alt_text":"","src":"https:\/\/i0.wp.com\/mexicocodigorojo.com.mx\/wp-content\/uploads\/2018\/10\/secuestrador-atropellado-vehiculo617581530.jpg?resize=350%2C200&ssl=1","width":350,"height":200,"srcset":"https:\/\/i0.wp.com\/mexicocodigorojo.com.mx\/wp-content\/uploads\/2018\/10\/secuestrador-atropellado-vehiculo617581530.jpg?resize=350%2C200&ssl=1 1x, https:\/\/i0.wp.com\/mexicocodigorojo.com.mx\/wp-content\/uploads\/2018\/10\/secuestrador-atropellado-vehiculo617581530.jpg?resize=525%2C300&ssl=1 1.5x"},"classes":[]},{"id":52725,"url":"https:\/\/mexicocodigorojo.com.mx\/?p=52725","url_meta":{"origin":53665,"position":5},"title":"Localizan tres cuerpos en NL; podr\u00edan ser de familia desaparecida desde el a\u00f1o pasado","author":"MexicoRojoCvmx","date":"abril 12, 2022","format":false,"excerpt":"Nuevo Le\u00f3n.- El lunes por la tarde dentro de una fosa con agua, fueron localizados los cuerpos en descomposici\u00f3n de tres personas, en el interior de un veh\u00edculo que al parecer sufri\u00f3 un accidente. Seg\u00fan las primeras investigaciones se trata de tres integrantes de una familia de origen mexicano, reportadas\u2026","rel":"","context":"En \u00abFeatured\u00bb","block_context":{"text":"Featured","link":"https:\/\/mexicocodigorojo.com.mx\/?cat=1724"},"img":{"alt_text":"","src":"https:\/\/i0.wp.com\/mexicocodigorojo.com.mx\/wp-content\/uploads\/2022\/04\/Captura-de-pantalla-2022-04-12-214716.jpg?fit=1071%2C654&ssl=1&resize=350%2C200","width":350,"height":200,"srcset":"https:\/\/i0.wp.com\/mexicocodigorojo.com.mx\/wp-content\/uploads\/2022\/04\/Captura-de-pantalla-2022-04-12-214716.jpg?fit=1071%2C654&ssl=1&resize=350%2C200 1x, https:\/\/i0.wp.com\/mexicocodigorojo.com.mx\/wp-content\/uploads\/2022\/04\/Captura-de-pantalla-2022-04-12-214716.jpg?fit=1071%2C654&ssl=1&resize=525%2C300 1.5x, https:\/\/i0.wp.com\/mexicocodigorojo.com.mx\/wp-content\/uploads\/2022\/04\/Captura-de-pantalla-2022-04-12-214716.jpg?fit=1071%2C654&ssl=1&resize=700%2C400 2x, https:\/\/i0.wp.com\/mexicocodigorojo.com.mx\/wp-content\/uploads\/2022\/04\/Captura-de-pantalla-2022-04-12-214716.jpg?fit=1071%2C654&ssl=1&resize=1050%2C600 3x"},"classes":[]}],"jetpack_sharing_enabled":true,"jetpack_likes_enabled":true,"jetpack_shortlink":"https:\/\/wp.me\/p9TedA-dXz","jetpack_featured_media_url":"https:\/\/i0.wp.com\/mexicocodigorojo.com.mx\/wp-content\/uploads\/2022\/08\/lo-matan.jpg?fit=1280%2C640&ssl=1","_links":{"self":[{"href":"https:\/\/mexicocodigorojo.com.mx\/index.php?rest_route=\/wp\/v2\/posts\/53665","targetHints":{"allow":["GET"]}}],"collection":[{"href":"https:\/\/mexicocodigorojo.com.mx\/index.php?rest_route=\/wp\/v2\/posts"}],"about":[{"href":"https:\/\/mexicocodigorojo.com.mx\/index.php?rest_route=\/wp\/v2\/types\/post"}],"author":[{"embeddable":true,"href":"https:\/\/mexicocodigorojo.com.mx\/index.php?rest_route=\/wp\/v2\/users\/5"}],"replies":[{"embeddable":true,"href":"https:\/\/mexicocodigorojo.com.mx\/index.php?rest_route=%2Fwp%2Fv2%2Fcomments&post=53665"}],"version-history":[{"count":2,"href":"https:\/\/mexicocodigorojo.com.mx\/index.php?rest_route=\/wp\/v2\/posts\/53665\/revisions"}],"predecessor-version":[{"id":53669,"href":"https:\/\/mexicocodigorojo.com.mx\/index.php?rest_route=\/wp\/v2\/posts\/53665\/revisions\/53669"}],"wp:featuredmedia":[{"embeddable":true,"href":"https:\/\/mexicocodigorojo.com.mx\/index.php?rest_route=\/wp\/v2\/media\/53666"}],"wp:attachment":[{"href":"https:\/\/mexicocodigorojo.com.mx\/index.php?rest_route=%2Fwp%2Fv2%2Fmedia&parent=53665"}],"wp:term":[{"taxonomy":"category","embeddable":true,"href":"https:\/\/mexicocodigorojo.com.mx\/index.php?rest_route=%2Fwp%2Fv2%2Fcategories&post=53665"},{"taxonomy":"post_tag","embeddable":true,"href":"https:\/\/mexicocodigorojo.com.mx\/index.php?rest_route=%2Fwp%2Fv2%2Ftags&post=53665"}],"curies":[{"name":"wp","href":"https:\/\/api.w.org\/{rel}","templated":true}]}}